{"id":48607,"date":"2022-12-28T01:49:59","date_gmt":"2022-12-28T01:49:59","guid":{"rendered":"https:\/\/www.bitacoracdmx.com\/?p=48607"},"modified":"2022-12-28T01:49:59","modified_gmt":"2022-12-28T01:49:59","slug":"gran-sur-interpreta-a-dueto-con-dr-shenka-amarga-navidad-de-jose-alfredo-jimenez","status":"publish","type":"post","link":"https:\/\/www.bitacoracdmx.com\/?p=48607","title":{"rendered":"GRAN SUR interpreta, a dueto con  DR. SHENKA, \u201cAMARGA NAVIDAD\u201d de JOS\u00c9 ALFREDO JIMENEZ"},"content":{"rendered":"<p>[fusion_builder_container hundred_percent=&#8221;no&#8221; equal_height_columns=&#8221;no&#8221; menu_anchor=&#8221;&#8221; hide_on_mobile=&#8221;small-visibility,medium-visibility,large-visibility&#8221; class=&#8221;&#8221; id=&#8221;&#8221; background_color=&#8221;&#8221; background_image=&#8221;&#8221; background_position=&#8221;center center&#8221; background_repeat=&#8221;no-repeat&#8221; fade=&#8221;no&#8221; background_parallax=&#8221;none&#8221; parallax_speed=&#8221;0.3&#8243; video_mp4=&#8221;&#8221; video_webm=&#8221;&#8221; video_ogv=&#8221;&#8221; video_url=&#8221;&#8221; video_aspect_ratio=&#8221;16:9&#8243; video_loop=&#8221;yes&#8221; video_mute=&#8221;yes&#8221; overlay_color=&#8221;&#8221; video_preview_image=&#8221;&#8221; border_size=&#8221;&#8221; border_color=&#8221;&#8221; border_style=&#8221;solid&#8221; padding_top=&#8221;&#8221; padding_bottom=&#8221;&#8221; padding_left=&#8221;&#8221; padding_right=&#8221;&#8221;][fusion_builder_row][fusion_builder_column type=&#8221;1_1&#8243; layout=&#8221;1_1&#8243; background_position=&#8221;left top&#8221; background_color=&#8221;&#8221; border_size=&#8221;&#8221; border_color=&#8221;&#8221; border_style=&#8221;solid&#8221; border_position=&#8221;all&#8221; spacing=&#8221;yes&#8221; background_image=&#8221;&#8221; background_repeat=&#8221;no-repeat&#8221; padding_top=&#8221;&#8221; padding_right=&#8221;&#8221; padding_bottom=&#8221;&#8221; padding_left=&#8221;&#8221; margin_top=&#8221;0px&#8221; margin_bottom=&#8221;0px&#8221; class=&#8221;&#8221; id=&#8221;&#8221; animation_type=&#8221;&#8221; animation_speed=&#8221;0.3&#8243; animation_direction=&#8221;left&#8221; hide_on_mobile=&#8221;small-visibility,medium-visibility,large-visibility&#8221; center_content=&#8221;no&#8221; last=&#8221;no&#8221; min_height=&#8221;&#8221; hover_type=&#8221;none&#8221; link=&#8221;&#8221;][fusion_text]<\/p>\n<p>REDACCI\u00d3N<\/p>\n<p>GRAN SUR se presentar\u00e1 este 15 de FEBRERO DE 2023 en el Lunario del Auditorio Nacional de la CDMX en un concierto para todas las edades<\/p>\n<p>La Navidad puede ser una \u00e9poca muy dif\u00edcil, una \u00e9poca muy amarga, que muchos viven y en silencio llevan. \u201cAmarga Navidad\u201d es un reflejo opuesto de felices navidades, esas de las que pocos hablan, pero muchos sienten. Es una \u00e9poca dif\u00edcil para muchas personas, pero tambi\u00e9n puede ser el cierre de un ciclo y el inicio de uno nuevo, lleno de esperanza. Con todo respeto, hacemos nuestra versi\u00f3n de esta gran canci\u00f3n del maestro Jos\u00e9 Alfredo Jim\u00e9nez, honrados de estar acompa\u00f1ados de la voz del inigualable Dr. Shenka.<\/p>\n<p>Gran Sur se presentar\u00e1 el pr\u00f3ximo 15 de febrero en el Lunario del Auditorio Nacional de la CDMX en un concierto para todas las edades. Los boletos ya est\u00e1n disponibles en las taquillas del inmueble y a trav\u00e9s del Sistema Ticketmaster.<\/p>\n<p>Gran Sur es un grupo que se forma en la CDMX a finales de 2016 con miembros de Fobia (I\u00f1aki y Cha!), Moderatto (Elohim Corona) y la cantante y compositora zacatecana Sofi Mayen. Su m\u00fasica y canciones llenas de nostalgia son inspiradas en la m\u00fasica tradicional mexicana como el mariachi, boleros y norte\u00f1as, aderezadas con sintetizadores, programaciones y guitarras el\u00e9ctricas.<\/p>\n<p>Su universo visual es tambi\u00e9n una parte muy importante del concepto del grupo y se refleja en sus vestuarios, videos y arte de discos y sencillos. Su<\/p>\n<p>sencillo anterior es Antes de que nos olviden, a dueto con Sa\u00fal Hern\u00e1ndez. Por otro lado, en colaboraci\u00f3n con 618 mezcal, Gran Sur pone a la vente el mezcal \u201cAy, Dolor\u201d elaborado con Agave Duranguensis y disponible en www.618mezcal.com<\/p>\n<p>[\/fusion_text][fusion_imageframe image_id=&#8221;48608|medium&#8221; max_width=&#8221;&#8221; style_type=&#8221;&#8221; blur=&#8221;&#8221; stylecolor=&#8221;&#8221; hover_type=&#8221;none&#8221; bordersize=&#8221;&#8221; bordercolor=&#8221;&#8221; borderradius=&#8221;&#8221; align=&#8221;none&#8221; lightbox=&#8221;no&#8221; gallery_id=&#8221;&#8221; lightbox_image=&#8221;&#8221; lightbox_image_id=&#8221;&#8221; alt=&#8221;&#8221; link=&#8221;&#8221; linktarget=&#8221;_self&#8221; hide_on_mobile=&#8221;small-visibility,medium-visibility,large-visibility&#8221; class=&#8221;&#8221; id=&#8221;&#8221; animation_type=&#8221;&#8221; animation_direction=&#8221;left&#8221; animation_speed=&#8221;0.3&#8243; animation_offset=&#8221;&#8221;]https:\/\/www.bitacoracdmx.com\/wp-content\/uploads\/2022\/12\/Gran-Sur-Dr.-Shenka-300&#215;300.jpeg[\/fusion_imageframe][\/fusion_builder_column][\/fusion_builder_row][\/fusion_builder_container]<\/p>\n","protected":false},"excerpt":{"rendered":"<p>[fusion_builder_container hundred_percent=&#8221;no&#8221; equal_height_columns=&#8221;no&#8221; menu_anchor=&#8221;&#8221; hide_on_mobile=&#8221;small-visibility,medium-visibility,large-visibility&#8221; class=&#8221;&#8221; id=&#8221;&#8221; background_color=&#8221;&#8221; background_image=&#8221;&#8221; background_position=&#8221;center center&#8221; background_repeat=&#8221;no-repeat&#8221; fade=&#8221;no&#8221; background_parallax=&#8221;none&#8221; parallax_speed=&#8221;0.3&#8243; video_mp4=&#8221;&#8221; video_webm=&#8221;&#8221; video_ogv=&#8221;&#8221; video_url=&#8221;&#8221; video_aspect_ratio=&#8221;16:9&#8243; video_loop=&#8221;yes&#8221; video_mute=&#8221;yes&#8221; overlay_color=&#8221;&#8221; video_preview_image=&#8221;&#8221; border_size=&#8221;&#8221; border_color=&#8221;&#8221; border_style=&#8221;solid&#8221; padding_top=&#8221;&#8221; padding_bottom=&#8221;&#8221; padding_left=&#8221;&#8221; padding_right=&#8221;&#8221;][fusion_builder_row][fusion_builder_column type=&#8221;1_1&#8243; layout=&#8221;1_1&#8243; background_position=&#8221;left top&#8221; background_color=&#8221;&#8221; border_size=&#8221;&#8221; border_color=&#8221;&#8221; border_style=&#8221;solid&#8221; border_position=&#8221;all&#8221; spacing=&#8221;yes&#8221; background_image=&#8221;&#8221; background_repeat=&#8221;no-repeat&#8221; padding_top=&#8221;&#8221; padding_right=&#8221;&#8221; padding_bottom=&#8221;&#8221; padding_left=&#8221;&#8221; margin_top=&#8221;0px&#8221; margin_bottom=&#8221;0px&#8221; class=&#8221;&#8221; id=&#8221;&#8221; animation_type=&#8221;&#8221; animation_speed=&#8221;0.3&#8243; animation_direction=&#8221;left&#8221; hide_on_mobile=&#8221;small-visibility,medium-visibility,large-visibility&#8221; center_content=&#8221;no&#8221; last=&#8221;no&#8221; min_height=&#8221;&#8221; hover_type=&#8221;none&#8221; link=&#8221;&#8221;][fusion_text] REDACCI\u00d3N GRAN SUR se presentar\u00e1 este 15 de FEBRERO DE 2023 en el Lunario del Auditorio Nacional de la CDMX en un concierto para todas las edades La Navidad puede ser una \u00e9poca muy dif\u00edcil, una \u00e9poca muy amarga, que [&hellip;]<\/p>\n","protected":false},"author":1,"featured_media":48608,"comment_status":"open","ping_status":"open","sticky":false,"template":"","format":"standard","meta":{"footnotes":""},"categories":[9,11],"tags":[],"_links":{"self":[{"href":"https:\/\/www.bitacoracdmx.com\/index.php?rest_route=\/wp\/v2\/posts\/48607"}],"collection":[{"href":"https:\/\/www.bitacoracdmx.com\/index.php?rest_route=\/wp\/v2\/posts"}],"about":[{"href":"https:\/\/www.bitacoracdmx.com\/index.php?rest_route=\/wp\/v2\/types\/post"}],"author":[{"embeddable":true,"href":"https:\/\/www.bitacoracdmx.com\/index.php?rest_route=\/wp\/v2\/users\/1"}],"replies":[{"embeddable":true,"href":"https:\/\/www.bitacoracdmx.com\/index.php?rest_route=%2Fwp%2Fv2%2Fcomments&post=48607"}],"version-history":[{"count":1,"href":"https:\/\/www.bitacoracdmx.com\/index.php?rest_route=\/wp\/v2\/posts\/48607\/revisions"}],"predecessor-version":[{"id":48609,"href":"https:\/\/www.bitacoracdmx.com\/index.php?rest_route=\/wp\/v2\/posts\/48607\/revisions\/48609"}],"wp:featuredmedia":[{"embeddable":true,"href":"https:\/\/www.bitacoracdmx.com\/index.php?rest_route=\/wp\/v2\/media\/48608"}],"wp:attachment":[{"href":"https:\/\/www.bitacoracdmx.com\/index.php?rest_route=%2Fwp%2Fv2%2Fmedia&parent=48607"}],"wp:term":[{"taxonomy":"category","embeddable":true,"href":"https:\/\/www.bitacoracdmx.com\/index.php?rest_route=%2Fwp%2Fv2%2Fcategories&post=48607"},{"taxonomy":"post_tag","embeddable":true,"href":"https:\/\/www.bitacoracdmx.com\/index.php?rest_route=%2Fwp%2Fv2%2Ftags&post=48607"}],"curies":[{"name":"wp","href":"https:\/\/api.w.org\/{rel}","templated":true}]}}