{"id":48750,"date":"2023-01-13T02:59:51","date_gmt":"2023-01-13T02:59:51","guid":{"rendered":"https:\/\/www.bitacoracdmx.com\/?p=48750"},"modified":"2023-01-13T02:59:51","modified_gmt":"2023-01-13T02:59:51","slug":"el-museo-del-estanquillo-presenta-el-trabajo-fotografico-de-librado-garcia-smarth","status":"publish","type":"post","link":"https:\/\/www.bitacoracdmx.com\/?p=48750","title":{"rendered":"El MUSEO DEL ESTANQUILLO presenta el trabajo fotogr\u00e1fico de LIBRADO GARC\u00cdA SMARTH"},"content":{"rendered":"<p>[fusion_builder_container hundred_percent=&#8221;no&#8221; equal_height_columns=&#8221;no&#8221; menu_anchor=&#8221;&#8221; hide_on_mobile=&#8221;small-visibility,medium-visibility,large-visibility&#8221; class=&#8221;&#8221; id=&#8221;&#8221; background_color=&#8221;&#8221; background_image=&#8221;&#8221; background_position=&#8221;center center&#8221; background_repeat=&#8221;no-repeat&#8221; fade=&#8221;no&#8221; background_parallax=&#8221;none&#8221; parallax_speed=&#8221;0.3&#8243; video_mp4=&#8221;&#8221; video_webm=&#8221;&#8221; video_ogv=&#8221;&#8221; video_url=&#8221;&#8221; video_aspect_ratio=&#8221;16:9&#8243; video_loop=&#8221;yes&#8221; video_mute=&#8221;yes&#8221; overlay_color=&#8221;&#8221; video_preview_image=&#8221;&#8221; border_size=&#8221;&#8221; border_color=&#8221;&#8221; border_style=&#8221;solid&#8221; padding_top=&#8221;&#8221; padding_bottom=&#8221;&#8221; padding_left=&#8221;&#8221; padding_right=&#8221;&#8221;][fusion_builder_row][fusion_builder_column type=&#8221;1_1&#8243; layout=&#8221;1_1&#8243; background_position=&#8221;left top&#8221; background_color=&#8221;&#8221; border_size=&#8221;&#8221; border_color=&#8221;&#8221; border_style=&#8221;solid&#8221; border_position=&#8221;all&#8221; spacing=&#8221;yes&#8221; background_image=&#8221;&#8221; background_repeat=&#8221;no-repeat&#8221; padding_top=&#8221;&#8221; padding_right=&#8221;&#8221; padding_bottom=&#8221;&#8221; padding_left=&#8221;&#8221; margin_top=&#8221;0px&#8221; margin_bottom=&#8221;0px&#8221; class=&#8221;&#8221; id=&#8221;&#8221; animation_type=&#8221;&#8221; animation_speed=&#8221;0.3&#8243; animation_direction=&#8221;left&#8221; hide_on_mobile=&#8221;small-visibility,medium-visibility,large-visibility&#8221; center_content=&#8221;no&#8221; last=&#8221;no&#8221; min_height=&#8221;&#8221; hover_type=&#8221;none&#8221; link=&#8221;&#8221;][fusion_text]<\/p>\n<p>REDACCI\u00d3N<\/p>\n<p dir=\"ltr\">\u25cf Desde la lente del jalisciense el p\u00fablico podr\u00e1 conocer retratos de los pintores y artistas Carlos Orozco Romero, Jes\u00fas Reyes Ferreira, Roberto Montenegro y de la actriz Mimi Aguglia, incluido un autorretrato de Smarth en 1919.<\/p>\n<p dir=\"ltr\">\u25cf La muestra reconoce el trabajo fotogr\u00e1fico del artista, el cual Monsiv\u00e1is revalor\u00f3 en su obra Historia m\u00ednima de la cultura mexicana en el Siglo XX.<\/p>\n<p dir=\"ltr\">El\u00a0<strong>Museo del Estanquillo Colecciones Carlos Monsiv\u00e1is<\/strong>\u00a0acerca al p\u00fablico a uno de los fot\u00f3grafos m\u00e1s destacados del pa\u00eds, considerado como uno de los art\u00edfices de la vanguardia fotogr\u00e1fica durante inicios del siglo XX, de quien presenta la exposici\u00f3n\u00a0<strong>\u201cLibrado Garc\u00eda Smarth. Eterno resplandor\u201d<\/strong>, que estar\u00e1 disponible hasta mayo del presente a\u00f1o.\u00a0<br aria-hidden=\"true\" \/><\/p>\n<p dir=\"ltr\">&#8220;Hay alrededor de 150 piezas estructuradas en siete apartados o secciones que a m\u00ed juicio permiten dar una visi\u00f3n panor\u00e1mica de lo que fue este gran fot\u00f3grafo de principios de siglo XX, muy famoso en su tiempo pero qui\u00e9n cay\u00f3 en el olvido por m\u00e1s de medio siglo&#8221;, explic\u00f3 desde las terraza del recinto el curador David Torres.<\/p>\n<p dir=\"ltr\">Acompa\u00f1ado en conferencia de prensa por Beatriz S\u00e1nchez Monsiv\u00e1is, secretaria de la Asociaci\u00f3n Cultural El Estanquillo, y del director del recinto Henoc de Santiago, as\u00ed como del investigador Carlos C\u00f3rdova, Torres celebr\u00f3 que esta es su primera exposici\u00f3n en un museo, recinto que se encuentra a unos pasos de lo que fue su estudio en la calle de Madero y el cual alberga hasta hoy en d\u00eda la mayor colecci\u00f3n del autor con 70 fotograf\u00edas.<\/p>\n<p dir=\"ltr\">Al respecto, Beatriz S\u00e1nchez destac\u00f3 el ojo est\u00e9tico e hist\u00f3rico de Carlos Monsiv\u00e1is, qui\u00e9n a base de investigaci\u00f3n lograba conseguir diversas piezas que nutren su colecci\u00f3n. &#8220;Fue un observador de primera para identificar a los fot\u00f3grafos de alta calidad&#8221;, comparti\u00f3.<\/p>\n<p dir=\"ltr\">La muestra exhibe en el tercer piso del recinto documentos y fotograf\u00edas, en las t\u00e9cnicas de plata gelatina y bromuro de plata, que forman parte de la Colecci\u00f3n Carlos Monsiv\u00e1is, as\u00ed como pr\u00e9stamos de otras colecciones particulares e institucionales, privadas y p\u00fablicas.<\/p>\n<p dir=\"ltr\">Sobre su habilidad como escen\u00f3grafo y retratista C\u00f3rdova destac\u00f3 su influencia por el pictorialismo que le permiti\u00f3 llevar el\u00a0 retrato a otro nivel.<\/p>\n<p dir=\"ltr\">&#8220;En alguna medida estas personas se muestran no como son, sino como quisieran ser: damas elegantes vestidas con modas francesas o italianas&#8221;, explic\u00f3 C\u00f3rdova.<\/p>\n<p dir=\"ltr\">Dividida en las secciones:\u00a0 &#8220;Guadalajara y Ciudad de M\u00e9xico: El Estudio&#8221;, &#8220;No es una foto: es un Smarth&#8221;, &#8220;Tipos y escenas nacionales&#8221;, &#8220;Las bellas tapat\u00edas&#8221;, &#8220;Otro Jalisco&#8221;, &#8220;Nuevas sensibilidades&#8221; y &#8220;Sus contempor\u00e1neos y los nuestros&#8221;, la exposici\u00f3n acerca al p\u00fablico al quehacer fotogr\u00e1fico de Smarth, de quien destacan retratos a conocidos personajes como Luis Barrag\u00e1n, Jes\u00fas Reyes Ferreira, Roberto Montenegro, Carmen T\u00f3rtola Valencia y Rosa Rolanda entre otros, adem\u00e1s de series y desnudos masculinos que se encuentran entre los primeros en su tipo en la fotograf\u00eda mexicana.<\/p>\n<p dir=\"ltr\">Entre los antecesores y contempor\u00e1neos de Smarth, se presenta obra de los fot\u00f3grafos Ignacio G\u00f3mez Gallardo, Jos\u00e9 Maria Lupercio, Arturo Jorge Gonz\u00e1lez, Juan Oc\u00f3n, Gustavo Silva, Mart\u00edn Ortiz, Mar\u00eda Santib\u00e1\u00f1ez y Eva Mendiola; as\u00ed como artistas actuales entre los que se encuentran Valerio G\u00e1mez, Juan Rodrigo Llaguno y \u00d3scar S\u00e1nchez G\u00f3mez.<\/p>\n<p dir=\"ltr\">La primera vez que fotograf\u00edas de Smarth fueron presentadas en el Museo del Estanquillo fue en la exposici\u00f3n Te pareces tanto a m\u00ed, curada por Rafael Barajas \u201cEl Fisg\u00f3n\u201d en 2008, momento en que inici\u00f3 un inter\u00e9s por su obra y se presenta ahora a manera de homenaje por su trabajo fotogr\u00e1fico que Monsiv\u00e1is revalor\u00f3 en su obra Historia m\u00ednima de la cultura mexicana en el Siglo XX.<\/p>\n<p dir=\"ltr\">Smarth naci\u00f3 en 1892 y se inici\u00f3 como fot\u00f3grafo en 1910. En 1919 se dec\u00eda que sus retratos no eran fotos sino Smarths que se reconoc\u00edan, aunque no los firmara.<\/p>\n<p dir=\"ltr\">Perteneci\u00f3 a la generaci\u00f3n del pictorialismo, vanguardia que se gest\u00f3 a principios del siglo XX, en las d\u00e9cadas de los 20 y de los 30, caracterizada por crear puestas en escena con tintes modernistas por medio del retrato, la naturaleza muerta y del paisaje, de la cual transit\u00f3 para llegar a una nueva corriente que busc\u00f3 acercarse a los objetos con mayor nitidez y atenci\u00f3n en sus formas.<\/p>\n<p dir=\"ltr\">Para entender esta faceta el p\u00fablico podr\u00e1 ver diversas piezas fotogr\u00e1ficas como Aladino, La dama del Averno, El ojito de agua, La Otomana, Atleta, Vanitas y Juego de sombras, as\u00ed como retratos de los pintores y artistas Carlos Orozco Romero, Jes\u00fas Reyes Ferreira, Roberto Montenegro y de la actriz Mimi Aguglia, incluido un autorretrato de Smarth en 1919.<\/p>\n<p dir=\"ltr\">Asimismo, el\u00a0<strong>Museo del Estanquillo Colecciones Carlos Monsiv\u00e1is<\/strong>\u00a0exhibe hasta el 16 de abril la exhibici\u00f3n\u00a0<strong>\u201cBlue\u00a0Demon, \u00eddolo mexicano sin l\u00edmite de tiempo\u201d<\/strong>, que desglosa en m\u00e1s de 600 piezas sus diversas facetas desde sus peleas arriba del cuadril\u00e1tero, como actor de cine, protagonista de historietas y fotonovelas, que lo ubican como uno de los grandes \u00edconos de la cultura popular del siglo XX.<\/p>\n<p dir=\"ltr\">El recinto, ubicado en Isabel la Cat\u00f3lica 26, esquina Madero, en el Centro Hist\u00f3rico, recibe al p\u00fablico de mi\u00e9rcoles a lunes de 10:00 a 16:00 horas. Entrada libre.<\/p>\n<p dir=\"ltr\">Para conocer todas las actividades que ofrece la Secretar\u00eda de Cultura capitalina, se puede consultar la Cartelera de la Ciudad de M\u00e9xico (<a href=\"https:\/\/gob.us21.list-manage.com\/track\/click?u=24ab1d8cf82850533a5af327c&amp;id=95ee5b5339&amp;e=4fe2704bc3\" target=\"_blank\" rel=\"noopener noreferrer\" data-auth=\"NotApplicable\" data-linkindex=\"0\">https:\/\/cartelera.cdmx.gob.mx\/<\/a>) \u00a0y las redes sociales de la Secretar\u00eda de Cultura:\u00a0Facebook, Twitter, Instagram y YouTube.<\/p>\n<div dir=\"auto\"><a class=\"x1i10hfl xjbqb8w x6umtig x1b1mbwd xaqea5y xav7gou x9f619 x1ypdohk xt0psk2 xe8uvvx xdj266r x11i5rnm xat24cr x1mh8g0r xexx8yu x4uap5 x18d9i69 xkhd6sd x16tdsg8 x1hl2dhg xggy1nq x1a2a7pz xt0b8zv x1qq9wsj xo1l8bm\" tabindex=\"0\" role=\"link\" href=\"https:\/\/www.facebook.com\/hashtag\/secretariadeculturacdmx?__eep__=6&amp;__cft__[0]=AZVS3EfIzdNfBNT8qd2DrM3xOpIk6qwJdOK6wuxeGCEBhbAxtXRZsNnzDxXfu6ZFplRP3bpPuvQHDKj1JJKwH8q9BYnE51ItAITenxerD9b0ejgSGvQ_oks1_Z3KKZjC4GZyRSNgfMNefaTY6resHdI0&amp;__tn__=*NK-R\">#secretariadeculturacdmx<\/a><\/div>\n<div dir=\"auto\"><a class=\"x1i10hfl xjbqb8w x6umtig x1b1mbwd xaqea5y xav7gou x9f619 x1ypdohk xt0psk2 xe8uvvx xdj266r x11i5rnm xat24cr x1mh8g0r xexx8yu x4uap5 x18d9i69 xkhd6sd x16tdsg8 x1hl2dhg xggy1nq x1a2a7pz xt0b8zv x1qq9wsj xo1l8bm\" tabindex=\"0\" role=\"link\" href=\"https:\/\/www.facebook.com\/hashtag\/museodelestanquillo?__eep__=6&amp;__cft__[0]=AZVS3EfIzdNfBNT8qd2DrM3xOpIk6qwJdOK6wuxeGCEBhbAxtXRZsNnzDxXfu6ZFplRP3bpPuvQHDKj1JJKwH8q9BYnE51ItAITenxerD9b0ejgSGvQ_oks1_Z3KKZjC4GZyRSNgfMNefaTY6resHdI0&amp;__tn__=*NK-R\">#MuseoDelEstanquillo<\/a><\/div>\n<p>[\/fusion_text][fusion_imageframe image_id=&#8221;48751|medium&#8221; max_width=&#8221;&#8221; style_type=&#8221;&#8221; blur=&#8221;&#8221; stylecolor=&#8221;&#8221; hover_type=&#8221;none&#8221; bordersize=&#8221;&#8221; bordercolor=&#8221;&#8221; borderradius=&#8221;&#8221; align=&#8221;none&#8221; lightbox=&#8221;no&#8221; gallery_id=&#8221;&#8221; lightbox_image=&#8221;&#8221; lightbox_image_id=&#8221;&#8221; alt=&#8221;&#8221; link=&#8221;&#8221; linktarget=&#8221;_self&#8221; hide_on_mobile=&#8221;small-visibility,medium-visibility,large-visibility&#8221; class=&#8221;&#8221; id=&#8221;&#8221; animation_type=&#8221;&#8221; animation_direction=&#8221;left&#8221; animation_speed=&#8221;0.3&#8243; animation_offset=&#8221;&#8221;]https:\/\/www.bitacoracdmx.com\/wp-content\/uploads\/2023\/01\/f1e5a444-5c62-8e01-756d-4657c537dd5f-300&#215;200.jpg[\/fusion_imageframe][\/fusion_builder_column][\/fusion_builder_row][\/fusion_builder_container]<\/p>\n","protected":false},"excerpt":{"rendered":"<p>[fusion_builder_container hundred_percent=&#8221;no&#8221; equal_height_columns=&#8221;no&#8221; menu_anchor=&#8221;&#8221; hide_on_mobile=&#8221;small-visibility,medium-visibility,large-visibility&#8221; class=&#8221;&#8221; id=&#8221;&#8221; background_color=&#8221;&#8221; background_image=&#8221;&#8221; background_position=&#8221;center center&#8221; background_repeat=&#8221;no-repeat&#8221; fade=&#8221;no&#8221; background_parallax=&#8221;none&#8221; parallax_speed=&#8221;0.3&#8243; video_mp4=&#8221;&#8221; video_webm=&#8221;&#8221; video_ogv=&#8221;&#8221; video_url=&#8221;&#8221; video_aspect_ratio=&#8221;16:9&#8243; video_loop=&#8221;yes&#8221; video_mute=&#8221;yes&#8221; overlay_color=&#8221;&#8221; video_preview_image=&#8221;&#8221; border_size=&#8221;&#8221; border_color=&#8221;&#8221; border_style=&#8221;solid&#8221; padding_top=&#8221;&#8221; padding_bottom=&#8221;&#8221; padding_left=&#8221;&#8221; padding_right=&#8221;&#8221;][fusion_builder_row][fusion_builder_column type=&#8221;1_1&#8243; layout=&#8221;1_1&#8243; background_position=&#8221;left top&#8221; background_color=&#8221;&#8221; border_size=&#8221;&#8221; border_color=&#8221;&#8221; border_style=&#8221;solid&#8221; border_position=&#8221;all&#8221; spacing=&#8221;yes&#8221; background_image=&#8221;&#8221; background_repeat=&#8221;no-repeat&#8221; padding_top=&#8221;&#8221; padding_right=&#8221;&#8221; padding_bottom=&#8221;&#8221; padding_left=&#8221;&#8221; margin_top=&#8221;0px&#8221; margin_bottom=&#8221;0px&#8221; class=&#8221;&#8221; id=&#8221;&#8221; animation_type=&#8221;&#8221; animation_speed=&#8221;0.3&#8243; animation_direction=&#8221;left&#8221; hide_on_mobile=&#8221;small-visibility,medium-visibility,large-visibility&#8221; center_content=&#8221;no&#8221; last=&#8221;no&#8221; min_height=&#8221;&#8221; hover_type=&#8221;none&#8221; link=&#8221;&#8221;][fusion_text] REDACCI\u00d3N \u25cf Desde la lente del jalisciense el p\u00fablico podr\u00e1 conocer retratos de los pintores y artistas Carlos Orozco Romero, Jes\u00fas Reyes Ferreira, Roberto Montenegro y de la actriz Mimi Aguglia, incluido un autorretrato de Smarth en 1919. \u25cf La [&hellip;]<\/p>\n","protected":false},"author":1,"featured_media":48751,"comment_status":"open","ping_status":"open","sticky":false,"template":"","format":"standard","meta":{"footnotes":""},"categories":[9,27],"tags":[],"_links":{"self":[{"href":"https:\/\/www.bitacoracdmx.com\/index.php?rest_route=\/wp\/v2\/posts\/48750"}],"collection":[{"href":"https:\/\/www.bitacoracdmx.com\/index.php?rest_route=\/wp\/v2\/posts"}],"about":[{"href":"https:\/\/www.bitacoracdmx.com\/index.php?rest_route=\/wp\/v2\/types\/post"}],"author":[{"embeddable":true,"href":"https:\/\/www.bitacoracdmx.com\/index.php?rest_route=\/wp\/v2\/users\/1"}],"replies":[{"embeddable":true,"href":"https:\/\/www.bitacoracdmx.com\/index.php?rest_route=%2Fwp%2Fv2%2Fcomments&post=48750"}],"version-history":[{"count":1,"href":"https:\/\/www.bitacoracdmx.com\/index.php?rest_route=\/wp\/v2\/posts\/48750\/revisions"}],"predecessor-version":[{"id":48752,"href":"https:\/\/www.bitacoracdmx.com\/index.php?rest_route=\/wp\/v2\/posts\/48750\/revisions\/48752"}],"wp:featuredmedia":[{"embeddable":true,"href":"https:\/\/www.bitacoracdmx.com\/index.php?rest_route=\/wp\/v2\/media\/48751"}],"wp:attachment":[{"href":"https:\/\/www.bitacoracdmx.com\/index.php?rest_route=%2Fwp%2Fv2%2Fmedia&parent=48750"}],"wp:term":[{"taxonomy":"category","embeddable":true,"href":"https:\/\/www.bitacoracdmx.com\/index.php?rest_route=%2Fwp%2Fv2%2Fcategories&post=48750"},{"taxonomy":"post_tag","embeddable":true,"href":"https:\/\/www.bitacoracdmx.com\/index.php?rest_route=%2Fwp%2Fv2%2Ftags&post=48750"}],"curies":[{"name":"wp","href":"https:\/\/api.w.org\/{rel}","templated":true}]}}