{"id":48753,"date":"2023-01-13T03:07:20","date_gmt":"2023-01-13T03:07:20","guid":{"rendered":"https:\/\/www.bitacoracdmx.com\/?p=48753"},"modified":"2023-01-13T03:07:20","modified_gmt":"2023-01-13T03:07:20","slug":"rodrigo-de-la-cadena-festejara-su-20-aniversario-en-el-teatro-metropolitan","status":"publish","type":"post","link":"https:\/\/www.bitacoracdmx.com\/?p=48753","title":{"rendered":"RODRIGO DE LA CADENA festejar\u00e1 su 20 ANIVERSARIO en el TEATRO METROP\u00d3LITAN"},"content":{"rendered":"<p>[fusion_builder_container hundred_percent=&#8221;no&#8221; equal_height_columns=&#8221;no&#8221; menu_anchor=&#8221;&#8221; hide_on_mobile=&#8221;small-visibility,medium-visibility,large-visibility&#8221; class=&#8221;&#8221; id=&#8221;&#8221; background_color=&#8221;&#8221; background_image=&#8221;&#8221; background_position=&#8221;center center&#8221; background_repeat=&#8221;no-repeat&#8221; fade=&#8221;no&#8221; background_parallax=&#8221;none&#8221; parallax_speed=&#8221;0.3&#8243; video_mp4=&#8221;&#8221; video_webm=&#8221;&#8221; video_ogv=&#8221;&#8221; video_url=&#8221;&#8221; video_aspect_ratio=&#8221;16:9&#8243; video_loop=&#8221;yes&#8221; video_mute=&#8221;yes&#8221; overlay_color=&#8221;&#8221; video_preview_image=&#8221;&#8221; border_size=&#8221;&#8221; border_color=&#8221;&#8221; border_style=&#8221;solid&#8221; padding_top=&#8221;&#8221; padding_bottom=&#8221;&#8221; padding_left=&#8221;&#8221; padding_right=&#8221;&#8221;][fusion_builder_row][fusion_builder_column type=&#8221;1_1&#8243; layout=&#8221;1_1&#8243; background_position=&#8221;left top&#8221; background_color=&#8221;&#8221; border_size=&#8221;&#8221; border_color=&#8221;&#8221; border_style=&#8221;solid&#8221; border_position=&#8221;all&#8221; spacing=&#8221;yes&#8221; background_image=&#8221;&#8221; background_repeat=&#8221;no-repeat&#8221; padding_top=&#8221;&#8221; padding_right=&#8221;&#8221; padding_bottom=&#8221;&#8221; padding_left=&#8221;&#8221; margin_top=&#8221;0px&#8221; margin_bottom=&#8221;0px&#8221; class=&#8221;&#8221; id=&#8221;&#8221; animation_type=&#8221;&#8221; animation_speed=&#8221;0.3&#8243; animation_direction=&#8221;left&#8221; hide_on_mobile=&#8221;small-visibility,medium-visibility,large-visibility&#8221; center_content=&#8221;no&#8221; last=&#8221;no&#8221; min_height=&#8221;&#8221; hover_type=&#8221;none&#8221; link=&#8221;&#8221;][fusion_text]<\/p>\n<p>REDACCI\u00d3N<\/p>\n<p><i>*Rodrigo de la Cadena celebra 20 a\u00f1os de carrera con su espect\u00e1culo \u201cEl \u00daltimo Bohemio\u201d en el Teatro Metrop\u00f3litan el Domingo 07 de Mayo del 2023 a partir de las seis y media de la tarde<\/i><\/p>\n<p><i>*Boletos a la venta en el Sistema Ticketmaster y en taquillas del inmueble<\/i><\/p>\n<p>El m\u00fasico, cantante, compositor, conductor de radio y televisi\u00f3n, investigador y director art\u00edstico Rodrigo de la Cadena -que ha dedicado toda una vida al bolero- celebra 20 a\u00f1os de carrera con su espect\u00e1culo \u201cEl \u00daltimo Bohemio\u201d en el Teatro Metropolitan el Domingo 07 de Mayo del 2023 a partir de las seis y media de la tarde.<\/p>\n<p>Dedicado en cuerpo y alma a la preservaci\u00f3n y difusi\u00f3n del bolero, con presentaciones en foros como el Teatro de la Ciudad o en diversos festivales y conciertos en pa\u00edses como Am\u00e9rica latina y Europa, es el momento oportuno de celebrar a la vida con su hermosa m\u00fasica una carrera que lleva con total plenitud y que le ha permitido figurar al lado de personajes como Armando Manzanero, Carlos Cuevas, Juan Gabriel, Lucho Gatica, Omara Portuondo o C\u00e9sar Portillo de la Luz.<\/p>\n<p>Rodrigo de la Cadena es un bolerista. Conductor y productor en Canal Once, ABC radio, XEQ y Radio Trece. Primer lugar en podcast de radio en la clasificaci\u00f3n \u201cOldies\u201d en Spotify y TuneIn. Columnista en La Prensa y Notimex. Premio Nacional de Periodismo 2019. Director del centro del centro de espect\u00e1culos La Cueva en la ciudad de M\u00e9xico.<\/p>\n<p>Primer latinoamericano en obtener el Grand Prix del Festival Eslavo de las Artes en Europa del Este. Director del Festival Mundial del Bolero en M\u00e9xico y fundador del Instituto Bolero M\u00e9xico ante la UNESCO. 3 veces acreedor al Premio Nacional de Locuci\u00f3n. Medalla Ricardo Palmer\u00edn 2017 y Premio Internacional Agust\u00edn Lara. Cuenta con m\u00e1s de 12 fonogramas en el mercado. Triunfador en conciertos y festivales de m\u00e1s de 15 pa\u00edses. Nada mal para una gran figura de la m\u00fasica en M\u00e9xico.<\/p>\n<p>En su discograf\u00eda destaca un \u00e1lbum triple con temas de Agust\u00edn Lara y varias colaboraciones con Armando Manzanero. El p\u00fablico conoce al artista de 32 a\u00f1os por sus programas de radio y televisi\u00f3n, pero su presentaci\u00f3n en el Teatro Metrop\u00f3litan avecina a convertirse en memorable.<\/p>\n<p>Rodrigo de la Cadena celebra 20 a\u00f1os de carrera con su espect\u00e1culo \u201cEl \u00daltimo Bohemio\u201d en el Teatro Metropolitan el Domingo 07 de Mayo del 2023 a partir de las seis y media de la tarde. Boletos a la venta en el Sistema Ticketmaster y en taquillas del inmueble.<\/p>\n<p><a class=\"x1i10hfl xjbqb8w x6umtig x1b1mbwd xaqea5y xav7gou x9f619 x1ypdohk xt0psk2 xe8uvvx xdj266r x11i5rnm xat24cr x1mh8g0r xexx8yu x4uap5 x18d9i69 xkhd6sd x16tdsg8 x1hl2dhg xggy1nq x1a2a7pz xt0b8zv x1qq9wsj xo1l8bm\" tabindex=\"0\" role=\"link\" href=\"https:\/\/www.facebook.com\/hashtag\/rodrigodelacadena?__eep__=6&amp;__cft__[0]=AZXcJyHx_26cpk6CNpjLtvwaCUZg7hhpuzVXLJvlZsK6qqYmdrHv6LWxFRM8VUL1DRy_cPf5VsgvHZLjRHdPghaJpDb3v7XD4Bio2uatp0zXzWo7-xQpSsMpkkmarf8JKXc&amp;__tn__=*NK-R\">#RodrigoDeLaCadena<\/a><\/p>\n<p>[\/fusion_text][fusion_imageframe image_id=&#8221;48754|medium&#8221; max_width=&#8221;&#8221; style_type=&#8221;&#8221; blur=&#8221;&#8221; stylecolor=&#8221;&#8221; hover_type=&#8221;none&#8221; bordersize=&#8221;&#8221; bordercolor=&#8221;&#8221; borderradius=&#8221;&#8221; align=&#8221;none&#8221; lightbox=&#8221;no&#8221; gallery_id=&#8221;&#8221; lightbox_image=&#8221;&#8221; lightbox_image_id=&#8221;&#8221; alt=&#8221;&#8221; link=&#8221;&#8221; linktarget=&#8221;_self&#8221; hide_on_mobile=&#8221;small-visibility,medium-visibility,large-visibility&#8221; class=&#8221;&#8221; id=&#8221;&#8221; animation_type=&#8221;&#8221; animation_direction=&#8221;left&#8221; animation_speed=&#8221;0.3&#8243; animation_offset=&#8221;&#8221;]https:\/\/www.bitacoracdmx.com\/wp-content\/uploads\/2023\/01\/descargar-2023-01-12T210202.837-300&#215;300.png[\/fusion_imageframe][\/fusion_builder_column][\/fusion_builder_row][\/fusion_builder_container]<\/p>\n","protected":false},"excerpt":{"rendered":"<p>[fusion_builder_container hundred_percent=&#8221;no&#8221; equal_height_columns=&#8221;no&#8221; menu_anchor=&#8221;&#8221; hide_on_mobile=&#8221;small-visibility,medium-visibility,large-visibility&#8221; class=&#8221;&#8221; id=&#8221;&#8221; background_color=&#8221;&#8221; background_image=&#8221;&#8221; background_position=&#8221;center center&#8221; background_repeat=&#8221;no-repeat&#8221; fade=&#8221;no&#8221; background_parallax=&#8221;none&#8221; parallax_speed=&#8221;0.3&#8243; video_mp4=&#8221;&#8221; video_webm=&#8221;&#8221; video_ogv=&#8221;&#8221; video_url=&#8221;&#8221; video_aspect_ratio=&#8221;16:9&#8243; video_loop=&#8221;yes&#8221; video_mute=&#8221;yes&#8221; overlay_color=&#8221;&#8221; video_preview_image=&#8221;&#8221; border_size=&#8221;&#8221; border_color=&#8221;&#8221; border_style=&#8221;solid&#8221; padding_top=&#8221;&#8221; padding_bottom=&#8221;&#8221; padding_left=&#8221;&#8221; padding_right=&#8221;&#8221;][fusion_builder_row][fusion_builder_column type=&#8221;1_1&#8243; layout=&#8221;1_1&#8243; background_position=&#8221;left top&#8221; background_color=&#8221;&#8221; border_size=&#8221;&#8221; border_color=&#8221;&#8221; border_style=&#8221;solid&#8221; border_position=&#8221;all&#8221; spacing=&#8221;yes&#8221; background_image=&#8221;&#8221; background_repeat=&#8221;no-repeat&#8221; padding_top=&#8221;&#8221; padding_right=&#8221;&#8221; padding_bottom=&#8221;&#8221; padding_left=&#8221;&#8221; margin_top=&#8221;0px&#8221; margin_bottom=&#8221;0px&#8221; class=&#8221;&#8221; id=&#8221;&#8221; animation_type=&#8221;&#8221; animation_speed=&#8221;0.3&#8243; animation_direction=&#8221;left&#8221; hide_on_mobile=&#8221;small-visibility,medium-visibility,large-visibility&#8221; center_content=&#8221;no&#8221; last=&#8221;no&#8221; min_height=&#8221;&#8221; hover_type=&#8221;none&#8221; link=&#8221;&#8221;][fusion_text] REDACCI\u00d3N *Rodrigo de la Cadena celebra 20 a\u00f1os de carrera con su espect\u00e1culo \u201cEl \u00daltimo Bohemio\u201d en el Teatro Metrop\u00f3litan el Domingo 07 de Mayo del 2023 a partir de las seis y media de la tarde *Boletos a la [&hellip;]<\/p>\n","protected":false},"author":1,"featured_media":48754,"comment_status":"open","ping_status":"open","sticky":false,"template":"","format":"standard","meta":{"footnotes":""},"categories":[9,11],"tags":[],"_links":{"self":[{"href":"https:\/\/www.bitacoracdmx.com\/index.php?rest_route=\/wp\/v2\/posts\/48753"}],"collection":[{"href":"https:\/\/www.bitacoracdmx.com\/index.php?rest_route=\/wp\/v2\/posts"}],"about":[{"href":"https:\/\/www.bitacoracdmx.com\/index.php?rest_route=\/wp\/v2\/types\/post"}],"author":[{"embeddable":true,"href":"https:\/\/www.bitacoracdmx.com\/index.php?rest_route=\/wp\/v2\/users\/1"}],"replies":[{"embeddable":true,"href":"https:\/\/www.bitacoracdmx.com\/index.php?rest_route=%2Fwp%2Fv2%2Fcomments&post=48753"}],"version-history":[{"count":1,"href":"https:\/\/www.bitacoracdmx.com\/index.php?rest_route=\/wp\/v2\/posts\/48753\/revisions"}],"predecessor-version":[{"id":48755,"href":"https:\/\/www.bitacoracdmx.com\/index.php?rest_route=\/wp\/v2\/posts\/48753\/revisions\/48755"}],"wp:featuredmedia":[{"embeddable":true,"href":"https:\/\/www.bitacoracdmx.com\/index.php?rest_route=\/wp\/v2\/media\/48754"}],"wp:attachment":[{"href":"https:\/\/www.bitacoracdmx.com\/index.php?rest_route=%2Fwp%2Fv2%2Fmedia&parent=48753"}],"wp:term":[{"taxonomy":"category","embeddable":true,"href":"https:\/\/www.bitacoracdmx.com\/index.php?rest_route=%2Fwp%2Fv2%2Fcategories&post=48753"},{"taxonomy":"post_tag","embeddable":true,"href":"https:\/\/www.bitacoracdmx.com\/index.php?rest_route=%2Fwp%2Fv2%2Ftags&post=48753"}],"curies":[{"name":"wp","href":"https:\/\/api.w.org\/{rel}","templated":true}]}}