{"id":48772,"date":"2023-01-13T04:13:05","date_gmt":"2023-01-13T04:13:05","guid":{"rendered":"https:\/\/www.bitacoracdmx.com\/?p=48772"},"modified":"2023-01-13T04:13:05","modified_gmt":"2023-01-13T04:13:05","slug":"rise-against-regresan-a-mexico-con-el-tour-nowhere-generation","status":"publish","type":"post","link":"https:\/\/www.bitacoracdmx.com\/?p=48772","title":{"rendered":"Rise Against regresan a M\u00e9xico con el tour Nowhere Generation"},"content":{"rendered":"<p>[fusion_builder_container hundred_percent=&#8221;no&#8221; equal_height_columns=&#8221;no&#8221; menu_anchor=&#8221;&#8221; hide_on_mobile=&#8221;small-visibility,medium-visibility,large-visibility&#8221; class=&#8221;&#8221; id=&#8221;&#8221; background_color=&#8221;&#8221; background_image=&#8221;&#8221; background_position=&#8221;center center&#8221; background_repeat=&#8221;no-repeat&#8221; fade=&#8221;no&#8221; background_parallax=&#8221;none&#8221; parallax_speed=&#8221;0.3&#8243; video_mp4=&#8221;&#8221; video_webm=&#8221;&#8221; video_ogv=&#8221;&#8221; video_url=&#8221;&#8221; video_aspect_ratio=&#8221;16:9&#8243; video_loop=&#8221;yes&#8221; video_mute=&#8221;yes&#8221; overlay_color=&#8221;&#8221; video_preview_image=&#8221;&#8221; border_size=&#8221;&#8221; border_color=&#8221;&#8221; border_style=&#8221;solid&#8221; padding_top=&#8221;&#8221; padding_bottom=&#8221;&#8221; padding_left=&#8221;&#8221; padding_right=&#8221;&#8221;][fusion_builder_row][fusion_builder_column type=&#8221;1_1&#8243; layout=&#8221;1_1&#8243; background_position=&#8221;left top&#8221; background_color=&#8221;&#8221; border_size=&#8221;&#8221; border_color=&#8221;&#8221; border_style=&#8221;solid&#8221; border_position=&#8221;all&#8221; spacing=&#8221;yes&#8221; background_image=&#8221;&#8221; background_repeat=&#8221;no-repeat&#8221; padding_top=&#8221;&#8221; padding_right=&#8221;&#8221; padding_bottom=&#8221;&#8221; padding_left=&#8221;&#8221; margin_top=&#8221;0px&#8221; margin_bottom=&#8221;0px&#8221; class=&#8221;&#8221; id=&#8221;&#8221; animation_type=&#8221;&#8221; animation_speed=&#8221;0.3&#8243; animation_direction=&#8221;left&#8221; hide_on_mobile=&#8221;small-visibility,medium-visibility,large-visibility&#8221; center_content=&#8221;no&#8221; last=&#8221;no&#8221; min_height=&#8221;&#8221; hover_type=&#8221;none&#8221; link=&#8221;&#8221;][fusion_text]<\/p>\n<p>REDACCI\u00d3N<\/p>\n<div class=\"pr-story--element-space\">\n<div class=\"pr-story-subheader\">\n<h3 class=\"pr-story--subheader text--wrap pr-font--sans\">12 de marzo, 2023 \u2013 Pabell\u00f3n Oeste<\/h3>\n<\/div>\n<\/div>\n<div class=\"pr-story--element-space\">\n<div class=\"pr-story-subheader\">\n<h3 class=\"pr-story--subheader text--wrap pr-font--sans\">Preventa Citibanamex: 16 de enero<\/h3>\n<\/div>\n<\/div>\n<div class=\"pr-story--element-space\">\n<div class=\"pr-story-paragraph\">\n<div class=\"pr-story--text\">Hoy, la aclamada banda de punk rock, ganadora de discos de Oro y Platino,\u00a0<b>Rise Against<\/b>, anunci\u00f3 su esperado regreso a la\u00a0<b>Ciudad de M\u00e9xico<\/b>, como parte del tour mundial para presentar su \u00faltima producci\u00f3n discogr\u00e1fica,\u00a0<b><i>Nowhere Generation<\/i><\/b>\u00a0<i>(2021)<\/i>, con el que ya recorrieron Europa el a\u00f1o pasado y este 2023, llegar\u00e1 a Latinoam\u00e9rica y Ocean\u00eda. El concierto en M\u00e9xico tendr\u00e1 lugar en el\u00a0<b>Pabell\u00f3n Oeste del Palacio de los Deportes el 12 de marzo de 2023<\/b>; los boletos estar\u00e1n disponibles el\u00a0<b>16 de enero\u00a0<\/b>en la\u00a0<b>Preventa Citibanamex\u00a0<\/b>y, a partir del 17 de enero, en la venta general por medio de la\u00a0<b>Red Ticketmaster<\/b>.<\/div>\n<\/div>\n<\/div>\n<div class=\"pr-story--element-space\">\n<div class=\"pr-story-paragraph\">\n<div><\/div>\n<div class=\"pr-story--text\"><b>Rise Against\u00a0<\/b>mantiene su postura como una de las bandas de punk rock m\u00e1s francas, socialmente conscientes y aclamadas del momento. Despu\u00e9s de tener un 2022 lleno de energ\u00eda con shows alrededor de los Estados Unidos y de Europa con la gira\u00a0<b><i>Nowhere Generation<\/i><\/b>, el grupo ya calienta motores para comenzar el 2023 con esperadas visitas a festivales como el Lollapalooza de Argentina, Brasil y Chile, el Rock Am Ring en Alemania, as\u00ed como una gira de 14 fechas por Australia y Nueva Zelanda.<\/div>\n<div><\/div>\n<\/div>\n<\/div>\n<div class=\"pr-story--element-space\">\n<div class=\"pr-story-paragraph\">\n<div class=\"pr-story--text\"><b>Sus presentaciones por Ocean\u00eda las har\u00e1n como teloneros del explosivo regreso de blink-182.<\/b><\/div>\n<div><\/div>\n<\/div>\n<\/div>\n<div class=\"pr-story--element-space\">\n<div class=\"pr-story-paragraph\">\n<div class=\"pr-story--text\"><b><i>Nowhere Generation\u00a0<\/i><\/b><i>(2021)\u00a0<\/i>producido por Loma Vista Recordings, es un brillante y agresivo \u00e1lbum que fusiona la actitud\u00a0<i>old-school\u00a0<\/i>del punk, con la furia del post hardcore. L\u00edricamente, las 11 canciones fueron influenciadas por aportaciones de las dos hijas del vocalista y escritor Tim Mcllrath, as\u00ed como por la comunidad de fans de la banda, enfoc\u00e1ndose en el panorama social y econ\u00f3mico que afecta principalmente a las generaciones m\u00e1s j\u00f3venes, que persiguen el \u201csue\u00f1o americano\u201d. Esc\u00fachalo\u00a0<a href=\"https:\/\/open.spotify.com\/album\/4t8eylrNR3Z5kYc7VEENLW?si=croWrE0zRAepqLykhGKPfA\">AQU\u00cd<\/a>.<\/div>\n<div><\/div>\n<\/div>\n<\/div>\n<div class=\"pr-story--element-space\">\n<div class=\"pr-story-paragraph\">\n<div class=\"pr-story--text\">Por si fuera poco, en 2022\u00a0<b>Rise Against\u00a0<\/b>estren\u00f3 un energizante EP como extensi\u00f3n del \u00e1lbum, titulado\u00a0<b><i>Nowhere Generation II<\/i><\/b>, con cinco canciones bajo la misma tem\u00e1tica sobre la realidad del \u201csue\u00f1o americano\u201d; una realidad que se ha diluido a consecuencia de una era de inestabilidad social, econ\u00f3mica y pol\u00edtica, una realidad disruptiva que se ha convertido en la \u00fanica respuesta para la \u201c<i>generaci\u00f3n de ning\u00fan lugar<\/i>\u201d.<\/div>\n<div><\/div>\n<\/div>\n<\/div>\n<div class=\"pr-story--element-space\">\n<div class=\"pr-story-paragraph\">\n<div class=\"pr-story--text\"><b>Rise Against\u00a0<\/b>ha creado una relaci\u00f3n muy especial con el p\u00fablico mexicano, desde aquella m\u00edtica presentaci\u00f3n como parte del festival Vive Latino 2010, hasta su primer show en solitario en el Pabell\u00f3n Cuervo en 2017. Y en este 2023, la banda de punk rock regresar\u00e1 al\u00a0<b>Pabell\u00f3n Oeste el 12 de marzo<\/b>,<b>\u00a0<\/b>con una buena dosis de m\u00fasica para brincar y cantar hasta el cansancio.<\/div>\n<\/div>\n<\/div>\n<p>[\/fusion_text][fusion_imageframe image_id=&#8221;48773|medium&#8221; max_width=&#8221;&#8221; style_type=&#8221;&#8221; blur=&#8221;&#8221; stylecolor=&#8221;&#8221; hover_type=&#8221;none&#8221; bordersize=&#8221;&#8221; bordercolor=&#8221;&#8221; borderradius=&#8221;&#8221; align=&#8221;none&#8221; lightbox=&#8221;no&#8221; gallery_id=&#8221;&#8221; lightbox_image=&#8221;&#8221; lightbox_image_id=&#8221;&#8221; alt=&#8221;&#8221; link=&#8221;&#8221; linktarget=&#8221;_self&#8221; hide_on_mobile=&#8221;small-visibility,medium-visibility,large-visibility&#8221; class=&#8221;&#8221; id=&#8221;&#8221; animation_type=&#8221;&#8221; animation_direction=&#8221;left&#8221; animation_speed=&#8221;0.3&#8243; animation_offset=&#8221;&#8221;]https:\/\/www.bitacoracdmx.com\/wp-content\/uploads\/2023\/01\/image_processing20230111-3128873-sygx60-300&#215;157.jpg[\/fusion_imageframe][\/fusion_builder_column][\/fusion_builder_row][\/fusion_builder_container]<\/p>\n","protected":false},"excerpt":{"rendered":"<p>[fusion_builder_container hundred_percent=&#8221;no&#8221; equal_height_columns=&#8221;no&#8221; menu_anchor=&#8221;&#8221; hide_on_mobile=&#8221;small-visibility,medium-visibility,large-visibility&#8221; class=&#8221;&#8221; id=&#8221;&#8221; background_color=&#8221;&#8221; background_image=&#8221;&#8221; background_position=&#8221;center center&#8221; background_repeat=&#8221;no-repeat&#8221; fade=&#8221;no&#8221; background_parallax=&#8221;none&#8221; parallax_speed=&#8221;0.3&#8243; video_mp4=&#8221;&#8221; video_webm=&#8221;&#8221; video_ogv=&#8221;&#8221; video_url=&#8221;&#8221; video_aspect_ratio=&#8221;16:9&#8243; video_loop=&#8221;yes&#8221; video_mute=&#8221;yes&#8221; overlay_color=&#8221;&#8221; video_preview_image=&#8221;&#8221; border_size=&#8221;&#8221; border_color=&#8221;&#8221; border_style=&#8221;solid&#8221; padding_top=&#8221;&#8221; padding_bottom=&#8221;&#8221; padding_left=&#8221;&#8221; padding_right=&#8221;&#8221;][fusion_builder_row][fusion_builder_column type=&#8221;1_1&#8243; layout=&#8221;1_1&#8243; background_position=&#8221;left top&#8221; background_color=&#8221;&#8221; border_size=&#8221;&#8221; border_color=&#8221;&#8221; border_style=&#8221;solid&#8221; border_position=&#8221;all&#8221; spacing=&#8221;yes&#8221; background_image=&#8221;&#8221; background_repeat=&#8221;no-repeat&#8221; padding_top=&#8221;&#8221; padding_right=&#8221;&#8221; padding_bottom=&#8221;&#8221; padding_left=&#8221;&#8221; margin_top=&#8221;0px&#8221; margin_bottom=&#8221;0px&#8221; class=&#8221;&#8221; id=&#8221;&#8221; animation_type=&#8221;&#8221; animation_speed=&#8221;0.3&#8243; animation_direction=&#8221;left&#8221; hide_on_mobile=&#8221;small-visibility,medium-visibility,large-visibility&#8221; center_content=&#8221;no&#8221; last=&#8221;no&#8221; min_height=&#8221;&#8221; hover_type=&#8221;none&#8221; link=&#8221;&#8221;][fusion_text] REDACCI\u00d3N 12 de marzo, 2023 \u2013 Pabell\u00f3n Oeste Preventa Citibanamex: 16 de enero Hoy, la aclamada banda de punk rock, ganadora de discos de Oro y Platino,\u00a0Rise Against, anunci\u00f3 su esperado regreso a la\u00a0Ciudad de M\u00e9xico, como parte del tour [&hellip;]<\/p>\n","protected":false},"author":1,"featured_media":48773,"comment_status":"open","ping_status":"open","sticky":false,"template":"","format":"standard","meta":{"footnotes":""},"categories":[9,11],"tags":[],"_links":{"self":[{"href":"https:\/\/www.bitacoracdmx.com\/index.php?rest_route=\/wp\/v2\/posts\/48772"}],"collection":[{"href":"https:\/\/www.bitacoracdmx.com\/index.php?rest_route=\/wp\/v2\/posts"}],"about":[{"href":"https:\/\/www.bitacoracdmx.com\/index.php?rest_route=\/wp\/v2\/types\/post"}],"author":[{"embeddable":true,"href":"https:\/\/www.bitacoracdmx.com\/index.php?rest_route=\/wp\/v2\/users\/1"}],"replies":[{"embeddable":true,"href":"https:\/\/www.bitacoracdmx.com\/index.php?rest_route=%2Fwp%2Fv2%2Fcomments&post=48772"}],"version-history":[{"count":1,"href":"https:\/\/www.bitacoracdmx.com\/index.php?rest_route=\/wp\/v2\/posts\/48772\/revisions"}],"predecessor-version":[{"id":48774,"href":"https:\/\/www.bitacoracdmx.com\/index.php?rest_route=\/wp\/v2\/posts\/48772\/revisions\/48774"}],"wp:featuredmedia":[{"embeddable":true,"href":"https:\/\/www.bitacoracdmx.com\/index.php?rest_route=\/wp\/v2\/media\/48773"}],"wp:attachment":[{"href":"https:\/\/www.bitacoracdmx.com\/index.php?rest_route=%2Fwp%2Fv2%2Fmedia&parent=48772"}],"wp:term":[{"taxonomy":"category","embeddable":true,"href":"https:\/\/www.bitacoracdmx.com\/index.php?rest_route=%2Fwp%2Fv2%2Fcategories&post=48772"},{"taxonomy":"post_tag","embeddable":true,"href":"https:\/\/www.bitacoracdmx.com\/index.php?rest_route=%2Fwp%2Fv2%2Ftags&post=48772"}],"curies":[{"name":"wp","href":"https:\/\/api.w.org\/{rel}","templated":true}]}}