{"id":48787,"date":"2023-01-17T00:18:06","date_gmt":"2023-01-17T00:18:06","guid":{"rendered":"https:\/\/www.bitacoracdmx.com\/?p=48787"},"modified":"2023-01-17T00:18:06","modified_gmt":"2023-01-17T00:18:06","slug":"majo-aguilar-dara-uno-de-sus-conciertos-mas-importantes","status":"publish","type":"post","link":"https:\/\/www.bitacoracdmx.com\/?p=48787","title":{"rendered":"Majo Aguilar dar\u00e1 uno de sus conciertos m\u00e1s importantes"},"content":{"rendered":"<p>[fusion_builder_container hundred_percent=&#8221;no&#8221; equal_height_columns=&#8221;no&#8221; menu_anchor=&#8221;&#8221; hide_on_mobile=&#8221;small-visibility,medium-visibility,large-visibility&#8221; class=&#8221;&#8221; id=&#8221;&#8221; background_color=&#8221;&#8221; background_image=&#8221;&#8221; background_position=&#8221;center center&#8221; background_repeat=&#8221;no-repeat&#8221; fade=&#8221;no&#8221; background_parallax=&#8221;none&#8221; parallax_speed=&#8221;0.3&#8243; video_mp4=&#8221;&#8221; video_webm=&#8221;&#8221; video_ogv=&#8221;&#8221; video_url=&#8221;&#8221; video_aspect_ratio=&#8221;16:9&#8243; video_loop=&#8221;yes&#8221; video_mute=&#8221;yes&#8221; overlay_color=&#8221;&#8221; video_preview_image=&#8221;&#8221; border_size=&#8221;&#8221; border_color=&#8221;&#8221; border_style=&#8221;solid&#8221; padding_top=&#8221;&#8221; padding_bottom=&#8221;&#8221; padding_left=&#8221;&#8221; padding_right=&#8221;&#8221;][fusion_builder_row][fusion_builder_column type=&#8221;1_1&#8243; layout=&#8221;1_1&#8243; background_position=&#8221;left top&#8221; background_color=&#8221;&#8221; border_size=&#8221;&#8221; border_color=&#8221;&#8221; border_style=&#8221;solid&#8221; border_position=&#8221;all&#8221; spacing=&#8221;yes&#8221; background_image=&#8221;&#8221; background_repeat=&#8221;no-repeat&#8221; padding_top=&#8221;&#8221; padding_right=&#8221;&#8221; padding_bottom=&#8221;&#8221; padding_left=&#8221;&#8221; margin_top=&#8221;0px&#8221; margin_bottom=&#8221;0px&#8221; class=&#8221;&#8221; id=&#8221;&#8221; animation_type=&#8221;&#8221; animation_speed=&#8221;0.3&#8243; animation_direction=&#8221;left&#8221; hide_on_mobile=&#8221;small-visibility,medium-visibility,large-visibility&#8221; center_content=&#8221;no&#8221; last=&#8221;no&#8221; min_height=&#8221;&#8221; hover_type=&#8221;none&#8221; link=&#8221;&#8221;][fusion_text]<\/p>\n<p>REDACCI\u00d3N<\/p>\n<div class=\"pr-story--element-space\">\n<div class=\"pr-story-subheader\">\n<h3 class=\"pr-story--subheader text--wrap pr-font--sans\">\u00a1Cantar\u00e1 Con El Coraz\u00f3n por primera vez en el Lunario del Auditorio Nacional este 20 de abril de 2023!<\/h3>\n<\/div>\n<\/div>\n<div class=\"pr-story--element-space\">\n<div class=\"pr-story-subheader\">\n<h3 class=\"pr-story--subheader text--wrap pr-font--sans\">Preventa Citibanamex: 17 de enero<\/h3>\n<\/div>\n<\/div>\n<div class=\"pr-story--element-space\">\n<div class=\"pr-story-paragraph\">\n<div class=\"pr-story--text\"><b>Majo Aguilar<\/b>, la joven promesa femenina de la m\u00fasica mexicana nominada al GRAMMY\u00ae Latino, anunci\u00f3 hoy su primer concierto en uno de los recintos m\u00e1s importantes del pa\u00eds: el\u00a0<b>Lunario del Auditorio Nacional<\/b>. La int\u00e9rprete deleitar\u00e1 a su p\u00fablico capitalino el\u00a0<b>20 de abril de 2023\u00a0<\/b>con los \u00e9xitos de su \u00e1lbum debut,\u00a0<i>Mi Herencia, Mi Sangre (2021)\u00a0<\/i>y su nueva producci\u00f3n:\u00a0<b><i>Se Canta Con El Coraz\u00f3n (2022)<\/i><\/b>. Los boletos estar\u00e1n disponibles el\u00a0<b>17 de enero en la Preventa Citibanamex por medio de la Red Ticketmaster\u00a0<\/b>y, a partir del 18 de enero en la venta general.<\/div>\n<div><\/div>\n<\/div>\n<\/div>\n<div class=\"pr-story--element-space\">\n<div class=\"pr-story-paragraph\">\n<div class=\"pr-story--text\">Descendiente de la \u201cDinast\u00eda Aguilar\u201d,\u00a0<b>Majo\u00a0<\/b>naci\u00f3 el 7 de junio de 1994 en la CDMX; sus abuelos son Antonio Aguilar y Flor Silvestre, su padre es Antonio Aguilar hijo y su t\u00edo es Pepe Aguilar. Desde muy peque\u00f1a desarroll\u00f3 el gusto por el canto, el baile y la composici\u00f3n, la primera canci\u00f3n que escribi\u00f3 la hizo a los seis a\u00f1os y, desde entonces, no deja de escribir, cantar y bailar.<\/div>\n<div><\/div>\n<\/div>\n<\/div>\n<div class=\"pr-story--element-space\">\n<div class=\"pr-story-paragraph\">\n<div class=\"pr-story--text\">En 2021 lanz\u00f3 su exitoso \u00e1lbum debut firmado con Universal Music,\u00a0<i>Mi Herencia, Mi<b>\u00a0<\/b>Sangre<\/i>, el cual cuenta con 11 canciones, incluido su aclamado sencillo \u201cNo Voy A Llorar\u201d, que actualmente acumula 17 millones de\u00a0<i>views\u00a0<\/i>en YouTube y casi 10 millones de\u00a0<i>streams\u00a0<\/i>en plataformas digitales. El \u00e1lbum fue nominado a los GRAMMY\u00ae Latinos por la categor\u00eda\u00a0<i>Mejor \u00c1lbum de M\u00fasica Ranchera \/ Mariachi<\/i>.<\/div>\n<div><\/div>\n<div><strong>Majo tiene una hermana gemela llamada Flor Susana. \u00a1El talento es natural en la familia Aguilar!<\/strong><\/div>\n<div><\/div>\n<\/div>\n<\/div>\n<div class=\"pr-story--element-space\">\n<div class=\"pr-story-paragraph\">\n<div class=\"pr-story--text\">Con un profundo gusto para cantar sobre el amor, as\u00ed como lo complejo y especial de estar vivos,\u00a0<b>Majo\u00a0<\/b>tiene como lema: \u201csi no se canta con el coraz\u00f3n, no sirve\u201d; es por ello que en noviembre de 2022 estren\u00f3 su segundo \u00e1lbum,\u00a0<b><i>Se Canta Con El Coraz\u00f3n<\/i><\/b>, el cual cuenta con nueve canciones e incluye composiciones que actualmente tienen gran popularidad como \u201cMor\u00ed\u201d y \u201cC\u00f3mo Te Olvido\u201d. Escucha el disco\u00a0<a href=\"https:\/\/open.spotify.com\/album\/3eLptwXDjQjRRXdDTxpKKd?si=gHMsWk9zSJOO6mlzAuhnNQ\">AQU\u00cd<\/a>.<\/div>\n<\/div>\n<\/div>\n<div class=\"pr-story--element-space\">\n<div class=\"pr-story-paragraph\">\n<div><\/div>\n<div class=\"pr-story--text\">Este 2023, la carrera de\u00a0<b>Majo Aguilar\u00a0<\/b>va viento en popa y no habr\u00e1 mejor manera para celebrarlo, que con un imperdible concierto en el\u00a0<b>Lunario del Auditorio Nacional el 20 de abril<\/b>. La\u00a0<b>Preventa Citibanamex\u00a0<\/b>comenzar\u00e1 el\u00a0<b>17 de enero por\u00a0<\/b><a href=\"http:\/\/www.ticketmaster.com.mx\/\"><b>www.ticketmaster.com.mx<\/b><\/a><b>.<\/b><\/div>\n<\/div>\n<\/div>\n<div><\/div>\n<div>\n<div class=\"pr-story--element-space\">\n<div class=\"pr-story-subheader\">\n<h3 class=\"pr-story--subheader text--wrap pr-font--sans\">\u00a1Cantar\u00e1 Con El Coraz\u00f3n por primera vez en el Lunario del Auditorio Nacional este 20 de abril de 2023!<\/h3>\n<\/div>\n<\/div>\n<div class=\"pr-story--element-space\">\n<div class=\"pr-story-subheader\">\n<h3 class=\"pr-story--subheader text--wrap pr-font--sans\">Preventa Citibanamex: 17 de enero<\/h3>\n<\/div>\n<\/div>\n<div class=\"pr-story--element-space\">\n<div class=\"pr-story-paragraph\">\n<div class=\"pr-story--text\"><b>Majo Aguilar<\/b>, la joven promesa femenina de la m\u00fasica mexicana nominada al GRAMMY\u00ae Latino, anunci\u00f3 hoy su primer concierto en uno de los recintos m\u00e1s importantes del pa\u00eds: el\u00a0<b>Lunario del Auditorio Nacional<\/b>. La int\u00e9rprete deleitar\u00e1 a su p\u00fablico capitalino el\u00a0<b>20 de abril de 2023\u00a0<\/b>con los \u00e9xitos de su \u00e1lbum debut,\u00a0<i>Mi Herencia, Mi Sangre (2021)\u00a0<\/i>y su nueva producci\u00f3n:\u00a0<b><i>Se Canta Con El Coraz\u00f3n (2022)<\/i><\/b>. Los boletos estar\u00e1n disponibles el\u00a0<b>17 de enero en la Preventa Citibanamex por medio de la Red Ticketmaster\u00a0<\/b>y, a partir del 18 de enero en la venta general.<\/div>\n<div><\/div>\n<\/div>\n<\/div>\n<div class=\"pr-story--element-space\">\n<div class=\"pr-story-paragraph\">\n<div class=\"pr-story--text\">Descendiente de la \u201cDinast\u00eda Aguilar\u201d,\u00a0<b>Majo\u00a0<\/b>naci\u00f3 el 7 de junio de 1994 en la CDMX; sus abuelos son Antonio Aguilar y Flor Silvestre, su padre es Antonio Aguilar hijo y su t\u00edo es Pepe Aguilar. Desde muy peque\u00f1a desarroll\u00f3 el gusto por el canto, el baile y la composici\u00f3n, la primera canci\u00f3n que escribi\u00f3 la hizo a los seis a\u00f1os y, desde entonces, no deja de escribir, cantar y bailar.<\/div>\n<div><\/div>\n<\/div>\n<\/div>\n<div class=\"pr-story--element-space\">\n<div class=\"pr-story-paragraph\">\n<div class=\"pr-story--text\">En 2021 lanz\u00f3 su exitoso \u00e1lbum debut firmado con Universal Music,\u00a0<i>Mi Herencia, MiSangre<\/i>, el cual cuenta con 11 canciones, incluido su aclamado sencillo \u201cNo Voy A Llorar\u201d, que actualmente acumula 17 millones de\u00a0<i>views\u00a0<\/i>en YouTube y casi 10 millones de\u00a0<i>streams\u00a0<\/i>en plataformas digitales. El \u00e1lbum fue nominado a los GRAMMY\u00ae Latinos por la categor\u00eda\u00a0<i>Mejor \u00c1lbum de M\u00fasica Ranchera \/ Mariachi<\/i>.<\/div>\n<div><\/div>\n<div><strong>Majo tiene una hermana gemela llamada Flor Susana. \u00a1El talento es natural en la familia Aguilar!<\/strong><\/div>\n<div><\/div>\n<\/div>\n<\/div>\n<div class=\"pr-story--element-space\">\n<div class=\"pr-story-paragraph\">\n<div class=\"pr-story--text\">Con un profundo gusto para cantar sobre el amor, as\u00ed como lo complejo y especial de estar vivos,\u00a0<b>Majo\u00a0<\/b>tiene como lema: \u201csi no se canta con el coraz\u00f3n, no sirve\u201d; es por ello que en noviembre de 2022 estren\u00f3 su segundo \u00e1lbum,\u00a0<b><i>Se Canta Con El Coraz\u00f3n<\/i><\/b>, el cual cuenta con nueve canciones e incluye composiciones que actualmente tienen gran popularidad como \u201cMor\u00ed\u201d y \u201cC\u00f3mo Te Olvido\u201d. Escucha el disco\u00a0<a href=\"https:\/\/open.spotify.com\/album\/3eLptwXDjQjRRXdDTxpKKd?si=gHMsWk9zSJOO6mlzAuhnNQ\">AQU\u00cd<\/a>.<\/div>\n<\/div>\n<\/div>\n<div class=\"pr-story--element-space\">\n<div class=\"pr-story-paragraph\">\n<div><\/div>\n<div class=\"pr-story--text\">Este 2023, la carrera de\u00a0<b>Majo Aguilar\u00a0<\/b>va viento en popa y no habr\u00e1 mejor manera para celebrarlo, que con un imperdible concierto en el\u00a0<b>Lunario del Auditorio Nacional el 20 de abril<\/b>. La\u00a0<b>Preventa Citibanamex\u00a0<\/b>comenzar\u00e1 el\u00a0<b>17 de enero por\u00a0<\/b><a href=\"http:\/\/www.ticketmaster.com.mx\/\"><b>www.ticketmaster.com.mx<\/b><\/a><b>.<\/b><\/div>\n<\/div>\n<\/div>\n<\/div>\n<div><a class=\"x1i10hfl xjbqb8w x6umtig x1b1mbwd xaqea5y xav7gou x9f619 x1ypdohk xt0psk2 xe8uvvx xdj266r x11i5rnm xat24cr x1mh8g0r xexx8yu x4uap5 x18d9i69 xkhd6sd x16tdsg8 x1hl2dhg xggy1nq x1a2a7pz xt0b8zv x1qq9wsj xo1l8bm\" tabindex=\"0\" role=\"link\" href=\"https:\/\/www.facebook.com\/hashtag\/majoaguilar?__eep__=6&amp;__cft__[0]=AZUvJSw9afF3bKvBiKq1msykhg9BuKTG-MO5iFMLuA0pnWFdozrZi7yCuE8tIkocpiAv0u0GGhJMLkWcbfw75igX6O8CPBGnw4yjPuzZFPLbUdejS2IgCkatbK6L3C1CyVI&amp;__tn__=*NK-R\">#MajoAguilar<\/a><\/div>\n<p>[\/fusion_text][fusion_imageframe image_id=&#8221;48788|medium&#8221; max_width=&#8221;&#8221; style_type=&#8221;&#8221; blur=&#8221;&#8221; stylecolor=&#8221;&#8221; hover_type=&#8221;none&#8221; bordersize=&#8221;&#8221; bordercolor=&#8221;&#8221; borderradius=&#8221;&#8221; align=&#8221;none&#8221; lightbox=&#8221;no&#8221; gallery_id=&#8221;&#8221; lightbox_image=&#8221;&#8221; lightbox_image_id=&#8221;&#8221; alt=&#8221;&#8221; link=&#8221;&#8221; linktarget=&#8221;_self&#8221; hide_on_mobile=&#8221;small-visibility,medium-visibility,large-visibility&#8221; class=&#8221;&#8221; id=&#8221;&#8221; animation_type=&#8221;&#8221; animation_direction=&#8221;left&#8221; animation_speed=&#8221;0.3&#8243; animation_offset=&#8221;&#8221;]https:\/\/www.bitacoracdmx.com\/wp-content\/uploads\/2023\/01\/image_processing20230116-3160608-blqgap-300&#215;157.jpg[\/fusion_imageframe][\/fusion_builder_column][\/fusion_builder_row][\/fusion_builder_container]<\/p>\n","protected":false},"excerpt":{"rendered":"<p>[fusion_builder_container hundred_percent=&#8221;no&#8221; equal_height_columns=&#8221;no&#8221; menu_anchor=&#8221;&#8221; hide_on_mobile=&#8221;small-visibility,medium-visibility,large-visibility&#8221; class=&#8221;&#8221; id=&#8221;&#8221; background_color=&#8221;&#8221; background_image=&#8221;&#8221; background_position=&#8221;center center&#8221; background_repeat=&#8221;no-repeat&#8221; fade=&#8221;no&#8221; background_parallax=&#8221;none&#8221; parallax_speed=&#8221;0.3&#8243; video_mp4=&#8221;&#8221; video_webm=&#8221;&#8221; video_ogv=&#8221;&#8221; video_url=&#8221;&#8221; video_aspect_ratio=&#8221;16:9&#8243; video_loop=&#8221;yes&#8221; video_mute=&#8221;yes&#8221; overlay_color=&#8221;&#8221; video_preview_image=&#8221;&#8221; border_size=&#8221;&#8221; border_color=&#8221;&#8221; border_style=&#8221;solid&#8221; padding_top=&#8221;&#8221; padding_bottom=&#8221;&#8221; padding_left=&#8221;&#8221; padding_right=&#8221;&#8221;][fusion_builder_row][fusion_builder_column type=&#8221;1_1&#8243; layout=&#8221;1_1&#8243; background_position=&#8221;left top&#8221; background_color=&#8221;&#8221; border_size=&#8221;&#8221; border_color=&#8221;&#8221; border_style=&#8221;solid&#8221; border_position=&#8221;all&#8221; spacing=&#8221;yes&#8221; background_image=&#8221;&#8221; background_repeat=&#8221;no-repeat&#8221; padding_top=&#8221;&#8221; padding_right=&#8221;&#8221; padding_bottom=&#8221;&#8221; padding_left=&#8221;&#8221; margin_top=&#8221;0px&#8221; margin_bottom=&#8221;0px&#8221; class=&#8221;&#8221; id=&#8221;&#8221; animation_type=&#8221;&#8221; animation_speed=&#8221;0.3&#8243; animation_direction=&#8221;left&#8221; hide_on_mobile=&#8221;small-visibility,medium-visibility,large-visibility&#8221; center_content=&#8221;no&#8221; last=&#8221;no&#8221; min_height=&#8221;&#8221; hover_type=&#8221;none&#8221; link=&#8221;&#8221;][fusion_text] REDACCI\u00d3N \u00a1Cantar\u00e1 Con El Coraz\u00f3n por primera vez en el Lunario del Auditorio Nacional este 20 de abril de 2023! Preventa Citibanamex: 17 de enero Majo Aguilar, la joven promesa femenina de la m\u00fasica mexicana nominada al GRAMMY\u00ae Latino, anunci\u00f3 [&hellip;]<\/p>\n","protected":false},"author":1,"featured_media":48788,"comment_status":"open","ping_status":"open","sticky":false,"template":"","format":"standard","meta":{"footnotes":""},"categories":[9,11],"tags":[],"_links":{"self":[{"href":"https:\/\/www.bitacoracdmx.com\/index.php?rest_route=\/wp\/v2\/posts\/48787"}],"collection":[{"href":"https:\/\/www.bitacoracdmx.com\/index.php?rest_route=\/wp\/v2\/posts"}],"about":[{"href":"https:\/\/www.bitacoracdmx.com\/index.php?rest_route=\/wp\/v2\/types\/post"}],"author":[{"embeddable":true,"href":"https:\/\/www.bitacoracdmx.com\/index.php?rest_route=\/wp\/v2\/users\/1"}],"replies":[{"embeddable":true,"href":"https:\/\/www.bitacoracdmx.com\/index.php?rest_route=%2Fwp%2Fv2%2Fcomments&post=48787"}],"version-history":[{"count":1,"href":"https:\/\/www.bitacoracdmx.com\/index.php?rest_route=\/wp\/v2\/posts\/48787\/revisions"}],"predecessor-version":[{"id":48789,"href":"https:\/\/www.bitacoracdmx.com\/index.php?rest_route=\/wp\/v2\/posts\/48787\/revisions\/48789"}],"wp:featuredmedia":[{"embeddable":true,"href":"https:\/\/www.bitacoracdmx.com\/index.php?rest_route=\/wp\/v2\/media\/48788"}],"wp:attachment":[{"href":"https:\/\/www.bitacoracdmx.com\/index.php?rest_route=%2Fwp%2Fv2%2Fmedia&parent=48787"}],"wp:term":[{"taxonomy":"category","embeddable":true,"href":"https:\/\/www.bitacoracdmx.com\/index.php?rest_route=%2Fwp%2Fv2%2Fcategories&post=48787"},{"taxonomy":"post_tag","embeddable":true,"href":"https:\/\/www.bitacoracdmx.com\/index.php?rest_route=%2Fwp%2Fv2%2Ftags&post=48787"}],"curies":[{"name":"wp","href":"https:\/\/api.w.org\/{rel}","templated":true}]}}