{"id":48790,"date":"2023-01-17T00:28:50","date_gmt":"2023-01-17T00:28:50","guid":{"rendered":"https:\/\/www.bitacoracdmx.com\/?p=48790"},"modified":"2023-01-17T00:28:50","modified_gmt":"2023-01-17T00:28:50","slug":"descubre-quien-ha-sido-el-mayor-picaro-de-la-historia-en-de-picaros-truhanes-y-actores-2","status":"publish","type":"post","link":"https:\/\/www.bitacoracdmx.com\/?p=48790","title":{"rendered":"Descubre qui\u00e9n ha sido el mayor p\u00edcaro de la historia en DE P\u00cdCAROS, TR\u00daHANES\u2026 Y ACTORES"},"content":{"rendered":"<p>[fusion_builder_container hundred_percent=&#8221;no&#8221; equal_height_columns=&#8221;no&#8221; menu_anchor=&#8221;&#8221; hide_on_mobile=&#8221;small-visibility,medium-visibility,large-visibility&#8221; class=&#8221;&#8221; id=&#8221;&#8221; background_color=&#8221;&#8221; background_image=&#8221;&#8221; background_position=&#8221;center center&#8221; background_repeat=&#8221;no-repeat&#8221; fade=&#8221;no&#8221; background_parallax=&#8221;none&#8221; parallax_speed=&#8221;0.3&#8243; video_mp4=&#8221;&#8221; video_webm=&#8221;&#8221; video_ogv=&#8221;&#8221; video_url=&#8221;&#8221; video_aspect_ratio=&#8221;16:9&#8243; video_loop=&#8221;yes&#8221; video_mute=&#8221;yes&#8221; overlay_color=&#8221;&#8221; video_preview_image=&#8221;&#8221; border_size=&#8221;&#8221; border_color=&#8221;&#8221; border_style=&#8221;solid&#8221; padding_top=&#8221;&#8221; padding_bottom=&#8221;&#8221; padding_left=&#8221;&#8221; padding_right=&#8221;&#8221;][fusion_builder_row][fusion_builder_column type=&#8221;1_1&#8243; layout=&#8221;1_1&#8243; background_position=&#8221;left top&#8221; background_color=&#8221;&#8221; border_size=&#8221;&#8221; border_color=&#8221;&#8221; border_style=&#8221;solid&#8221; border_position=&#8221;all&#8221; spacing=&#8221;yes&#8221; background_image=&#8221;&#8221; background_repeat=&#8221;no-repeat&#8221; padding_top=&#8221;&#8221; padding_right=&#8221;&#8221; padding_bottom=&#8221;&#8221; padding_left=&#8221;&#8221; margin_top=&#8221;0px&#8221; margin_bottom=&#8221;0px&#8221; class=&#8221;&#8221; id=&#8221;&#8221; animation_type=&#8221;&#8221; animation_speed=&#8221;0.3&#8243; animation_direction=&#8221;left&#8221; hide_on_mobile=&#8221;small-visibility,medium-visibility,large-visibility&#8221; center_content=&#8221;no&#8221; last=&#8221;no&#8221; min_height=&#8221;&#8221; hover_type=&#8221;none&#8221; link=&#8221;&#8221;][fusion_text]<\/p>\n<p>REDACCI\u00d3N<\/p>\n<p>Fotos: Christopher Blanco<\/p>\n<div class=\"x11i5rnm xat24cr x1mh8g0r x1vvkbs xtlvy1s x126k92a\">\n<div dir=\"auto\">\u00b7 El reconocido creador esc\u00e9nico Tito Vasconcelos hace un recuento de la literatura picaresca universal, a partir de personajes de El retablo de las maravillas de Cervantes Saavedra<\/div>\n<div dir=\"auto\"><\/div>\n<\/div>\n<div class=\"x11i5rnm xat24cr x1mh8g0r x1vvkbs xtlvy1s x126k92a\">\n<div dir=\"auto\">\u00b7 Temporada del 13 al 29 de enero de 2023, con funciones de viernes a domingo en el Teatro Sergio Maga\u00f1a<\/div>\n<\/div>\n<div class=\"x11i5rnm xat24cr x1mh8g0r x1vvkbs xtlvy1s x126k92a\">\n<div dir=\"auto\"><\/div>\n<div dir=\"auto\">Para iniciar las actividades del a\u00f1o 2023, en el Teatro Sergio Maga\u00f1a, la Direcci\u00f3n del Sistema de Teatros de la Secretar\u00eda de Cultura de la Ciudad de M\u00e9xico presentar\u00e1 en temporada De p\u00edcaros, truhanes&#8230; y actores, espect\u00e1culo de teatro-cabaret escrito por Tito Vasconcelos y Luis Esteban Galicia, bajo la direcci\u00f3n del primero.<\/div>\n<div dir=\"auto\"><\/div>\n<\/div>\n<div class=\"x11i5rnm xat24cr x1mh8g0r x1vvkbs xtlvy1s x126k92a\">\n<div dir=\"auto\">Las funciones se llevar\u00e1n a cabo del 13 al 29 de enero, de viernes a domingo, en el recinto de la colonia Santa Mar\u00eda La Ribera, con las actuaciones de Luis Esteban Galicia, Brissia Yeber y Jessie Garibay, y el acompa\u00f1amiento de m\u00fasica original de Anal\u00ed S\u00e1nchez Neri.<\/div>\n<div dir=\"auto\"><\/div>\n<\/div>\n<div class=\"x11i5rnm xat24cr x1mh8g0r x1vvkbs xtlvy1s x126k92a\">\n<div dir=\"auto\">De p\u00edcaros, tr\u00fahanes&#8230; y actores es un espect\u00e1culo inspirado en la literatura picaresca universal y, en especial, en la Comedia famosa de Pedro de Urdemalas, de Miguel de Cervantes Saavedra (1547-1616).<\/div>\n<div dir=\"auto\"><\/div>\n<\/div>\n<div class=\"x11i5rnm xat24cr x1mh8g0r x1vvkbs xtlvy1s x126k92a\">\n<div dir=\"auto\">Chanfalla y La Chirinos (personajes cl\u00e1sicos de El retablo de las maravillas de Cervantes) traen a la memoria a los m\u00e1s relevantes y famosos embaucadores y p\u00edcaros de todos los tiempos: La trotaconventos, L\u00e1zaro de Tormes, Don Pablos, La Celestina, Guzm\u00e1n de Alfarache, Arlecchino y Scapin, hasta llegar a algunos personajes de la picaresca y la delincuencia pol\u00edtica actual, en un intento de dilucidar qui\u00e9n ha sido el mayor p\u00edcaro de la historia.<\/div>\n<div dir=\"auto\"><\/div>\n<\/div>\n<div class=\"x11i5rnm xat24cr x1mh8g0r x1vvkbs xtlvy1s x126k92a\">\n<div dir=\"auto\">Construido al estilo de la Commedia dell\u2019Arte, la propuesta privilegia el ejercicio de la improvisaci\u00f3n y la interacci\u00f3n con el espectador para lograr su objetivo fundamental: revisar las conductas viciosas de los seres humanos y exponerlas al rid\u00edculo p\u00fablico.<\/div>\n<div dir=\"auto\"><\/div>\n<\/div>\n<div class=\"x11i5rnm xat24cr x1mh8g0r x1vvkbs xtlvy1s x126k92a\">\n<div dir=\"auto\">Los m\u00e1s famosos personajes de la literatura picaresca desfilan alegremente por la escena y muestran, a trav\u00e9s de su ingenio, sus habilidades para sobrevivir en un mundo que los margina y los se\u00f1ala. La m\u00fasica incidental y las canciones que se realizaron especialmente para el montaje enriquecen el discurso de los comediantes y lo acercan al p\u00fablico para el que est\u00e1 pensado.<\/div>\n<div dir=\"auto\"><\/div>\n<\/div>\n<div class=\"x11i5rnm xat24cr x1mh8g0r x1vvkbs xtlvy1s x126k92a\">\n<div dir=\"auto\">El espect\u00e1culo tiene la finalidad de divertir por medio de la s\u00e1tira pol\u00edtica y social, y fue creado por encargo del Festival Internacional Cervantino (2016), como parte del programa Cervantes Off. Su estreno se llev\u00f3 a cabo en la Plaza de la Danza del Centro Nacional de las Artes y se present\u00f3 dentro de la programaci\u00f3n oficial del FIC en octubre de 2016 en Guanajuato.<\/div>\n<div dir=\"auto\"><\/div>\n<\/div>\n<div class=\"x11i5rnm xat24cr x1mh8g0r x1vvkbs xtlvy1s x126k92a\">\n<div dir=\"auto\">Desde entonces se present\u00f3 en el Festival Internacional de la Cultura Maya (octubre de 2016) en M\u00e9rida, Yucat\u00e1n; en la 38 Muestra Nacional de Teatro, celebrada en Le\u00f3n, Guanajuato, en noviembre de 2017, y en el IV Festival Internacional de Cabaret de Morelos (2018), en Cuernavaca, Morelos. Tambi\u00e9n se escenific\u00f3 como invitado en el 41 Festival Internacional de Teatro Cl\u00e1sico en Almagro, Espa\u00f1a, en julio de 2018, y en el 4\u00ba Festival Internacional Fiesta Esc\u00e9nica de Quito, Ecuador, en septiembre de 2018.<\/div>\n<div dir=\"auto\"><\/div>\n<\/div>\n<div class=\"x11i5rnm xat24cr x1mh8g0r x1vvkbs xtlvy1s x126k92a\">\n<div dir=\"auto\">En la Ciudad de M\u00e9xico fue parte del segundo ciclo Entre lenchas, vestidas y musculocas, en junio de 2018, y al mes siguiente en el Centro Cultural de Espa\u00f1a, adem\u00e1s de presentar diversas temporadas en El Vicio Teatro Bar y en Youkali Cabaret.<\/div>\n<div dir=\"auto\"><\/div>\n<\/div>\n<div class=\"x11i5rnm xat24cr x1mh8g0r x1vvkbs xtlvy1s x126k92a\">\n<div dir=\"auto\">La puesta en escena cuenta con el concepto escenogr\u00e1fico, de vestuario e iluminaci\u00f3n del propio Vasconcelos, con pintura de tel\u00f3n a cargo de Chon Mandujano, fotograf\u00eda de Jennifer Gonz\u00e1lez y Fernanda Olivares, as\u00ed como video de Jennifer Gonz\u00e1lez.<\/div>\n<div dir=\"auto\"><\/div>\n<\/div>\n<div class=\"x11i5rnm xat24cr x1mh8g0r x1vvkbs xtlvy1s x126k92a\">\n<div dir=\"auto\">De p\u00edcaros, tr\u00fahanes&#8230; y actores se presentar\u00e1 del 13 al 29 de enero, los viernes a las 20:00 horas, s\u00e1bados a las 19:00 y domingos a las 18:00 horas, en el Teatro Sergio Maga\u00f1a (Sor Juana In\u00e9s de la Cruz 114, colonia Santa Mar\u00eda La Ribera, Metro San Cosme).<\/div>\n<div dir=\"auto\"><\/div>\n<\/div>\n<div class=\"x11i5rnm xat24cr x1mh8g0r x1vvkbs xtlvy1s x126k92a\">\n<div dir=\"auto\">Admisi\u00f3n: entrada general, $176. Los boletos se pueden adquirir en la taquilla del teatro y en las plataformas digitales de Ticketmaster.<\/div>\n<div dir=\"auto\"><\/div>\n<\/div>\n<div class=\"x11i5rnm xat24cr x1mh8g0r x1vvkbs xtlvy1s x126k92a\">\n<div dir=\"auto\">Redes sociales: Facebook @TeatrosCdMexico, Twitter @TeatrosCdMexico e Instagram @teatroscdmexico.<\/div>\n<div dir=\"auto\"><\/div>\n<\/div>\n<div class=\"x11i5rnm xat24cr x1mh8g0r x1vvkbs xtlvy1s x126k92a\">\n<div dir=\"auto\">\u200b<a class=\"x1i10hfl xjbqb8w x6umtig x1b1mbwd xaqea5y xav7gou x9f619 x1ypdohk xt0psk2 xe8uvvx xdj266r x11i5rnm xat24cr x1mh8g0r xexx8yu x4uap5 x18d9i69 xkhd6sd x16tdsg8 x1hl2dhg xggy1nq x1a2a7pz xt0b8zv x1qq9wsj xo1l8bm\" tabindex=\"0\" role=\"link\" href=\"https:\/\/www.facebook.com\/hashtag\/teatrosergiomaga%C3%B1a?__eep__=6&amp;__cft__[0]=AZU7Jf5CgEC2DbgoXgPQh4QXw2vL7JVNiag47kP6BaCUZnVnriWl1GUgvI1QxSHj6FhgY_3y0GgeyBLIbaJ37f_uFOsMaZpF_erjXd7CWoaeCDuxX3EJKMM7d6jEA1ITM1iKPuprgreLpTKKd6giUJPBeUl_RJ7i1pLqsKFG5W1yCl1C1Q1Gsdw_Q4lfN25MfWo&amp;__tn__=*NK-R\">#TeatroSergioMaga\u00f1a<\/a><\/div>\n<\/div>\n<div class=\"x11i5rnm xat24cr x1mh8g0r x1vvkbs xtlvy1s x126k92a\">\n<div dir=\"auto\"><a class=\"x1i10hfl xjbqb8w x6umtig x1b1mbwd xaqea5y xav7gou x9f619 x1ypdohk xt0psk2 xe8uvvx xdj266r x11i5rnm xat24cr x1mh8g0r xexx8yu x4uap5 x18d9i69 xkhd6sd x16tdsg8 x1hl2dhg xggy1nq x1a2a7pz xt0b8zv x1qq9wsj xo1l8bm\" tabindex=\"0\" role=\"link\" href=\"https:\/\/www.facebook.com\/hashtag\/teatroscdmexico?__eep__=6&amp;__cft__[0]=AZU7Jf5CgEC2DbgoXgPQh4QXw2vL7JVNiag47kP6BaCUZnVnriWl1GUgvI1QxSHj6FhgY_3y0GgeyBLIbaJ37f_uFOsMaZpF_erjXd7CWoaeCDuxX3EJKMM7d6jEA1ITM1iKPuprgreLpTKKd6giUJPBeUl_RJ7i1pLqsKFG5W1yCl1C1Q1Gsdw_Q4lfN25MfWo&amp;__tn__=*NK-R\">#teatroscdmexico<\/a><\/div>\n<div dir=\"auto\"><a class=\"x1i10hfl xjbqb8w x6umtig x1b1mbwd xaqea5y xav7gou x9f619 x1ypdohk xt0psk2 xe8uvvx xdj266r x11i5rnm xat24cr x1mh8g0r xexx8yu x4uap5 x18d9i69 xkhd6sd x16tdsg8 x1hl2dhg xggy1nq x1a2a7pz xt0b8zv x1qq9wsj xo1l8bm\" tabindex=\"0\" role=\"link\" href=\"https:\/\/www.facebook.com\/hashtag\/depicarostruhanesyactores?__eep__=6&amp;__cft__[0]=AZUvRZ0YcRS0hyrxbfLYSUyazIte_1Kf2XNu725xPBqO8sW7A3XsSXgIpKH2KcI_tJNcTHWBlJd1cxgrZINfcHTgE9hi3dgzk_Y_yje2_fVM1AvBBcnpHCeUy9B8ugJGAOA&amp;__tn__=*NK-R\">#depicarostruhanesyactores<\/a><\/div>\n<\/div>\n<p>[\/fusion_text][fusion_gallery layout=&#8221;&#8221; picture_size=&#8221;&#8221; columns=&#8221;&#8221; column_spacing=&#8221;10&#8243; gallery_masonry_grid_ratio=&#8221;&#8221; gallery_masonry_width_double=&#8221;&#8221; hover_type=&#8221;&#8221; lightbox=&#8221;yes&#8221; lightbox_content=&#8221;&#8221; bordersize=&#8221;&#8221; bordercolor=&#8221;&#8221; border_radius=&#8221;&#8221; hide_on_mobile=&#8221;small-visibility,medium-visibility,large-visibility&#8221; class=&#8221;&#8221; id=&#8221;&#8221;][fusion_gallery_image image=&#8221;https:\/\/www.bitacoracdmx.com\/wp-content\/uploads\/2023\/01\/thumbnail_DSC_0061-300&#215;225.jpg&#8221; image_id=&#8221;48791|medium&#8221; link=&#8221;&#8221; linktarget=&#8221;_self&#8221; \/][fusion_gallery_image image=&#8221;https:\/\/www.bitacoracdmx.com\/wp-content\/uploads\/2023\/01\/thumbnail_DSC_0034-300&#215;225.jpg&#8221; image_id=&#8221;48792|medium&#8221; link=&#8221;&#8221; linktarget=&#8221;_self&#8221; \/][fusion_gallery_image image=&#8221;https:\/\/www.bitacoracdmx.com\/wp-content\/uploads\/2023\/01\/thumbnail_DSC_0008-1-300&#215;225.jpg&#8221; image_id=&#8221;48793|medium&#8221; link=&#8221;&#8221; linktarget=&#8221;_self&#8221; \/][fusion_gallery_image image=&#8221;https:\/\/www.bitacoracdmx.com\/wp-content\/uploads\/2023\/01\/324738811_715222803291546_1012957798366441375_n-1-212&#215;300.jpg&#8221; image_id=&#8221;48794|medium&#8221; link=&#8221;&#8221; linktarget=&#8221;_self&#8221; \/][\/fusion_gallery][\/fusion_builder_column][\/fusion_builder_row][\/fusion_builder_container]<\/p>\n","protected":false},"excerpt":{"rendered":"<p>[fusion_builder_container hundred_percent=&#8221;no&#8221; equal_height_columns=&#8221;no&#8221; menu_anchor=&#8221;&#8221; hide_on_mobile=&#8221;small-visibility,medium-visibility,large-visibility&#8221; class=&#8221;&#8221; id=&#8221;&#8221; background_color=&#8221;&#8221; background_image=&#8221;&#8221; background_position=&#8221;center center&#8221; background_repeat=&#8221;no-repeat&#8221; fade=&#8221;no&#8221; background_parallax=&#8221;none&#8221; parallax_speed=&#8221;0.3&#8243; video_mp4=&#8221;&#8221; video_webm=&#8221;&#8221; video_ogv=&#8221;&#8221; video_url=&#8221;&#8221; video_aspect_ratio=&#8221;16:9&#8243; video_loop=&#8221;yes&#8221; video_mute=&#8221;yes&#8221; overlay_color=&#8221;&#8221; video_preview_image=&#8221;&#8221; border_size=&#8221;&#8221; border_color=&#8221;&#8221; border_style=&#8221;solid&#8221; padding_top=&#8221;&#8221; padding_bottom=&#8221;&#8221; padding_left=&#8221;&#8221; padding_right=&#8221;&#8221;][fusion_builder_row][fusion_builder_column type=&#8221;1_1&#8243; layout=&#8221;1_1&#8243; background_position=&#8221;left top&#8221; background_color=&#8221;&#8221; border_size=&#8221;&#8221; border_color=&#8221;&#8221; border_style=&#8221;solid&#8221; border_position=&#8221;all&#8221; spacing=&#8221;yes&#8221; background_image=&#8221;&#8221; background_repeat=&#8221;no-repeat&#8221; padding_top=&#8221;&#8221; padding_right=&#8221;&#8221; padding_bottom=&#8221;&#8221; padding_left=&#8221;&#8221; margin_top=&#8221;0px&#8221; margin_bottom=&#8221;0px&#8221; class=&#8221;&#8221; id=&#8221;&#8221; animation_type=&#8221;&#8221; animation_speed=&#8221;0.3&#8243; animation_direction=&#8221;left&#8221; hide_on_mobile=&#8221;small-visibility,medium-visibility,large-visibility&#8221; center_content=&#8221;no&#8221; last=&#8221;no&#8221; min_height=&#8221;&#8221; hover_type=&#8221;none&#8221; link=&#8221;&#8221;][fusion_text] REDACCI\u00d3N Fotos: Christopher Blanco \u00b7 El reconocido creador esc\u00e9nico Tito Vasconcelos hace un recuento de la literatura picaresca universal, a partir de personajes de El retablo de las maravillas de Cervantes Saavedra \u00b7 Temporada del 13 al 29 de enero [&hellip;]<\/p>\n","protected":false},"author":1,"featured_media":48794,"comment_status":"open","ping_status":"open","sticky":false,"template":"","format":"standard","meta":{"footnotes":""},"categories":[9,14],"tags":[],"_links":{"self":[{"href":"https:\/\/www.bitacoracdmx.com\/index.php?rest_route=\/wp\/v2\/posts\/48790"}],"collection":[{"href":"https:\/\/www.bitacoracdmx.com\/index.php?rest_route=\/wp\/v2\/posts"}],"about":[{"href":"https:\/\/www.bitacoracdmx.com\/index.php?rest_route=\/wp\/v2\/types\/post"}],"author":[{"embeddable":true,"href":"https:\/\/www.bitacoracdmx.com\/index.php?rest_route=\/wp\/v2\/users\/1"}],"replies":[{"embeddable":true,"href":"https:\/\/www.bitacoracdmx.com\/index.php?rest_route=%2Fwp%2Fv2%2Fcomments&post=48790"}],"version-history":[{"count":1,"href":"https:\/\/www.bitacoracdmx.com\/index.php?rest_route=\/wp\/v2\/posts\/48790\/revisions"}],"predecessor-version":[{"id":48795,"href":"https:\/\/www.bitacoracdmx.com\/index.php?rest_route=\/wp\/v2\/posts\/48790\/revisions\/48795"}],"wp:featuredmedia":[{"embeddable":true,"href":"https:\/\/www.bitacoracdmx.com\/index.php?rest_route=\/wp\/v2\/media\/48794"}],"wp:attachment":[{"href":"https:\/\/www.bitacoracdmx.com\/index.php?rest_route=%2Fwp%2Fv2%2Fmedia&parent=48790"}],"wp:term":[{"taxonomy":"category","embeddable":true,"href":"https:\/\/www.bitacoracdmx.com\/index.php?rest_route=%2Fwp%2Fv2%2Fcategories&post=48790"},{"taxonomy":"post_tag","embeddable":true,"href":"https:\/\/www.bitacoracdmx.com\/index.php?rest_route=%2Fwp%2Fv2%2Ftags&post=48790"}],"curies":[{"name":"wp","href":"https:\/\/api.w.org\/{rel}","templated":true}]}}