{"id":48796,"date":"2023-01-17T00:36:29","date_gmt":"2023-01-17T00:36:29","guid":{"rendered":"https:\/\/www.bitacoracdmx.com\/?p=48796"},"modified":"2023-01-17T00:36:29","modified_gmt":"2023-01-17T00:36:29","slug":"el-festival-internacional-de-cine-guanajuato-anuncia-si-edicion-26","status":"publish","type":"post","link":"https:\/\/www.bitacoracdmx.com\/?p=48796","title":{"rendered":"EL FESTIVAL INTERNACIONAL DE CINE GUANAJUATO anuncia si edici\u00f3n 26"},"content":{"rendered":"<p>[fusion_builder_container hundred_percent=&#8221;no&#8221; equal_height_columns=&#8221;no&#8221; menu_anchor=&#8221;&#8221; hide_on_mobile=&#8221;small-visibility,medium-visibility,large-visibility&#8221; class=&#8221;&#8221; id=&#8221;&#8221; background_color=&#8221;&#8221; background_image=&#8221;&#8221; background_position=&#8221;center center&#8221; background_repeat=&#8221;no-repeat&#8221; fade=&#8221;no&#8221; background_parallax=&#8221;none&#8221; parallax_speed=&#8221;0.3&#8243; video_mp4=&#8221;&#8221; video_webm=&#8221;&#8221; video_ogv=&#8221;&#8221; video_url=&#8221;&#8221; video_aspect_ratio=&#8221;16:9&#8243; video_loop=&#8221;yes&#8221; video_mute=&#8221;yes&#8221; overlay_color=&#8221;&#8221; video_preview_image=&#8221;&#8221; border_size=&#8221;&#8221; border_color=&#8221;&#8221; border_style=&#8221;solid&#8221; padding_top=&#8221;&#8221; padding_bottom=&#8221;&#8221; padding_left=&#8221;&#8221; padding_right=&#8221;&#8221;][fusion_builder_row][fusion_builder_column type=&#8221;1_1&#8243; layout=&#8221;1_1&#8243; background_position=&#8221;left top&#8221; background_color=&#8221;&#8221; border_size=&#8221;&#8221; border_color=&#8221;&#8221; border_style=&#8221;solid&#8221; border_position=&#8221;all&#8221; spacing=&#8221;yes&#8221; background_image=&#8221;&#8221; background_repeat=&#8221;no-repeat&#8221; padding_top=&#8221;&#8221; padding_right=&#8221;&#8221; padding_bottom=&#8221;&#8221; padding_left=&#8221;&#8221; margin_top=&#8221;0px&#8221; margin_bottom=&#8221;0px&#8221; class=&#8221;&#8221; id=&#8221;&#8221; animation_type=&#8221;&#8221; animation_speed=&#8221;0.3&#8243; animation_direction=&#8221;left&#8221; hide_on_mobile=&#8221;small-visibility,medium-visibility,large-visibility&#8221; center_content=&#8221;no&#8221; last=&#8221;no&#8221; min_height=&#8221;&#8221; hover_type=&#8221;none&#8221; link=&#8221;&#8221;][fusion_text]<\/p>\n<p>REDACCI\u00d3N<\/p>\n<ul>\n<li>\n<h3 class=\"x_null\">El Festival Internacional de Cine Guanajuato se realizar\u00e1 del 20 al 30 de julio 2023.<\/h3>\n<\/li>\n<li>\n<h3 class=\"x_null\">Se abre la convocatoria para competencia de largometraje, documental, cortometraje y VR, desde este 16 de enero y hasta el 1 de abril.<\/h3>\n<\/li>\n<li>\n<h3 class=\"x_null\">GIFF anuncia a los cuatro productores mexicanos becados a Rotterdam Lab para capacitarse en diversas \u00e1reas de la industria cinematogr\u00e1fica.<\/h3>\n<\/li>\n<\/ul>\n<div><br aria-hidden=\"true\" \/>El Festival Internacional de Cine Guanajuato anuncia que celebrar\u00e1 su vigesimosexta edici\u00f3n del 20 al 30 de julio pr\u00f3ximos. Para su realizaci\u00f3n, el GIFF convoca a los cineastas mexicanos y de todo el mundo para enviar sus pel\u00edculas a partir de este 16 de enero y hasta el 1 de abril en las categor\u00edas de competencia de largometraje, documental, cortometraje, animaci\u00f3n, experimental, Guanajuato y realidad virtual. La convocatoria est\u00e1 disponible en la plataforma FilmFreeway.com<br aria-hidden=\"true\" \/><br aria-hidden=\"true\" \/>Con la finalidad de seguir impulsando al cine mexicano, la inscripci\u00f3n es gratuita para los cineastas nacionales. Para m\u00e1s detalles puedes consultar www.giff.mx. Como se detalla en la\u00a0Convocatoria, cada categor\u00eda tendr\u00e1 diversos premios y beneficios, entre ellos cabe destacar que GIFF es un festival calificador para las nominaciones a los premios Oscar.<br aria-hidden=\"true\" \/><br aria-hidden=\"true\" \/>En la pasada edici\u00f3n del encuentro f\u00edlmico guanajuatense se recibieron 3 mil 201 pel\u00edculas provenientes de 136 pa\u00edses, incluyendo 712 de M\u00e9xico provenientes de sus 32 estados. Durante el festival fueron proyectadas 183 pel\u00edculas de 48 pa\u00edses, 129 formaron parte de la Selecci\u00f3n Oficial y el resto fueron parte de las secciones especiales fuera de competencia como lo son Locura de Media Noche, Ni\u00f1os en Acci\u00f3n y Cine entre Muertos.<\/div>\n<h3 class=\"x_null\">Cuatro productores mexicanos van becados por GIFF al Rotterdam Lab<\/h3>\n<div>Una vez m\u00e1s el Festival Internacional de Cine Guanajuato le apuesta al desarrollo y la formaci\u00f3n de cineastas mexicanos, como parte de las alianzas internacionales que mantiene con instituciones cinematogr\u00e1ficas de primer nivel anuncia que este a\u00f1o ser\u00e1n cuatro los mexicanos becados al Rotterdam Lab, el cual se realizar\u00e1 del 28 de enero al 5 de febrero.<br aria-hidden=\"true\" \/><br aria-hidden=\"true\" \/>En este laboratorio cinematogr\u00e1fico los becados toman un programa completo que incluye sesiones, mesas y asesor\u00edas que buscan otorgarles herramientas y habilidades para que puedan navegar por el mundo de la financiaci\u00f3n, venta y distribuci\u00f3n de pel\u00edculas a nivel internacional. En esta ocasi\u00f3n GIFF ha becado a Daniel Loustaunau y Paulina Villavicencio.<br aria-hidden=\"true\" \/><br aria-hidden=\"true\" \/>Daniel Loustaunau es un productor creativo que fue parte del Berlinale Talents 2019 y es fundador del Colectivo Colmena, donde cineastas mexicanos exploran nuevas formas de producci\u00f3n, financiaci\u00f3n y distribuci\u00f3n de cine. Es productor de Todos los incendios (Mauricio Calder\u00f3n) y Monstruo de Xibalba (Manuela Irene). Actualmente se encuentra desarrollando los proyectos Dios y la cumbia del diablo (Carlos Lenin), Adi\u00f3s a Sat\u00e1n (Jos\u00e9 Pablo Escamilla) y Una chica triste (Fernanda Tovar). Tambi\u00e9n es coproductor de Floating with Spirits (Juanita Onzaga), una experiencia en realidad virtual filmada en el contexto del D\u00eda de Muertos en Huautla, Oaxaca.<br aria-hidden=\"true\" \/><br aria-hidden=\"true\" \/>Paulina Villavicencio se gradu\u00f3 como productora en el Centro de Capacitaci\u00f3n Cinematogr\u00e1fica (CCC), fund\u00f3 Disruptiva Films en 2018 con la visi\u00f3n y necesidad de producir cortometrajes y largometrajes con historias reflexivas y contempor\u00e1neas. Huesera es su primer largometraje como productora, una pel\u00edcula escrita y dirigida por Michelle Garza Cervera, que gan\u00f3 el Premio a Mejor Director de Nuevas Narrativas y el Premio Nora Ephron en Tribeca 2022, adem\u00e1s de los premios Ciudadano Kane a director revelaci\u00f3n y Mejor Largometraje Iberoamericano en la m\u00e1s reciente edici\u00f3n de Sitges. Actualmente, junto a Julia Cherrier, Paulina produce Despu\u00e9s, el segundo largometraje de Sof\u00eda G\u00f3mez C\u00f3rdova, un drama contempor\u00e1neo con propuestas en formato multiimagen que ofrece diversas l\u00edneas de tiempo en su forma narrativa.<br aria-hidden=\"true\" \/><br aria-hidden=\"true\" \/>Este a\u00f1o el Rotterdam Lab implementa el Alumni Special Edition, ya que los \u00faltimos dos a\u00f1os se realiz\u00f3 en l\u00ednea, esto permite que becados anteriores regresen para vivir una experiencia de networking m\u00e1s cercana. Las cineastas mexicanas que regresan son Abril L\u00f3pez Carrillo y Fernanda Galindo.<br aria-hidden=\"true\" \/><br aria-hidden=\"true\" \/>Abril L\u00f3pez Carrillo estudi\u00f3 en la UNAM y tom\u00f3 Producci\u00f3n en el CCC, form\u00f3 parte del Berlinale Talents Guadalajara y del taller EURODOC. Colabor\u00f3 en The best thing you can do with your life de Zita Erffa y Un exilio: una pel\u00edcula familiar de Juan Francisco Urrusti. Es productora de Margarita y Cosas que no hacemos, ambas de Bruno Santamar\u00eda. Ahora desarrolla la \u00f3pera prima de Paloma L\u00f3pez, Say Goodbye, as\u00ed como El Inventario de Ilana Coleman. Tambi\u00e9n es cofundadora de la compa\u00f1\u00eda productora Ojo de Vaca, un espacio para el desarrollo de cine documental en M\u00e9xico.<br aria-hidden=\"true\" \/><br aria-hidden=\"true\" \/>Fernanda Galindo es guionista y directora, estudi\u00f3 Realizaci\u00f3n de Documentales en Catalu\u00f1a, Espa\u00f1a, y actualmente cursa un Doctorado en la Universidad de Sonora. Interesada en explorar el punto de vista de la mujer en sus historias, dirigi\u00f3 los cortometrajes Mirar atr\u00e1s y Bajo el agua, as\u00ed como la serie Historias de mujeres. Su largometraje Somos peque\u00f1as explora la relaci\u00f3n de un grupo de ni\u00f1as Comca\u00e1c con el canto, proyecto que se construye en la comunidad de Punta Chueca, Sonora, y que deriva en una historia de ficci\u00f3n que surge a partir de la investigaci\u00f3n documental.<br aria-hidden=\"true\" \/><br aria-hidden=\"true\" \/>GIFF mantiene su compromiso con el cine mexicano apoyando a sus protagonistas y sigue siendo una ventana de difusi\u00f3n cinematogr\u00e1fica a nivel mundial.<br aria-hidden=\"true\" \/><\/div>\n<div><a href=\"https:\/\/twitter.us17.list-manage.com\/track\/click?u=49cb206a23ef95d7f80e96d28&amp;id=412779c8c1&amp;e=503f9c8347\" target=\"_blank\" rel=\"noopener noreferrer\" data-auth=\"NotApplicable\" data-linkindex=\"0\">https:\/\/iffr.com\/en\/blog\/talent-2023<\/a><br aria-hidden=\"true\" \/><a href=\"https:\/\/twitter.us17.list-manage.com\/track\/click?u=49cb206a23ef95d7f80e96d28&amp;id=13109fa29a&amp;e=503f9c8347\" target=\"_blank\" rel=\"noopener noreferrer\" data-auth=\"NotApplicable\" data-linkindex=\"1\">www.giff.mx<\/a><br aria-hidden=\"true\" \/>#GIFF2022<br aria-hidden=\"true\" \/>@giffmx<\/div>\n<div><\/div>\n<p>[\/fusion_text][fusion_imageframe image_id=&#8221;48797|medium&#8221; max_width=&#8221;&#8221; style_type=&#8221;&#8221; blur=&#8221;&#8221; stylecolor=&#8221;&#8221; hover_type=&#8221;none&#8221; bordersize=&#8221;&#8221; bordercolor=&#8221;&#8221; borderradius=&#8221;&#8221; align=&#8221;none&#8221; lightbox=&#8221;no&#8221; gallery_id=&#8221;&#8221; lightbox_image=&#8221;&#8221; lightbox_image_id=&#8221;&#8221; alt=&#8221;&#8221; link=&#8221;&#8221; linktarget=&#8221;_self&#8221; hide_on_mobile=&#8221;small-visibility,medium-visibility,large-visibility&#8221; class=&#8221;&#8221; id=&#8221;&#8221; animation_type=&#8221;&#8221; animation_direction=&#8221;left&#8221; animation_speed=&#8221;0.3&#8243; animation_offset=&#8221;&#8221;]https:\/\/www.bitacoracdmx.com\/wp-content\/uploads\/2023\/01\/d80e822b-39fc-bf15-c252-d3fd306646f4-300&#215;300.png[\/fusion_imageframe][\/fusion_builder_column][\/fusion_builder_row][\/fusion_builder_container]<\/p>\n","protected":false},"excerpt":{"rendered":"<p>[fusion_builder_container hundred_percent=&#8221;no&#8221; equal_height_columns=&#8221;no&#8221; menu_anchor=&#8221;&#8221; hide_on_mobile=&#8221;small-visibility,medium-visibility,large-visibility&#8221; class=&#8221;&#8221; id=&#8221;&#8221; background_color=&#8221;&#8221; background_image=&#8221;&#8221; background_position=&#8221;center center&#8221; background_repeat=&#8221;no-repeat&#8221; fade=&#8221;no&#8221; background_parallax=&#8221;none&#8221; parallax_speed=&#8221;0.3&#8243; video_mp4=&#8221;&#8221; video_webm=&#8221;&#8221; video_ogv=&#8221;&#8221; video_url=&#8221;&#8221; video_aspect_ratio=&#8221;16:9&#8243; video_loop=&#8221;yes&#8221; video_mute=&#8221;yes&#8221; overlay_color=&#8221;&#8221; video_preview_image=&#8221;&#8221; border_size=&#8221;&#8221; border_color=&#8221;&#8221; border_style=&#8221;solid&#8221; padding_top=&#8221;&#8221; padding_bottom=&#8221;&#8221; padding_left=&#8221;&#8221; padding_right=&#8221;&#8221;][fusion_builder_row][fusion_builder_column type=&#8221;1_1&#8243; layout=&#8221;1_1&#8243; background_position=&#8221;left top&#8221; background_color=&#8221;&#8221; border_size=&#8221;&#8221; border_color=&#8221;&#8221; border_style=&#8221;solid&#8221; border_position=&#8221;all&#8221; spacing=&#8221;yes&#8221; background_image=&#8221;&#8221; background_repeat=&#8221;no-repeat&#8221; padding_top=&#8221;&#8221; padding_right=&#8221;&#8221; padding_bottom=&#8221;&#8221; padding_left=&#8221;&#8221; margin_top=&#8221;0px&#8221; margin_bottom=&#8221;0px&#8221; class=&#8221;&#8221; id=&#8221;&#8221; animation_type=&#8221;&#8221; animation_speed=&#8221;0.3&#8243; animation_direction=&#8221;left&#8221; hide_on_mobile=&#8221;small-visibility,medium-visibility,large-visibility&#8221; center_content=&#8221;no&#8221; last=&#8221;no&#8221; min_height=&#8221;&#8221; hover_type=&#8221;none&#8221; link=&#8221;&#8221;][fusion_text] REDACCI\u00d3N El Festival Internacional de Cine Guanajuato se realizar\u00e1 del 20 al 30 de julio 2023. Se abre la convocatoria para competencia de largometraje, documental, cortometraje y VR, desde este 16 de enero y hasta el 1 de abril. GIFF [&hellip;]<\/p>\n","protected":false},"author":1,"featured_media":48797,"comment_status":"open","ping_status":"open","sticky":false,"template":"","format":"standard","meta":{"footnotes":""},"categories":[3,9],"tags":[],"_links":{"self":[{"href":"https:\/\/www.bitacoracdmx.com\/index.php?rest_route=\/wp\/v2\/posts\/48796"}],"collection":[{"href":"https:\/\/www.bitacoracdmx.com\/index.php?rest_route=\/wp\/v2\/posts"}],"about":[{"href":"https:\/\/www.bitacoracdmx.com\/index.php?rest_route=\/wp\/v2\/types\/post"}],"author":[{"embeddable":true,"href":"https:\/\/www.bitacoracdmx.com\/index.php?rest_route=\/wp\/v2\/users\/1"}],"replies":[{"embeddable":true,"href":"https:\/\/www.bitacoracdmx.com\/index.php?rest_route=%2Fwp%2Fv2%2Fcomments&post=48796"}],"version-history":[{"count":1,"href":"https:\/\/www.bitacoracdmx.com\/index.php?rest_route=\/wp\/v2\/posts\/48796\/revisions"}],"predecessor-version":[{"id":48798,"href":"https:\/\/www.bitacoracdmx.com\/index.php?rest_route=\/wp\/v2\/posts\/48796\/revisions\/48798"}],"wp:featuredmedia":[{"embeddable":true,"href":"https:\/\/www.bitacoracdmx.com\/index.php?rest_route=\/wp\/v2\/media\/48797"}],"wp:attachment":[{"href":"https:\/\/www.bitacoracdmx.com\/index.php?rest_route=%2Fwp%2Fv2%2Fmedia&parent=48796"}],"wp:term":[{"taxonomy":"category","embeddable":true,"href":"https:\/\/www.bitacoracdmx.com\/index.php?rest_route=%2Fwp%2Fv2%2Fcategories&post=48796"},{"taxonomy":"post_tag","embeddable":true,"href":"https:\/\/www.bitacoracdmx.com\/index.php?rest_route=%2Fwp%2Fv2%2Ftags&post=48796"}],"curies":[{"name":"wp","href":"https:\/\/api.w.org\/{rel}","templated":true}]}}