{"id":48799,"date":"2023-01-17T01:49:22","date_gmt":"2023-01-17T01:49:22","guid":{"rendered":"https:\/\/www.bitacoracdmx.com\/?p=48799"},"modified":"2023-01-17T01:49:22","modified_gmt":"2023-01-17T01:49:22","slug":"desde-costa-rica-llega-el-ultimo-viaje-de-consuelo-de-saint-exupery-estreno-exclusivo-en-mexico","status":"publish","type":"post","link":"https:\/\/www.bitacoracdmx.com\/?p=48799","title":{"rendered":"Desde Costa Rica llega: El \u00faltimo viaje de Consuelo de Saint-Exup\u00e9ry, estreno exclusivo en M\u00e9xico"},"content":{"rendered":"<p>[fusion_builder_container hundred_percent=&#8221;no&#8221; equal_height_columns=&#8221;no&#8221; menu_anchor=&#8221;&#8221; hide_on_mobile=&#8221;small-visibility,medium-visibility,large-visibility&#8221; class=&#8221;&#8221; id=&#8221;&#8221; background_color=&#8221;&#8221; background_image=&#8221;&#8221; background_position=&#8221;center center&#8221; background_repeat=&#8221;no-repeat&#8221; fade=&#8221;no&#8221; background_parallax=&#8221;none&#8221; parallax_speed=&#8221;0.3&#8243; video_mp4=&#8221;&#8221; video_webm=&#8221;&#8221; video_ogv=&#8221;&#8221; video_url=&#8221;&#8221; video_aspect_ratio=&#8221;16:9&#8243; video_loop=&#8221;yes&#8221; video_mute=&#8221;yes&#8221; overlay_color=&#8221;&#8221; video_preview_image=&#8221;&#8221; border_size=&#8221;&#8221; border_color=&#8221;&#8221; border_style=&#8221;solid&#8221; padding_top=&#8221;&#8221; padding_bottom=&#8221;&#8221; padding_left=&#8221;&#8221; padding_right=&#8221;&#8221;][fusion_builder_row][fusion_builder_column type=&#8221;1_1&#8243; layout=&#8221;1_1&#8243; background_position=&#8221;left top&#8221; background_color=&#8221;&#8221; border_size=&#8221;&#8221; border_color=&#8221;&#8221; border_style=&#8221;solid&#8221; border_position=&#8221;all&#8221; spacing=&#8221;yes&#8221; background_image=&#8221;&#8221; background_repeat=&#8221;no-repeat&#8221; padding_top=&#8221;&#8221; padding_right=&#8221;&#8221; padding_bottom=&#8221;&#8221; padding_left=&#8221;&#8221; margin_top=&#8221;0px&#8221; margin_bottom=&#8221;0px&#8221; class=&#8221;&#8221; id=&#8221;&#8221; animation_type=&#8221;&#8221; animation_speed=&#8221;0.3&#8243; animation_direction=&#8221;left&#8221; hide_on_mobile=&#8221;small-visibility,medium-visibility,large-visibility&#8221; center_content=&#8221;no&#8221; last=&#8221;no&#8221; min_height=&#8221;&#8221; hover_type=&#8221;none&#8221; link=&#8221;&#8221;][fusion_text]<\/p>\n<p>REDACCI\u00d3N<\/p>\n<p>\u2022 Obra ganadora del programa LabEscena 22 de la Compa\u00f1\u00eda Nacional de Teatro de Costa Rica<br aria-hidden=\"true\" \/>\u2022 Basada en la vida de la artista salvadore\u00f1a Consuelo Sunc\u00edn, quien inspira al personaje de La Rosa en\u00a0<em>El Principito<\/em><br aria-hidden=\"true\" \/>\u2022 \u00danicas tres funciones: 20, 21 y 22 de enero de 2023 en el Foro La Gruta<\/p>\n<p><em>Solo con el coraz\u00f3n se puede ver bien\u2026<\/em><\/p>\n<p>La Secretar\u00eda de Cultura del Gobierno de M\u00e9xico, a trav\u00e9s del Centro Cultural Hel\u00e9nico, est\u00e1 de pl\u00e1cemes por el estreno en el Foro La Gruta de\u00a0<em>El \u00faltimo viaje de Consuelo de Saint-Exup\u00e9ry<\/em>, escrita por el reconocido dramaturgo argentino Alejandro Finzi (1951-2021) y dirigida por el prestigioso director costarricense Jos\u00e9 Pablo Uma\u00f1a. Esta puesta de ensue\u00f1o fue creada para reivindicar la memoria y el legado de la escultora y pintora Consuelo Sunc\u00edn-Sandoval Zece\u00f1a. El montaje se presentar\u00e1 del 20 al 22 de enero de 2023; el viernes a las 20:00 horas, el s\u00e1bado a las 19:00 horas y el domingo a las 18:00 horas.<a name=\"x__Hlk124344320\"><\/a><br aria-hidden=\"true\" \/><br aria-hidden=\"true\" \/>La obra gira alrededor de los \u00faltimos minutos de vida (o de ese lapso fronterizo entre la vida y la muerte) de Consuelo Sunc\u00edn \u2014esposa de Antoine Saint-Exup\u00e9ry, autor del famoso libro <em>El Principito<\/em>\u2014. Cabe resaltar que Consuelo es tambi\u00e9n la figura que inspir\u00f3 al personaje de La Rosa en el ya comentado texto.<br aria-hidden=\"true\" \/><br aria-hidden=\"true\" \/>La dramaturgia de <em>El \u00faltimo viaje de Consuelo de Saint-Exup\u00e9ry<\/em>\u00a0\u2014obra ganadora del programa LabEscena 22 de la Compa\u00f1\u00eda Nacional de Teatro de Costa Rica\u2014 hace una revaloraci\u00f3n de momentos sobresalientes en la vida de la protagonista, mientras el personaje llega a poner en perspectiva sus decisiones y los enfrentamientos que tuvo con la sociedad europea de la \u00e9poca, as\u00ed como con su entorno centroamericano en su condici\u00f3n de artista, mujer e ind\u00edgena.<br aria-hidden=\"true\" \/><br aria-hidden=\"true\" \/>Consuelo, en la b\u00fasqueda de su propia redenci\u00f3n personal, enfrenta finalmente a su esposo, Antoine, y le reprocha que, con la excusa de protegerla, la ha mantenido en una \u201cc\u00e1psula de cristal\u201d, aislada perpetuamente como en una c\u00e1mara de torturas: \u201c\u00bfA eso me has condenado en nombre del amor? Me pusiste adentro de una c\u00e1psula. Me quitaste el viento que estremec\u00eda mis p\u00e9talos. La brisa del amanecer. El sol que mete sus dedos en mi piel. El perfume de los eucaliptos, la amistad de una abeja y las confidencias de una hormiga\u201d.<br aria-hidden=\"true\" \/><br aria-hidden=\"true\" \/>El caso de Consuelo es uno de los tantos que ilustra perfectamente la marginaci\u00f3n y el olvido al que han sido sometidas las mujeres \u2014especialmente las compa\u00f1eras de hombres famosos, artistas o cient\u00edficos\u2014 en la sociedad moderna. Finzi logra crear una gran met\u00e1fora de vida a partir de los momentos finales de la protagonista, y deja entrever partes esenciales de esta mujer.<br aria-hidden=\"true\" \/><br aria-hidden=\"true\" \/>El director Jos\u00e9 Pablo Uma\u00f1a apunta: \u201cEste espect\u00e1culo es un canto a la libertad individual, al reconocimiento de nuestra propia fortaleza, esa que encuentra arraigo en nuestras ra\u00edces e indaga en nuestra capacidad de reinvenci\u00f3n para dotar de sentido, relevancia y trascendencia a la existencia\u201d.<br aria-hidden=\"true\" \/><br aria-hidden=\"true\" \/>La puesta en escena cuenta con un s\u00f3lido equipo creativo integrado por Gloriana Vega en la producci\u00f3n; Alejandro M\u00e9ndez en el dise\u00f1o y elaboraci\u00f3n de escenograf\u00eda; Alejandro Flores en el dise\u00f1o de iluminaci\u00f3n; Rodrigo Oviedo en la composici\u00f3n musical, Misha Canales es la dise\u00f1adora de vestuario; Comunicaci\u00f3n y dise\u00f1o gr\u00e1fico corren a cargo de Mary Vargas y Alexandra Bola\u00f1os; No\u00e9 Arias en la producci\u00f3n audiovisual y Rodrigo Oviedo en la composici\u00f3n musical.<br aria-hidden=\"true\" \/><br aria-hidden=\"true\" \/><em>El \u00faltimo viaje de Consuelo de Saint-Exup\u00e9ry<\/em>\u00a0tendr\u00e1 solo tres presentaciones del 20 al 22 de enero de 2023 \u2014<strong>viernes, 20:00 horas; s\u00e1bado, 19:00 horas, y domingo, 18:00 horas<\/strong>\u2014 en el Foro La Gruta.\u00a0<strong>El costo del boleto es de $260<\/strong>.\u00a0<strong>Las entradas se podr\u00e1n adquirir<\/strong>\u00a0<strong>a partir del lunes 16 de enero<\/strong>\u00a0en las taquillas del Centro Cultural Hel\u00e9nico, ubicado en avenida Revoluci\u00f3n 1500, o a trav\u00e9s de la p\u00e1gina:\u00a0<strong>helenico.gob.mx<\/strong>.<\/p>\n<div dir=\"auto\"><a class=\"x1i10hfl xjbqb8w x6umtig x1b1mbwd xaqea5y xav7gou x9f619 x1ypdohk xt0psk2 xe8uvvx xdj266r x11i5rnm xat24cr x1mh8g0r xexx8yu x4uap5 x18d9i69 xkhd6sd x16tdsg8 x1hl2dhg xggy1nq x1a2a7pz xt0b8zv x1qq9wsj xo1l8bm\" tabindex=\"0\" role=\"link\" href=\"https:\/\/www.facebook.com\/hashtag\/centroculturalhelenico?__eep__=6&amp;__cft__[0]=AZUze7-ZszNLeCK7mWSctK0srGhQAcVusPg9m_YKVQng6Bt6Jl1MXEgcLBpyNVGYwbSBvy1CLuU0H9d2PMehuifUFe89D2ljU4kyoVcVjeGHw7xmHd-lJJNf4mPX3cYy8LU&amp;__tn__=*NK-R\">#centroculturalhelenico<\/a><\/div>\n<div dir=\"auto\"><a class=\"x1i10hfl xjbqb8w x6umtig x1b1mbwd xaqea5y xav7gou x9f619 x1ypdohk xt0psk2 xe8uvvx xdj266r x11i5rnm xat24cr x1mh8g0r xexx8yu x4uap5 x18d9i69 xkhd6sd x16tdsg8 x1hl2dhg xggy1nq x1a2a7pz xt0b8zv x1qq9wsj xo1l8bm\" tabindex=\"0\" role=\"link\" href=\"https:\/\/www.facebook.com\/hashtag\/forolagruta?__eep__=6&amp;__cft__[0]=AZUze7-ZszNLeCK7mWSctK0srGhQAcVusPg9m_YKVQng6Bt6Jl1MXEgcLBpyNVGYwbSBvy1CLuU0H9d2PMehuifUFe89D2ljU4kyoVcVjeGHw7xmHd-lJJNf4mPX3cYy8LU&amp;__tn__=*NK-R\">#ForoLaGruta<\/a><\/div>\n<p>[\/fusion_text][\/fusion_builder_column][\/fusion_builder_row][\/fusion_builder_container]<\/p>\n","protected":false},"excerpt":{"rendered":"<p>[fusion_builder_container hundred_percent=&#8221;no&#8221; equal_height_columns=&#8221;no&#8221; menu_anchor=&#8221;&#8221; hide_on_mobile=&#8221;small-visibility,medium-visibility,large-visibility&#8221; class=&#8221;&#8221; id=&#8221;&#8221; background_color=&#8221;&#8221; background_image=&#8221;&#8221; background_position=&#8221;center center&#8221; background_repeat=&#8221;no-repeat&#8221; fade=&#8221;no&#8221; background_parallax=&#8221;none&#8221; parallax_speed=&#8221;0.3&#8243; video_mp4=&#8221;&#8221; video_webm=&#8221;&#8221; video_ogv=&#8221;&#8221; video_url=&#8221;&#8221; video_aspect_ratio=&#8221;16:9&#8243; video_loop=&#8221;yes&#8221; video_mute=&#8221;yes&#8221; overlay_color=&#8221;&#8221; video_preview_image=&#8221;&#8221; border_size=&#8221;&#8221; border_color=&#8221;&#8221; border_style=&#8221;solid&#8221; padding_top=&#8221;&#8221; padding_bottom=&#8221;&#8221; padding_left=&#8221;&#8221; padding_right=&#8221;&#8221;][fusion_builder_row][fusion_builder_column type=&#8221;1_1&#8243; layout=&#8221;1_1&#8243; background_position=&#8221;left top&#8221; background_color=&#8221;&#8221; border_size=&#8221;&#8221; border_color=&#8221;&#8221; border_style=&#8221;solid&#8221; border_position=&#8221;all&#8221; spacing=&#8221;yes&#8221; background_image=&#8221;&#8221; background_repeat=&#8221;no-repeat&#8221; padding_top=&#8221;&#8221; padding_right=&#8221;&#8221; padding_bottom=&#8221;&#8221; padding_left=&#8221;&#8221; margin_top=&#8221;0px&#8221; margin_bottom=&#8221;0px&#8221; class=&#8221;&#8221; id=&#8221;&#8221; animation_type=&#8221;&#8221; animation_speed=&#8221;0.3&#8243; animation_direction=&#8221;left&#8221; hide_on_mobile=&#8221;small-visibility,medium-visibility,large-visibility&#8221; center_content=&#8221;no&#8221; last=&#8221;no&#8221; min_height=&#8221;&#8221; hover_type=&#8221;none&#8221; link=&#8221;&#8221;][fusion_text] REDACCI\u00d3N \u2022 Obra ganadora del programa LabEscena 22 de la Compa\u00f1\u00eda Nacional de Teatro de Costa Rica\u2022 Basada en la vida de la artista salvadore\u00f1a Consuelo Sunc\u00edn, quien inspira al personaje de La Rosa en\u00a0El Principito\u2022 \u00danicas tres funciones: 20, [&hellip;]<\/p>\n","protected":false},"author":1,"featured_media":48800,"comment_status":"open","ping_status":"open","sticky":false,"template":"","format":"standard","meta":{"footnotes":""},"categories":[9,14],"tags":[],"_links":{"self":[{"href":"https:\/\/www.bitacoracdmx.com\/index.php?rest_route=\/wp\/v2\/posts\/48799"}],"collection":[{"href":"https:\/\/www.bitacoracdmx.com\/index.php?rest_route=\/wp\/v2\/posts"}],"about":[{"href":"https:\/\/www.bitacoracdmx.com\/index.php?rest_route=\/wp\/v2\/types\/post"}],"author":[{"embeddable":true,"href":"https:\/\/www.bitacoracdmx.com\/index.php?rest_route=\/wp\/v2\/users\/1"}],"replies":[{"embeddable":true,"href":"https:\/\/www.bitacoracdmx.com\/index.php?rest_route=%2Fwp%2Fv2%2Fcomments&post=48799"}],"version-history":[{"count":1,"href":"https:\/\/www.bitacoracdmx.com\/index.php?rest_route=\/wp\/v2\/posts\/48799\/revisions"}],"predecessor-version":[{"id":48801,"href":"https:\/\/www.bitacoracdmx.com\/index.php?rest_route=\/wp\/v2\/posts\/48799\/revisions\/48801"}],"wp:featuredmedia":[{"embeddable":true,"href":"https:\/\/www.bitacoracdmx.com\/index.php?rest_route=\/wp\/v2\/media\/48800"}],"wp:attachment":[{"href":"https:\/\/www.bitacoracdmx.com\/index.php?rest_route=%2Fwp%2Fv2%2Fmedia&parent=48799"}],"wp:term":[{"taxonomy":"category","embeddable":true,"href":"https:\/\/www.bitacoracdmx.com\/index.php?rest_route=%2Fwp%2Fv2%2Fcategories&post=48799"},{"taxonomy":"post_tag","embeddable":true,"href":"https:\/\/www.bitacoracdmx.com\/index.php?rest_route=%2Fwp%2Fv2%2Ftags&post=48799"}],"curies":[{"name":"wp","href":"https:\/\/api.w.org\/{rel}","templated":true}]}}