{"id":48818,"date":"2023-01-17T03:44:14","date_gmt":"2023-01-17T03:44:14","guid":{"rendered":"https:\/\/www.bitacoracdmx.com\/?p=48818"},"modified":"2023-01-17T03:44:14","modified_gmt":"2023-01-17T03:44:14","slug":"libertadores-se-mide-ante-nicaragua-en-ventana-2","status":"publish","type":"post","link":"https:\/\/www.bitacoracdmx.com\/?p=48818","title":{"rendered":"Libertadores se mide ante Nicaragua en Ventana 2"},"content":{"rendered":"<p>[fusion_builder_container hundred_percent=&#8221;no&#8221; equal_height_columns=&#8221;no&#8221; menu_anchor=&#8221;&#8221; hide_on_mobile=&#8221;small-visibility,medium-visibility,large-visibility&#8221; class=&#8221;&#8221; id=&#8221;&#8221; background_color=&#8221;&#8221; background_image=&#8221;&#8221; background_position=&#8221;center center&#8221; background_repeat=&#8221;no-repeat&#8221; fade=&#8221;no&#8221; background_parallax=&#8221;none&#8221; parallax_speed=&#8221;0.3&#8243; video_mp4=&#8221;&#8221; video_webm=&#8221;&#8221; video_ogv=&#8221;&#8221; video_url=&#8221;&#8221; video_aspect_ratio=&#8221;16:9&#8243; video_loop=&#8221;yes&#8221; video_mute=&#8221;yes&#8221; overlay_color=&#8221;&#8221; video_preview_image=&#8221;&#8221; border_size=&#8221;&#8221; border_color=&#8221;&#8221; border_style=&#8221;solid&#8221; padding_top=&#8221;&#8221; padding_bottom=&#8221;&#8221; padding_left=&#8221;&#8221; padding_right=&#8221;&#8221;][fusion_builder_row][fusion_builder_column type=&#8221;1_1&#8243; layout=&#8221;1_1&#8243; background_position=&#8221;left top&#8221; background_color=&#8221;&#8221; border_size=&#8221;&#8221; border_color=&#8221;&#8221; border_style=&#8221;solid&#8221; border_position=&#8221;all&#8221; spacing=&#8221;yes&#8221; background_image=&#8221;&#8221; background_repeat=&#8221;no-repeat&#8221; padding_top=&#8221;&#8221; padding_right=&#8221;&#8221; padding_bottom=&#8221;&#8221; padding_left=&#8221;&#8221; margin_top=&#8221;0px&#8221; margin_bottom=&#8221;0px&#8221; class=&#8221;&#8221; id=&#8221;&#8221; animation_type=&#8221;&#8221; animation_speed=&#8221;0.3&#8243; animation_direction=&#8221;left&#8221; hide_on_mobile=&#8221;small-visibility,medium-visibility,large-visibility&#8221; center_content=&#8221;no&#8221; last=&#8221;no&#8221; min_height=&#8221;&#8221; hover_type=&#8221;none&#8221; link=&#8221;&#8221;][fusion_text]<\/p>\n<p>REDACCI\u00d3N<\/p>\n<p>Libertadores de Quer\u00e9taro cay\u00f3 en el duelo de la Ventana 2 contra Real Estel\u00ed, dentro de la Basketball Champions League Americas, por marcador de 98 a 84. Este es el primer descalabro que sufre el equipo mexicano, y ahora est\u00e1 empatado con 5 unidades con Real Estel\u00ed en el Grupo A.<\/p>\n<p>Omar Quintero sali\u00f3 a la duela con Jorge Guti\u00e9rrez, V\u00edctor Liz, Gabriel Gir\u00f3n, J. J \u00c1vila\u00a0 e Ysmael Romero. Fue una primera mitad muy pareja la qur se vivi\u00f3 en el Polideportivo Alexis Arg\u00fcello. 20 a 18 y 24 a 17 culminaron los dos primeros cuartos del partido, al medio tiempo ganaban los locales por 44 a 35.<\/p>\n<p>Pero en las rotaciones, Libertadores consigui\u00f3 la mayor\u00eda de los puntos, a hasta etapa del encuentro, Ysmael Romero era el mejor hombre de los queretanos con 10 puntos, 6 rebotes, un robo y un bloqueo.<\/p>\n<p>Para el tercer periodo, Libertadores buscaba la canasta e Ysmael Romero fue clave en la suma de puntos. Principal generador de la ofensiva y en este tercer periodo lleg\u00f3 a 21 puntos. El tercer cuarto culmin\u00f3 con la victoria parcial para Nicaragua por 71 a 54.<\/p>\n<p>El \u00faltimo cuarto, Libertadores sali\u00f3 m\u00e1s ofensivo, Burrel con una gran volcada que le aport\u00f3 un doble al equipo queretano. Y la tendencia fue a la alza con un triple que se apunt\u00f3 Branden Frazier, los queretanos acortaron la distancia a 10 unidades de diferencia.<\/p>\n<p>Con cuatro minutos por jugarse, Frazier pas\u00f3 lista con otro bombazo de 3 puntos. Y aunque la quinteta mexicana busc\u00f3 la canasta y acort\u00f3 la distancia en los \u00faltimos minutos, Libertadores sufri\u00f3 su primera derrota.<\/p>\n<p>El Cubanazo fue el mejor hombre en la duela con 30 puntos, 11 rebotes, 2 robos y 2 bloqueos.<\/p>\n<p>El segundo partido de la Ventana 2 ser\u00e1 este martes en Managua, entre los anfitriones y Honey Badgers. Mientras que Libertadores regresar\u00e1 a la duela el mi\u00e9rcoles 18 de enero a las 19:00 horas para enfrentar a los canadienses.<\/p>\n<p><a class=\"x1i10hfl xjbqb8w x6umtig x1b1mbwd xaqea5y xav7gou x9f619 x1ypdohk xt0psk2 xe8uvvx xdj266r x11i5rnm xat24cr x1mh8g0r xexx8yu x4uap5 x18d9i69 xkhd6sd x16tdsg8 x1hl2dhg xggy1nq x1a2a7pz xt0b8zv x1qq9wsj xo1l8bm\" tabindex=\"0\" role=\"link\" href=\"https:\/\/www.facebook.com\/hashtag\/basquetbolmexicano?__eep__=6&amp;__cft__[0]=AZVKgEELbnp9R_aXUOg3oPc-iJix2LP9U-LZ5DvYcQkOEPNm73Gx_rJ79bbtAprhaAUCWy8ytnRawg2NxmwXda6q9j_TotgWLckXIaaUm2IDxCpibSrbymHju7iMm_cQ0Ys&amp;__tn__=*NK-R\">#basquetbolmexicano<\/a><\/p>\n<p>[\/fusion_text][fusion_imageframe image_id=&#8221;48819|medium&#8221; max_width=&#8221;&#8221; style_type=&#8221;&#8221; blur=&#8221;&#8221; stylecolor=&#8221;&#8221; hover_type=&#8221;none&#8221; bordersize=&#8221;&#8221; bordercolor=&#8221;&#8221; borderradius=&#8221;&#8221; align=&#8221;none&#8221; lightbox=&#8221;no&#8221; gallery_id=&#8221;&#8221; lightbox_image=&#8221;&#8221; lightbox_image_id=&#8221;&#8221; alt=&#8221;&#8221; link=&#8221;&#8221; linktarget=&#8221;_self&#8221; hide_on_mobile=&#8221;small-visibility,medium-visibility,large-visibility&#8221; class=&#8221;&#8221; id=&#8221;&#8221; animation_type=&#8221;&#8221; animation_direction=&#8221;left&#8221; animation_speed=&#8221;0.3&#8243; animation_offset=&#8221;&#8221;]https:\/\/www.bitacoracdmx.com\/wp-content\/uploads\/2023\/01\/WhatsApp-Image-2023-01-16-at-9.12.36-PM-3-200&#215;300.jpeg[\/fusion_imageframe][\/fusion_builder_column][\/fusion_builder_row][\/fusion_builder_container]<\/p>\n","protected":false},"excerpt":{"rendered":"<p>[fusion_builder_container hundred_percent=&#8221;no&#8221; equal_height_columns=&#8221;no&#8221; menu_anchor=&#8221;&#8221; hide_on_mobile=&#8221;small-visibility,medium-visibility,large-visibility&#8221; class=&#8221;&#8221; id=&#8221;&#8221; background_color=&#8221;&#8221; background_image=&#8221;&#8221; background_position=&#8221;center center&#8221; background_repeat=&#8221;no-repeat&#8221; fade=&#8221;no&#8221; background_parallax=&#8221;none&#8221; parallax_speed=&#8221;0.3&#8243; video_mp4=&#8221;&#8221; video_webm=&#8221;&#8221; video_ogv=&#8221;&#8221; video_url=&#8221;&#8221; video_aspect_ratio=&#8221;16:9&#8243; video_loop=&#8221;yes&#8221; video_mute=&#8221;yes&#8221; overlay_color=&#8221;&#8221; video_preview_image=&#8221;&#8221; border_size=&#8221;&#8221; border_color=&#8221;&#8221; border_style=&#8221;solid&#8221; padding_top=&#8221;&#8221; padding_bottom=&#8221;&#8221; padding_left=&#8221;&#8221; padding_right=&#8221;&#8221;][fusion_builder_row][fusion_builder_column type=&#8221;1_1&#8243; layout=&#8221;1_1&#8243; background_position=&#8221;left top&#8221; background_color=&#8221;&#8221; border_size=&#8221;&#8221; border_color=&#8221;&#8221; border_style=&#8221;solid&#8221; border_position=&#8221;all&#8221; spacing=&#8221;yes&#8221; background_image=&#8221;&#8221; background_repeat=&#8221;no-repeat&#8221; padding_top=&#8221;&#8221; padding_right=&#8221;&#8221; padding_bottom=&#8221;&#8221; padding_left=&#8221;&#8221; margin_top=&#8221;0px&#8221; margin_bottom=&#8221;0px&#8221; class=&#8221;&#8221; id=&#8221;&#8221; animation_type=&#8221;&#8221; animation_speed=&#8221;0.3&#8243; animation_direction=&#8221;left&#8221; hide_on_mobile=&#8221;small-visibility,medium-visibility,large-visibility&#8221; center_content=&#8221;no&#8221; last=&#8221;no&#8221; min_height=&#8221;&#8221; hover_type=&#8221;none&#8221; link=&#8221;&#8221;][fusion_text] REDACCI\u00d3N Libertadores de Quer\u00e9taro cay\u00f3 en el duelo de la Ventana 2 contra Real Estel\u00ed, dentro de la Basketball Champions League Americas, por marcador de 98 a 84. Este es el primer descalabro que sufre el equipo mexicano, y ahora [&hellip;]<\/p>\n","protected":false},"author":1,"featured_media":48819,"comment_status":"open","ping_status":"open","sticky":false,"template":"","format":"standard","meta":{"footnotes":""},"categories":[6,9],"tags":[],"_links":{"self":[{"href":"https:\/\/www.bitacoracdmx.com\/index.php?rest_route=\/wp\/v2\/posts\/48818"}],"collection":[{"href":"https:\/\/www.bitacoracdmx.com\/index.php?rest_route=\/wp\/v2\/posts"}],"about":[{"href":"https:\/\/www.bitacoracdmx.com\/index.php?rest_route=\/wp\/v2\/types\/post"}],"author":[{"embeddable":true,"href":"https:\/\/www.bitacoracdmx.com\/index.php?rest_route=\/wp\/v2\/users\/1"}],"replies":[{"embeddable":true,"href":"https:\/\/www.bitacoracdmx.com\/index.php?rest_route=%2Fwp%2Fv2%2Fcomments&post=48818"}],"version-history":[{"count":1,"href":"https:\/\/www.bitacoracdmx.com\/index.php?rest_route=\/wp\/v2\/posts\/48818\/revisions"}],"predecessor-version":[{"id":48820,"href":"https:\/\/www.bitacoracdmx.com\/index.php?rest_route=\/wp\/v2\/posts\/48818\/revisions\/48820"}],"wp:featuredmedia":[{"embeddable":true,"href":"https:\/\/www.bitacoracdmx.com\/index.php?rest_route=\/wp\/v2\/media\/48819"}],"wp:attachment":[{"href":"https:\/\/www.bitacoracdmx.com\/index.php?rest_route=%2Fwp%2Fv2%2Fmedia&parent=48818"}],"wp:term":[{"taxonomy":"category","embeddable":true,"href":"https:\/\/www.bitacoracdmx.com\/index.php?rest_route=%2Fwp%2Fv2%2Fcategories&post=48818"},{"taxonomy":"post_tag","embeddable":true,"href":"https:\/\/www.bitacoracdmx.com\/index.php?rest_route=%2Fwp%2Fv2%2Ftags&post=48818"}],"curies":[{"name":"wp","href":"https:\/\/api.w.org\/{rel}","templated":true}]}}