{"id":48821,"date":"2023-01-17T04:20:44","date_gmt":"2023-01-17T04:20:44","guid":{"rendered":"https:\/\/www.bitacoracdmx.com\/?p=48821"},"modified":"2023-01-17T04:20:44","modified_gmt":"2023-01-17T04:20:44","slug":"homenajean-a-marie-therese-hermand-fundadora-del-museo-de-arte-popular","status":"publish","type":"post","link":"https:\/\/www.bitacoracdmx.com\/?p=48821","title":{"rendered":"Homenajean a MARIE TH\u00c9R\u00c8SE HERMAND, fundadora del MUSEO DE ARTE POPULAR"},"content":{"rendered":"<p>[fusion_builder_container hundred_percent=&#8221;no&#8221; equal_height_columns=&#8221;no&#8221; menu_anchor=&#8221;&#8221; hide_on_mobile=&#8221;small-visibility,medium-visibility,large-visibility&#8221; class=&#8221;&#8221; id=&#8221;&#8221; background_color=&#8221;&#8221; background_image=&#8221;&#8221; background_position=&#8221;center center&#8221; background_repeat=&#8221;no-repeat&#8221; fade=&#8221;no&#8221; background_parallax=&#8221;none&#8221; parallax_speed=&#8221;0.3&#8243; video_mp4=&#8221;&#8221; video_webm=&#8221;&#8221; video_ogv=&#8221;&#8221; video_url=&#8221;&#8221; video_aspect_ratio=&#8221;16:9&#8243; video_loop=&#8221;yes&#8221; video_mute=&#8221;yes&#8221; overlay_color=&#8221;&#8221; video_preview_image=&#8221;&#8221; border_size=&#8221;&#8221; border_color=&#8221;&#8221; border_style=&#8221;solid&#8221; padding_top=&#8221;&#8221; padding_bottom=&#8221;&#8221; padding_left=&#8221;&#8221; padding_right=&#8221;&#8221;][fusion_builder_row][fusion_builder_column type=&#8221;1_1&#8243; layout=&#8221;1_1&#8243; background_position=&#8221;left top&#8221; background_color=&#8221;&#8221; border_size=&#8221;&#8221; border_color=&#8221;&#8221; border_style=&#8221;solid&#8221; border_position=&#8221;all&#8221; spacing=&#8221;yes&#8221; background_image=&#8221;&#8221; background_repeat=&#8221;no-repeat&#8221; padding_top=&#8221;&#8221; padding_right=&#8221;&#8221; padding_bottom=&#8221;&#8221; padding_left=&#8221;&#8221; margin_top=&#8221;0px&#8221; margin_bottom=&#8221;0px&#8221; class=&#8221;&#8221; id=&#8221;&#8221; animation_type=&#8221;&#8221; animation_speed=&#8221;0.3&#8243; animation_direction=&#8221;left&#8221; hide_on_mobile=&#8221;small-visibility,medium-visibility,large-visibility&#8221; center_content=&#8221;no&#8221; last=&#8221;no&#8221; min_height=&#8221;&#8221; hover_type=&#8221;none&#8221; link=&#8221;&#8221;][fusion_text]<\/p>\n<p>REDACCI\u00d3N<\/p>\n<p>\u25cf Familia, amigos, colegas, artesanos y colaboradores recordaron a Marie Th\u00e9r\u00e8se como una mujer aguerrida que desde su llegada a M\u00e9xico se enamor\u00f3 de la artesan\u00eda nacional e hizo su meta personal crear el MAP.<\/p>\n<p>\u25cf El viudo y las dos hijas de Hermand develaron una placa en honor a la fundadora del MAP con la que se hace un reconocimiento a su legado.<\/p>\n<p>\u25cf El director del MAP Walther Boelsterly Urrutia abri\u00f3 la posibilidad de que con apoyo de la familia se pueda crear una exposici\u00f3n con todo el acervo recolectado en vida por la homenajeada.<\/p>\n<p>El\u00a0<strong>Museo de Arte Popular (MAP)<\/strong>realiz\u00f3 este lunes un emotivo homenaje p\u00f3stumo a su presidenta fundadora vitalicia\u00a0<strong>Marie Th\u00e9r\u00e8se Hermand de Arango<\/strong>, a quien se record\u00f3 como alguien que gracias a su dedicaci\u00f3n y compromiso logr\u00f3 en 2006 cumplir su sue\u00f1o de crear un espacio para exhibir la riqueza cultural de M\u00e9xico a trav\u00e9s de sus artesanos.<\/p>\n<p>En el patio central del MAP,\u00a0<strong>su viudo Manuel Arango, as\u00ed como sus hijas Manuela y Paula Arango<\/strong>, develaron una placa con la que se reconoci\u00f3 el enorme esfuerzo y pasi\u00f3n de la homenajeada, en la que se puede leer la leyenda \u201cCon su perseverancia, generosidad y firmeza, Marie Th\u00e9r\u00e8se Hermand de Arango logr\u00f3 en 2006 hacer realidad este Museo de Arte Popular, sue\u00f1o de los artesanos de M\u00e9xico. Su legado permanecer\u00e1 para siempre\u201d.<\/p>\n<p>Manuela Arango record\u00f3 la pasi\u00f3n que su madre sent\u00eda por artesan\u00edas mexicanas como mu\u00f1ecas de hojas de ma\u00edz, piezas de cer\u00e1mica, textiles, bordados y vasijas de cobre, entre muchas otras, que para ella eran piezas que contaban historias.<\/p>\n<p>\u201cQu\u00e9 suerte haber tenido una vocaci\u00f3n tan clara, tan aut\u00e9ntica y tan genuina, con una raz\u00f3n de ser y de vivir como la tuvo mi mam\u00e1\u201d, dijo.<\/p>\n<p>Record\u00f3 que su madre lleg\u00f3 a M\u00e9xico a los 17 a\u00f1os procedente y v\u00edctima de una revoluci\u00f3n en Egipto, su pa\u00eds natal.<\/p>\n<p>&#8220;Fue amor a primera vista por el colorido natural y artesanal de nuestro pa\u00eds que unos a\u00f1os m\u00e1s tarde tambi\u00e9n hizo suyo\u201d, expres\u00f3.<\/p>\n<p>Agradeci\u00f3 al director del MAP Walther Boelsterly Urrutia, a los Gobiernos capitalino y federal, as\u00ed como a patrocinadores y amigos que fueron eslabones indispensables para lograr el sue\u00f1o de su madre<\/p>\n<p>\u201cGracias por acompa\u00f1arla en este camino que no siempre fue f\u00e1cil. El MAP fue siempre su gran amor y ustedes su segunda familia. Larga vida al MAP\u201d, indic\u00f3.<\/p>\n<p>Por su parte, Paula Arango ley\u00f3 una carta que escribi\u00f3 para despedirse de su madre: \u201cTal vez siempre quisiste quedarte plasmada en esta tierra y en nuestros recuerdos como una mujer radiante, fuerte, imparable y llena de energ\u00eda que toc\u00f3 la vida de todos los que tuvimos la suerte de conocerte\u201d.<\/p>\n<p>Ambas, junto a su padre Manuel Arango, recibieron del artesano \u00c1ngel Santos una j\u00edcara de barro que asemeja dos manos unidas, con la que \u201cla despedimos de este plano y pedimos a nuestros antepasados que la cuiden en donde su esp\u00edritu ha de prevalecer\u201d, dijo el artista.<\/p>\n<p>Adem\u00e1s de la familia, hablaron en el homenaje colaboradores de Marie Th\u00e9r\u00e8se como el director del MAP desde su creaci\u00f3n Walther Boelsterly Urrutia, la presidenta de la Asociaci\u00f3n Amigos MAP Cecilia Moctezuma, las copresidentas del patronato del Museo, Sonya Santos y Mercedes Vigil, as\u00ed como el coordinador de Museograf\u00eda Gerardo G\u00f3mez, quienes coincidieron que aplaudir el car\u00e1cter fuerte, el coraje, el orgullo, el compromiso y la dedicaci\u00f3n de la fundadora.<\/p>\n<p>\u201cGracias a esas cualidades fue que Marie Th\u00e9r\u00e8se pudo sacar adelante un sue\u00f1o y hacer realidad el MAP, que es hoy un basti\u00f3n de la cultura mexicana, un referente nacional e internacional del arte popular mexicano\u201d, dijo Walther Boelsterly.<\/p>\n<p>Adem\u00e1s, el director del MAP abri\u00f3 la posibilidad de colaborar con la familia para curar una exposici\u00f3n en la que se pueda exhibir el enorme acervo de artesan\u00edas que Marie Th\u00e9r\u00e8se recolect\u00f3 durante muchos a\u00f1os.<\/p>\n<p>Para ser participes de esta pasi\u00f3n por el arte popular mexicano, el MAP se puede visitar en la calle Revillagigedo 11 de la colonia Centro de la Ciudad de M\u00e9xico, en un horario de martes a domingo, de 10:00 a 18:00 horas.<\/p>\n<p>Para conocer todas las actividades y otros eventos de la Secretar\u00eda de Cultura capitalina, se puede consultar la Cartelera de la Ciudad de M\u00e9xico (<a href=\"https:\/\/cartelera.cdmx.gob.mx\/\">https:\/\/cartelera.cdmx.gob.mx\/<\/a>) y las redes sociales de la Secretar\u00eda de Cultura: Facebook, Twitter, Instagram y YouTube.<\/p>\n<div dir=\"auto\"><a class=\"x1i10hfl xjbqb8w x6umtig x1b1mbwd xaqea5y xav7gou x9f619 x1ypdohk xt0psk2 xe8uvvx xdj266r x11i5rnm xat24cr x1mh8g0r xexx8yu x4uap5 x18d9i69 xkhd6sd x16tdsg8 x1hl2dhg xggy1nq x1a2a7pz xt0b8zv x1qq9wsj xo1l8bm\" tabindex=\"0\" role=\"link\" href=\"https:\/\/www.facebook.com\/hashtag\/secretariadeculturacdmx?__eep__=6&amp;__cft__[0]=AZVWBrMZO1pHpIxWszey6it2UMpOBuOJKsvm7sbMsvCFX4i6wkOzstB1D4uQGLW0xgfn7s2iR4ARbQdIESayMRp_RaE9NyObsgWn_Hn9587A815VJlAxi4g2E_3JHIVWRYg&amp;__tn__=*NK-R\">#secretariadeculturacdmx<\/a><\/div>\n<div dir=\"auto\"><a class=\"x1i10hfl xjbqb8w x6umtig x1b1mbwd xaqea5y xav7gou x9f619 x1ypdohk xt0psk2 xe8uvvx xdj266r x11i5rnm xat24cr x1mh8g0r xexx8yu x4uap5 x18d9i69 xkhd6sd x16tdsg8 x1hl2dhg xggy1nq x1a2a7pz xt0b8zv x1qq9wsj xo1l8bm\" tabindex=\"0\" role=\"link\" href=\"https:\/\/www.facebook.com\/hashtag\/museodeartepopular?__eep__=6&amp;__cft__[0]=AZVWBrMZO1pHpIxWszey6it2UMpOBuOJKsvm7sbMsvCFX4i6wkOzstB1D4uQGLW0xgfn7s2iR4ARbQdIESayMRp_RaE9NyObsgWn_Hn9587A815VJlAxi4g2E_3JHIVWRYg&amp;__tn__=*NK-R\">#museodeartepopular<\/a><\/div>\n<p>[\/fusion_text][fusion_imageframe image_id=&#8221;48822|medium&#8221; max_width=&#8221;&#8221; style_type=&#8221;&#8221; blur=&#8221;&#8221; stylecolor=&#8221;&#8221; hover_type=&#8221;none&#8221; bordersize=&#8221;&#8221; bordercolor=&#8221;&#8221; borderradius=&#8221;&#8221; align=&#8221;none&#8221; lightbox=&#8221;no&#8221; gallery_id=&#8221;&#8221; lightbox_image=&#8221;&#8221; lightbox_image_id=&#8221;&#8221; alt=&#8221;&#8221; link=&#8221;&#8221; linktarget=&#8221;_self&#8221; hide_on_mobile=&#8221;small-visibility,medium-visibility,large-visibility&#8221; class=&#8221;&#8221; id=&#8221;&#8221; animation_type=&#8221;&#8221; animation_direction=&#8221;left&#8221; animation_speed=&#8221;0.3&#8243; animation_offset=&#8221;&#8221;]https:\/\/www.bitacoracdmx.com\/wp-content\/uploads\/2023\/01\/WhatsApp-Image-2023-01-16-at-4.58.48-PM-300&#215;200.jpeg[\/fusion_imageframe][\/fusion_builder_column][\/fusion_builder_row][\/fusion_builder_container]<\/p>\n","protected":false},"excerpt":{"rendered":"<p>[fusion_builder_container hundred_percent=&#8221;no&#8221; equal_height_columns=&#8221;no&#8221; menu_anchor=&#8221;&#8221; hide_on_mobile=&#8221;small-visibility,medium-visibility,large-visibility&#8221; class=&#8221;&#8221; id=&#8221;&#8221; background_color=&#8221;&#8221; background_image=&#8221;&#8221; background_position=&#8221;center center&#8221; background_repeat=&#8221;no-repeat&#8221; fade=&#8221;no&#8221; background_parallax=&#8221;none&#8221; parallax_speed=&#8221;0.3&#8243; video_mp4=&#8221;&#8221; video_webm=&#8221;&#8221; video_ogv=&#8221;&#8221; video_url=&#8221;&#8221; video_aspect_ratio=&#8221;16:9&#8243; video_loop=&#8221;yes&#8221; video_mute=&#8221;yes&#8221; overlay_color=&#8221;&#8221; video_preview_image=&#8221;&#8221; border_size=&#8221;&#8221; border_color=&#8221;&#8221; border_style=&#8221;solid&#8221; padding_top=&#8221;&#8221; padding_bottom=&#8221;&#8221; padding_left=&#8221;&#8221; padding_right=&#8221;&#8221;][fusion_builder_row][fusion_builder_column type=&#8221;1_1&#8243; layout=&#8221;1_1&#8243; background_position=&#8221;left top&#8221; background_color=&#8221;&#8221; border_size=&#8221;&#8221; border_color=&#8221;&#8221; border_style=&#8221;solid&#8221; border_position=&#8221;all&#8221; spacing=&#8221;yes&#8221; background_image=&#8221;&#8221; background_repeat=&#8221;no-repeat&#8221; padding_top=&#8221;&#8221; padding_right=&#8221;&#8221; padding_bottom=&#8221;&#8221; padding_left=&#8221;&#8221; margin_top=&#8221;0px&#8221; margin_bottom=&#8221;0px&#8221; class=&#8221;&#8221; id=&#8221;&#8221; animation_type=&#8221;&#8221; animation_speed=&#8221;0.3&#8243; animation_direction=&#8221;left&#8221; hide_on_mobile=&#8221;small-visibility,medium-visibility,large-visibility&#8221; center_content=&#8221;no&#8221; last=&#8221;no&#8221; min_height=&#8221;&#8221; hover_type=&#8221;none&#8221; link=&#8221;&#8221;][fusion_text] REDACCI\u00d3N \u25cf Familia, amigos, colegas, artesanos y colaboradores recordaron a Marie Th\u00e9r\u00e8se como una mujer aguerrida que desde su llegada a M\u00e9xico se enamor\u00f3 de la artesan\u00eda nacional e hizo su meta personal crear el MAP. \u25cf El viudo y [&hellip;]<\/p>\n","protected":false},"author":1,"featured_media":48822,"comment_status":"open","ping_status":"open","sticky":false,"template":"","format":"standard","meta":{"footnotes":""},"categories":[5,9,27],"tags":[],"_links":{"self":[{"href":"https:\/\/www.bitacoracdmx.com\/index.php?rest_route=\/wp\/v2\/posts\/48821"}],"collection":[{"href":"https:\/\/www.bitacoracdmx.com\/index.php?rest_route=\/wp\/v2\/posts"}],"about":[{"href":"https:\/\/www.bitacoracdmx.com\/index.php?rest_route=\/wp\/v2\/types\/post"}],"author":[{"embeddable":true,"href":"https:\/\/www.bitacoracdmx.com\/index.php?rest_route=\/wp\/v2\/users\/1"}],"replies":[{"embeddable":true,"href":"https:\/\/www.bitacoracdmx.com\/index.php?rest_route=%2Fwp%2Fv2%2Fcomments&post=48821"}],"version-history":[{"count":1,"href":"https:\/\/www.bitacoracdmx.com\/index.php?rest_route=\/wp\/v2\/posts\/48821\/revisions"}],"predecessor-version":[{"id":48823,"href":"https:\/\/www.bitacoracdmx.com\/index.php?rest_route=\/wp\/v2\/posts\/48821\/revisions\/48823"}],"wp:featuredmedia":[{"embeddable":true,"href":"https:\/\/www.bitacoracdmx.com\/index.php?rest_route=\/wp\/v2\/media\/48822"}],"wp:attachment":[{"href":"https:\/\/www.bitacoracdmx.com\/index.php?rest_route=%2Fwp%2Fv2%2Fmedia&parent=48821"}],"wp:term":[{"taxonomy":"category","embeddable":true,"href":"https:\/\/www.bitacoracdmx.com\/index.php?rest_route=%2Fwp%2Fv2%2Fcategories&post=48821"},{"taxonomy":"post_tag","embeddable":true,"href":"https:\/\/www.bitacoracdmx.com\/index.php?rest_route=%2Fwp%2Fv2%2Ftags&post=48821"}],"curies":[{"name":"wp","href":"https:\/\/api.w.org\/{rel}","templated":true}]}}