{"id":48824,"date":"2023-01-17T05:25:32","date_gmt":"2023-01-17T05:25:32","guid":{"rendered":"https:\/\/www.bitacoracdmx.com\/?p=48824"},"modified":"2023-01-17T05:25:32","modified_gmt":"2023-01-17T05:25:32","slug":"la-sociedad-de-autores-y-compositores-de-mexico-sacm-celebra-en-todo-el-pais-el-dia-del-compositor","status":"publish","type":"post","link":"https:\/\/www.bitacoracdmx.com\/?p=48824","title":{"rendered":"La Sociedad de Autores y Compositores de M\u00e9xico (SACM) celebra en todo el pa\u00eds EL D\u00cdA DEL COMPOSITOR"},"content":{"rendered":"<p>[fusion_builder_container hundred_percent=&#8221;no&#8221; equal_height_columns=&#8221;no&#8221; menu_anchor=&#8221;&#8221; hide_on_mobile=&#8221;small-visibility,medium-visibility,large-visibility&#8221; class=&#8221;&#8221; id=&#8221;&#8221; background_color=&#8221;&#8221; background_image=&#8221;&#8221; background_position=&#8221;center center&#8221; background_repeat=&#8221;no-repeat&#8221; fade=&#8221;no&#8221; background_parallax=&#8221;none&#8221; parallax_speed=&#8221;0.3&#8243; video_mp4=&#8221;&#8221; video_webm=&#8221;&#8221; video_ogv=&#8221;&#8221; video_url=&#8221;&#8221; video_aspect_ratio=&#8221;16:9&#8243; video_loop=&#8221;yes&#8221; video_mute=&#8221;yes&#8221; overlay_color=&#8221;&#8221; video_preview_image=&#8221;&#8221; border_size=&#8221;&#8221; border_color=&#8221;&#8221; border_style=&#8221;solid&#8221; padding_top=&#8221;&#8221; padding_bottom=&#8221;&#8221; padding_left=&#8221;&#8221; padding_right=&#8221;&#8221;][fusion_builder_row][fusion_builder_column type=&#8221;1_1&#8243; layout=&#8221;1_1&#8243; background_position=&#8221;left top&#8221; background_color=&#8221;&#8221; border_size=&#8221;&#8221; border_color=&#8221;&#8221; border_style=&#8221;solid&#8221; border_position=&#8221;all&#8221; spacing=&#8221;yes&#8221; background_image=&#8221;&#8221; background_repeat=&#8221;no-repeat&#8221; padding_top=&#8221;&#8221; padding_right=&#8221;&#8221; padding_bottom=&#8221;&#8221; padding_left=&#8221;&#8221; margin_top=&#8221;0px&#8221; margin_bottom=&#8221;0px&#8221; class=&#8221;&#8221; id=&#8221;&#8221; animation_type=&#8221;&#8221; animation_speed=&#8221;0.3&#8243; animation_direction=&#8221;left&#8221; hide_on_mobile=&#8221;small-visibility,medium-visibility,large-visibility&#8221; center_content=&#8221;no&#8221; last=&#8221;no&#8221; min_height=&#8221;&#8221; hover_type=&#8221;none&#8221; link=&#8221;&#8221;][fusion_text]<\/p>\n<p>REDACCI\u00d3N<\/p>\n<div class=\"x11i5rnm xat24cr x1mh8g0r x1vvkbs xdj266r x126k92a\">\n<div dir=\"auto\">&#8211; Creadores de m\u00fasica celebrar\u00e1n el D\u00eda del Compositor en todos los estados de la Rep\u00fablica.<\/div>\n<\/div>\n<div class=\"x11i5rnm xat24cr x1mh8g0r x1vvkbs xtlvy1s x126k92a\">\n<div dir=\"auto\">&#8211; Mart\u00edn Urieta, presidente del Consejo Directivo de la SACM, considera que \u00abreunirse de manera presencial es abrazar la vida, festejar el reencuentro de las creaciones con su p\u00fablico\u00bb.<\/div>\n<\/div>\n<div dir=\"auto\"><\/div>\n<div dir=\"auto\">\n<div class=\"x11i5rnm xat24cr x1mh8g0r x1vvkbs xtlvy1s x126k92a\">\n<div dir=\"auto\">Creadores de m\u00fasica en todos los estados de la Rep\u00fablica celebrar\u00e1n el D\u00eda del Compositor. La Sociedad de Autores y Compositores de M\u00e9xico (SACM) instituy\u00f3 el 15 de enero de 1965 la conmemoraci\u00f3n que enaltece la creatividad y el talento de las compositoras y los compositores.<\/div>\n<div dir=\"auto\"><\/div>\n<\/div>\n<div class=\"x11i5rnm xat24cr x1mh8g0r x1vvkbs xtlvy1s x126k92a\">\n<div dir=\"auto\">El d\u00eda elegido rinde honor a la fecha en la que la SACM fue constituida en 1945 ante la Secretar\u00eda de Educaci\u00f3n P\u00fablica. A partir de 1983 esta celebraci\u00f3n se extendi\u00f3 a cada una de las entidades federativas del pa\u00eds, congregando cada a\u00f1o a creadores de todos los g\u00e9neros musicales y de todas las latitudes dentro del territorio nacional.<\/div>\n<div dir=\"auto\"><\/div>\n<\/div>\n<div class=\"x11i5rnm xat24cr x1mh8g0r x1vvkbs xtlvy1s x126k92a\">\n<div dir=\"auto\">A causa de la pandemia, en 2021 y 2022 este festejo se realiz\u00f3 con conciertos conmemorativos en l\u00ednea que reunieron a m\u00e1s de 100 creadores cuyas obras fueron disfrutadas por m\u00e1s de 3 millones de personas que se conectaron para reconocer El rostro del autor.<\/div>\n<div dir=\"auto\"><\/div>\n<\/div>\n<div class=\"x11i5rnm xat24cr x1mh8g0r x1vvkbs xtlvy1s x126k92a\">\n<div dir=\"auto\">Este a\u00f1o Mart\u00edn Urieta, presidente del Consejo Directivo de la SACM, considera que \u00abreunirse de manera presencial es abrazar la vida, festejar el reencuentro de las creaciones con su p\u00fablico, recordar a las compositoras y los compositores de todos los tiempos que permiten con su trabajo que la existencia sea m\u00e1s humana, m\u00e1s alegre y m\u00e1s dichosa\u00bb. Asimismo, se\u00f1al\u00f3 que \u00abm\u00e1s personas y representantes de instituciones p\u00fablicas y privadas de M\u00e9xico y todo el orbe se suman cada a\u00f1o a este festejo para felicitar, reconocer y apoyar el Derecho de Autor de nuestras hermanas y hermanos en el arte de la composici\u00f3n\u00bb.<\/div>\n<div dir=\"auto\"><\/div>\n<\/div>\n<div class=\"x11i5rnm xat24cr x1mh8g0r x1vvkbs xtlvy1s x126k92a\">\n<div dir=\"auto\">Roberto Cantoral Z., director general de la SACM, mencion\u00f3 que \u00abhace m\u00e1s de medio siglo esta sociedad autoral instituy\u00f3 este d\u00eda para visibilizar el talento de los autores y compositores y los derechos para obtener una remuneraci\u00f3n justa por sus obras. Estamos satisfechos con los logros y seguimos trabajando para consolidar alianzas estrat\u00e9gicas en bien del Derecho de Autor. Como resultado del liderazgo de la SACM a nivel internacional, en junio de este a\u00f1o M\u00e9xico por primera vez ser\u00e1 sede de la Asamblea General de la Confederaci\u00f3n Internacional de Sociedades de Autores y Compositores (CISAC) que representa a m\u00e1s de 4 millones de autores de todas las disciplinas art\u00edsticas\u00bb.<\/div>\n<div dir=\"auto\"><\/div>\n<\/div>\n<div class=\"x11i5rnm xat24cr x1mh8g0r x1vvkbs xtlvy1s x126k92a\">\n<div dir=\"auto\">El D\u00eda del Compositor estrechar\u00e1 lazos en la creaci\u00f3n musical de todos los g\u00e9neros musicales en ciudades como M\u00e9xico, Tijuana, Hermosillo, Chihuahua, Saltillo, Monterrey, Tampico, Culiac\u00e1n, Mazatl\u00e1n, Los Mochis, Durango, Zacatecas, Aguascalientes, San Luis Potos\u00ed, Veracruz, Xalapa, Tepic, Colima, Guadalajara, Le\u00f3n, Quer\u00e9taro, Pachuca, Puebla, Tlaxcala, Villahermosa, Morelia, Toluca, Cuernavaca, Oaxaca, Tuxtla Guti\u00e9rrez, Campeche, Acapulco, Canc\u00fan y M\u00e9rida, solo por mencionar algunas.<\/div>\n<div dir=\"auto\"><\/div>\n<\/div>\n<div class=\"x11i5rnm xat24cr x1mh8g0r x1vvkbs xtlvy1s x126k92a\">\n<div dir=\"auto\">El director general de la SACM agreg\u00f3 que \u00abM\u00e9xico es reconocido en el mundo como una potencia cultural por su m\u00fasica. Celebremos la dicha de componer m\u00fasica y canciones\u00bb.<\/div>\n<\/div>\n<div dir=\"auto\"><a class=\"x1i10hfl xjbqb8w x6umtig x1b1mbwd xaqea5y xav7gou x9f619 x1ypdohk xt0psk2 xe8uvvx xdj266r x11i5rnm xat24cr x1mh8g0r xexx8yu x4uap5 x18d9i69 xkhd6sd x16tdsg8 x1hl2dhg xggy1nq x1a2a7pz xt0b8zv x1qq9wsj xo1l8bm\" tabindex=\"0\" role=\"link\" href=\"https:\/\/www.facebook.com\/hashtag\/sociedaddeautoresycompositoresdemexico?__eep__=6&amp;__cft__[0]=AZW2vIiW5OahYgBCSaXW0I3Yws_ksDykmu-VEabtH4BwWAdWR1oXKo8DHlTQhjG_sK5TNk8uZFnLeutM_8L5sj6mGceQ6_Ev7g22LsXmoFRHiJ5I0xjKyYo0lu0nir8b3vU&amp;__tn__=*NK-R\">#sociedaddeautoresycompositoresdemexico<\/a><\/div>\n<div dir=\"auto\"><\/div>\n<\/div>\n<p>[\/fusion_text][fusion_imageframe image_id=&#8221;48825|medium&#8221; max_width=&#8221;&#8221; style_type=&#8221;&#8221; blur=&#8221;&#8221; stylecolor=&#8221;&#8221; hover_type=&#8221;none&#8221; bordersize=&#8221;&#8221; bordercolor=&#8221;&#8221; borderradius=&#8221;&#8221; align=&#8221;none&#8221; lightbox=&#8221;no&#8221; gallery_id=&#8221;&#8221; lightbox_image=&#8221;&#8221; lightbox_image_id=&#8221;&#8221; alt=&#8221;&#8221; link=&#8221;&#8221; linktarget=&#8221;_self&#8221; hide_on_mobile=&#8221;small-visibility,medium-visibility,large-visibility&#8221; class=&#8221;&#8221; id=&#8221;&#8221; animation_type=&#8221;&#8221; animation_direction=&#8221;left&#8221; animation_speed=&#8221;0.3&#8243; animation_offset=&#8221;&#8221;]https:\/\/www.bitacoracdmx.com\/wp-content\/uploads\/2023\/01\/325792881_884151302710970_3161386603121446443_n-225&#215;300.jpg[\/fusion_imageframe][\/fusion_builder_column][\/fusion_builder_row][\/fusion_builder_container]<\/p>\n","protected":false},"excerpt":{"rendered":"<p>[fusion_builder_container hundred_percent=&#8221;no&#8221; equal_height_columns=&#8221;no&#8221; menu_anchor=&#8221;&#8221; hide_on_mobile=&#8221;small-visibility,medium-visibility,large-visibility&#8221; class=&#8221;&#8221; id=&#8221;&#8221; background_color=&#8221;&#8221; background_image=&#8221;&#8221; background_position=&#8221;center center&#8221; background_repeat=&#8221;no-repeat&#8221; fade=&#8221;no&#8221; background_parallax=&#8221;none&#8221; parallax_speed=&#8221;0.3&#8243; video_mp4=&#8221;&#8221; video_webm=&#8221;&#8221; video_ogv=&#8221;&#8221; video_url=&#8221;&#8221; video_aspect_ratio=&#8221;16:9&#8243; video_loop=&#8221;yes&#8221; video_mute=&#8221;yes&#8221; overlay_color=&#8221;&#8221; video_preview_image=&#8221;&#8221; border_size=&#8221;&#8221; border_color=&#8221;&#8221; border_style=&#8221;solid&#8221; padding_top=&#8221;&#8221; padding_bottom=&#8221;&#8221; padding_left=&#8221;&#8221; padding_right=&#8221;&#8221;][fusion_builder_row][fusion_builder_column type=&#8221;1_1&#8243; layout=&#8221;1_1&#8243; background_position=&#8221;left top&#8221; background_color=&#8221;&#8221; border_size=&#8221;&#8221; border_color=&#8221;&#8221; border_style=&#8221;solid&#8221; border_position=&#8221;all&#8221; spacing=&#8221;yes&#8221; background_image=&#8221;&#8221; background_repeat=&#8221;no-repeat&#8221; padding_top=&#8221;&#8221; padding_right=&#8221;&#8221; padding_bottom=&#8221;&#8221; padding_left=&#8221;&#8221; margin_top=&#8221;0px&#8221; margin_bottom=&#8221;0px&#8221; class=&#8221;&#8221; id=&#8221;&#8221; animation_type=&#8221;&#8221; animation_speed=&#8221;0.3&#8243; animation_direction=&#8221;left&#8221; hide_on_mobile=&#8221;small-visibility,medium-visibility,large-visibility&#8221; center_content=&#8221;no&#8221; last=&#8221;no&#8221; min_height=&#8221;&#8221; hover_type=&#8221;none&#8221; link=&#8221;&#8221;][fusion_text] REDACCI\u00d3N &#8211; Creadores de m\u00fasica celebrar\u00e1n el D\u00eda del Compositor en todos los estados de la Rep\u00fablica. &#8211; Mart\u00edn Urieta, presidente del Consejo Directivo de la SACM, considera que \u00abreunirse de manera presencial es abrazar la vida, festejar el reencuentro [&hellip;]<\/p>\n","protected":false},"author":1,"featured_media":48825,"comment_status":"open","ping_status":"open","sticky":false,"template":"","format":"standard","meta":{"footnotes":""},"categories":[9,11],"tags":[],"_links":{"self":[{"href":"https:\/\/www.bitacoracdmx.com\/index.php?rest_route=\/wp\/v2\/posts\/48824"}],"collection":[{"href":"https:\/\/www.bitacoracdmx.com\/index.php?rest_route=\/wp\/v2\/posts"}],"about":[{"href":"https:\/\/www.bitacoracdmx.com\/index.php?rest_route=\/wp\/v2\/types\/post"}],"author":[{"embeddable":true,"href":"https:\/\/www.bitacoracdmx.com\/index.php?rest_route=\/wp\/v2\/users\/1"}],"replies":[{"embeddable":true,"href":"https:\/\/www.bitacoracdmx.com\/index.php?rest_route=%2Fwp%2Fv2%2Fcomments&post=48824"}],"version-history":[{"count":1,"href":"https:\/\/www.bitacoracdmx.com\/index.php?rest_route=\/wp\/v2\/posts\/48824\/revisions"}],"predecessor-version":[{"id":48826,"href":"https:\/\/www.bitacoracdmx.com\/index.php?rest_route=\/wp\/v2\/posts\/48824\/revisions\/48826"}],"wp:featuredmedia":[{"embeddable":true,"href":"https:\/\/www.bitacoracdmx.com\/index.php?rest_route=\/wp\/v2\/media\/48825"}],"wp:attachment":[{"href":"https:\/\/www.bitacoracdmx.com\/index.php?rest_route=%2Fwp%2Fv2%2Fmedia&parent=48824"}],"wp:term":[{"taxonomy":"category","embeddable":true,"href":"https:\/\/www.bitacoracdmx.com\/index.php?rest_route=%2Fwp%2Fv2%2Fcategories&post=48824"},{"taxonomy":"post_tag","embeddable":true,"href":"https:\/\/www.bitacoracdmx.com\/index.php?rest_route=%2Fwp%2Fv2%2Ftags&post=48824"}],"curies":[{"name":"wp","href":"https:\/\/api.w.org\/{rel}","templated":true}]}}