{"id":48841,"date":"2023-01-17T23:43:05","date_gmt":"2023-01-17T23:43:05","guid":{"rendered":"https:\/\/www.bitacoracdmx.com\/?p=48841"},"modified":"2023-01-17T23:43:05","modified_gmt":"2023-01-17T23:43:05","slug":"%e2%80%8bel-concierto-envolvente-y-sensorial-pajaros-de-cuarentena-inspiracion-y-exhalacion-llega-al-centro-nacional-de-las-artes","status":"publish","type":"post","link":"https:\/\/www.bitacoracdmx.com\/?p=48841","title":{"rendered":"\u200bEl concierto envolvente y sensorial P\u00e1jaros de Cuarentena. Inspiraci\u00f3n y exhalaci\u00f3n llega al Centro Nacional de las Artes"},"content":{"rendered":"<p>[fusion_builder_container hundred_percent=&#8221;no&#8221; equal_height_columns=&#8221;no&#8221; menu_anchor=&#8221;&#8221; hide_on_mobile=&#8221;small-visibility,medium-visibility,large-visibility&#8221; class=&#8221;&#8221; id=&#8221;&#8221; background_color=&#8221;&#8221; background_image=&#8221;&#8221; background_position=&#8221;center center&#8221; background_repeat=&#8221;no-repeat&#8221; fade=&#8221;no&#8221; background_parallax=&#8221;none&#8221; parallax_speed=&#8221;0.3&#8243; video_mp4=&#8221;&#8221; video_webm=&#8221;&#8221; video_ogv=&#8221;&#8221; video_url=&#8221;&#8221; video_aspect_ratio=&#8221;16:9&#8243; video_loop=&#8221;yes&#8221; video_mute=&#8221;yes&#8221; overlay_color=&#8221;&#8221; video_preview_image=&#8221;&#8221; border_size=&#8221;&#8221; border_color=&#8221;&#8221; border_style=&#8221;solid&#8221; padding_top=&#8221;&#8221; padding_bottom=&#8221;&#8221; padding_left=&#8221;&#8221; padding_right=&#8221;&#8221;][fusion_builder_row][fusion_builder_column type=&#8221;1_1&#8243; layout=&#8221;1_1&#8243; background_position=&#8221;left top&#8221; background_color=&#8221;&#8221; border_size=&#8221;&#8221; border_color=&#8221;&#8221; border_style=&#8221;solid&#8221; border_position=&#8221;all&#8221; spacing=&#8221;yes&#8221; background_image=&#8221;&#8221; background_repeat=&#8221;no-repeat&#8221; padding_top=&#8221;&#8221; padding_right=&#8221;&#8221; padding_bottom=&#8221;&#8221; padding_left=&#8221;&#8221; margin_top=&#8221;0px&#8221; margin_bottom=&#8221;0px&#8221; class=&#8221;&#8221; id=&#8221;&#8221; animation_type=&#8221;&#8221; animation_speed=&#8221;0.3&#8243; animation_direction=&#8221;left&#8221; hide_on_mobile=&#8221;small-visibility,medium-visibility,large-visibility&#8221; center_content=&#8221;no&#8221; last=&#8221;no&#8221; min_height=&#8221;&#8221; hover_type=&#8221;none&#8221; link=&#8221;&#8221;][fusion_text]<\/p>\n<p>REDACCI\u00d3N<\/p>\n<p><strong>*** Creado por la cantante y compositora Leika Moch\u00e1n, ofrecer\u00e1n presentaciones del 26 al 29 de enero, en el Foro de las Artes<\/strong><\/p>\n<p><strong>*** Participa La Parvada, un grupo de doce personas que con sus voces hacen juegos y exploraciones inspirados en la m\u00fasica de la naturaleza<\/strong><\/p>\n<p>El Centro Nacional de las Artes (Cenart), instituci\u00f3n de la Secretar\u00eda de Cultura del Gobierno de M\u00e9xico, recibir\u00e1 el concierto envolvente y sensorial\u00a0<em>P\u00e1jaros de Cuarentena. Inspiraci\u00f3n y exhalaci\u00f3n<\/em>, creado por la cantante y compositora Leika Moch\u00e1n durante la etapa de pandemia por covid-19.<\/p>\n<p>En la pandemia, dice Leika Moch\u00e1n, el mundo se detuvo y nos silenciamos reinvent\u00e1ndonos y observando la naturaleza. \u201cLa muerte se hizo presente y hubo que revalorar la vida. Ahora que la cotidianidad se vuelve a agitar, abramos un espacio para las percepciones sutiles y reconexi\u00f3n con la naturaleza\u201d.<\/p>\n<p>A trav\u00e9s de la contemplaci\u00f3n de la naturaleza, a veces en Chiapa de Corzo y a veces en la Ciudad de M\u00e9xico, Leika Moch\u00e1n se inspir\u00f3 para crear un concierto inmersivo de ensamble vocal y percusi\u00f3n corporal con gui\u00f1os a la experimentaci\u00f3n, el paisaje sonoro, la improvisaci\u00f3n colectiva y est\u00edmulos sensoriales. Toda la m\u00fasica parte de juegos y exploraciones inspirados en la m\u00fasica de la naturaleza, espec\u00edficamente de los p\u00e1jaros y de las variaciones en sus cantos en el transcurso del d\u00eda y con los cambios de estaci\u00f3n.<\/p>\n<p><em>P\u00e1jaros de Cuarentena. Inspiraci\u00f3n y exhalaci\u00f3n<\/em>\u00a0es una obra creada con el apoyo del Sistema Nacional de Creadores y forma parte de una trilog\u00eda en la que la autora mezcla la composici\u00f3n con la improvisaci\u00f3n que llevar\u00e1 a cabo La Parvada, un grupo de voces conformado por Claudia Arellano Larragoiti, Benjam\u00edn Torres Alc\u00e1ntara, Martha Merino Mart\u00ednez, Vania Fortuna, Ivan Mondrag\u00f3n, Juan Carlos Tud\u00f3n, Lucia Torres, Am\u00e9rica Basurto, Iraida Noriega, Leika Moch\u00e1n, Gabriela Alatorre y Santiago Guti\u00e9rrez Rebolledo.<\/p>\n<p>El equipo creativo est\u00e1 conformado por Leika Moch\u00e1n, en la creaci\u00f3n y direcci\u00f3n; Iraida Noriega, como asistente de direcci\u00f3n; Paula Rechtman Bulajich, encargada del movimiento esc\u00e9nico; y Carolina Jim\u00e9nez, en la producci\u00f3n, dise\u00f1o de vestuario e iluminaci\u00f3n.<\/p>\n<p>Leika Moch\u00e1n forma parte del Sistema Nacional de Creadores. Es pionera del\u00a0<em>live looping<\/em>\u00a0en M\u00e9xico y especialista en ensambles vocales. Ha colaborado en varios Encuentros de Artes Esc\u00e9nicas y con diferentes grupos de teatro, danza y circo. Se ha presentado con sus diferentes grupos o como solista en festivales y foros dentro y fuera del pa\u00eds (Espa\u00f1a, Francia, Argentina, Chile, Colombia, Brasil, EUA, Canad\u00e1, Italia y B\u00e9lgica).<\/p>\n<p>Es egresada de la carrera de\u00a0<em>jazz<\/em>\u00a0de la Escuela Superior de M\u00fasica del INBAL, con especialidad en canto y\u00a0<em>scat<\/em>. Ha grabado m\u00e1s de 10 discos con sus diferentes proyectos musicales: Muna Zul, Aguakates, Proyecto Gecko, kaleidojismos. etc. Uno de ellos bajo el sello Tzadik de Jhon Zorn. Actualmente es integrante de los grupos Las Billies, Cancionsitas (con Iraida Noriega y Pio Cineamano), Coro Acardenchado de Juan Pablo Villa (como directora adjunta), Friego, dueto con Gustavo Nandayapa y dirige los ensambles vocales y de percusi\u00f3n corporal Parvada y Murmuraciones y participa como invitada en muchos otros proyectos.<\/p>\n<p><em>P\u00e1jaros de Cuarentena. Inspiraci\u00f3n y exhalaci\u00f3n<\/em>, se presentar\u00e1 del 26 al 29 de enero, jueves y viernes, a las 20:00 h; s\u00e1bado, a las 19:00 h; y domingo, a las 18:00 h, en el Foro de las Artes. Los boletos tienen un costo de $150 pesos, con promoci\u00f3n de $30 pesos el jueves; y est\u00e1n a la venta a trav\u00e9s del sistema Ticketmaster y en las taquillas del Cenart. Para m\u00e1s informaci\u00f3n consulta\u00a0<a href=\"https:\/\/click.convertkit-mail2.com\/gkurl4xvgma5hdk5n8otr\/6qheh8hp4p9p86to\/aHR0cDovL3d3dy5jZW5hcnQuZ29iLm14Lw==\" target=\"_blank\" rel=\"noopener noreferrer\" data-auth=\"NotApplicable\" data-linkindex=\"0\">www.cenart.gob.mx<\/a>.<\/p>\n<div dir=\"auto\"><a class=\"x1i10hfl xjbqb8w x6umtig x1b1mbwd xaqea5y xav7gou x9f619 x1ypdohk xt0psk2 xe8uvvx xdj266r x11i5rnm xat24cr x1mh8g0r xexx8yu x4uap5 x18d9i69 xkhd6sd x16tdsg8 x1hl2dhg xggy1nq x1a2a7pz xt0b8zv x1qq9wsj xo1l8bm\" tabindex=\"0\" role=\"link\" href=\"https:\/\/www.facebook.com\/hashtag\/cenart?__eep__=6&amp;__cft__[0]=AZV_XsmWU3_VTTCEsJhcTTjFaFvWdxbVX_uOKBGx37oF2_k7O1nIt6IjWsTYT8QxQFNZWJbDW5WTSTFksjQ1KzHEoN1piV0suvh7TWBr9Ch8kU3O1A5DK6OIctpOf1_eI8k&amp;__tn__=*NK-R\">#CENART<\/a><\/div>\n<div dir=\"auto\"><a class=\"x1i10hfl xjbqb8w x6umtig x1b1mbwd xaqea5y xav7gou x9f619 x1ypdohk xt0psk2 xe8uvvx xdj266r x11i5rnm xat24cr x1mh8g0r xexx8yu x4uap5 x18d9i69 xkhd6sd x16tdsg8 x1hl2dhg xggy1nq x1a2a7pz xt0b8zv x1qq9wsj xo1l8bm\" tabindex=\"0\" role=\"link\" href=\"https:\/\/www.facebook.com\/hashtag\/pajarosdecuarentena?__eep__=6&amp;__cft__[0]=AZV_XsmWU3_VTTCEsJhcTTjFaFvWdxbVX_uOKBGx37oF2_k7O1nIt6IjWsTYT8QxQFNZWJbDW5WTSTFksjQ1KzHEoN1piV0suvh7TWBr9Ch8kU3O1A5DK6OIctpOf1_eI8k&amp;__tn__=*NK-R\">#pajarosdecuarentena<\/a><\/div>\n<p>[\/fusion_text][\/fusion_builder_column][\/fusion_builder_row][\/fusion_builder_container]<\/p>\n","protected":false},"excerpt":{"rendered":"<p>[fusion_builder_container hundred_percent=&#8221;no&#8221; equal_height_columns=&#8221;no&#8221; menu_anchor=&#8221;&#8221; hide_on_mobile=&#8221;small-visibility,medium-visibility,large-visibility&#8221; class=&#8221;&#8221; id=&#8221;&#8221; background_color=&#8221;&#8221; background_image=&#8221;&#8221; background_position=&#8221;center center&#8221; background_repeat=&#8221;no-repeat&#8221; fade=&#8221;no&#8221; background_parallax=&#8221;none&#8221; parallax_speed=&#8221;0.3&#8243; video_mp4=&#8221;&#8221; video_webm=&#8221;&#8221; video_ogv=&#8221;&#8221; video_url=&#8221;&#8221; video_aspect_ratio=&#8221;16:9&#8243; video_loop=&#8221;yes&#8221; video_mute=&#8221;yes&#8221; overlay_color=&#8221;&#8221; video_preview_image=&#8221;&#8221; border_size=&#8221;&#8221; border_color=&#8221;&#8221; border_style=&#8221;solid&#8221; padding_top=&#8221;&#8221; padding_bottom=&#8221;&#8221; padding_left=&#8221;&#8221; padding_right=&#8221;&#8221;][fusion_builder_row][fusion_builder_column type=&#8221;1_1&#8243; layout=&#8221;1_1&#8243; background_position=&#8221;left top&#8221; background_color=&#8221;&#8221; border_size=&#8221;&#8221; border_color=&#8221;&#8221; border_style=&#8221;solid&#8221; border_position=&#8221;all&#8221; spacing=&#8221;yes&#8221; background_image=&#8221;&#8221; background_repeat=&#8221;no-repeat&#8221; padding_top=&#8221;&#8221; padding_right=&#8221;&#8221; padding_bottom=&#8221;&#8221; padding_left=&#8221;&#8221; margin_top=&#8221;0px&#8221; margin_bottom=&#8221;0px&#8221; class=&#8221;&#8221; id=&#8221;&#8221; animation_type=&#8221;&#8221; animation_speed=&#8221;0.3&#8243; animation_direction=&#8221;left&#8221; hide_on_mobile=&#8221;small-visibility,medium-visibility,large-visibility&#8221; center_content=&#8221;no&#8221; last=&#8221;no&#8221; min_height=&#8221;&#8221; hover_type=&#8221;none&#8221; link=&#8221;&#8221;][fusion_text] REDACCI\u00d3N *** Creado por la cantante y compositora Leika Moch\u00e1n, ofrecer\u00e1n presentaciones del 26 al 29 de enero, en el Foro de las Artes *** Participa La Parvada, un grupo de doce personas que con sus voces hacen juegos y [&hellip;]<\/p>\n","protected":false},"author":1,"featured_media":48842,"comment_status":"open","ping_status":"open","sticky":false,"template":"","format":"standard","meta":{"footnotes":""},"categories":[9,11],"tags":[],"_links":{"self":[{"href":"https:\/\/www.bitacoracdmx.com\/index.php?rest_route=\/wp\/v2\/posts\/48841"}],"collection":[{"href":"https:\/\/www.bitacoracdmx.com\/index.php?rest_route=\/wp\/v2\/posts"}],"about":[{"href":"https:\/\/www.bitacoracdmx.com\/index.php?rest_route=\/wp\/v2\/types\/post"}],"author":[{"embeddable":true,"href":"https:\/\/www.bitacoracdmx.com\/index.php?rest_route=\/wp\/v2\/users\/1"}],"replies":[{"embeddable":true,"href":"https:\/\/www.bitacoracdmx.com\/index.php?rest_route=%2Fwp%2Fv2%2Fcomments&post=48841"}],"version-history":[{"count":1,"href":"https:\/\/www.bitacoracdmx.com\/index.php?rest_route=\/wp\/v2\/posts\/48841\/revisions"}],"predecessor-version":[{"id":48845,"href":"https:\/\/www.bitacoracdmx.com\/index.php?rest_route=\/wp\/v2\/posts\/48841\/revisions\/48845"}],"wp:featuredmedia":[{"embeddable":true,"href":"https:\/\/www.bitacoracdmx.com\/index.php?rest_route=\/wp\/v2\/media\/48842"}],"wp:attachment":[{"href":"https:\/\/www.bitacoracdmx.com\/index.php?rest_route=%2Fwp%2Fv2%2Fmedia&parent=48841"}],"wp:term":[{"taxonomy":"category","embeddable":true,"href":"https:\/\/www.bitacoracdmx.com\/index.php?rest_route=%2Fwp%2Fv2%2Fcategories&post=48841"},{"taxonomy":"post_tag","embeddable":true,"href":"https:\/\/www.bitacoracdmx.com\/index.php?rest_route=%2Fwp%2Fv2%2Ftags&post=48841"}],"curies":[{"name":"wp","href":"https:\/\/api.w.org\/{rel}","templated":true}]}}