{"id":48849,"date":"2023-01-17T23:56:37","date_gmt":"2023-01-17T23:56:37","guid":{"rendered":"https:\/\/www.bitacoracdmx.com\/?p=48849"},"modified":"2023-01-17T23:56:37","modified_gmt":"2023-01-17T23:56:37","slug":"2023-sera-para-jonathan-granados-un-ano-de-arduo-trabajo","status":"publish","type":"post","link":"https:\/\/www.bitacoracdmx.com\/?p=48849","title":{"rendered":"2023 ser\u00e1 para Jonathan Granados un a\u00f1o de arduo trabajo"},"content":{"rendered":"<p>[fusion_builder_container hundred_percent=&#8221;no&#8221; equal_height_columns=&#8221;no&#8221; menu_anchor=&#8221;&#8221; hide_on_mobile=&#8221;small-visibility,medium-visibility,large-visibility&#8221; class=&#8221;&#8221; id=&#8221;&#8221; background_color=&#8221;&#8221; background_image=&#8221;&#8221; background_position=&#8221;center center&#8221; background_repeat=&#8221;no-repeat&#8221; fade=&#8221;no&#8221; background_parallax=&#8221;none&#8221; parallax_speed=&#8221;0.3&#8243; video_mp4=&#8221;&#8221; video_webm=&#8221;&#8221; video_ogv=&#8221;&#8221; video_url=&#8221;&#8221; video_aspect_ratio=&#8221;16:9&#8243; video_loop=&#8221;yes&#8221; video_mute=&#8221;yes&#8221; overlay_color=&#8221;&#8221; video_preview_image=&#8221;&#8221; border_size=&#8221;&#8221; border_color=&#8221;&#8221; border_style=&#8221;solid&#8221; padding_top=&#8221;&#8221; padding_bottom=&#8221;&#8221; padding_left=&#8221;&#8221; padding_right=&#8221;&#8221;][fusion_builder_row][fusion_builder_column type=&#8221;1_1&#8243; layout=&#8221;1_1&#8243; background_position=&#8221;left top&#8221; background_color=&#8221;&#8221; border_size=&#8221;&#8221; border_color=&#8221;&#8221; border_style=&#8221;solid&#8221; border_position=&#8221;all&#8221; spacing=&#8221;yes&#8221; background_image=&#8221;&#8221; background_repeat=&#8221;no-repeat&#8221; padding_top=&#8221;&#8221; padding_right=&#8221;&#8221; padding_bottom=&#8221;&#8221; padding_left=&#8221;&#8221; margin_top=&#8221;0px&#8221; margin_bottom=&#8221;0px&#8221; class=&#8221;&#8221; id=&#8221;&#8221; animation_type=&#8221;&#8221; animation_speed=&#8221;0.3&#8243; animation_direction=&#8221;left&#8221; hide_on_mobile=&#8221;small-visibility,medium-visibility,large-visibility&#8221; center_content=&#8221;no&#8221; last=&#8221;no&#8221; min_height=&#8221;&#8221; hover_type=&#8221;none&#8221; link=&#8221;&#8221;][fusion_text]<\/p>\n<p>REDACCI\u00d3N<\/p>\n<ul type=\"disc\">\n<li class=\"x_MsoNormal\"><b>Prepara su debut como director de largometrajes con Eleazar G\u00f3mez<\/b><\/li>\n<li class=\"x_MsoNormal\"><b>Estrenar\u00e1 una obra sobre la transexualidad en Iraq<\/b><\/li>\n<li class=\"x_MsoNormal\"><b>Regresa a los escenarios su comedia Dios tiene Feis<\/b><\/li>\n<\/ul>\n<p class=\"x_MsoNormal\">Con una amplia carga de trabajo y la cristalizaci\u00f3n de proyectos es como el productor, director, dramaturgo y actor\u00a0<b>Joanthan Granados<\/b>\u00a0inicia este 2023, inici\u00e1ndolo con una serie de presentaciones de su comedia teatral\u00a0<b><i>Dios tiene Feis<\/i><\/b>, a escenificarse en Tapachula, Chiapas, el pr\u00f3ximo 24 de enero, protagonizada por elenco local, adem\u00e1s de su participaci\u00f3n actoral.<\/p>\n<p class=\"x_MsoNormal\">Con esta presentaci\u00f3n, la obra que coproduce junto a\u00a0<b>Hugo Blanquet<\/b>, protagonista de la obra,\u00a0<b><i>Dios tiene Feis<\/i><\/b><i>\u00a0<\/i>inicia su temporada 2023, con el plan de regresar a los escenarios presentando, como muchos lo pidieron, una nueva versi\u00f3n, renovada y con m\u00e1s situaciones humor\u00edsticas.<\/p>\n<p class=\"x_MsoNormal\">\u201c<i>Es una comedia que se posicion\u00f3 desde su estreno en 2017 y, despu\u00e9s de haber vivido una pandemia, regresa con una actualizaci\u00f3n pues durante la misma, nos dimos cuenta del poder que tienen las redes sociales, por las que todos nos convertimos en figuras p\u00fablicas<\/i>.<\/p>\n<p class=\"x_MsoNormal\">\u201c<i>Por eso esta nueva versi\u00f3n abarca no solo Facebook, sino todas las redes sociales, lo cual la hace m\u00e1s divertida y que todos nos sintamos identificados con ellas<\/i>\u201d, dijo el tambi\u00e9n guionista.<\/p>\n<p class=\"x_MsoNormal\">Durante la primera temporada de esta comedia, escenificada en el extinto Teatro del Hotel NH; en el Teatro Rafael Solana, del Centro Cultural Veracruzano; y en gira por estados como Puebla, Chiapas, Estado de M\u00e9xico y Guadalajara; se cont\u00f3 con la participaci\u00f3n, adem\u00e1s de\u00a0<b>Hugo Blanquet<\/b>, de\u00a0<b>Marize<\/b>l,\u00a0<b>Carlo Guerra<\/b>,\u00a0<b>Jos\u00e9 Carlos Femat<\/b>,\u00a0<b>Elifer Torres<\/b>,\u00a0<b>Romina Marcos<\/b>,\u00a0<b>Fabiola Mascorro<\/b>,\u00a0<b>Leonardo Bono<\/b>\u00a0y\u00a0<b>Luis Gerardo Ayala<\/b>.<\/p>\n<p class=\"x_MsoNormal\">Otro de los proyectos que mantiene a\u00a0<b>Jonathan Granados<\/b>, director del espect\u00e1culo esc\u00e9nico\u00a0<i>Voces de Catedral<\/i>, y de la compa\u00f1\u00eda teatral hom\u00f3nima, pertenecientes a la Catedral Metropolitana; es la realizaci\u00f3n de un proyecto cinematogr\u00e1fico, escrito por \u00e9l, el cual ser\u00e1 protagonizado por\u00a0<b>Eleazar G\u00f3mez<\/b>, pol\u00e9mico actor con quien\u00a0<b>Granados\u00a0<\/b>ha logrado una gran empat\u00eda laboral y amistosa.<\/p>\n<p class=\"x_MsoNormal\">\u201c<i>Nos conocimos durante la direcci\u00f3n, por mi parte, del espect\u00e1culo \u2018El \u00e1rbol de la vida\u2019, que se escenific\u00f3 en el Teatro Centenario Coyoac\u00e1n, operado por\u00a0<b>Gerardo Quiroz<\/b>. Gracias a que hubo una buena mancuerna, surgi\u00f3 esta posibilidad, la cual ser\u00eda tambi\u00e9n mi \u00d3pera prima, siendo un gran reto lo mismo para m\u00ed, como para\u00a0<b>Eleazar<\/b><\/i>\u201d, precis\u00f3.<\/p>\n<p class=\"x_MsoNormal\">Adem\u00e1s de esta pel\u00edcula, el realizador del cortometraje\u00a0<b><i>Mar\u00eda Llena eras de Gracia<\/i><\/b>, producido en Chile por Apodo Films, trabaja en la preproducci\u00f3n del tambi\u00e9n cortometraje\u00a0<b><i>Se\u00f1ora<\/i><\/b>, escrito tambi\u00e9n por \u00e9l.<\/p>\n<p class=\"x_MsoNormal\">Otro proyecto que\u00a0<b>Jonathan Granados<\/b>\u00a0contempla para este a\u00f1o, aqu\u00ed haciendo sociedad con el periodista y productor ejecutivo\u00a0<b>Fabi\u00e1n Polanco<\/b>, es la realizaci\u00f3n del estreno mundial de la pieza teatral\u00a0<b><i>Hudud<\/i><\/b>, un drama que aborda el tema de la transexualidad en Iraq; y que est\u00e1 seguro llamar\u00e1 la atenci\u00f3n del p\u00fablico nacional e internacional y del cual se hablar\u00e1 en su momento y que empezar\u00e1 sus trabajos de producci\u00f3n en las pr\u00f3ximas semanas.<\/p>\n<p class=\"x_MsoNormal\">De igual manera, a la par de sus proyectos teatrales y de investigaci\u00f3n, el tambi\u00e9n experto en la vida y obra del pol\u00edmata florentino del Renacimiento italiano,\u00a0<b>Leonardo DaVinci<\/b>, prepara el lanzamiento de su libro bajo demanda\u00a0<b><i>El caf\u00e9 nuestro de cada d\u00eda<\/i><\/b>, en el que externa su gusto y pasi\u00f3n por esta bebida, obtenida de los granos tostados y molidos de los frutos de la planta hom\u00f3nima.<\/p>\n<p class=\"x_MsoNormal\">\u201c<i>Soy un apasionado por el caf\u00e9, y en este libro profundizo sobre el tema, pero no de una manera abrumadora, sino todo lo contrario<\/i>.<\/p>\n<p class=\"x_MsoNormal\">\u201c<i>Se trata de una odisea cultural, hist\u00f3rica, gastron\u00f3mica y social sobre el caf\u00e9 en M\u00e9xico y en el mundo. Incluyo fotos, dibujos y textos dirigidos a todos aquellos que gustan de \u00e9l, y que tienen deseos de conocer m\u00e1s a fondo sobre su historia. Espero que est\u00e9 listo a finales de enero<\/i>\u201d, concluy\u00f3.<\/p>\n<p>[\/fusion_text][fusion_imageframe image_id=&#8221;48850|medium&#8221; max_width=&#8221;&#8221; style_type=&#8221;&#8221; blur=&#8221;&#8221; stylecolor=&#8221;&#8221; hover_type=&#8221;none&#8221; bordersize=&#8221;&#8221; bordercolor=&#8221;&#8221; borderradius=&#8221;&#8221; align=&#8221;none&#8221; lightbox=&#8221;no&#8221; gallery_id=&#8221;&#8221; lightbox_image=&#8221;&#8221; lightbox_image_id=&#8221;&#8221; alt=&#8221;&#8221; link=&#8221;&#8221; linktarget=&#8221;_self&#8221; hide_on_mobile=&#8221;small-visibility,medium-visibility,large-visibility&#8221; class=&#8221;&#8221; id=&#8221;&#8221; animation_type=&#8221;&#8221; animation_direction=&#8221;left&#8221; animation_speed=&#8221;0.3&#8243; animation_offset=&#8221;&#8221;]https:\/\/www.bitacoracdmx.com\/wp-content\/uploads\/2023\/01\/Jonathan-Granados-001-169&#215;300.jpeg[\/fusion_imageframe][\/fusion_builder_column][\/fusion_builder_row][\/fusion_builder_container]<\/p>\n","protected":false},"excerpt":{"rendered":"<p>[fusion_builder_container hundred_percent=&#8221;no&#8221; equal_height_columns=&#8221;no&#8221; menu_anchor=&#8221;&#8221; hide_on_mobile=&#8221;small-visibility,medium-visibility,large-visibility&#8221; class=&#8221;&#8221; id=&#8221;&#8221; background_color=&#8221;&#8221; background_image=&#8221;&#8221; background_position=&#8221;center center&#8221; background_repeat=&#8221;no-repeat&#8221; fade=&#8221;no&#8221; background_parallax=&#8221;none&#8221; parallax_speed=&#8221;0.3&#8243; video_mp4=&#8221;&#8221; video_webm=&#8221;&#8221; video_ogv=&#8221;&#8221; video_url=&#8221;&#8221; video_aspect_ratio=&#8221;16:9&#8243; video_loop=&#8221;yes&#8221; video_mute=&#8221;yes&#8221; overlay_color=&#8221;&#8221; video_preview_image=&#8221;&#8221; border_size=&#8221;&#8221; border_color=&#8221;&#8221; border_style=&#8221;solid&#8221; padding_top=&#8221;&#8221; padding_bottom=&#8221;&#8221; padding_left=&#8221;&#8221; padding_right=&#8221;&#8221;][fusion_builder_row][fusion_builder_column type=&#8221;1_1&#8243; layout=&#8221;1_1&#8243; background_position=&#8221;left top&#8221; background_color=&#8221;&#8221; border_size=&#8221;&#8221; border_color=&#8221;&#8221; border_style=&#8221;solid&#8221; border_position=&#8221;all&#8221; spacing=&#8221;yes&#8221; background_image=&#8221;&#8221; background_repeat=&#8221;no-repeat&#8221; padding_top=&#8221;&#8221; padding_right=&#8221;&#8221; padding_bottom=&#8221;&#8221; padding_left=&#8221;&#8221; margin_top=&#8221;0px&#8221; margin_bottom=&#8221;0px&#8221; class=&#8221;&#8221; id=&#8221;&#8221; animation_type=&#8221;&#8221; animation_speed=&#8221;0.3&#8243; animation_direction=&#8221;left&#8221; hide_on_mobile=&#8221;small-visibility,medium-visibility,large-visibility&#8221; center_content=&#8221;no&#8221; last=&#8221;no&#8221; min_height=&#8221;&#8221; hover_type=&#8221;none&#8221; link=&#8221;&#8221;][fusion_text] REDACCI\u00d3N Prepara su debut como director de largometrajes con Eleazar G\u00f3mez Estrenar\u00e1 una obra sobre la transexualidad en Iraq Regresa a los escenarios su comedia Dios tiene Feis Con una amplia carga de trabajo y la cristalizaci\u00f3n de proyectos es [&hellip;]<\/p>\n","protected":false},"author":1,"featured_media":48850,"comment_status":"open","ping_status":"open","sticky":false,"template":"","format":"standard","meta":{"footnotes":""},"categories":[3,9],"tags":[],"_links":{"self":[{"href":"https:\/\/www.bitacoracdmx.com\/index.php?rest_route=\/wp\/v2\/posts\/48849"}],"collection":[{"href":"https:\/\/www.bitacoracdmx.com\/index.php?rest_route=\/wp\/v2\/posts"}],"about":[{"href":"https:\/\/www.bitacoracdmx.com\/index.php?rest_route=\/wp\/v2\/types\/post"}],"author":[{"embeddable":true,"href":"https:\/\/www.bitacoracdmx.com\/index.php?rest_route=\/wp\/v2\/users\/1"}],"replies":[{"embeddable":true,"href":"https:\/\/www.bitacoracdmx.com\/index.php?rest_route=%2Fwp%2Fv2%2Fcomments&post=48849"}],"version-history":[{"count":1,"href":"https:\/\/www.bitacoracdmx.com\/index.php?rest_route=\/wp\/v2\/posts\/48849\/revisions"}],"predecessor-version":[{"id":48851,"href":"https:\/\/www.bitacoracdmx.com\/index.php?rest_route=\/wp\/v2\/posts\/48849\/revisions\/48851"}],"wp:featuredmedia":[{"embeddable":true,"href":"https:\/\/www.bitacoracdmx.com\/index.php?rest_route=\/wp\/v2\/media\/48850"}],"wp:attachment":[{"href":"https:\/\/www.bitacoracdmx.com\/index.php?rest_route=%2Fwp%2Fv2%2Fmedia&parent=48849"}],"wp:term":[{"taxonomy":"category","embeddable":true,"href":"https:\/\/www.bitacoracdmx.com\/index.php?rest_route=%2Fwp%2Fv2%2Fcategories&post=48849"},{"taxonomy":"post_tag","embeddable":true,"href":"https:\/\/www.bitacoracdmx.com\/index.php?rest_route=%2Fwp%2Fv2%2Ftags&post=48849"}],"curies":[{"name":"wp","href":"https:\/\/api.w.org\/{rel}","templated":true}]}}