{"id":48852,"date":"2023-01-18T00:03:09","date_gmt":"2023-01-18T00:03:09","guid":{"rendered":"https:\/\/www.bitacoracdmx.com\/?p=48852"},"modified":"2023-01-18T00:03:09","modified_gmt":"2023-01-18T00:03:09","slug":"bajo-demanda-llego-la-segunda-edicion-de-cine-mexicano-del-70-la-decada-prodigiosa","status":"publish","type":"post","link":"https:\/\/www.bitacoracdmx.com\/?p=48852","title":{"rendered":"Bajo demanda lleg\u00f3 la segunda edici\u00f3n de Cine mexicano del 70, La d\u00e9cada prodigiosa"},"content":{"rendered":"<p>[fusion_builder_container hundred_percent=&#8221;no&#8221; equal_height_columns=&#8221;no&#8221; menu_anchor=&#8221;&#8221; hide_on_mobile=&#8221;small-visibility,medium-visibility,large-visibility&#8221; class=&#8221;&#8221; id=&#8221;&#8221; background_color=&#8221;&#8221; background_image=&#8221;&#8221; background_position=&#8221;center center&#8221; background_repeat=&#8221;no-repeat&#8221; fade=&#8221;no&#8221; background_parallax=&#8221;none&#8221; parallax_speed=&#8221;0.3&#8243; video_mp4=&#8221;&#8221; video_webm=&#8221;&#8221; video_ogv=&#8221;&#8221; video_url=&#8221;&#8221; video_aspect_ratio=&#8221;16:9&#8243; video_loop=&#8221;yes&#8221; video_mute=&#8221;yes&#8221; overlay_color=&#8221;&#8221; video_preview_image=&#8221;&#8221; border_size=&#8221;&#8221; border_color=&#8221;&#8221; border_style=&#8221;solid&#8221; padding_top=&#8221;&#8221; padding_bottom=&#8221;&#8221; padding_left=&#8221;&#8221; padding_right=&#8221;&#8221;][fusion_builder_row][fusion_builder_column type=&#8221;1_1&#8243; layout=&#8221;1_1&#8243; background_position=&#8221;left top&#8221; background_color=&#8221;&#8221; border_size=&#8221;&#8221; border_color=&#8221;&#8221; border_style=&#8221;solid&#8221; border_position=&#8221;all&#8221; spacing=&#8221;yes&#8221; background_image=&#8221;&#8221; background_repeat=&#8221;no-repeat&#8221; padding_top=&#8221;&#8221; padding_right=&#8221;&#8221; padding_bottom=&#8221;&#8221; padding_left=&#8221;&#8221; margin_top=&#8221;0px&#8221; margin_bottom=&#8221;0px&#8221; class=&#8221;&#8221; id=&#8221;&#8221; animation_type=&#8221;&#8221; animation_speed=&#8221;0.3&#8243; animation_direction=&#8221;left&#8221; hide_on_mobile=&#8221;small-visibility,medium-visibility,large-visibility&#8221; center_content=&#8221;no&#8221; last=&#8221;no&#8221; min_height=&#8221;&#8221; hover_type=&#8221;none&#8221; link=&#8221;&#8221;][fusion_text]<\/p>\n<p>REDACCI\u00d3N<\/p>\n<p class=\"x_MsoNormal\">\u00b7 <b>Re\u00fane entrevistas con actores y directores que formaron parte importante de esa \u00e9poca<\/b><\/p>\n<p class=\"x_MsoNormal\">\u00b7 <b>Su primera edici\u00f3n cont\u00f3 con apoyos del IMCINE<\/b>\u00a0<b>y otras instancias<\/b><\/p>\n<p class=\"x_MsoNormal\">\u00b7 <b>Adem\u00e1s de M\u00e9xico, ser\u00e1 distribuido en Chile, Estados Unidos y Espa\u00f1a<\/b><\/p>\n<p>Gracias a la buena respuesta que obtuvo su primera edici\u00f3n, el libro\u00a0<strong>Cine Mexicano del 70: La d\u00e9cada prodigiosa<\/strong><strong>,\u00a0<\/strong>realizado por el periodista e investigador\u00a0<strong>Fabi\u00e1n de la Cruz Polanco<\/strong>\u00a0y publicado por sello independiente<strong>\u00a0SamSara Editores<\/strong><strong>, cuenta ya con una segunda edici\u00f3n, lanzada ahora en la modalidad bajo demanda<\/strong>.<\/p>\n<p>De esta manera, los ejemplares podr\u00e1n ser recibidos por sus compradores de manera directa, sin pagar mensajer\u00eda, en un m\u00e1ximo de 24 horas, hasta el momento en la CDMX y en el interior del pa\u00eds; aunque cabe mencionar que se espera sea distribuido en breve, lo mismo en Chile, Estados Unidos y Espa\u00f1a.<\/p>\n<p>Para la realizaci\u00f3n de este libro,\u00a0<b>Fabi\u00e1n Polanco\u00a0<\/b>cont\u00f3 con la colaboraci\u00f3n del investigador, cr\u00edtico y periodista\u00a0<strong>Luis Ter\u00e1n<\/strong>; adem\u00e1s del primer actor\u00a0<strong>Luis Couturier<\/strong>, quien realiz\u00f3 caricaturas de cada uno de los entrevistados; y del realizador de cine de arte\u00a0<strong>Tufic Makhlouf Akl<\/strong>, quien ofreci\u00f3 un texto de presentaci\u00f3n de la publicaci\u00f3n.<\/p>\n<p>En\u00a0<strong>Cine Mexicano del 70: La d\u00e9cada prodigiosa<\/strong>\u00a0se ofrecen conversaciones con luminarias, entre actores y directores, que jugaron un papel m\u00e1s que importante en esa etapa del cine nacional.<\/p>\n<p>Algunos de ellos son:\u00a0<strong>Alfredo Joskowicz<\/strong>,\u00a0<strong>Ana Ofelia Murgu\u00eda<\/strong>,\u00a0<strong>Carmen Salinas<\/strong>,\u00a0<strong>Diana Bracho<\/strong>,\u00a0<strong>Ernesto G\u00f3mez Cruz<\/strong>,\u00a0<strong>Felipe Cazals<\/strong>,\u00a0<strong>Fernando Allende<\/strong>,\u00a0<strong>Gabriel Retes<\/strong>,\u00a0<strong>Gonzalo Vega<\/strong>,\u00a0<strong>H\u00e9ctor Bonilla<\/strong>,\u00a0<strong>Ignacio L\u00f3pez Tarso<\/strong>,\u00a0<strong>Leticia Perdig\u00f3n<\/strong>,\u00a0<strong>Mar\u00eda Rojo<\/strong>,\u00a0<strong>Mario Almada<\/strong>,\u00a0<strong>Pilar Pellicer<\/strong>,\u00a0<strong>Rafael Incl\u00e1n<\/strong>\u00a0y\u00a0<strong>Sergio Olhovich<\/strong>, entre otros.<\/p>\n<p>Cada uno de los entrevistados realiz\u00f3 un viaje por el tiempo, entre an\u00e9cdotas y acertados comentarios, recordando su paso por la industria del cine mexicano de esa \u00e9poca; adem\u00e1s de dar su punto de vista sobre la situaci\u00f3n que se vivi\u00f3 en esos momentos dentro de la industria cinematogr\u00e1fica nacional.<\/p>\n<p>Considerado por muchos como el encargado de marcar una etapa importante en la filmograf\u00eda nacional contempor\u00e1nea, el cine mexicano realizado en esa d\u00e9cada es recordado como aquel que propici\u00f3 el surgimiento de j\u00f3venes directores que, en a\u00f1os anteriores, hab\u00edan tenido cerradas las puertas de la industria.<\/p>\n<p>Se trata de un periodo emblem\u00e1tico que marc\u00f3 a las siguientes generaciones de cineastas y actores por las posibilidades y los retos de poder plasmar en la pantalla grande lo no permitido hasta entonces.<\/p>\n<p><em><b>Cine Mexicano del 70: La D\u00e9cada Prodigiosa<\/b><\/em><em>\u00a0<\/em>cont\u00f3 con la colaboraci\u00f3n de la Direcci\u00f3n General de Actividades Cinematogr\u00e1ficas de la UNAM en la utilizaci\u00f3n de fotogramas, los cuales pertenecen a la colecci\u00f3n iconogr\u00e1fica de la Filmoteca de la Universidad Nacional Aut\u00f3noma de M\u00e9xico, con las que se ilustraron parte de las entrevistas, que fueron capturadas en imagen por\u00a0<strong>Esa\u00fa Ponce Arriaga<\/strong>.<\/p>\n<p>La primera edici\u00f3n de este libro, lanzada en 2015, tuvo una presentaci\u00f3n internacional, llevada a cabo en el\u00a0<strong>Museo Universitario del Chopo<\/strong>; realizando una amplia ruta de presentaciones en eventos cinematogr\u00e1ficos y culturales en el interior del pa\u00eds, como lo fueron el\u00a0<em><b>Festival Poza Rica de las Artes<\/b><\/em>, en el estado de Veracruz; las\u00a0<i>Semanas de Cine Mexicano en tu Ciudad<\/i>, coordinadas por el\u00a0<strong>Instituto Mexicano de Cinematograf\u00eda<\/strong>\u00a0(<strong>IMCINE<\/strong>), en sus ediciones en Chihuahua, Colima y Pachuca.<\/p>\n<p>Adem\u00e1s de la realizada en la\u00a0<strong>Universidad Aut\u00f3noma del Estado de M\u00e9xico<\/strong>, durante los festejos por el 50 aniversario de la creaci\u00f3n de su Cine Club, en su Facultad de Ciencias Pol\u00edticas y Sociales; adem\u00e1s de la segunda edici\u00f3n de la Muestra de cine y video\u00a0<em><b>Cholula Film Festival<\/b><\/em>, en el estado de Puebla.<\/p>\n<p>En lo que respecta a la segunda edici\u00f3n, hasta el momento se ha presentado en el\u00a0<b>Librofest 2020 virtual<\/b>, organizado por la\u00a0<strong>Universidad Aut\u00f3noma Metropolitana<\/strong>\u00a0(<strong>UAM<\/strong>); en la primera edici\u00f3n del\u00a0<strong>Atlixco Film Festival<\/strong>, realizado de manera virtual y presencial, debido a la contingencia sanitaria en ese ayuntamiento poblano, teniendo el apoyo de la\u00a0<strong>C\u00e1mara Nacional de la Industria Cinematogr\u00e1fica<\/strong>\u00a0(<strong>Canacine<\/strong>) en su sede en Puebla, a trav\u00e9s de su Presidente en ese estado,\u00a0<strong>Arturo Tay<\/strong>.<\/p>\n<p class=\"x_MsoNormal\">La m\u00e1s reciente fue en\u00a0<b>Cinergia<\/b>,\u00a0<b>Muestra de cine de la Ciudad de Puebla<\/b>, siendo moderado por el investigador y Licenciado en Ling\u00fc\u00edstica y Literatura Hisp\u00e1nica por la\u00a0<b>Benem\u00e9rita Universidad Aut\u00f3noma de Puebla<\/b>\u00a0(BUAP),\u00a0<b>Fernando Turrent Mata<\/b>.<\/p>\n<p class=\"x_MsoNormal\">Algunos canales de venta bajo demanda son Librer\u00eda del Ermita\u00f1o; El S\u00f3tano; y Sanborns.<\/p>\n<p>[\/fusion_text][fusion_imageframe image_id=&#8221;48853|medium&#8221; max_width=&#8221;&#8221; style_type=&#8221;&#8221; blur=&#8221;&#8221; stylecolor=&#8221;&#8221; hover_type=&#8221;none&#8221; bordersize=&#8221;&#8221; bordercolor=&#8221;&#8221; borderradius=&#8221;&#8221; align=&#8221;none&#8221; lightbox=&#8221;no&#8221; gallery_id=&#8221;&#8221; lightbox_image=&#8221;&#8221; lightbox_image_id=&#8221;&#8221; alt=&#8221;&#8221; link=&#8221;&#8221; linktarget=&#8221;_self&#8221; hide_on_mobile=&#8221;small-visibility,medium-visibility,large-visibility&#8221; class=&#8221;&#8221; id=&#8221;&#8221; animation_type=&#8221;&#8221; animation_direction=&#8221;left&#8221; animation_speed=&#8221;0.3&#8243; animation_offset=&#8221;&#8221;]https:\/\/www.bitacoracdmx.com\/wp-content\/uploads\/2023\/01\/325739561_485536403655763_3765124229642038437_n-225&#215;300.jpg[\/fusion_imageframe][\/fusion_builder_column][\/fusion_builder_row][\/fusion_builder_container]<\/p>\n","protected":false},"excerpt":{"rendered":"<p>[fusion_builder_container hundred_percent=&#8221;no&#8221; equal_height_columns=&#8221;no&#8221; menu_anchor=&#8221;&#8221; hide_on_mobile=&#8221;small-visibility,medium-visibility,large-visibility&#8221; class=&#8221;&#8221; id=&#8221;&#8221; background_color=&#8221;&#8221; background_image=&#8221;&#8221; background_position=&#8221;center center&#8221; background_repeat=&#8221;no-repeat&#8221; fade=&#8221;no&#8221; background_parallax=&#8221;none&#8221; parallax_speed=&#8221;0.3&#8243; video_mp4=&#8221;&#8221; video_webm=&#8221;&#8221; video_ogv=&#8221;&#8221; video_url=&#8221;&#8221; video_aspect_ratio=&#8221;16:9&#8243; video_loop=&#8221;yes&#8221; video_mute=&#8221;yes&#8221; overlay_color=&#8221;&#8221; video_preview_image=&#8221;&#8221; border_size=&#8221;&#8221; border_color=&#8221;&#8221; border_style=&#8221;solid&#8221; padding_top=&#8221;&#8221; padding_bottom=&#8221;&#8221; padding_left=&#8221;&#8221; padding_right=&#8221;&#8221;][fusion_builder_row][fusion_builder_column type=&#8221;1_1&#8243; layout=&#8221;1_1&#8243; background_position=&#8221;left top&#8221; background_color=&#8221;&#8221; border_size=&#8221;&#8221; border_color=&#8221;&#8221; border_style=&#8221;solid&#8221; border_position=&#8221;all&#8221; spacing=&#8221;yes&#8221; background_image=&#8221;&#8221; background_repeat=&#8221;no-repeat&#8221; padding_top=&#8221;&#8221; padding_right=&#8221;&#8221; padding_bottom=&#8221;&#8221; padding_left=&#8221;&#8221; margin_top=&#8221;0px&#8221; margin_bottom=&#8221;0px&#8221; class=&#8221;&#8221; id=&#8221;&#8221; animation_type=&#8221;&#8221; animation_speed=&#8221;0.3&#8243; animation_direction=&#8221;left&#8221; hide_on_mobile=&#8221;small-visibility,medium-visibility,large-visibility&#8221; center_content=&#8221;no&#8221; last=&#8221;no&#8221; min_height=&#8221;&#8221; hover_type=&#8221;none&#8221; link=&#8221;&#8221;][fusion_text] REDACCI\u00d3N \u00b7 Re\u00fane entrevistas con actores y directores que formaron parte importante de esa \u00e9poca \u00b7 Su primera edici\u00f3n cont\u00f3 con apoyos del IMCINE\u00a0y otras instancias \u00b7 Adem\u00e1s de M\u00e9xico, ser\u00e1 distribuido en Chile, Estados Unidos y Espa\u00f1a Gracias a [&hellip;]<\/p>\n","protected":false},"author":1,"featured_media":48853,"comment_status":"open","ping_status":"open","sticky":false,"template":"","format":"standard","meta":{"footnotes":""},"categories":[3,9],"tags":[],"_links":{"self":[{"href":"https:\/\/www.bitacoracdmx.com\/index.php?rest_route=\/wp\/v2\/posts\/48852"}],"collection":[{"href":"https:\/\/www.bitacoracdmx.com\/index.php?rest_route=\/wp\/v2\/posts"}],"about":[{"href":"https:\/\/www.bitacoracdmx.com\/index.php?rest_route=\/wp\/v2\/types\/post"}],"author":[{"embeddable":true,"href":"https:\/\/www.bitacoracdmx.com\/index.php?rest_route=\/wp\/v2\/users\/1"}],"replies":[{"embeddable":true,"href":"https:\/\/www.bitacoracdmx.com\/index.php?rest_route=%2Fwp%2Fv2%2Fcomments&post=48852"}],"version-history":[{"count":1,"href":"https:\/\/www.bitacoracdmx.com\/index.php?rest_route=\/wp\/v2\/posts\/48852\/revisions"}],"predecessor-version":[{"id":48854,"href":"https:\/\/www.bitacoracdmx.com\/index.php?rest_route=\/wp\/v2\/posts\/48852\/revisions\/48854"}],"wp:featuredmedia":[{"embeddable":true,"href":"https:\/\/www.bitacoracdmx.com\/index.php?rest_route=\/wp\/v2\/media\/48853"}],"wp:attachment":[{"href":"https:\/\/www.bitacoracdmx.com\/index.php?rest_route=%2Fwp%2Fv2%2Fmedia&parent=48852"}],"wp:term":[{"taxonomy":"category","embeddable":true,"href":"https:\/\/www.bitacoracdmx.com\/index.php?rest_route=%2Fwp%2Fv2%2Fcategories&post=48852"},{"taxonomy":"post_tag","embeddable":true,"href":"https:\/\/www.bitacoracdmx.com\/index.php?rest_route=%2Fwp%2Fv2%2Ftags&post=48852"}],"curies":[{"name":"wp","href":"https:\/\/api.w.org\/{rel}","templated":true}]}}