{"id":48861,"date":"2023-01-18T00:59:25","date_gmt":"2023-01-18T00:59:25","guid":{"rendered":"https:\/\/www.bitacoracdmx.com\/?p=48861"},"modified":"2023-01-18T00:59:25","modified_gmt":"2023-01-18T00:59:25","slug":"reflexion-escenica-de-teatro-de-sombras-contemporaneo-sobre-la-memoria-y-el-olvido","status":"publish","type":"post","link":"https:\/\/www.bitacoracdmx.com\/?p=48861","title":{"rendered":"Reflexi\u00f3n esc\u00e9nica de teatro de sombras contempor\u00e1neo sobre la memoria y el olvido."},"content":{"rendered":"<p>[fusion_builder_container hundred_percent=&#8221;no&#8221; equal_height_columns=&#8221;no&#8221; menu_anchor=&#8221;&#8221; hide_on_mobile=&#8221;small-visibility,medium-visibility,large-visibility&#8221; class=&#8221;&#8221; id=&#8221;&#8221; background_color=&#8221;&#8221; background_image=&#8221;&#8221; background_position=&#8221;center center&#8221; background_repeat=&#8221;no-repeat&#8221; fade=&#8221;no&#8221; background_parallax=&#8221;none&#8221; parallax_speed=&#8221;0.3&#8243; video_mp4=&#8221;&#8221; video_webm=&#8221;&#8221; video_ogv=&#8221;&#8221; video_url=&#8221;&#8221; video_aspect_ratio=&#8221;16:9&#8243; video_loop=&#8221;yes&#8221; video_mute=&#8221;yes&#8221; overlay_color=&#8221;&#8221; video_preview_image=&#8221;&#8221; border_size=&#8221;&#8221; border_color=&#8221;&#8221; border_style=&#8221;solid&#8221; padding_top=&#8221;&#8221; padding_bottom=&#8221;&#8221; padding_left=&#8221;&#8221; padding_right=&#8221;&#8221;][fusion_builder_row][fusion_builder_column type=&#8221;1_1&#8243; layout=&#8221;1_1&#8243; background_position=&#8221;left top&#8221; background_color=&#8221;&#8221; border_size=&#8221;&#8221; border_color=&#8221;&#8221; border_style=&#8221;solid&#8221; border_position=&#8221;all&#8221; spacing=&#8221;yes&#8221; background_image=&#8221;&#8221; background_repeat=&#8221;no-repeat&#8221; padding_top=&#8221;&#8221; padding_right=&#8221;&#8221; padding_bottom=&#8221;&#8221; padding_left=&#8221;&#8221; margin_top=&#8221;0px&#8221; margin_bottom=&#8221;0px&#8221; class=&#8221;&#8221; id=&#8221;&#8221; animation_type=&#8221;&#8221; animation_speed=&#8221;0.3&#8243; animation_direction=&#8221;left&#8221; hide_on_mobile=&#8221;small-visibility,medium-visibility,large-visibility&#8221; center_content=&#8221;no&#8221; last=&#8221;no&#8221; min_height=&#8221;&#8221; hover_type=&#8221;none&#8221; link=&#8221;&#8221;][fusion_text]<\/p>\n<p>REDACCI\u00d3N<\/p>\n<ul class=\"x_unordered_list\">\n<li class=\"x_list_item\">La pieza, producida por las compa\u00f1\u00edas Cosmonautas Teatro (M\u00e9xico\/Argentina) y Lumbra (Brasil), se escenificar\u00e1 del 19 al 29 de enero en el Teatro Benito Ju\u00e1rez<\/li>\n<\/ul>\n<p>\u200bLa primera puesta en escena en\u200b temporada de 2023 en el <strong>Teatro\u200b \u200bBenito Ju\u00e1rez<\/strong>\u00a0lleva por\u200b t\u00edtulo\u00a0<em><strong>Fin<\/strong><\/em>,\u200b escrita e interpretada por la actriz argentina Sonia Alejandra Garc\u00eda, bajo la direcci\u00f3n del artista brasile\u00f1o Alexandre F\u00e1vero. La propuesta es una coproducci\u00f3n de las compa\u00f1\u00edas Cosmonautas Teatro de Sombras, de Argentina y M\u00e9xico, y Lumbra, de Brasil, las\u200b cuales trabajan juntas por primera vez, para potenciar sus lenguajes y experiencias en el plano latinoamericano a partir de la investigaci\u00f3n y desarrollo del teatro de sombras.<\/p>\n<p>\u200bEl resultado de tal colaboraci\u00f3n\u200b se apreciar\u00e1 en la temporada que <em><strong>Fin\u200b \u200b<\/strong><\/em>llevar\u00e1 a cabo, del 19\u200b al 29 de enero del a\u00f1o 2023, con funciones de jueves a domingo, en el recinto de la Direcci\u00f3n del Sistema de Teatros de la Secretar\u00eda de Cultura de la Ciudad de M\u00e9xico.<\/p>\n<p>\u200bA partir del cuestionamiento:\u200b \u00bfcu\u00e1ndo realmente concluye una vida y sus historias?, <em><strong>Fin\u200b\u00a0<\/strong><\/em>relata c\u00f3mo una persona mayor sabe que es su \u00faltima noche en el mundo y junto a Memoria, la dulce garza que la acompa\u00f1a, revive sus recuerdos m\u00e1s \u00edntimos. A ellas las acecha Olvido, un cuervo astuto y hambriento que lucha por devorarlo todo.<\/p>\n<p>\u200bLa propuesta se plantea como una\u200b pieza solista de teatro de sombras contempor\u00e1neo, un lenguaje poco frecuente, con m\u00fasica en vivo. En la pieza po\u00e9tica e intimista dialogan las sombras con la fotograf\u00eda para hablar de los recuerdos y de lo que no podemos evitar: el paso del tiempo.<\/p>\n<p>\u200bEl presente se confronta con el\u200b pasado de los personajes, mientras la luz capturada habla del pasado, y la luz de las sombras revive un presente acaso irreal. Un elemento innovador de la puesta en escena \u2013dice Sonia Alejandra Garc\u00eda, autora e int\u00e9rprete del espect\u00e1culo unipersonal\u2013 es el di\u00e1logo entre la sombra y la fotograf\u00eda, s\u00edmbolo elegido para materializar los recuerdos.<\/p>\n<p>Y es que, en\u200b <em><strong>Fin<\/strong><\/em><em>,\u200b\u00a0<\/em>los recuerdos son los objetos m\u00e1s preciados, los mismos que el personaje saca de su cuerpo y por los que pelean las aves Memoria y Olvido. Pero tambi\u00e9n son los mismos que el teatro intenta salvar, dice la actriz y dramaturga.<\/p>\n<p>\u200bHay un universo \u00edntimo en el escenario\u200b que se complementa con la presencia del violinista Javier Celis, quien acompa\u00f1a toda la puesta en escena e interpreta m\u00fasica original de su autor\u00eda. La sonoridad del viol\u00edn en vivo le imprime un componente emotivo a la historia y refuerza su car\u00e1cter art\u00edstico.<\/p>\n<p>\u200b<em><strong>Fin\u200b <\/strong><\/em>es un espect\u00e1culo conmovedor;\u200b las preguntas sobre los recuerdos, tanto los propios como los de nuestros seres queridos, brotan despu\u00e9s de cada funci\u00f3n, e invitan a la reflexi\u00f3n sobre el paso del tiempo, la memoria y el olvido.<\/p>\n<p>\u200bCompletan el equipo creativo:\u200b Magdalena Ciucci en la asistencia de direcci\u00f3n; Alexandre F\u00e1vero, Gabriel Conti Gebel y Sonia Alejandra Garc\u00eda en el dise\u00f1o esc\u00e9nico; Gabriel Conti Gebel en el dise\u00f1o de personajes y la propia autora y actriz en la realizaci\u00f3n de la edici\u00f3n fotogr\u00e1fica para la escena.<\/p>\n<p>\u200bEl montaje cont\u00f3 con el apoyo\u200b del programa Iberescena y se produjo en la primera mitad del 2022 en Buenos Aires, Argentina, pa\u00eds en el que tuvo su temporada de estreno.<\/p>\n<p>\u200b<em><strong>Fin <\/strong><\/em>se presentar\u00e1\u200b\u00a0<strong>del 19\u200b al 29 de enero<\/strong>, los jueves\u200b y viernes a las 20:00 horas, s\u00e1bados a las 19:00 y domingos a las 18:00 horas, en el\u200b\u00a0<strong>Teatro\u200b Benito Ju\u00e1rez<\/strong>\u00a0(Villalong\u00edn\u200b 15, colonia Cuauht\u00e9moc, Metrob\u00fas Reforma).<\/p>\n<p><strong>Admisi\u00f3n: entrada\u200b general, $176<\/strong>. Los boletos\u200b se pueden adquirir en la taquilla del teatro y en las plataformas digitales de Ticketmaster.<\/p>\n<div dir=\"auto\"><a class=\"x1i10hfl xjbqb8w x6umtig x1b1mbwd xaqea5y xav7gou x9f619 x1ypdohk xt0psk2 xe8uvvx xdj266r x11i5rnm xat24cr x1mh8g0r xexx8yu x4uap5 x18d9i69 xkhd6sd x16tdsg8 x1hl2dhg xggy1nq x1a2a7pz xt0b8zv x1qq9wsj xo1l8bm\" tabindex=\"0\" role=\"link\" href=\"https:\/\/www.facebook.com\/hashtag\/fin?__eep__=6&amp;__cft__[0]=AZVjf_0mb4uczTDfkTHRWF75gmLr1ZJwSccB2xjXahD1O2K6G61DZxjcF_URsLTxsPHjlMehh9p0wdS8CxZrCX2RGtrTrHwIsdO48MjT3SWp7gAu_WJwBuSH5b2R2EQhFdw&amp;__tn__=*NK-R\">#Fin<\/a><\/div>\n<div dir=\"auto\"><a class=\"x1i10hfl xjbqb8w x6umtig x1b1mbwd xaqea5y xav7gou x9f619 x1ypdohk xt0psk2 xe8uvvx xdj266r x11i5rnm xat24cr x1mh8g0r xexx8yu x4uap5 x18d9i69 xkhd6sd x16tdsg8 x1hl2dhg xggy1nq x1a2a7pz xt0b8zv x1qq9wsj xo1l8bm\" tabindex=\"0\" role=\"link\" href=\"https:\/\/www.facebook.com\/hashtag\/teatrobenitojuarez?__eep__=6&amp;__cft__[0]=AZVjf_0mb4uczTDfkTHRWF75gmLr1ZJwSccB2xjXahD1O2K6G61DZxjcF_URsLTxsPHjlMehh9p0wdS8CxZrCX2RGtrTrHwIsdO48MjT3SWp7gAu_WJwBuSH5b2R2EQhFdw&amp;__tn__=*NK-R\">#TeatroBenitoJuarez<\/a><\/div>\n<p>[\/fusion_text][fusion_imageframe image_id=&#8221;48862|medium&#8221; max_width=&#8221;&#8221; style_type=&#8221;&#8221; blur=&#8221;&#8221; stylecolor=&#8221;&#8221; hover_type=&#8221;none&#8221; bordersize=&#8221;&#8221; bordercolor=&#8221;&#8221; borderradius=&#8221;&#8221; align=&#8221;none&#8221; lightbox=&#8221;no&#8221; gallery_id=&#8221;&#8221; lightbox_image=&#8221;&#8221; lightbox_image_id=&#8221;&#8221; alt=&#8221;&#8221; link=&#8221;&#8221; linktarget=&#8221;_self&#8221; hide_on_mobile=&#8221;small-visibility,medium-visibility,large-visibility&#8221; class=&#8221;&#8221; id=&#8221;&#8221; animation_type=&#8221;&#8221; animation_direction=&#8221;left&#8221; animation_speed=&#8221;0.3&#8243; animation_offset=&#8221;&#8221;]https:\/\/www.bitacoracdmx.com\/wp-content\/uploads\/2023\/01\/FIN-ECARD-01-1-212&#215;300.jpg[\/fusion_imageframe][\/fusion_builder_column][\/fusion_builder_row][\/fusion_builder_container]<\/p>\n","protected":false},"excerpt":{"rendered":"<p>[fusion_builder_container hundred_percent=&#8221;no&#8221; equal_height_columns=&#8221;no&#8221; menu_anchor=&#8221;&#8221; hide_on_mobile=&#8221;small-visibility,medium-visibility,large-visibility&#8221; class=&#8221;&#8221; id=&#8221;&#8221; background_color=&#8221;&#8221; background_image=&#8221;&#8221; background_position=&#8221;center center&#8221; background_repeat=&#8221;no-repeat&#8221; fade=&#8221;no&#8221; background_parallax=&#8221;none&#8221; parallax_speed=&#8221;0.3&#8243; video_mp4=&#8221;&#8221; video_webm=&#8221;&#8221; video_ogv=&#8221;&#8221; video_url=&#8221;&#8221; video_aspect_ratio=&#8221;16:9&#8243; video_loop=&#8221;yes&#8221; video_mute=&#8221;yes&#8221; overlay_color=&#8221;&#8221; video_preview_image=&#8221;&#8221; border_size=&#8221;&#8221; border_color=&#8221;&#8221; border_style=&#8221;solid&#8221; padding_top=&#8221;&#8221; padding_bottom=&#8221;&#8221; padding_left=&#8221;&#8221; padding_right=&#8221;&#8221;][fusion_builder_row][fusion_builder_column type=&#8221;1_1&#8243; layout=&#8221;1_1&#8243; background_position=&#8221;left top&#8221; background_color=&#8221;&#8221; border_size=&#8221;&#8221; border_color=&#8221;&#8221; border_style=&#8221;solid&#8221; border_position=&#8221;all&#8221; spacing=&#8221;yes&#8221; background_image=&#8221;&#8221; background_repeat=&#8221;no-repeat&#8221; padding_top=&#8221;&#8221; padding_right=&#8221;&#8221; padding_bottom=&#8221;&#8221; padding_left=&#8221;&#8221; margin_top=&#8221;0px&#8221; margin_bottom=&#8221;0px&#8221; class=&#8221;&#8221; id=&#8221;&#8221; animation_type=&#8221;&#8221; animation_speed=&#8221;0.3&#8243; animation_direction=&#8221;left&#8221; hide_on_mobile=&#8221;small-visibility,medium-visibility,large-visibility&#8221; center_content=&#8221;no&#8221; last=&#8221;no&#8221; min_height=&#8221;&#8221; hover_type=&#8221;none&#8221; link=&#8221;&#8221;][fusion_text] REDACCI\u00d3N La pieza, producida por las compa\u00f1\u00edas Cosmonautas Teatro (M\u00e9xico\/Argentina) y Lumbra (Brasil), se escenificar\u00e1 del 19 al 29 de enero en el Teatro Benito Ju\u00e1rez \u200bLa primera puesta en escena en\u200b temporada de 2023 en el Teatro\u200b \u200bBenito Ju\u00e1rez\u00a0lleva [&hellip;]<\/p>\n","protected":false},"author":1,"featured_media":48862,"comment_status":"open","ping_status":"open","sticky":false,"template":"","format":"standard","meta":{"footnotes":""},"categories":[9,14],"tags":[],"_links":{"self":[{"href":"https:\/\/www.bitacoracdmx.com\/index.php?rest_route=\/wp\/v2\/posts\/48861"}],"collection":[{"href":"https:\/\/www.bitacoracdmx.com\/index.php?rest_route=\/wp\/v2\/posts"}],"about":[{"href":"https:\/\/www.bitacoracdmx.com\/index.php?rest_route=\/wp\/v2\/types\/post"}],"author":[{"embeddable":true,"href":"https:\/\/www.bitacoracdmx.com\/index.php?rest_route=\/wp\/v2\/users\/1"}],"replies":[{"embeddable":true,"href":"https:\/\/www.bitacoracdmx.com\/index.php?rest_route=%2Fwp%2Fv2%2Fcomments&post=48861"}],"version-history":[{"count":1,"href":"https:\/\/www.bitacoracdmx.com\/index.php?rest_route=\/wp\/v2\/posts\/48861\/revisions"}],"predecessor-version":[{"id":48863,"href":"https:\/\/www.bitacoracdmx.com\/index.php?rest_route=\/wp\/v2\/posts\/48861\/revisions\/48863"}],"wp:featuredmedia":[{"embeddable":true,"href":"https:\/\/www.bitacoracdmx.com\/index.php?rest_route=\/wp\/v2\/media\/48862"}],"wp:attachment":[{"href":"https:\/\/www.bitacoracdmx.com\/index.php?rest_route=%2Fwp%2Fv2%2Fmedia&parent=48861"}],"wp:term":[{"taxonomy":"category","embeddable":true,"href":"https:\/\/www.bitacoracdmx.com\/index.php?rest_route=%2Fwp%2Fv2%2Fcategories&post=48861"},{"taxonomy":"post_tag","embeddable":true,"href":"https:\/\/www.bitacoracdmx.com\/index.php?rest_route=%2Fwp%2Fv2%2Ftags&post=48861"}],"curies":[{"name":"wp","href":"https:\/\/api.w.org\/{rel}","templated":true}]}}