{"id":48865,"date":"2023-01-18T01:43:42","date_gmt":"2023-01-18T01:43:42","guid":{"rendered":"https:\/\/www.bitacoracdmx.com\/?p=48865"},"modified":"2023-01-18T01:43:42","modified_gmt":"2023-01-18T01:43:42","slug":"orquesta-tipica-de-la-ciudad-de-mexico-inicia-2023-con-temporada-dedicada-a-musica-del-mundo","status":"publish","type":"post","link":"https:\/\/www.bitacoracdmx.com\/?p=48865","title":{"rendered":"ORQUESTA T\u00cdPICA DE LA CIUDAD DE M\u00c9XICO inicia 2023 con temporada dedicada a M\u00daSICA DEL MUNDO"},"content":{"rendered":"<p>[fusion_builder_container hundred_percent=&#8221;no&#8221; equal_height_columns=&#8221;no&#8221; menu_anchor=&#8221;&#8221; hide_on_mobile=&#8221;small-visibility,medium-visibility,large-visibility&#8221; class=&#8221;&#8221; id=&#8221;&#8221; background_color=&#8221;&#8221; background_image=&#8221;&#8221; background_position=&#8221;center center&#8221; background_repeat=&#8221;no-repeat&#8221; fade=&#8221;no&#8221; background_parallax=&#8221;none&#8221; parallax_speed=&#8221;0.3&#8243; video_mp4=&#8221;&#8221; video_webm=&#8221;&#8221; video_ogv=&#8221;&#8221; video_url=&#8221;&#8221; video_aspect_ratio=&#8221;16:9&#8243; video_loop=&#8221;yes&#8221; video_mute=&#8221;yes&#8221; overlay_color=&#8221;&#8221; video_preview_image=&#8221;&#8221; border_size=&#8221;&#8221; border_color=&#8221;&#8221; border_style=&#8221;solid&#8221; padding_top=&#8221;&#8221; padding_bottom=&#8221;&#8221; padding_left=&#8221;&#8221; padding_right=&#8221;&#8221;][fusion_builder_row][fusion_builder_column type=&#8221;1_1&#8243; layout=&#8221;1_1&#8243; background_position=&#8221;left top&#8221; background_color=&#8221;&#8221; border_size=&#8221;&#8221; border_color=&#8221;&#8221; border_style=&#8221;solid&#8221; border_position=&#8221;all&#8221; spacing=&#8221;yes&#8221; background_image=&#8221;&#8221; background_repeat=&#8221;no-repeat&#8221; padding_top=&#8221;&#8221; padding_right=&#8221;&#8221; padding_bottom=&#8221;&#8221; padding_left=&#8221;&#8221; margin_top=&#8221;0px&#8221; margin_bottom=&#8221;0px&#8221; class=&#8221;&#8221; id=&#8221;&#8221; animation_type=&#8221;&#8221; animation_speed=&#8221;0.3&#8243; animation_direction=&#8221;left&#8221; hide_on_mobile=&#8221;small-visibility,medium-visibility,large-visibility&#8221; center_content=&#8221;no&#8221; last=&#8221;no&#8221; min_height=&#8221;&#8221; hover_type=&#8221;none&#8221; link=&#8221;&#8221;][fusion_text]<\/p>\n<p>REDACCI\u00d3N<\/p>\n<ul>\n<li dir=\"ltr\" aria-level=\"1\">\n<p dir=\"ltr\" role=\"presentation\">La Orquesta T\u00edpica de la Ciudad de M\u00e9xico, de la Secretar\u00eda de Cultura capitalina, ofrecer\u00e1 dos conciertos este fin de semana, el primero en su sede la FARO Cosmos y el segundo en el Museo Jos\u00e9 Luis Cuevas.<\/p>\n<\/li>\n<li dir=\"ltr\" aria-level=\"1\">\n<p dir=\"ltr\" role=\"presentation\">Para esta nueva temporada la Orquesta prepara un programa con m\u00fasica de pa\u00edses como Rusia, Finlandia y Argentina, entre otros, cuyos temas tuvieron que ser adaptados para poder tocarse con los instrumentos t\u00edpicos de la agrupaci\u00f3n<\/p>\n<\/li>\n<li dir=\"ltr\" aria-level=\"1\">\n<p dir=\"ltr\" role=\"presentation\">Con el arranque de esta temporada de la Orquesta T\u00edpica y la de la Orquesta Filarm\u00f3nica de la Ciudad de M\u00e9xico, la Secretar\u00eda de Cultura local da inicio esta semana a su oferta musical con sus dos agrupaciones m\u00e1s representativas.<\/p>\n<\/li>\n<\/ul>\n<p dir=\"ltr\">La\u00a0<strong>Orquesta T\u00edpica de la Ciudad de M\u00e9xico<\/strong>, agrupaci\u00f3n de la\u00a0<strong>Secretar\u00eda de Cultura capitalina<\/strong>, iniciar\u00e1 su\u00a0<strong>primera temporada de 2023<\/strong>\u00a0con dos conciertos, en la\u00a0<strong>F\u00e1brica de Artes y Oficios (FARO) Cosmos<\/strong>\u00a0y en el\u00a0<strong>Museo Jos\u00e9 Luis Cuevas<\/strong>, en los que presentar\u00e1 el programa especial\u00a0<strong>\u201cM\u00fasica del Mundo\u201d<\/strong>, que incluye piezas de Astor Piazzolla, Anton\u00edn Dvorak y Enrique Granados.<\/p>\n<p dir=\"ltr\">Tras un 2022 de m\u00faltiples \u00e9xitos y presentaciones en la Ciudad de M\u00e9xico y en Guanajuato, con su concierto especial en el Templo de la Compa\u00f1\u00eda de Jes\u00fas Oratorio de San Felipe Neri de Guanajuato para la edici\u00f3n 50 del Festival Internacional Cervantino (FIC), la Orquesta T\u00edpica iniciar\u00e1 un nuevo a\u00f1o en la que ha sido su sede desde septiembre de 2021: la FARO Cosmos.<\/p>\n<p dir=\"ltr\">La Orquesta dirigida por el maestro Salvador Gu\u00edzar, caracterizada por su repertorio de ritmos tradicionales de compositores mexicanos como Manuel Esper\u00f3n, Agust\u00edn Lara y Manuel M. Ponce, inaugura su temporada con el programa \u201cM\u00fasica del Mundo\u201d con temas de pa\u00edses como Rusia, Finlandia y Argentina, entre otros.<\/p>\n<p dir=\"ltr\">El primer concierto se llevar\u00e1 a cabo el viernes 20 de enero en punto de las 18:00 horas en la F\u00e1brica de Artes y Oficios (FARO) Cosmos, ubicada en la calzada M\u00e9xico-Tacuba, colonia Tlaxpana de la alcald\u00eda Miguel Hidalgo, cerca de la estaci\u00f3n de Normal de la L\u00ednea 2 del Metro; mientras que su segunda presentaci\u00f3n tendr\u00e1 lugar en el Museo Jos\u00e9 Luis Cueva, que se encuentra en Academia 13 del Centro Hist\u00f3rico en la alcald\u00eda Cuauht\u00e9moc el domingo a las 11:30 horas; ambos eventos son gratuitos.<\/p>\n<p dir=\"ltr\">El programa especial de ambos conciertos presenta m\u00fasica que no se encuentra com\u00fanmente en su repertorio y que para la ocasi\u00f3n fue adaptada para poder ser tocada con los instrumentos t\u00edpicos de la Orquesta.<\/p>\n<p dir=\"ltr\">Est\u00e1 compuesto por los temas Overtura de Die Fledermaus de Johann Strauss, el Vals Triste de Jean Sibelius, fragmentos de Danzas Polovetsianas de Alexander Borodin y Czardas de Vitorio Monti.<\/p>\n<p dir=\"ltr\">Seguidos por el Intermezzo de Goyescas de Enrique Granados, Danza eslava Op. 46 No.8 de Anton\u00edn Dvorak, Invierno Porte\u00f1o de Astor Piazzola y La Comparsa de Ernesto Lecuona; los conciertos contar\u00e1n con la direcci\u00f3n del maestro Salvador Gu\u00edzar y dos solos de viol\u00edn de Guadalupe Trejo Salterio y de Cecilia Becerra.<\/p>\n<p dir=\"ltr\">La Orquesta T\u00edpica de la Ciudad de M\u00e9xico, fue fundada el 1 de agosto de 1884 y es una de las instituciones musicales m\u00e1s antiguas de nuestra ciudad y del pa\u00eds, forma parte esencial de la tradici\u00f3n popular mexicana, tiene car\u00e1cter sinf\u00f3nico y su misi\u00f3n es preservar y recrear la tradicional m\u00fasica mexicana.<\/p>\n<p dir=\"ltr\">Este inicio de temporada de la Orquesta T\u00edpica de la Ciudad de M\u00e9xico, junto con la de la Orquesta Filarm\u00f3nica de la Ciudad de M\u00e9xico que arranca el 21 de enero, la Secretar\u00eda de Cultura capitalina abre oficialmente su oferta musical a trav\u00e9s de sus dos agrupaciones m\u00e1s importantes que fueron clave en la recuperaci\u00f3n de los espacios p\u00fablicos tras la pandemia de COVID-19, prop\u00f3sito y compromiso que continuar\u00e1n en 2023.<\/p>\n<p dir=\"ltr\">Para conocer todas las actividades y otros eventos de la Secretar\u00eda de Cultura capitalina, se puede consultar la Cartelera de la Ciudad de M\u00e9xico\u00a0 (<a href=\"https:\/\/gob.us21.list-manage.com\/track\/click?u=24ab1d8cf82850533a5af327c&amp;id=96e2e08b84&amp;e=4fe2704bc3\" target=\"_blank\" rel=\"noopener noreferrer\" data-auth=\"NotApplicable\" data-linkindex=\"0\">https:\/\/cartelera.cdmx.gob.mx\/<\/a>) \u00a0y las redes sociales de la Secretar\u00eda de Cultura:\u00a0Facebook, Twitter, Instagram y YouTube.<\/p>\n<p dir=\"ltr\"><a class=\"x1i10hfl xjbqb8w x6umtig x1b1mbwd xaqea5y xav7gou x9f619 x1ypdohk xt0psk2 xe8uvvx xdj266r x11i5rnm xat24cr x1mh8g0r xexx8yu x4uap5 x18d9i69 xkhd6sd x16tdsg8 x1hl2dhg xggy1nq x1a2a7pz xt0b8zv x1qq9wsj xo1l8bm\" tabindex=\"0\" role=\"link\" href=\"https:\/\/www.facebook.com\/hashtag\/secretariadeculturacdmx?__eep__=6&amp;__cft__[0]=AZUGFE2w0ALU7cWu1HobmZyRF4Ar5HOL0HZOFAcF3NsoD1ygRJxt0u1M8NZkmLegmhxDFxrOU7lYUyFbjxl3A07FclJBTu1Vw4d1u2uGPN7Ha2eFFuFjRHaLbWncb0SFiaaUgE-hQuh9-SrtUVopXpyP&amp;__tn__=*NK-R\">#secretariadeculturacdmx<\/a><\/p>\n<p>[\/fusion_text][fusion_imageframe image_id=&#8221;48869|medium&#8221; max_width=&#8221;&#8221; style_type=&#8221;&#8221; blur=&#8221;&#8221; stylecolor=&#8221;&#8221; hover_type=&#8221;none&#8221; bordersize=&#8221;&#8221; bordercolor=&#8221;&#8221; borderradius=&#8221;&#8221; align=&#8221;none&#8221; lightbox=&#8221;no&#8221; gallery_id=&#8221;&#8221; lightbox_image=&#8221;&#8221; lightbox_image_id=&#8221;&#8221; alt=&#8221;&#8221; link=&#8221;&#8221; linktarget=&#8221;_self&#8221; hide_on_mobile=&#8221;small-visibility,medium-visibility,large-visibility&#8221; class=&#8221;&#8221; id=&#8221;&#8221; animation_type=&#8221;&#8221; animation_direction=&#8221;left&#8221; animation_speed=&#8221;0.3&#8243; animation_offset=&#8221;&#8221;]https:\/\/www.bitacoracdmx.com\/wp-content\/uploads\/2023\/01\/2dc37bdb-22b9-9f90-99ae-d2ff245bfd27-232&#215;300.jpeg[\/fusion_imageframe][\/fusion_builder_column][\/fusion_builder_row][\/fusion_builder_container]<\/p>\n","protected":false},"excerpt":{"rendered":"<p>[fusion_builder_container hundred_percent=&#8221;no&#8221; equal_height_columns=&#8221;no&#8221; menu_anchor=&#8221;&#8221; hide_on_mobile=&#8221;small-visibility,medium-visibility,large-visibility&#8221; class=&#8221;&#8221; id=&#8221;&#8221; background_color=&#8221;&#8221; background_image=&#8221;&#8221; background_position=&#8221;center center&#8221; background_repeat=&#8221;no-repeat&#8221; fade=&#8221;no&#8221; background_parallax=&#8221;none&#8221; parallax_speed=&#8221;0.3&#8243; video_mp4=&#8221;&#8221; video_webm=&#8221;&#8221; video_ogv=&#8221;&#8221; video_url=&#8221;&#8221; video_aspect_ratio=&#8221;16:9&#8243; video_loop=&#8221;yes&#8221; video_mute=&#8221;yes&#8221; overlay_color=&#8221;&#8221; video_preview_image=&#8221;&#8221; border_size=&#8221;&#8221; border_color=&#8221;&#8221; border_style=&#8221;solid&#8221; padding_top=&#8221;&#8221; padding_bottom=&#8221;&#8221; padding_left=&#8221;&#8221; padding_right=&#8221;&#8221;][fusion_builder_row][fusion_builder_column type=&#8221;1_1&#8243; layout=&#8221;1_1&#8243; background_position=&#8221;left top&#8221; background_color=&#8221;&#8221; border_size=&#8221;&#8221; border_color=&#8221;&#8221; border_style=&#8221;solid&#8221; border_position=&#8221;all&#8221; spacing=&#8221;yes&#8221; background_image=&#8221;&#8221; background_repeat=&#8221;no-repeat&#8221; padding_top=&#8221;&#8221; padding_right=&#8221;&#8221; padding_bottom=&#8221;&#8221; padding_left=&#8221;&#8221; margin_top=&#8221;0px&#8221; margin_bottom=&#8221;0px&#8221; class=&#8221;&#8221; id=&#8221;&#8221; animation_type=&#8221;&#8221; animation_speed=&#8221;0.3&#8243; animation_direction=&#8221;left&#8221; hide_on_mobile=&#8221;small-visibility,medium-visibility,large-visibility&#8221; center_content=&#8221;no&#8221; last=&#8221;no&#8221; min_height=&#8221;&#8221; hover_type=&#8221;none&#8221; link=&#8221;&#8221;][fusion_text] REDACCI\u00d3N La Orquesta T\u00edpica de la Ciudad de M\u00e9xico, de la Secretar\u00eda de Cultura capitalina, ofrecer\u00e1 dos conciertos este fin de semana, el primero en su sede la FARO Cosmos y el segundo en el Museo Jos\u00e9 Luis Cuevas. Para [&hellip;]<\/p>\n","protected":false},"author":1,"featured_media":48869,"comment_status":"open","ping_status":"open","sticky":false,"template":"","format":"standard","meta":{"footnotes":""},"categories":[9,11],"tags":[],"_links":{"self":[{"href":"https:\/\/www.bitacoracdmx.com\/index.php?rest_route=\/wp\/v2\/posts\/48865"}],"collection":[{"href":"https:\/\/www.bitacoracdmx.com\/index.php?rest_route=\/wp\/v2\/posts"}],"about":[{"href":"https:\/\/www.bitacoracdmx.com\/index.php?rest_route=\/wp\/v2\/types\/post"}],"author":[{"embeddable":true,"href":"https:\/\/www.bitacoracdmx.com\/index.php?rest_route=\/wp\/v2\/users\/1"}],"replies":[{"embeddable":true,"href":"https:\/\/www.bitacoracdmx.com\/index.php?rest_route=%2Fwp%2Fv2%2Fcomments&post=48865"}],"version-history":[{"count":1,"href":"https:\/\/www.bitacoracdmx.com\/index.php?rest_route=\/wp\/v2\/posts\/48865\/revisions"}],"predecessor-version":[{"id":48870,"href":"https:\/\/www.bitacoracdmx.com\/index.php?rest_route=\/wp\/v2\/posts\/48865\/revisions\/48870"}],"wp:featuredmedia":[{"embeddable":true,"href":"https:\/\/www.bitacoracdmx.com\/index.php?rest_route=\/wp\/v2\/media\/48869"}],"wp:attachment":[{"href":"https:\/\/www.bitacoracdmx.com\/index.php?rest_route=%2Fwp%2Fv2%2Fmedia&parent=48865"}],"wp:term":[{"taxonomy":"category","embeddable":true,"href":"https:\/\/www.bitacoracdmx.com\/index.php?rest_route=%2Fwp%2Fv2%2Fcategories&post=48865"},{"taxonomy":"post_tag","embeddable":true,"href":"https:\/\/www.bitacoracdmx.com\/index.php?rest_route=%2Fwp%2Fv2%2Ftags&post=48865"}],"curies":[{"name":"wp","href":"https:\/\/api.w.org\/{rel}","templated":true}]}}