{"id":48868,"date":"2023-01-18T01:52:55","date_gmt":"2023-01-18T01:52:55","guid":{"rendered":"https:\/\/www.bitacoracdmx.com\/?p=48868"},"modified":"2023-01-18T01:52:55","modified_gmt":"2023-01-18T01:52:55","slug":"diablos-rojos-firman-con-organizaciones-de-mlb","status":"publish","type":"post","link":"https:\/\/www.bitacoracdmx.com\/?p=48868","title":{"rendered":"DIABLOS ROJOS firman con organizaciones de MLB"},"content":{"rendered":"<p>[fusion_builder_container hundred_percent=&#8221;no&#8221; equal_height_columns=&#8221;no&#8221; menu_anchor=&#8221;&#8221; hide_on_mobile=&#8221;small-visibility,medium-visibility,large-visibility&#8221; class=&#8221;&#8221; id=&#8221;&#8221; background_color=&#8221;&#8221; background_image=&#8221;&#8221; background_position=&#8221;center center&#8221; background_repeat=&#8221;no-repeat&#8221; fade=&#8221;no&#8221; background_parallax=&#8221;none&#8221; parallax_speed=&#8221;0.3&#8243; video_mp4=&#8221;&#8221; video_webm=&#8221;&#8221; video_ogv=&#8221;&#8221; video_url=&#8221;&#8221; video_aspect_ratio=&#8221;16:9&#8243; video_loop=&#8221;yes&#8221; video_mute=&#8221;yes&#8221; overlay_color=&#8221;&#8221; video_preview_image=&#8221;&#8221; border_size=&#8221;&#8221; border_color=&#8221;&#8221; border_style=&#8221;solid&#8221; padding_top=&#8221;&#8221; padding_bottom=&#8221;&#8221; padding_left=&#8221;&#8221; padding_right=&#8221;&#8221;][fusion_builder_row][fusion_builder_column type=&#8221;1_1&#8243; layout=&#8221;1_1&#8243; background_position=&#8221;left top&#8221; background_color=&#8221;&#8221; border_size=&#8221;&#8221; border_color=&#8221;&#8221; border_style=&#8221;solid&#8221; border_position=&#8221;all&#8221; spacing=&#8221;yes&#8221; background_image=&#8221;&#8221; background_repeat=&#8221;no-repeat&#8221; padding_top=&#8221;&#8221; padding_right=&#8221;&#8221; padding_bottom=&#8221;&#8221; padding_left=&#8221;&#8221; margin_top=&#8221;0px&#8221; margin_bottom=&#8221;0px&#8221; class=&#8221;&#8221; id=&#8221;&#8221; animation_type=&#8221;&#8221; animation_speed=&#8221;0.3&#8243; animation_direction=&#8221;left&#8221; hide_on_mobile=&#8221;small-visibility,medium-visibility,large-visibility&#8221; center_content=&#8221;no&#8221; last=&#8221;no&#8221; min_height=&#8221;&#8221; hover_type=&#8221;none&#8221; link=&#8221;&#8221;][fusion_text]<\/p>\n<p>REDACCI\u00d3N<\/p>\n<div dir=\"ltr\">Los Diablos Rojos del M\u00e9xico dan a conocer que el lanzador Obed Balderas y el c\u00e1tcher Santiago Contreras, desarrollados en la Academia Alfredo Harp Hel\u00fa, fueron firmados este martes 17 de enero por los Medias Rojas de Boston y los San Diego Padres, respectivamente.<\/div>\n<div aria-hidden=\"true\"><\/div>\n<div dir=\"ltr\">Al haberse abierto el periodo de firmar internacionales con los equipos de Grandes Ligas, Balderas y Contreras oficialmente se integran a estas organizaciones tras firmar con ellos en Monterrey (Obed) y en Mazatl\u00e1n (Santiago).<\/div>\n<div aria-hidden=\"true\"><\/div>\n<div dir=\"ltr\">Obed, de 16 a\u00f1os de edad, firm\u00f3 con los Medias Rojas en un evento realizado en el Sal\u00f3n de la Fama del Beisbol Mexicano, en Monterrey. El pitcher form\u00f3 parte de los Diablos Rojos del M\u00e9xico en la Liga Invernal Mexicana 2022 (LIM), cumpliendo labores de relevista. Vio acci\u00f3n en dos encuentros, en los que lanz\u00f3 tres entradas, admitiendo dos carreras, cuatro hits, sin base por bolas regalada y un ponche.<\/div>\n<div aria-hidden=\"true\"><\/div>\n<div dir=\"ltr\">Comenz\u00f3 a jugar a los 4 a\u00f1os en la Liga Escobedo Norte y fue a los 10 a\u00f1os que se dio cuenta de que quer\u00eda dedicarse a jugar beisbol. Fue firmado por los Diablos a los 15 a\u00f1os para comenzar a trabajar en la Academia Alfredo Harp Hel\u00fa.<\/div>\n<div aria-hidden=\"true\"><\/div>\n<div dir=\"ltr\">Por su parte, Contreras, de 17 a\u00f1os, firm\u00f3 con la escuadra californiana en Mazatl\u00e1n, Sinaloa. El receptor tambi\u00e9n fue parte de la \u2018Pandilla Escarlata\u2019 en la temporada anterior de la LIM, participando en siete juegos, en los que peg\u00f3 cinco hits, con ocho carreras anotadas y cuatro producidas.<\/div>\n<div aria-hidden=\"true\"><\/div>\n<div dir=\"ltr\">Santiago comenz\u00f3 a jugar a los 7 a\u00f1os en la Liga Mazatl\u00e1n. Particip\u00f3 en torneos Nacionales y Estatales. A los 13 a\u00f1os fue que decidi\u00f3 que quer\u00eda jugar profesionalmente. Fue firmado por los Diablos Rojos a principios del 2022.<\/div>\n<div dir=\"ltr\"><\/div>\n<div dir=\"ltr\"><a class=\"x1i10hfl xjbqb8w x6umtig x1b1mbwd xaqea5y xav7gou x9f619 x1ypdohk xt0psk2 xe8uvvx xdj266r x11i5rnm xat24cr x1mh8g0r xexx8yu x4uap5 x18d9i69 xkhd6sd x16tdsg8 x1hl2dhg xggy1nq x1a2a7pz xt0b8zv x1qq9wsj xo1l8bm\" tabindex=\"0\" role=\"link\" href=\"https:\/\/www.facebook.com\/hashtag\/diablosrojosdelmexico?__eep__=6&amp;__cft__[0]=AZUOH8Bm_rWVCQL1bOZiLmOh8pHMLgiDJg6gS-Z6h8aZXQm70jykCJltzWY5GiyCl-zMkASTopq29lsKht1ZX_C2ig0SANdZlLVuhti3J5jRY75vbIgo4dZA1RWXc2W0Gv8&amp;__tn__=*NK-R\">#diablosrojosdelmexico<\/a><\/div>\n<div dir=\"ltr\" aria-hidden=\"true\"><\/div>\n<p>[\/fusion_text][fusion_imageframe image_id=&#8221;48871|medium&#8221; max_width=&#8221;&#8221; style_type=&#8221;&#8221; blur=&#8221;&#8221; stylecolor=&#8221;&#8221; hover_type=&#8221;none&#8221; bordersize=&#8221;&#8221; bordercolor=&#8221;&#8221; borderradius=&#8221;&#8221; align=&#8221;none&#8221; lightbox=&#8221;no&#8221; gallery_id=&#8221;&#8221; lightbox_image=&#8221;&#8221; lightbox_image_id=&#8221;&#8221; alt=&#8221;&#8221; link=&#8221;&#8221; linktarget=&#8221;_self&#8221; hide_on_mobile=&#8221;small-visibility,medium-visibility,large-visibility&#8221; class=&#8221;&#8221; id=&#8221;&#8221; animation_type=&#8221;&#8221; animation_direction=&#8221;left&#8221; animation_speed=&#8221;0.3&#8243; animation_offset=&#8221;&#8221;]https:\/\/www.bitacoracdmx.com\/wp-content\/uploads\/2023\/01\/Santiago-Contreras-firma-con-Padres-225&#215;300.jpg[\/fusion_imageframe][\/fusion_builder_column][\/fusion_builder_row][\/fusion_builder_container]<\/p>\n","protected":false},"excerpt":{"rendered":"<p>[fusion_builder_container hundred_percent=&#8221;no&#8221; equal_height_columns=&#8221;no&#8221; menu_anchor=&#8221;&#8221; hide_on_mobile=&#8221;small-visibility,medium-visibility,large-visibility&#8221; class=&#8221;&#8221; id=&#8221;&#8221; background_color=&#8221;&#8221; background_image=&#8221;&#8221; background_position=&#8221;center center&#8221; background_repeat=&#8221;no-repeat&#8221; fade=&#8221;no&#8221; background_parallax=&#8221;none&#8221; parallax_speed=&#8221;0.3&#8243; video_mp4=&#8221;&#8221; video_webm=&#8221;&#8221; video_ogv=&#8221;&#8221; video_url=&#8221;&#8221; video_aspect_ratio=&#8221;16:9&#8243; video_loop=&#8221;yes&#8221; video_mute=&#8221;yes&#8221; overlay_color=&#8221;&#8221; video_preview_image=&#8221;&#8221; border_size=&#8221;&#8221; border_color=&#8221;&#8221; border_style=&#8221;solid&#8221; padding_top=&#8221;&#8221; padding_bottom=&#8221;&#8221; padding_left=&#8221;&#8221; padding_right=&#8221;&#8221;][fusion_builder_row][fusion_builder_column type=&#8221;1_1&#8243; layout=&#8221;1_1&#8243; background_position=&#8221;left top&#8221; background_color=&#8221;&#8221; border_size=&#8221;&#8221; border_color=&#8221;&#8221; border_style=&#8221;solid&#8221; border_position=&#8221;all&#8221; spacing=&#8221;yes&#8221; background_image=&#8221;&#8221; background_repeat=&#8221;no-repeat&#8221; padding_top=&#8221;&#8221; padding_right=&#8221;&#8221; padding_bottom=&#8221;&#8221; padding_left=&#8221;&#8221; margin_top=&#8221;0px&#8221; margin_bottom=&#8221;0px&#8221; class=&#8221;&#8221; id=&#8221;&#8221; animation_type=&#8221;&#8221; animation_speed=&#8221;0.3&#8243; animation_direction=&#8221;left&#8221; hide_on_mobile=&#8221;small-visibility,medium-visibility,large-visibility&#8221; center_content=&#8221;no&#8221; last=&#8221;no&#8221; min_height=&#8221;&#8221; hover_type=&#8221;none&#8221; link=&#8221;&#8221;][fusion_text] REDACCI\u00d3N Los Diablos Rojos del M\u00e9xico dan a conocer que el lanzador Obed Balderas y el c\u00e1tcher Santiago Contreras, desarrollados en la Academia Alfredo Harp Hel\u00fa, fueron firmados este martes 17 de enero por los Medias Rojas de Boston y [&hellip;]<\/p>\n","protected":false},"author":1,"featured_media":48871,"comment_status":"open","ping_status":"open","sticky":false,"template":"","format":"standard","meta":{"footnotes":""},"categories":[6,9],"tags":[],"_links":{"self":[{"href":"https:\/\/www.bitacoracdmx.com\/index.php?rest_route=\/wp\/v2\/posts\/48868"}],"collection":[{"href":"https:\/\/www.bitacoracdmx.com\/index.php?rest_route=\/wp\/v2\/posts"}],"about":[{"href":"https:\/\/www.bitacoracdmx.com\/index.php?rest_route=\/wp\/v2\/types\/post"}],"author":[{"embeddable":true,"href":"https:\/\/www.bitacoracdmx.com\/index.php?rest_route=\/wp\/v2\/users\/1"}],"replies":[{"embeddable":true,"href":"https:\/\/www.bitacoracdmx.com\/index.php?rest_route=%2Fwp%2Fv2%2Fcomments&post=48868"}],"version-history":[{"count":1,"href":"https:\/\/www.bitacoracdmx.com\/index.php?rest_route=\/wp\/v2\/posts\/48868\/revisions"}],"predecessor-version":[{"id":48872,"href":"https:\/\/www.bitacoracdmx.com\/index.php?rest_route=\/wp\/v2\/posts\/48868\/revisions\/48872"}],"wp:featuredmedia":[{"embeddable":true,"href":"https:\/\/www.bitacoracdmx.com\/index.php?rest_route=\/wp\/v2\/media\/48871"}],"wp:attachment":[{"href":"https:\/\/www.bitacoracdmx.com\/index.php?rest_route=%2Fwp%2Fv2%2Fmedia&parent=48868"}],"wp:term":[{"taxonomy":"category","embeddable":true,"href":"https:\/\/www.bitacoracdmx.com\/index.php?rest_route=%2Fwp%2Fv2%2Fcategories&post=48868"},{"taxonomy":"post_tag","embeddable":true,"href":"https:\/\/www.bitacoracdmx.com\/index.php?rest_route=%2Fwp%2Fv2%2Ftags&post=48868"}],"curies":[{"name":"wp","href":"https:\/\/api.w.org\/{rel}","templated":true}]}}