{"id":48876,"date":"2023-01-18T03:06:26","date_gmt":"2023-01-18T03:06:26","guid":{"rendered":"https:\/\/www.bitacoracdmx.com\/?p=48876"},"modified":"2023-01-18T03:06:26","modified_gmt":"2023-01-18T03:06:26","slug":"lauren-jauregui-tendra-su-primer-concierto-en-la-ciudad-de-mexico","status":"publish","type":"post","link":"https:\/\/www.bitacoracdmx.com\/?p=48876","title":{"rendered":"\u00a1Lauren Jauregui tendr\u00e1 su primer concierto en la Ciudad de M\u00e9xico!"},"content":{"rendered":"<p>[fusion_builder_container hundred_percent=&#8221;no&#8221; equal_height_columns=&#8221;no&#8221; menu_anchor=&#8221;&#8221; hide_on_mobile=&#8221;small-visibility,medium-visibility,large-visibility&#8221; class=&#8221;&#8221; id=&#8221;&#8221; background_color=&#8221;&#8221; background_image=&#8221;&#8221; background_position=&#8221;center center&#8221; background_repeat=&#8221;no-repeat&#8221; fade=&#8221;no&#8221; background_parallax=&#8221;none&#8221; parallax_speed=&#8221;0.3&#8243; video_mp4=&#8221;&#8221; video_webm=&#8221;&#8221; video_ogv=&#8221;&#8221; video_url=&#8221;&#8221; video_aspect_ratio=&#8221;16:9&#8243; video_loop=&#8221;yes&#8221; video_mute=&#8221;yes&#8221; overlay_color=&#8221;&#8221; video_preview_image=&#8221;&#8221; border_size=&#8221;&#8221; border_color=&#8221;&#8221; border_style=&#8221;solid&#8221; padding_top=&#8221;&#8221; padding_bottom=&#8221;&#8221; padding_left=&#8221;&#8221; padding_right=&#8221;&#8221;][fusion_builder_row][fusion_builder_column type=&#8221;1_1&#8243; layout=&#8221;1_1&#8243; background_position=&#8221;left top&#8221; background_color=&#8221;&#8221; border_size=&#8221;&#8221; border_color=&#8221;&#8221; border_style=&#8221;solid&#8221; border_position=&#8221;all&#8221; spacing=&#8221;yes&#8221; background_image=&#8221;&#8221; background_repeat=&#8221;no-repeat&#8221; padding_top=&#8221;&#8221; padding_right=&#8221;&#8221; padding_bottom=&#8221;&#8221; padding_left=&#8221;&#8221; margin_top=&#8221;0px&#8221; margin_bottom=&#8221;0px&#8221; class=&#8221;&#8221; id=&#8221;&#8221; animation_type=&#8221;&#8221; animation_speed=&#8221;0.3&#8243; animation_direction=&#8221;left&#8221; hide_on_mobile=&#8221;small-visibility,medium-visibility,large-visibility&#8221; center_content=&#8221;no&#8221; last=&#8221;no&#8221; min_height=&#8221;&#8221; hover_type=&#8221;none&#8221; link=&#8221;&#8221;][fusion_text]<\/p>\n<p>REDACCI\u00d3N<\/p>\n<div class=\"pr-story--element-space\">\n<div class=\"pr-story-subheader\">\n<h3 class=\"pr-story--subheader text--wrap pr-font--sans\">13 de marzo, 2023 \u2013 Pabell\u00f3n Oeste<\/h3>\n<\/div>\n<\/div>\n<div class=\"pr-story--element-space\">\n<div class=\"pr-story-subheader\">\n<h3 class=\"pr-story--subheader text--wrap pr-font--sans\">Preventa Citibanamex: 19 de enero<\/h3>\n<\/div>\n<\/div>\n<div class=\"pr-story--element-space\">\n<div class=\"pr-story-paragraph\">\n<div class=\"pr-story--text\"><b>Lauren Jauregui<\/b>, ex integrante de la exitosa agrupaci\u00f3n Fifth Harmony, anunci\u00f3 hoy su primer concierto en la capital del pa\u00eds en el marco de su gira\u00a0<i>Una Noche Con Lauren Jauregui<\/i>. La cantautora se presentar\u00e1 el\u00a0<b>13 de marzo de 2023 en el Pabell\u00f3n Oeste del Palacio de los Deportes\u00a0<\/b>y los boletos estar\u00e1n disponibles el\u00a0<b>19 de enero en la Preventa Citibanamex\u00a0<\/b>y, a partir del 20 de enero en la venta general por medio de la\u00a0<b>Red Ticketmaster<\/b>.<\/div>\n<div><\/div>\n<\/div>\n<\/div>\n<div class=\"pr-story--element-space\">\n<div class=\"pr-story-paragraph\">\n<div class=\"pr-story--text\">El mundo conoci\u00f3 a la artista cubana americana\u00a0<b>Lauren Jauregui\u00a0<\/b>gracias a la popular agrupaci\u00f3n femenina ganadora de discos Platino y multipremiada Fifth Harmony. A partir de 2018, la cantautora ha mostrado con su proyecto como solista una evoluci\u00f3n musical que se fortalece cada d\u00eda m\u00e1s.<\/div>\n<div><\/div>\n<\/div>\n<\/div>\n<div class=\"pr-story--element-space\">\n<div class=\"pr-story-paragraph\">\n<div class=\"pr-story--text\">Su primer sencillo \u201cExpectations\u201d gener\u00f3 m\u00e1s de 100 millones de\u00a0<i>streams<\/i>\u00a0y, en 2020, contribuy\u00f3 con \u201cInvisible Chains\u201d al\u00a0<i>soundtrack\u00a0<\/i>de la pel\u00edcula\u00a0<i>Harley Queen: Birds Of Prey<\/i>. Un a\u00f1o despu\u00e9s lanz\u00f3 una nueva canci\u00f3n, \u201cTemporary\u201d, en colaboraci\u00f3n con una iniciativa de salud mental patrocinada por Ad Council.<\/div>\n<\/div>\n<\/div>\n<div class=\"pr-story--element-space\">\n<div class=\"pr-story-paragraph\">\n<div class=\"pr-story--text\"><b>OCESA<i>fact:\u00a0<\/i>Lauren es activista a favor de diversas iniciativas que protegen los derechos humanos, de las mujeres y LGBTQ+.<\/b><\/div>\n<div><\/div>\n<\/div>\n<\/div>\n<div class=\"pr-story--element-space\">\n<div class=\"pr-story-paragraph\">\n<div class=\"pr-story--text\">Con su disco debut que lanz\u00f3 de forma independiente,\u00a0<i>PRELUDE (2021)<\/i>,\u00a0<b>Lauren\u00a0<\/b>present\u00f3 su propia historia de libertad de expresi\u00f3n tanto de manera creativa como personal, donde mostr\u00f3 cada parte de ella de forma sincera, sin esconder su esp\u00edritu, sensualidad, estilo y alma; una aut\u00e9ntica carta autodescriptiva de lo que realmente es.<\/div>\n<div><\/div>\n<\/div>\n<\/div>\n<div class=\"pr-story--element-space\">\n<div class=\"pr-story-paragraph\">\n<div class=\"pr-story--text\">El 28 de octubre de 2022,\u00a0<b>Lauren Jauregui\u00a0<\/b>public\u00f3 una nueva balada con su caracter\u00edstico sello hecho con el alma, \u201cAlways Love\u201d, acompa\u00f1ada de un video lleno de nostalgia. El sencillo muestra la disoluci\u00f3n de una relaci\u00f3n amorosa, as\u00ed como los bellos y no tan bellos sentimientos que una persona puede tener en esta situaci\u00f3n.<\/div>\n<div><\/div>\n<\/div>\n<\/div>\n<div class=\"pr-story--element-space\">\n<div class=\"pr-story-paragraph\">\n<div class=\"pr-story--text\">El pr\u00f3ximo\u00a0<b>13 de marzo<\/b>,\u00a0<b>Lauren\u00a0<\/b>llegar\u00e1 por primera vez a la\u00a0<b>Ciudad de M\u00e9xico\u00a0<\/b>con un gran concierto que ofrecer\u00e1 en el\u00a0<b>Pabell\u00f3n Oeste<\/b>. La\u00a0<b>Preventa Citibanamex\u00a0<\/b>comenzar\u00e1 este\u00a0<b>19 de enero.<\/b><\/div>\n<\/div>\n<div><a class=\"x1i10hfl xjbqb8w x6umtig x1b1mbwd xaqea5y xav7gou x9f619 x1ypdohk xt0psk2 xe8uvvx xdj266r x11i5rnm xat24cr x1mh8g0r xexx8yu x4uap5 x18d9i69 xkhd6sd x16tdsg8 x1hl2dhg xggy1nq x1a2a7pz xt0b8zv x1qq9wsj xo1l8bm\" tabindex=\"0\" role=\"link\" href=\"https:\/\/www.facebook.com\/hashtag\/laurenjauregui?__eep__=6&amp;__cft__[0]=AZUeiHkW24MNp8LWA_6ihAgylt8oqsWIC0-3l9jmGtCVi7QkwmOlov0gGuiAZj_Jf4mtRgb_16joOvkPGEUwwHOMk84I2yfSCa7q8Ri1lVWl7ArcAlgO14awaOjmMo0PIWU&amp;__tn__=*NK-R\">#laurenjauregui<\/a><\/div>\n<\/div>\n<p>[\/fusion_text][fusion_imageframe image_id=&#8221;48877|medium&#8221; max_width=&#8221;&#8221; style_type=&#8221;&#8221; blur=&#8221;&#8221; stylecolor=&#8221;&#8221; hover_type=&#8221;none&#8221; bordersize=&#8221;&#8221; bordercolor=&#8221;&#8221; borderradius=&#8221;&#8221; align=&#8221;none&#8221; lightbox=&#8221;no&#8221; gallery_id=&#8221;&#8221; lightbox_image=&#8221;&#8221; lightbox_image_id=&#8221;&#8221; alt=&#8221;&#8221; link=&#8221;&#8221; linktarget=&#8221;_self&#8221; hide_on_mobile=&#8221;small-visibility,medium-visibility,large-visibility&#8221; class=&#8221;&#8221; id=&#8221;&#8221; animation_type=&#8221;&#8221; animation_direction=&#8221;left&#8221; animation_speed=&#8221;0.3&#8243; animation_offset=&#8221;&#8221;]https:\/\/www.bitacoracdmx.com\/wp-content\/uploads\/2023\/01\/image_processing20230116-3160608-qrnf1a-300&#215;157.jpg[\/fusion_imageframe][\/fusion_builder_column][\/fusion_builder_row][\/fusion_builder_container]<\/p>\n","protected":false},"excerpt":{"rendered":"<p>[fusion_builder_container hundred_percent=&#8221;no&#8221; equal_height_columns=&#8221;no&#8221; menu_anchor=&#8221;&#8221; hide_on_mobile=&#8221;small-visibility,medium-visibility,large-visibility&#8221; class=&#8221;&#8221; id=&#8221;&#8221; background_color=&#8221;&#8221; background_image=&#8221;&#8221; background_position=&#8221;center center&#8221; background_repeat=&#8221;no-repeat&#8221; fade=&#8221;no&#8221; background_parallax=&#8221;none&#8221; parallax_speed=&#8221;0.3&#8243; video_mp4=&#8221;&#8221; video_webm=&#8221;&#8221; video_ogv=&#8221;&#8221; video_url=&#8221;&#8221; video_aspect_ratio=&#8221;16:9&#8243; video_loop=&#8221;yes&#8221; video_mute=&#8221;yes&#8221; overlay_color=&#8221;&#8221; video_preview_image=&#8221;&#8221; border_size=&#8221;&#8221; border_color=&#8221;&#8221; border_style=&#8221;solid&#8221; padding_top=&#8221;&#8221; padding_bottom=&#8221;&#8221; padding_left=&#8221;&#8221; padding_right=&#8221;&#8221;][fusion_builder_row][fusion_builder_column type=&#8221;1_1&#8243; layout=&#8221;1_1&#8243; background_position=&#8221;left top&#8221; background_color=&#8221;&#8221; border_size=&#8221;&#8221; border_color=&#8221;&#8221; border_style=&#8221;solid&#8221; border_position=&#8221;all&#8221; spacing=&#8221;yes&#8221; background_image=&#8221;&#8221; background_repeat=&#8221;no-repeat&#8221; padding_top=&#8221;&#8221; padding_right=&#8221;&#8221; padding_bottom=&#8221;&#8221; padding_left=&#8221;&#8221; margin_top=&#8221;0px&#8221; margin_bottom=&#8221;0px&#8221; class=&#8221;&#8221; id=&#8221;&#8221; animation_type=&#8221;&#8221; animation_speed=&#8221;0.3&#8243; animation_direction=&#8221;left&#8221; hide_on_mobile=&#8221;small-visibility,medium-visibility,large-visibility&#8221; center_content=&#8221;no&#8221; last=&#8221;no&#8221; min_height=&#8221;&#8221; hover_type=&#8221;none&#8221; link=&#8221;&#8221;][fusion_text] REDACCI\u00d3N 13 de marzo, 2023 \u2013 Pabell\u00f3n Oeste Preventa Citibanamex: 19 de enero Lauren Jauregui, ex integrante de la exitosa agrupaci\u00f3n Fifth Harmony, anunci\u00f3 hoy su primer concierto en la capital del pa\u00eds en el marco de su gira\u00a0Una Noche [&hellip;]<\/p>\n","protected":false},"author":1,"featured_media":48877,"comment_status":"open","ping_status":"open","sticky":false,"template":"","format":"standard","meta":{"footnotes":""},"categories":[9,11],"tags":[],"_links":{"self":[{"href":"https:\/\/www.bitacoracdmx.com\/index.php?rest_route=\/wp\/v2\/posts\/48876"}],"collection":[{"href":"https:\/\/www.bitacoracdmx.com\/index.php?rest_route=\/wp\/v2\/posts"}],"about":[{"href":"https:\/\/www.bitacoracdmx.com\/index.php?rest_route=\/wp\/v2\/types\/post"}],"author":[{"embeddable":true,"href":"https:\/\/www.bitacoracdmx.com\/index.php?rest_route=\/wp\/v2\/users\/1"}],"replies":[{"embeddable":true,"href":"https:\/\/www.bitacoracdmx.com\/index.php?rest_route=%2Fwp%2Fv2%2Fcomments&post=48876"}],"version-history":[{"count":1,"href":"https:\/\/www.bitacoracdmx.com\/index.php?rest_route=\/wp\/v2\/posts\/48876\/revisions"}],"predecessor-version":[{"id":48878,"href":"https:\/\/www.bitacoracdmx.com\/index.php?rest_route=\/wp\/v2\/posts\/48876\/revisions\/48878"}],"wp:featuredmedia":[{"embeddable":true,"href":"https:\/\/www.bitacoracdmx.com\/index.php?rest_route=\/wp\/v2\/media\/48877"}],"wp:attachment":[{"href":"https:\/\/www.bitacoracdmx.com\/index.php?rest_route=%2Fwp%2Fv2%2Fmedia&parent=48876"}],"wp:term":[{"taxonomy":"category","embeddable":true,"href":"https:\/\/www.bitacoracdmx.com\/index.php?rest_route=%2Fwp%2Fv2%2Fcategories&post=48876"},{"taxonomy":"post_tag","embeddable":true,"href":"https:\/\/www.bitacoracdmx.com\/index.php?rest_route=%2Fwp%2Fv2%2Ftags&post=48876"}],"curies":[{"name":"wp","href":"https:\/\/api.w.org\/{rel}","templated":true}]}}