{"id":48879,"date":"2023-01-18T03:14:25","date_gmt":"2023-01-18T03:14:25","guid":{"rendered":"https:\/\/www.bitacoracdmx.com\/?p=48879"},"modified":"2023-01-18T03:14:25","modified_gmt":"2023-01-18T03:14:25","slug":"ludovico-einaudi-regresa-a-mexico-para-traer-the-underwater-tour-a-monterrey","status":"publish","type":"post","link":"https:\/\/www.bitacoracdmx.com\/?p=48879","title":{"rendered":"\u00a1Ludovico Einaudi regresa a M\u00e9xico para traer The Underwater Tour a Monterrey!"},"content":{"rendered":"<p>[fusion_builder_container hundred_percent=&#8221;no&#8221; equal_height_columns=&#8221;no&#8221; menu_anchor=&#8221;&#8221; hide_on_mobile=&#8221;small-visibility,medium-visibility,large-visibility&#8221; class=&#8221;&#8221; id=&#8221;&#8221; background_color=&#8221;&#8221; background_image=&#8221;&#8221; background_position=&#8221;center center&#8221; background_repeat=&#8221;no-repeat&#8221; fade=&#8221;no&#8221; background_parallax=&#8221;none&#8221; parallax_speed=&#8221;0.3&#8243; video_mp4=&#8221;&#8221; video_webm=&#8221;&#8221; video_ogv=&#8221;&#8221; video_url=&#8221;&#8221; video_aspect_ratio=&#8221;16:9&#8243; video_loop=&#8221;yes&#8221; video_mute=&#8221;yes&#8221; overlay_color=&#8221;&#8221; video_preview_image=&#8221;&#8221; border_size=&#8221;&#8221; border_color=&#8221;&#8221; border_style=&#8221;solid&#8221; padding_top=&#8221;&#8221; padding_bottom=&#8221;&#8221; padding_left=&#8221;&#8221; padding_right=&#8221;&#8221;][fusion_builder_row][fusion_builder_column type=&#8221;1_1&#8243; layout=&#8221;1_1&#8243; background_position=&#8221;left top&#8221; background_color=&#8221;&#8221; border_size=&#8221;&#8221; border_color=&#8221;&#8221; border_style=&#8221;solid&#8221; border_position=&#8221;all&#8221; spacing=&#8221;yes&#8221; background_image=&#8221;&#8221; background_repeat=&#8221;no-repeat&#8221; padding_top=&#8221;&#8221; padding_right=&#8221;&#8221; padding_bottom=&#8221;&#8221; padding_left=&#8221;&#8221; margin_top=&#8221;0px&#8221; margin_bottom=&#8221;0px&#8221; class=&#8221;&#8221; id=&#8221;&#8221; animation_type=&#8221;&#8221; animation_speed=&#8221;0.3&#8243; animation_direction=&#8221;left&#8221; hide_on_mobile=&#8221;small-visibility,medium-visibility,large-visibility&#8221; center_content=&#8221;no&#8221; last=&#8221;no&#8221; min_height=&#8221;&#8221; hover_type=&#8221;none&#8221; link=&#8221;&#8221;][fusion_text]<\/p>\n<p>REDACCI\u00d3N<\/p>\n<div class=\"pr-story--element-space\">\n<div class=\"pr-story-subheader\">\n<h3 class=\"pr-story--subheader text--wrap pr-font--sans\">31 de marzo, 2023 \u2013 Auditorio Pabell\u00f3n M<\/h3>\n<\/div>\n<\/div>\n<div class=\"pr-story--element-space\">\n<div class=\"pr-story-subheader\">\n<h3 class=\"pr-story--subheader text--wrap pr-font--sans\">Venta General: 19 de enero<\/h3>\n<\/div>\n<\/div>\n<div class=\"pr-story--element-space\">\n<div class=\"pr-story-paragraph\">\n<div class=\"pr-story--text\">El prominente pianista y compositor italiano\u00a0<b>Ludovico Einaudi<\/b>\u00a0anunci\u00f3 hoy su regreso a M\u00e9xico con un deleitante show presentando su \u00faltima producci\u00f3n,\u00a0<b><i>Underwater<\/i><\/b>. En esta ocasi\u00f3n, el talentoso artista llegar\u00e1 por primera vez al\u00a0<b>Auditorio Pabell\u00f3n M\u00a0<\/b>de\u00a0<b>Monterrey<\/b>\u00a0el\u00a0<b>31 de marzo de 2023<\/b>. Los boletos estar\u00e1n disponibles a partir del\u00a0<b>19 de enero\u00a0<\/b>por medio de la\u00a0<b>Red Ticketmaster<\/b>.<\/div>\n<div><\/div>\n<\/div>\n<\/div>\n<div class=\"pr-story--element-space\">\n<div class=\"pr-story-paragraph\">\n<div class=\"pr-story--text\"><b><i>Underwater (2022)\u00a0<\/i><\/b>es un clavado al mundo natural con una colecci\u00f3n de 12 temas delicadamente elegidos de una serie de conciertos que\u00a0<b>Einaudi\u00a0<\/b>realiz\u00f3 inmerso en el sorprendente escenario de la naturaleza; parques naturales, reservas, valles, lagos, monta\u00f1as inhabitadas y estrellados cielos azules fueron el origen de la inspiraci\u00f3n para crear una experiencia musical que se siente en cada nota.<\/div>\n<div><\/div>\n<\/div>\n<\/div>\n<div class=\"pr-story--element-space\">\n<div class=\"pr-story-paragraph\">\n<div class=\"pr-story--text\">Con el mundo exterior tranquilo y silencioso, durante la pandemia,\u00a0<b>Ludovico\u00a0<\/b>cre\u00f3 una de las mejores interpretaciones de su carrera. En sus palabras,\u00a0<b><i>Underwater\u00a0<\/i><\/b>es \u201cuna met\u00e1fora para fluir sin interferencias externas. Un fresco e inmediato acercamiento a la m\u00fasica, fluyendo con las emociones, una conversaci\u00f3n \u00edntima, cara a cara, con el piano\u201d. Puedes escucharlo completo\u00a0<a href=\"https:\/\/open.spotify.com\/album\/3DT821mYJb7Ore88vA8IOO?si=_soTq-8kQcmt2B9wJXj0Bw\">AQU\u00cd<\/a>.<\/div>\n<div><\/div>\n<div><b>En junio de 2022 Ludovico Einaudi trajo <i>The Underwater Tour\u00a0<\/i>a CDMX y Guadalajara. \u00a1Ahora es turno de Monterrey!<\/b><\/div>\n<div><\/div>\n<\/div>\n<\/div>\n<div class=\"pr-story--element-space\">\n<div class=\"pr-story-paragraph\">\n<div class=\"pr-story--text\"><b>Ludovico Einaudi\u00a0<\/b>ha alcanzado reconocimiento y \u00e9xito mundial con su introspectiva m\u00fasica atmosf\u00e9rica que \u00e9l describe como\u00a0<i>un suspriro<\/i>; con ra\u00edces en el minimalismo y composici\u00f3n moderna, el artista se expande para incorporar influencias tanto del rock como del pop, as\u00ed como sonidos de \u00c1frica y del Medio Oriente.<\/div>\n<\/div>\n<\/div>\n<div class=\"pr-story--element-space\">\n<div class=\"pr-story-paragraph\">\n<div><\/div>\n<div class=\"pr-story--text\">Con hist\u00f3ricas y aclamadas composiciones como \u201cExperience\u201d, del disco\u00a0<i>In A Time Lapse (2013)<\/i>, que present\u00f3 en ic\u00f3nicos lugares como el Sidney Opera House y la Arena di Verona; o \u201cNuvole Bianche\u201d, tema incluido en el exitoso \u00e1lbum\u00a0<i>Una Mattina (2004)<\/i>, una c\u00e1lida e introspectiva muestra del talento en su mente y cuerpo.<\/div>\n<div><\/div>\n<\/div>\n<\/div>\n<div class=\"pr-story--element-space\">\n<div class=\"pr-story-paragraph\">\n<div class=\"pr-story--text\">Ahora, en 2023, el virtuoso del piano\u00a0<b>Ludovico Einaudi\u00a0<\/b>regresar\u00e1 a M\u00e9xico para deleitar al p\u00fablico en el\u00a0<b>Auditorio Pabell\u00f3n M<\/b>\u00a0el pr\u00f3ximo\u00a0<b>31 de marzo<\/b>.<\/div>\n<\/div>\n<\/div>\n<div><a class=\"x1i10hfl xjbqb8w x6umtig x1b1mbwd xaqea5y xav7gou x9f619 x1ypdohk xt0psk2 xe8uvvx xdj266r x11i5rnm xat24cr x1mh8g0r xexx8yu x4uap5 x18d9i69 xkhd6sd x16tdsg8 x1hl2dhg xggy1nq x1a2a7pz xt0b8zv x1qq9wsj xo1l8bm\" tabindex=\"0\" role=\"link\" href=\"https:\/\/www.facebook.com\/hashtag\/ludovicoeinaudi?__eep__=6&amp;__cft__[0]=AZX3CrkqWN-uxUdIbOnUvQUvBrZo8QNHePvvyd2L9yQHIAIP5L5i1_WGgKFhbrb6Hd7d4rwXnuwKfqQNAPMClASkbvpuMHbqplBc36Vyj5EmOLoGyBrHxFQkWx6qLNEjrMA&amp;__tn__=*NK-R\">#ludovicoeinaudi<\/a><\/div>\n<p>[\/fusion_text][fusion_imageframe image_id=&#8221;48880|medium&#8221; max_width=&#8221;&#8221; style_type=&#8221;&#8221; blur=&#8221;&#8221; stylecolor=&#8221;&#8221; hover_type=&#8221;none&#8221; bordersize=&#8221;&#8221; bordercolor=&#8221;&#8221; borderradius=&#8221;&#8221; align=&#8221;none&#8221; lightbox=&#8221;no&#8221; gallery_id=&#8221;&#8221; lightbox_image=&#8221;&#8221; lightbox_image_id=&#8221;&#8221; alt=&#8221;&#8221; link=&#8221;&#8221; linktarget=&#8221;_self&#8221; hide_on_mobile=&#8221;small-visibility,medium-visibility,large-visibility&#8221; class=&#8221;&#8221; id=&#8221;&#8221; animation_type=&#8221;&#8221; animation_direction=&#8221;left&#8221; animation_speed=&#8221;0.3&#8243; animation_offset=&#8221;&#8221;]https:\/\/www.bitacoracdmx.com\/wp-content\/uploads\/2023\/01\/image_processing20230117-6513-1d18e3w-300&#215;157.jpg[\/fusion_imageframe][\/fusion_builder_column][\/fusion_builder_row][\/fusion_builder_container]<\/p>\n","protected":false},"excerpt":{"rendered":"<p>[fusion_builder_container hundred_percent=&#8221;no&#8221; equal_height_columns=&#8221;no&#8221; menu_anchor=&#8221;&#8221; hide_on_mobile=&#8221;small-visibility,medium-visibility,large-visibility&#8221; class=&#8221;&#8221; id=&#8221;&#8221; background_color=&#8221;&#8221; background_image=&#8221;&#8221; background_position=&#8221;center center&#8221; background_repeat=&#8221;no-repeat&#8221; fade=&#8221;no&#8221; background_parallax=&#8221;none&#8221; parallax_speed=&#8221;0.3&#8243; video_mp4=&#8221;&#8221; video_webm=&#8221;&#8221; video_ogv=&#8221;&#8221; video_url=&#8221;&#8221; video_aspect_ratio=&#8221;16:9&#8243; video_loop=&#8221;yes&#8221; video_mute=&#8221;yes&#8221; overlay_color=&#8221;&#8221; video_preview_image=&#8221;&#8221; border_size=&#8221;&#8221; border_color=&#8221;&#8221; border_style=&#8221;solid&#8221; padding_top=&#8221;&#8221; padding_bottom=&#8221;&#8221; padding_left=&#8221;&#8221; padding_right=&#8221;&#8221;][fusion_builder_row][fusion_builder_column type=&#8221;1_1&#8243; layout=&#8221;1_1&#8243; background_position=&#8221;left top&#8221; background_color=&#8221;&#8221; border_size=&#8221;&#8221; border_color=&#8221;&#8221; border_style=&#8221;solid&#8221; border_position=&#8221;all&#8221; spacing=&#8221;yes&#8221; background_image=&#8221;&#8221; background_repeat=&#8221;no-repeat&#8221; padding_top=&#8221;&#8221; padding_right=&#8221;&#8221; padding_bottom=&#8221;&#8221; padding_left=&#8221;&#8221; margin_top=&#8221;0px&#8221; margin_bottom=&#8221;0px&#8221; class=&#8221;&#8221; id=&#8221;&#8221; animation_type=&#8221;&#8221; animation_speed=&#8221;0.3&#8243; animation_direction=&#8221;left&#8221; hide_on_mobile=&#8221;small-visibility,medium-visibility,large-visibility&#8221; center_content=&#8221;no&#8221; last=&#8221;no&#8221; min_height=&#8221;&#8221; hover_type=&#8221;none&#8221; link=&#8221;&#8221;][fusion_text] REDACCI\u00d3N 31 de marzo, 2023 \u2013 Auditorio Pabell\u00f3n M Venta General: 19 de enero El prominente pianista y compositor italiano\u00a0Ludovico Einaudi\u00a0anunci\u00f3 hoy su regreso a M\u00e9xico con un deleitante show presentando su \u00faltima producci\u00f3n,\u00a0Underwater. En esta ocasi\u00f3n, el talentoso artista [&hellip;]<\/p>\n","protected":false},"author":1,"featured_media":48880,"comment_status":"open","ping_status":"open","sticky":false,"template":"","format":"standard","meta":{"footnotes":""},"categories":[9,11],"tags":[],"_links":{"self":[{"href":"https:\/\/www.bitacoracdmx.com\/index.php?rest_route=\/wp\/v2\/posts\/48879"}],"collection":[{"href":"https:\/\/www.bitacoracdmx.com\/index.php?rest_route=\/wp\/v2\/posts"}],"about":[{"href":"https:\/\/www.bitacoracdmx.com\/index.php?rest_route=\/wp\/v2\/types\/post"}],"author":[{"embeddable":true,"href":"https:\/\/www.bitacoracdmx.com\/index.php?rest_route=\/wp\/v2\/users\/1"}],"replies":[{"embeddable":true,"href":"https:\/\/www.bitacoracdmx.com\/index.php?rest_route=%2Fwp%2Fv2%2Fcomments&post=48879"}],"version-history":[{"count":1,"href":"https:\/\/www.bitacoracdmx.com\/index.php?rest_route=\/wp\/v2\/posts\/48879\/revisions"}],"predecessor-version":[{"id":48881,"href":"https:\/\/www.bitacoracdmx.com\/index.php?rest_route=\/wp\/v2\/posts\/48879\/revisions\/48881"}],"wp:featuredmedia":[{"embeddable":true,"href":"https:\/\/www.bitacoracdmx.com\/index.php?rest_route=\/wp\/v2\/media\/48880"}],"wp:attachment":[{"href":"https:\/\/www.bitacoracdmx.com\/index.php?rest_route=%2Fwp%2Fv2%2Fmedia&parent=48879"}],"wp:term":[{"taxonomy":"category","embeddable":true,"href":"https:\/\/www.bitacoracdmx.com\/index.php?rest_route=%2Fwp%2Fv2%2Fcategories&post=48879"},{"taxonomy":"post_tag","embeddable":true,"href":"https:\/\/www.bitacoracdmx.com\/index.php?rest_route=%2Fwp%2Fv2%2Ftags&post=48879"}],"curies":[{"name":"wp","href":"https:\/\/api.w.org\/{rel}","templated":true}]}}