{"id":48890,"date":"2023-01-19T05:15:10","date_gmt":"2023-01-19T05:15:10","guid":{"rendered":"https:\/\/www.bitacoracdmx.com\/?p=48890"},"modified":"2023-01-19T05:15:10","modified_gmt":"2023-01-19T05:15:10","slug":"el-primer-festival-de-musica-electronica-en-medio-de-los-canales-de-xochimilco-vivo-sessions-open-air-sun-party","status":"publish","type":"post","link":"https:\/\/www.bitacoracdmx.com\/?p=48890","title":{"rendered":"El primer festival de m\u00fasica electr\u00f3nica en medio de los canales de Xochimilco: Vivo Sessions OPEN AIR SUN PARTY."},"content":{"rendered":"<p>[fusion_builder_container hundred_percent=&#8221;no&#8221; equal_height_columns=&#8221;no&#8221; menu_anchor=&#8221;&#8221; hide_on_mobile=&#8221;small-visibility,medium-visibility,large-visibility&#8221; class=&#8221;&#8221; id=&#8221;&#8221; background_color=&#8221;&#8221; background_image=&#8221;&#8221; background_position=&#8221;center center&#8221; background_repeat=&#8221;no-repeat&#8221; fade=&#8221;no&#8221; background_parallax=&#8221;none&#8221; parallax_speed=&#8221;0.3&#8243; video_mp4=&#8221;&#8221; video_webm=&#8221;&#8221; video_ogv=&#8221;&#8221; video_url=&#8221;&#8221; video_aspect_ratio=&#8221;16:9&#8243; video_loop=&#8221;yes&#8221; video_mute=&#8221;yes&#8221; overlay_color=&#8221;&#8221; video_preview_image=&#8221;&#8221; border_size=&#8221;&#8221; border_color=&#8221;&#8221; border_style=&#8221;solid&#8221; padding_top=&#8221;&#8221; padding_bottom=&#8221;&#8221; padding_left=&#8221;&#8221; padding_right=&#8221;&#8221;][fusion_builder_row][fusion_builder_column type=&#8221;1_1&#8243; layout=&#8221;1_1&#8243; background_position=&#8221;left top&#8221; background_color=&#8221;&#8221; border_size=&#8221;&#8221; border_color=&#8221;&#8221; border_style=&#8221;solid&#8221; border_position=&#8221;all&#8221; spacing=&#8221;yes&#8221; background_image=&#8221;&#8221; background_repeat=&#8221;no-repeat&#8221; padding_top=&#8221;&#8221; padding_right=&#8221;&#8221; padding_bottom=&#8221;&#8221; padding_left=&#8221;&#8221; margin_top=&#8221;0px&#8221; margin_bottom=&#8221;0px&#8221; class=&#8221;&#8221; id=&#8221;&#8221; animation_type=&#8221;&#8221; animation_speed=&#8221;0.3&#8243; animation_direction=&#8221;left&#8221; hide_on_mobile=&#8221;small-visibility,medium-visibility,large-visibility&#8221; center_content=&#8221;no&#8221; last=&#8221;no&#8221; min_height=&#8221;&#8221; hover_type=&#8221;none&#8221; link=&#8221;&#8221;][fusion_text]<\/p>\n<p>REDACCI\u00d3N<\/p>\n<ul>\n<li>14 horas de m\u00fasica electr\u00f3nica reunir\u00e1n a amantes de los beats en el primer festival a cargo de Vivo Sessions<\/li>\n<li>Un lineup que est\u00e1 distribuido en dos escenarios principales con talentos nacionales e internacionales que han participado en festivales ic\u00f3nicos como el Mayan Warrior, Vive Latino y Burning man.<\/li>\n<\/ul>\n<p>Una de las caracter\u00edsticas principales que hemos podido conocer de la identidad de\u00a0<strong>Vivo Sessions<\/strong>\u00a0tiene que ver con la interesante combinaci\u00f3n de m\u00fasica, artistas y locaciones \u00fanicas, que regalen una experiencia de conexi\u00f3n y libertad de confiar tu mixx.<br aria-hidden=\"true\" \/><br aria-hidden=\"true\" \/>Xochimilco, un lugar emblem\u00e1tico y parte de la identidad mexicana. Un lugar repleto de tradici\u00f3n, fiesta y misticismo; fueron elementos clave que har\u00e1n posible reunir a los afortunados que decidan adquirir uno de los accesos disponibles para la experiencia.<br aria-hidden=\"true\" \/><br aria-hidden=\"true\" \/>Una vez en el embarcadero tendr\u00e1s que hacer un recorrido en una embarcaci\u00f3n motorizada o trajinera tradicional para finalmente llegar a Kawiil, donde vivir\u00e1s 14 horas de m\u00fasica electr\u00f3nica distribuidos en dos escenarios principales: Sol y Luna. \u00c1reas de descanso, alimentos, bebidas como Dos Equis, actividades de meditaci\u00f3n, bazar y un\u00a0<strong>makeup<\/strong>\u00a0stand para complementar un\u00a0<strong>look\u00a0<\/strong>perfecto, pues el\u00a0<em>dresscode<\/em>\u00a0del evento se denomina\u00a0<strong><em>Ancient Bohemian<\/em><\/strong>\u00a0; una inspiraci\u00f3n muy ancestral y espiritual.<br aria-hidden=\"true\" \/><br aria-hidden=\"true\" \/>A trav\u00e9s de redes sociales se han dado a conocer los diferentes talentos que formar\u00e1n parte de lo que promete ser una \u00e9pica edici\u00f3n de\u00a0<strong>Vivo Sessions<\/strong>\u00a0y que marcar\u00e1 un fuerte inicio de actividades en este 2023. Han dejado ver que sus planes a lo largo del a\u00f1o incluyen otras locaciones y talentos incre\u00edbles en CDMX y a lo largo de la rep\u00fablica mexicana.\u00a0<br aria-hidden=\"true\" \/><br aria-hidden=\"true\" \/>Algunos de los\u00a0<strong><em>headliners<\/em>\u00a0<\/strong>que destacan son:\u00a0<strong>Rebolledo<\/strong>, considerado uno de los mejores productores y dj mexicanos en el extranjero.\u00a0<strong>Nortec Bostich +Fussible<\/strong>\u00a0, d\u00fao tijuanense que se ha mantenido en la escena por m\u00e1s de 20 a\u00f1os y\u00a0<strong>Peter Invasion<\/strong>\u00a0dj y productor alem\u00e1n que ha hecho \u00e9picas presentaciones en\u00a0<strong><em>Burning man.<\/em><\/strong><\/p>\n<p><br aria-hidden=\"true\" \/><em>\u201cM\u00e1s all\u00e1 de un festival, queremos regalar a nuestros asistentes historias que contar que los acompa\u00f1en para siempre, la m\u00fasica conecta, inspira y crea magia colectiva. Mantenemos nuestros cupos limitados para garantizar la experiencia \u00fanica de cada asistente y artista. Sigan nuestras plataformas por que podr\u00e1n encontrar contenidos exclusivos de cada una de nuestras fechas y pr\u00f3ximas sopresas\u201d<\/em>\u00a0Habacuc Guerrero, CEO y productor de\u00a0<strong>Vivo Sessions.<\/strong>\u00a0<br aria-hidden=\"true\" \/>\u00a0<br aria-hidden=\"true\" \/><strong>Rebolledo, Nortec: Bostich + Fussible, Peter invasi\u00f3n, Sussie 4, M\u00e9trika, W.O.L.F., Kalexis, Pepe Mogt, Topaz Deluxe, Mir\u00e1 Mir\u00e1, Baby Mango, Born in Mexico y m\u00e1s,\u00a0<\/strong>son parte del line up que podr\u00e1s disfrutar el pr\u00f3ximo 21 de enero 2023. Las puertas se abrir\u00e1n a las 11:00 a.m , te recomendamos consultar nuestras redes sociales para m\u00e1s detalles.<br aria-hidden=\"true\" \/>\u00a0<br aria-hidden=\"true\" \/>Una celebraci\u00f3n a la vida.<\/p>\n<p><a class=\"x1i10hfl xjbqb8w x6umtig x1b1mbwd xaqea5y xav7gou x9f619 x1ypdohk xt0psk2 xe8uvvx xdj266r x11i5rnm xat24cr x1mh8g0r xexx8yu x4uap5 x18d9i69 xkhd6sd x16tdsg8 x1hl2dhg xggy1nq x1a2a7pz xt0b8zv x1qq9wsj xo1l8bm\" tabindex=\"0\" role=\"link\" href=\"https:\/\/www.facebook.com\/hashtag\/vivosessions?__eep__=6&amp;__cft__[0]=AZWHvr63C_Y9gjJ7L65HQmpMHPvGMf4NftLpRDSQgAU6DlmphmFqc7J2XKDTRKNqAWAtDN9E_SyaGqtVRVioye2gzSHnt-DJ7W1cF4S5hH-8OFRnbQitKRNsvW7cVF3d_RQ&amp;__tn__=*NK-R\">#vivosessions<\/a><\/p>\n<p>[\/fusion_text][fusion_imageframe image_id=&#8221;48891|medium&#8221; max_width=&#8221;&#8221; style_type=&#8221;&#8221; blur=&#8221;&#8221; stylecolor=&#8221;&#8221; hover_type=&#8221;none&#8221; bordersize=&#8221;&#8221; bordercolor=&#8221;&#8221; borderradius=&#8221;&#8221; align=&#8221;none&#8221; lightbox=&#8221;no&#8221; gallery_id=&#8221;&#8221; lightbox_image=&#8221;&#8221; lightbox_image_id=&#8221;&#8221; alt=&#8221;&#8221; link=&#8221;&#8221; linktarget=&#8221;_self&#8221; hide_on_mobile=&#8221;small-visibility,medium-visibility,large-visibility&#8221; class=&#8221;&#8221; id=&#8221;&#8221; animation_type=&#8221;&#8221; animation_direction=&#8221;left&#8221; animation_speed=&#8221;0.3&#8243; animation_offset=&#8221;&#8221;]https:\/\/www.bitacoracdmx.com\/wp-content\/uploads\/2023\/01\/dce634ca-8cf6-52c3-bc91-1de10665fdcf-300&#215;164.jpg[\/fusion_imageframe][\/fusion_builder_column][\/fusion_builder_row][\/fusion_builder_container]<\/p>\n","protected":false},"excerpt":{"rendered":"<p>[fusion_builder_container hundred_percent=&#8221;no&#8221; equal_height_columns=&#8221;no&#8221; menu_anchor=&#8221;&#8221; hide_on_mobile=&#8221;small-visibility,medium-visibility,large-visibility&#8221; class=&#8221;&#8221; id=&#8221;&#8221; background_color=&#8221;&#8221; background_image=&#8221;&#8221; background_position=&#8221;center center&#8221; background_repeat=&#8221;no-repeat&#8221; fade=&#8221;no&#8221; background_parallax=&#8221;none&#8221; parallax_speed=&#8221;0.3&#8243; video_mp4=&#8221;&#8221; video_webm=&#8221;&#8221; video_ogv=&#8221;&#8221; video_url=&#8221;&#8221; video_aspect_ratio=&#8221;16:9&#8243; video_loop=&#8221;yes&#8221; video_mute=&#8221;yes&#8221; overlay_color=&#8221;&#8221; video_preview_image=&#8221;&#8221; border_size=&#8221;&#8221; border_color=&#8221;&#8221; border_style=&#8221;solid&#8221; padding_top=&#8221;&#8221; padding_bottom=&#8221;&#8221; padding_left=&#8221;&#8221; padding_right=&#8221;&#8221;][fusion_builder_row][fusion_builder_column type=&#8221;1_1&#8243; layout=&#8221;1_1&#8243; background_position=&#8221;left top&#8221; background_color=&#8221;&#8221; border_size=&#8221;&#8221; border_color=&#8221;&#8221; border_style=&#8221;solid&#8221; border_position=&#8221;all&#8221; spacing=&#8221;yes&#8221; background_image=&#8221;&#8221; background_repeat=&#8221;no-repeat&#8221; padding_top=&#8221;&#8221; padding_right=&#8221;&#8221; padding_bottom=&#8221;&#8221; padding_left=&#8221;&#8221; margin_top=&#8221;0px&#8221; margin_bottom=&#8221;0px&#8221; class=&#8221;&#8221; id=&#8221;&#8221; animation_type=&#8221;&#8221; animation_speed=&#8221;0.3&#8243; animation_direction=&#8221;left&#8221; hide_on_mobile=&#8221;small-visibility,medium-visibility,large-visibility&#8221; center_content=&#8221;no&#8221; last=&#8221;no&#8221; min_height=&#8221;&#8221; hover_type=&#8221;none&#8221; link=&#8221;&#8221;][fusion_text] REDACCI\u00d3N 14 horas de m\u00fasica electr\u00f3nica reunir\u00e1n a amantes de los beats en el primer festival a cargo de Vivo Sessions Un lineup que est\u00e1 distribuido en dos escenarios principales con talentos nacionales e internacionales que han participado en festivales [&hellip;]<\/p>\n","protected":false},"author":1,"featured_media":48891,"comment_status":"open","ping_status":"open","sticky":false,"template":"","format":"standard","meta":{"footnotes":""},"categories":[9,11],"tags":[],"_links":{"self":[{"href":"https:\/\/www.bitacoracdmx.com\/index.php?rest_route=\/wp\/v2\/posts\/48890"}],"collection":[{"href":"https:\/\/www.bitacoracdmx.com\/index.php?rest_route=\/wp\/v2\/posts"}],"about":[{"href":"https:\/\/www.bitacoracdmx.com\/index.php?rest_route=\/wp\/v2\/types\/post"}],"author":[{"embeddable":true,"href":"https:\/\/www.bitacoracdmx.com\/index.php?rest_route=\/wp\/v2\/users\/1"}],"replies":[{"embeddable":true,"href":"https:\/\/www.bitacoracdmx.com\/index.php?rest_route=%2Fwp%2Fv2%2Fcomments&post=48890"}],"version-history":[{"count":1,"href":"https:\/\/www.bitacoracdmx.com\/index.php?rest_route=\/wp\/v2\/posts\/48890\/revisions"}],"predecessor-version":[{"id":48892,"href":"https:\/\/www.bitacoracdmx.com\/index.php?rest_route=\/wp\/v2\/posts\/48890\/revisions\/48892"}],"wp:featuredmedia":[{"embeddable":true,"href":"https:\/\/www.bitacoracdmx.com\/index.php?rest_route=\/wp\/v2\/media\/48891"}],"wp:attachment":[{"href":"https:\/\/www.bitacoracdmx.com\/index.php?rest_route=%2Fwp%2Fv2%2Fmedia&parent=48890"}],"wp:term":[{"taxonomy":"category","embeddable":true,"href":"https:\/\/www.bitacoracdmx.com\/index.php?rest_route=%2Fwp%2Fv2%2Fcategories&post=48890"},{"taxonomy":"post_tag","embeddable":true,"href":"https:\/\/www.bitacoracdmx.com\/index.php?rest_route=%2Fwp%2Fv2%2Ftags&post=48890"}],"curies":[{"name":"wp","href":"https:\/\/api.w.org\/{rel}","templated":true}]}}