{"id":48896,"date":"2023-01-19T05:50:43","date_gmt":"2023-01-19T05:50:43","guid":{"rendered":"https:\/\/www.bitacoracdmx.com\/?p=48896"},"modified":"2023-01-19T05:50:43","modified_gmt":"2023-01-19T05:50:43","slug":"la-orquesta-filarmonica-de-la-ciudad-de-mexico-anuncia-su-primera-temporada-2023-en-la-sala-silvestre-revueltas-21-de-enero-2-de-abril","status":"publish","type":"post","link":"https:\/\/www.bitacoracdmx.com\/?p=48896","title":{"rendered":"La ORQUESTA FILARM\u00d3NICA de la  CIUDAD DE M\u00c9XICO anuncia su primera temporada 2023 en la SALA SILVESTRE REVUELTAS  (21 DE ENERO-2 DE ABRIL)"},"content":{"rendered":"<p>[fusion_builder_container hundred_percent=&#8221;no&#8221; equal_height_columns=&#8221;no&#8221; menu_anchor=&#8221;&#8221; hide_on_mobile=&#8221;small-visibility,medium-visibility,large-visibility&#8221; class=&#8221;&#8221; id=&#8221;&#8221; background_color=&#8221;&#8221; background_image=&#8221;&#8221; background_position=&#8221;center center&#8221; background_repeat=&#8221;no-repeat&#8221; fade=&#8221;no&#8221; background_parallax=&#8221;none&#8221; parallax_speed=&#8221;0.3&#8243; video_mp4=&#8221;&#8221; video_webm=&#8221;&#8221; video_ogv=&#8221;&#8221; video_url=&#8221;&#8221; video_aspect_ratio=&#8221;16:9&#8243; video_loop=&#8221;yes&#8221; video_mute=&#8221;yes&#8221; overlay_color=&#8221;&#8221; video_preview_image=&#8221;&#8221; border_size=&#8221;&#8221; border_color=&#8221;&#8221; border_style=&#8221;solid&#8221; padding_top=&#8221;&#8221; padding_bottom=&#8221;&#8221; padding_left=&#8221;&#8221; padding_right=&#8221;&#8221;][fusion_builder_row][fusion_builder_column type=&#8221;1_1&#8243; layout=&#8221;1_1&#8243; background_position=&#8221;left top&#8221; background_color=&#8221;&#8221; border_size=&#8221;&#8221; border_color=&#8221;&#8221; border_style=&#8221;solid&#8221; border_position=&#8221;all&#8221; spacing=&#8221;yes&#8221; background_image=&#8221;&#8221; background_repeat=&#8221;no-repeat&#8221; padding_top=&#8221;&#8221; padding_right=&#8221;&#8221; padding_bottom=&#8221;&#8221; padding_left=&#8221;&#8221; margin_top=&#8221;0px&#8221; margin_bottom=&#8221;0px&#8221; class=&#8221;&#8221; id=&#8221;&#8221; animation_type=&#8221;&#8221; animation_speed=&#8221;0.3&#8243; animation_direction=&#8221;left&#8221; hide_on_mobile=&#8221;small-visibility,medium-visibility,large-visibility&#8221; center_content=&#8221;no&#8221; last=&#8221;no&#8221; min_height=&#8221;&#8221; hover_type=&#8221;none&#8221; link=&#8221;&#8221;][fusion_text]<\/p>\n<p>REDACCI\u00d3N<\/p>\n<p>\u25cf\u00a0\u00a0\u00a0\u00a0\u00a0 La agrupaci\u00f3n capitalina ejecutar\u00e1 dos estrenos mundiales, incluir\u00e1 ocho obras de compositoras mexicanas y retomar\u00e1 sus sesiones de M\u00fasica de C\u00e1mara en los pre-conciertos as\u00ed como el ciclo Tu Orquesta en el Parque durante la primavera.<\/p>\n<p>\u25cf\u00a0\u00a0\u00a0\u00a0\u00a0 Adem\u00e1s, en esta Primera Temporada, la Orquesta ofrecer\u00e1 un concierto sorpresa el 25 de febrero y dar\u00e1 una innovaci\u00f3n formativa con el \u201cTaller de t\u00e9cnicas orquestales para compositores\u201d.<\/p>\n<p>\u25cf\u00a0\u00a0\u00a0\u00a0\u00a0 Este a\u00f1o se retoma el Consejo Art\u00edstico de la OFCM con la participaci\u00f3n de los directores invitados Julio Brise\u00f1o, Bogdan Budziszewski, Andrea Chamizo, Georgina Derbez, Horacio Franco, Ricardo Gallardo, Alejandro M\u00e1rquez, Marcela Rodr\u00edguez y el titular Scott Yoo.<\/p>\n<p>\u25cf\u00a0\u00a0\u00a0\u00a0\u00a0 Para los amantes de la m\u00fasica de la OFCM regresa la venta del abono en taquilla, que incluye el acceso todos los conciertos de la temporada.<\/p>\n<p>\u25cf\u00a0\u00a0\u00a0\u00a0\u00a0 La Orquesta presenta un programa con obras de compositoras como Pamela Mayorga. Gina Enr\u00edquez, Fanny Mendelsohn y Clara Schuman, bajo la direcci\u00f3n de la maestra Consuelo Bolio, acompa\u00f1ada al piano por la maestra Claudia Corona.<\/p>\n<div>La\u00a0<strong>secretaria de Cultura capitalina, Claudia Curiel de Icaza,<\/strong>\u00a0anunci\u00f3 desde la Sala Silvestre Revueltas, sede de la\u00a0<strong>Orquesta Filarm\u00f3nica de la Ciudad de M\u00e9xico (OFCM),\u00a0\u00a0<\/strong>el inicio de su\u00a0<strong>Primera Temporada 2023<\/strong>\u00a0que se desarrollar\u00e1\u00a0<strong>del 21 de enero al 2 de abril<\/strong>, a trav\u00e9s de 10 programas y un concierto especial para el 25 de febrero, adem\u00e1s tendr\u00e1 dos estrenos mundiales y como invitados a directoras y directores de talla internacional, adem\u00e1s de la conducci\u00f3n del maestro\u00a0<strong>Scott Yoo, su director art\u00edstico y principal.<\/strong><\/div>\n<div><br aria-hidden=\"true\" \/>\u201cLa Filarm\u00f3nica es una orquesta que representa a la Ciudad de M\u00e9xico y para la Secretar\u00eda de Cultura y la Jefa de Gobierno, Claudia Sheinbaum, es importante que podamos impulsarla, darle visibilidad y que podamos tener actividades no solamente en la sala sino en otros espacios con acceso gratuito\u201d, explic\u00f3 la funcionaria capitalina desde el lobby del recinto.<br aria-hidden=\"true\" \/>\u00a0<br aria-hidden=\"true\" \/>&#8220;Esta temporada es muy importante para nuestra Orquesta, presentaremos ocho obras de compositoras mexicanas y este fin de semana iniciaremos con la\u00a0<em>S\u00e9ptima sinfon\u00eda<\/em>\u00a0de Ludwig van Beethoven, una pieza fant\u00e1stica; adem\u00e1s, presentaremos nuevos directores hu\u00e9spedes\u201d, agreg\u00f3 el director art\u00edstico Scott Yoo.<br aria-hidden=\"true\" \/>\u00a0<br aria-hidden=\"true\" \/>En compa\u00f1\u00eda de Erika Dobosiewicz, concertino; Ignacio Cornejo, trompeta principal y Julio Brise\u00f1o, tromb\u00f3n principal, as\u00ed como de la compositora Marcela Rodr\u00edguez, integrante del Consejo Art\u00edstico de la OFCM,\u00a0 la titular de esta dependencia resalt\u00f3 que en 2023 se retoma el trabajo con este consejo que tendr\u00e1 dos sesiones anuales y est\u00e1 integrado tambi\u00e9n por los directores invitados Julio Brise\u00f1o, Bogdan Budziszewski, Andrea Chamizo, Georgina Derbez, Horacio Franco, Ricardo Gallardo, Alejandro M\u00e1rquez, Marcela Rodr\u00edguez y el titular Scott Yoo.<br aria-hidden=\"true\" \/>\u00a0<br aria-hidden=\"true\" \/>\u201cPara nosotros es muy importante que la propia Orquesta sea parte de todo este consenso de ideas con compositores y compositoras externos que tambi\u00e9n pueden aportar una gran retroalimentaci\u00f3n, como fue la idea de nuestro nuevo \u2018Taller de t\u00e9cnicas orquestales para compositores\u2019 de acceso gratuito con\u00a0 15 instrumentistas de la Orquesta, que sacar\u00e1 su convocatoria en febrero\u201d, detall\u00f3 De Icaza.<br aria-hidden=\"true\" \/>\u00a0<br aria-hidden=\"true\" \/>En su participaci\u00f3n, Marcela Rodr\u00edguez, destac\u00f3 que esta Orquesta ha impulsado la creaci\u00f3n art\u00edstica de importantes compositoras mexicanas. \u201cUna cosa muy importante es que la OFCM le est\u00e1 dando acentuaci\u00f3n a las compositoras mexicanas; M\u00e9xico es de los pa\u00edses que m\u00e1s compositoras mujeres tiene, mujeres que est\u00e1n estrenando constantemente en Europa, Estados Unidos y M\u00e9xico\u201d, explic\u00f3 Rodr\u00edguez.<br aria-hidden=\"true\" \/>\u00a0<br aria-hidden=\"true\" \/>En esta temporada, el p\u00fablico podr\u00e1 escuchar en febrero la obra de Lilia V\u00e1zquez Kuntze (11 y 12) y Gabriela Ortiz (18 y 19), as\u00ed como la composici\u00f3n de Pamela Mayorga. Gina Enr\u00edquez, Fanny Mendelsohn y Clara Schuman, estas \u00faltimas bajo la batuta de Consuelo Bolio, acompa\u00f1ada al piano por la maestra Claudia Corona, el s\u00e1bado 4 y domingo 5 de marzo.<br aria-hidden=\"true\" \/>\u00a0<br aria-hidden=\"true\" \/>Los dos estrenos mundiales ser\u00e1n\u00a0<em>Arbor<\/em>, del compositor mexicano Charles Daniels, obra ganadora del \u201cPrimer Concurso de Composici\u00f3n Orquestal de Morelia Ciudad Creativa de la M\u00fasica\u201d, que ser\u00e1 interpretada el 28 y 29 de enero, as\u00ed como\u00a0<em>Santuario de Cactus,\u00a0<\/em>de Eduardo Soto Mill\u00e1n, que se ejecutar\u00e1 el 25 y 26 de marzo.<br aria-hidden=\"true\" \/>\u00a0<br aria-hidden=\"true\" \/>Algunos de las y los directores invitados son el italiano Guido Mar\u00eda Guida, el uruguayo Diego Naser y los mexicanos Consuelo Bolio, Julio Brise\u00f1o, Rodrigo Mac\u00edas y Luis Manuel S\u00e1nchez, entre otros. Tambi\u00e9n se realiza el\u00a0<strong>Ciclo de Solistas de la OFCM<\/strong>\u00a0con el trompetista Ignacio Cornejo, y la violinista Erika Dobosiewicz, adem\u00e1s de la pianista Claudia Corona.<br aria-hidden=\"true\" \/><br aria-hidden=\"true\" \/>Esta\u00a0<strong>Temporada<\/strong>\u00a0contar\u00e1 con m\u00fasica de c\u00e1mara y presentaciones en diversos espacios en la\u00a0<strong>Sala Silvestre Revueltas del Centro Cultural Ollin Yoliztli<\/strong>\u00a0los\u00a0<strong>s\u00e1bados a las 18:00 horas y los domingos a las 12:30 horas;\u00a0<\/strong>una hora previa a los conciertos, el p\u00fablico puede disfrutar del programa de recitales gratuito de\u00a0<strong>m\u00fasica de c\u00e1mara y\u00a0<\/strong>tambi\u00e9n se retoma el ciclo\u00a0<strong>Tu Orquesta en el Parque\u00a0<\/strong>con la salida de la agrupaci\u00f3n al Templo de Santo Domingo el 25 de marzo a las 18:00 horas.<br aria-hidden=\"true\" \/><br aria-hidden=\"true\" \/>Este pr\u00f3ximo\u00a0<strong>21 y 22 de enero<\/strong>, inicia la Temporada con el\u00a0<strong>Programa 1\u00a0<\/strong>con obras de Wolfgang A. Mozart, la\u00a0<em>Sinfon\u00eda N\u00ba. 38<\/em>\u00a0<em>en re mayor, Praga<\/em>; de Alberto Ginastera\u00a0<em>Variaciones concertantes, op. 23<\/em>\u00a0y de Ludwig Van Beethoven,\u00a0<em>Sinfon\u00eda N\u00ba. 7 en re mayor, op. 92<\/em>\u00a0y m\u00fasica de c\u00e1mara con el\u00a0<em>Cuarteto para piano en mi bemol mayor, op. 47<\/em>\u00a0de Robert Schumann. Participan maestros integrantes de la orquesta: Scott Yoo, viol\u00edn; David Espinosa, viola; Carmen Uribe, violonchelo y Sebasti\u00e1n Espinosa, como pianista invitado.<br aria-hidden=\"true\" \/><br aria-hidden=\"true\" \/>Para los amantes de la m\u00fasica de la OFCM regresa la venta del abono en taquilla, que incluye el acceso todos los conciertos de la temporada.<br aria-hidden=\"true\" \/>\u00a0<br aria-hidden=\"true\" \/><strong>PROGRAMACI\u00d3N<br aria-hidden=\"true\" \/>ORQUESTA FILARM\u00d3NICA DE LA CIUDAD DE M\u00c9XICO<br aria-hidden=\"true\" \/>PRIMERA TEMPORADA OFCM 2023<br aria-hidden=\"true\" \/>(enero 21 &#8211; abril 2)<\/strong><br aria-hidden=\"true\" \/><br aria-hidden=\"true\" \/><strong>Programa 1<\/strong><br aria-hidden=\"true\" \/>Scott Yoo, director titular. Wolfgang A. Mozart, la\u00a0<em>Sinfon\u00eda N\u00ba. 38<\/em>\u00a0<em>en re mayor, Praga<\/em>; de Alberto Ginastera\u00a0<em>Variaciones concertantes, op. 23<\/em>\u00a0y de Ludwig Van Beethoven,\u00a0<em>Sinfon\u00eda N\u00ba. 7 en re mayor, op. 92<\/em>.<br aria-hidden=\"true\" \/><br aria-hidden=\"true\" \/><strong>S\u00e1bado 21 de enero, 18:00 horas y domingo 22 de enero, 12:30\u00a0 horas<\/strong><br aria-hidden=\"true\" \/>\u00a0<br aria-hidden=\"true\" \/><strong>Programa 2<\/strong><br aria-hidden=\"true\" \/>Scott Yoo, director titular. Se presentar\u00e1 el Ciclo\u00a0<em>Solistas OFCM<\/em>\u00a0con la participaci\u00f3n del maestro Ignacio Cornejo D\u00edaz en la trompeta, interpretado el\u00a0<em>Concierto para trompeta en mi bemol mayor, Hob. VIIe:1<\/em>\u00a0de Franz Joseph Haydn. Se efectuar\u00e1 tambi\u00e9n el estreno mundial de\u00a0<em>Arbor<\/em>\u00a0del compositor mexicano Charles Daniels, obra ganadora del\u00a0<em>Primer Concurso de Composici\u00f3n Orquestal de Morelia Ciudad Creativa de la M\u00fasica<\/em>, as\u00ed como la\u00a0<em>Sinfon\u00eda en Re menor<\/em>\u00a0de C\u00e9sar Franck.<br aria-hidden=\"true\" \/><strong>S\u00e1bado 28 de enero, 18:00 horas, y domingo 29 de enero, 12:30 horas<\/strong><br aria-hidden=\"true\" \/><br aria-hidden=\"true\" \/><br aria-hidden=\"true\" \/><strong>Programa 3:<\/strong><br aria-hidden=\"true\" \/>Rodrigo Mac\u00edas, director hu\u00e9sped. Se interpretar\u00e1\u00a0<em>Arepo<\/em>\u00a0de Jos\u00e9 Julio D\u00edaz Infante, Obertura de\u00a0<em>La gran pascua rusa<\/em>\u00a0de Nicolai Rimsky-Korsakov; y la\u00a0<em>Sinfon\u00eda N\u00ba. 3 en Mi Bemol Mayor<\/em>,\u00a0<em>op. 97 Renana<\/em>\u00a0de Robert Schumann, bajo la direcci\u00f3n del maestro Rodrigo Mac\u00edas.<br aria-hidden=\"true\" \/><strong>S\u00e1bado 4 de febrero 18:00 horas, y domingo 5 de febrero 12:30 horas.<\/strong><br aria-hidden=\"true\" \/><br aria-hidden=\"true\" \/><strong>Programa 4:<\/strong><br aria-hidden=\"true\" \/>La OFCM estar\u00e1 dirigida por el mexicano Luis Manuel S\u00e1nchez, y se interpretar\u00e1 de Lilia V\u00e1zquez Kuntze,\u00a0<em>Esferas<\/em>; de Edward MacDowell,\u00a0<em>Suite N\u00ba. 2 en Mi Menor, op. 48<\/em>; y de Howard Hanson,\u00a0<em>Sinfon\u00eda N\u00ba. 3, op. 33.<\/em><br aria-hidden=\"true\" \/><br aria-hidden=\"true\" \/><strong>S\u00e1bado 11 de febrero 18:00 horas y domingo 12 de febrero 12:30 horas.<\/strong><br aria-hidden=\"true\" \/><br aria-hidden=\"true\" \/><strong>Programa 5:<\/strong><br aria-hidden=\"true\" \/>Diego Naser, director hu\u00e9sped. Se interpretar\u00e1 la\u00a0<em>Sinfon\u00eda N. 39 Hob 1:39 Tormenta marina<\/em>\u00a0de Joseph Haydn,\u00a0<em>Antr\u00f3polis<\/em>\u00a0de la compositora mexicana Gabriela Ortiz y la\u00a0<em>Sinfon\u00eda N. 1 en do mayor<\/em>, op. 21 de Ludwig van Beethoven.<br aria-hidden=\"true\" \/><strong>S\u00e1bado 18 de febrero 18:00 horas y domingo 19 de febrero 12:30 horas.<\/strong><br aria-hidden=\"true\" \/><br aria-hidden=\"true\" \/><strong>Programa 6:<\/strong><br aria-hidden=\"true\" \/>Concierto sorpresa<br aria-hidden=\"true\" \/><strong>S\u00e1bado 25 de febrero 18:00 horas y domingo 26 de febrero 12:30 horas<\/strong><br aria-hidden=\"true\" \/><br aria-hidden=\"true\" \/><strong>Programa 7:<\/strong><br aria-hidden=\"true\" \/>Consuelo Bolio, directora hu\u00e9sped. Como parte de la conmemoraci\u00f3n del D\u00eda Internacional de la Mujer, se realizar\u00e1 un concierto bajo la direcci\u00f3n de la maestra Consuelo Bolio, y al piano la maestra Claudia Corona, con interpretaciones de las compositoras Fanny Mendelsohn, Clara Schuman, Pamela Mayorga y Gina Enr\u00edquez.<br aria-hidden=\"true\" \/><strong>S\u00e1bado 4 de marzo 18:00 horas y domingo 5 de marzo 12:30 horas.<\/strong><br aria-hidden=\"true\" \/>\u00a0<br aria-hidden=\"true\" \/><strong>Programa 8:<\/strong><br aria-hidden=\"true\" \/>Scott Yoo, director titular. Se presentar\u00e1 el Ciclo\u00a0<em>Solistas OFCM<\/em>\u00a0con la participaci\u00f3n de la maestra Erika Dobosiewicz en el viol\u00edn que interpretar\u00e1 el Concierto N\u00ba. 1 para viol\u00edn en sol menor, op. 26 del compositor alem\u00e1n Max Bruch; el concierto concluir\u00e1 con la\u00a0<em>Sinfon\u00eda N\u00ba. 4 op. 29 Lo inextinguible<\/em>\u00a0del compositor dan\u00e9s Carl Nielsen.<br aria-hidden=\"true\" \/><strong>S\u00e1bado 11 de marzo 18:00 horas y domingo 12 de marzo 12:30 horas.<\/strong><br aria-hidden=\"true\" \/>\u00a0<br aria-hidden=\"true\" \/><strong>Programa 9:<\/strong><br aria-hidden=\"true\" \/>Scott Yoo, director titular. Se interpretar\u00e1n las obras\u00a0<em>Rapsodia espa\u00f1ola, La valse<\/em>\u00a0y el c\u00e9lebre\u00a0<em>Bolero<\/em>\u00a0de Maurice Ravel, as\u00ed como el\u00a0<em>Poema del \u00e9xtasis,<\/em>\u00a0op. 54 del compositor ruso Alexander Scriabin.<br aria-hidden=\"true\" \/><strong>S\u00e1bado 18 de marzo 18:00 horas y domingo 19 de marzo 12:30 horas.<\/strong><br aria-hidden=\"true\" \/>\u00a0<br aria-hidden=\"true\" \/><strong>Programa 10:<\/strong><br aria-hidden=\"true\" \/>Director hu\u00e9sped: Julio Brise\u00f1o. Se realizar\u00e1 un concierto con las secciones de metales y percusiones de la OFCM en el Templo de Santo Domingo (s\u00e1bado 25) en el que se interpretar\u00e1n composiciones de Dietrich Buxtehude, Elgar Howarth, Henry Purcell, Claudio Monteverdi, Anton Bruckner, Gustav Holst,y el estreno mundial de la obra\u00a0<em>Santuario de Cactus<\/em>\u00a0del mexicano Eduardo Soto Mill\u00e1n. Este concierto se repetir\u00e1 el domingo 26 de marzo en la Sala Silvestre Revueltas a las 12:30 horas.<br aria-hidden=\"true\" \/><strong>S\u00e1bado 25 de marzo 18:00 horas y domingo 26 de marzo 12:30 horas.<\/strong><br aria-hidden=\"true\" \/>\u00a0<br aria-hidden=\"true\" \/><strong>Programa 11:<\/strong><br aria-hidden=\"true\" \/>Guido Maria Guida, director hu\u00e9sped. Se ejecutar\u00e1, del italiano Enricco Coreggia,\u00a0<em>Galaxies Two<\/em>. A prop\u00f3sito del 100 aniversario del natalicio del compositor h\u00fangaro-austriaco Gy\u00f6rgy Ligeti, la OFCM interpretar\u00e1 obras de su autor\u00eda durante 2023, comenzando en este programa con\u00a0<em>Ramificaciones<\/em>, para concluir con el poema sinf\u00f3nico\u00a0<em>Aus Italien<\/em>, op.16 de Richard Strauss.<br aria-hidden=\"true\" \/><br aria-hidden=\"true\" \/>Este programa estar\u00e1 precedido por el tercer concierto de M\u00fasica de C\u00e1mara en el vest\u00edbulo, con el Quinteto para alientos (1978) del estadounidense John Harbison; interpretan las y los m\u00fasicos de la OFCM, Mar\u00eda Vakorina, flauta, Francisca Ettlin, oboe, Jacob Devries, clarinete, Sof\u00eda Almanza Saavedra, fagot y Armando Lavariega, al corno.<br aria-hidden=\"true\" \/><strong>S\u00e1bado 1 de abril 18:00 horas y domingo 2 de abril 12:30 horas.<\/strong><br aria-hidden=\"true\" \/>\u00a0<br aria-hidden=\"true\" \/><strong><u>Informaci\u00f3n pr\u00e1ctica:<\/u><br aria-hidden=\"true\" \/><br aria-hidden=\"true\" \/>OFCM. Primera Temporada 2023<br aria-hidden=\"true\" \/>Del 21 de enero al 2 de abril<br aria-hidden=\"true\" \/>S\u00e1bados 18:00 horas\u00a0 y domingos 12:30 horas\u00a0<br aria-hidden=\"true\" \/><br aria-hidden=\"true\" \/>Direcci\u00f3n: Centro Cultural Ollin Yoliztli ubicado en Perif\u00e9rico Sur 5141, colonia Isidro Fabela, Ciudad de M\u00e9xico<\/strong><br aria-hidden=\"true\" \/><br aria-hidden=\"true\" \/><strong>Venta de boletos en taquilla y Ticketmaster:\u00a0\u00a0<\/strong><a href=\"https:\/\/gob.us21.list-manage.com\/track\/click?u=24ab1d8cf82850533a5af327c&amp;id=f6b07c8718&amp;e=4fe2704bc3\" target=\"_blank\" rel=\"noopener noreferrer\" data-auth=\"NotApplicable\" data-linkindex=\"0\"><strong>https:\/\/www.ticketmaster.com.mx\/orquesta-filarmonica-de-la-ciudad-de-mexico-boletos\/artist\/1120143<\/strong><\/a><br aria-hidden=\"true\" \/><br aria-hidden=\"true\" \/>*<strong>Venta abonos en taquilla sin cargos<\/strong><br aria-hidden=\"true\" \/>Para m\u00e1s detalles puedes consultar\u00a0<strong>ofcm.cdmx.gob.mx<\/strong><br aria-hidden=\"true\" \/><br aria-hidden=\"true\" \/><strong>Sobre Scott Yoo<\/strong><br aria-hidden=\"true\" \/>Es director principal y director art\u00edstico de la Orquesta Filarm\u00f3nica de la Ciudad de M\u00e9xico, director musical del Festival Mozaic, director del Festival de M\u00fasica de Colorado College y fundador del Medell\u00edn Festic\u00e1mara, programa de m\u00fasica de c\u00e1mara que re\u00fane a artistas de talla mundial con j\u00f3venes m\u00fasicos desfavorecidos. Es tambi\u00e9n anfitri\u00f3n y productor ejecutivo del programa de PBS<em>\u00a0Now Hear This<\/em>, primera serie sobre m\u00fasica cl\u00e1sica en la televisi\u00f3n estadounidense en horario estelar en 50 a\u00f1os.<br aria-hidden=\"true\" \/><br aria-hidden=\"true\" \/>Ha dirigido las Sinf\u00f3nicas de Colorado, Dallas, Indian\u00e1polis, Nuevo Mundo, San Francisco y Utah, y a la Orquesta de C\u00e1mara de St. Paul, as\u00ed como su propio festival, el Elliott Carter, en su debut en el Carnegie Hall.<br aria-hidden=\"true\" \/><br aria-hidden=\"true\" \/>En Europa ha dirigido a la English Chamber Orchestra, la City of London Sinfonia, la Britten Sinfonia, la Orquesta Filarm\u00f3nica de Radio Francia, el Ensamble Orquestal de Par\u00eds, la Odense Symphony y a la Sinf\u00f3nica Nacional de Estonia.<br aria-hidden=\"true\" \/><br aria-hidden=\"true\" \/>En Asia, el maestro Yoo ha dirigido a la Orquesta Sinf\u00f3nica Yomiuri Nippon en Tokio, la Filarm\u00f3nica de Se\u00fal y la Filarm\u00f3nica de Busan en Corea.<br aria-hidden=\"true\" \/><br aria-hidden=\"true\" \/>Como parte de su amplio cat\u00e1logo discogr\u00e1fico, Yoo dirigi\u00f3 a la London Symphony Orchestra y la Royal Scottish National Orchestra en grabaciones para Sony Classical; la orquesta de c\u00e1mara John Harbison, trabaj\u00f3 con la soprano Dawn Upshaw para Bridge Records, consiguiendo la nominaci\u00f3n al National Public Radio Performance Today; los ciclos de canciones de Earl Kim con las sopranos Benita Valente y Karol Bennett para el sello New World, grabaci\u00f3n que recibi\u00f3 el Critics Choice en el\u00a0<em>New York Times<\/em>. Otros de sus proyectos de grabaci\u00f3n incluyen la obra integral para orquesta de Earl Kim con la Orquesta Nacional de Irlanda RTE para el sello Naxos.<br aria-hidden=\"true\" \/>Para conocer todas las actividades de la Secretar\u00eda de Cultura capitalina, consulta la<strong>\u00a0Cartelera de la Ciudad de M\u00e9xico<\/strong>\u00a0(<a href=\"https:\/\/gob.us21.list-manage.com\/track\/click?u=24ab1d8cf82850533a5af327c&amp;id=8ee068c81b&amp;e=4fe2704bc3\" target=\"_blank\" rel=\"noopener noreferrer\" data-auth=\"NotApplicable\" data-linkindex=\"1\">https:\/\/cartelera.cdmx.gob.mx\/<\/a>) y las redes sociales de la Secretar\u00eda de Cultura: Facebook, Twitter, Instagram y YouTube.<\/div>\n<div>\n<div dir=\"auto\"><a class=\"x1i10hfl xjbqb8w x6umtig x1b1mbwd xaqea5y xav7gou x9f619 x1ypdohk xt0psk2 xe8uvvx xdj266r x11i5rnm xat24cr x1mh8g0r xexx8yu x4uap5 x18d9i69 xkhd6sd x16tdsg8 x1hl2dhg xggy1nq x1a2a7pz xt0b8zv x1qq9wsj xo1l8bm\" tabindex=\"0\" role=\"link\" href=\"https:\/\/www.facebook.com\/hashtag\/secretariadeculturacdmx?__eep__=6&amp;__cft__[0]=AZUgv6ua-OcQFBnlES4XUdWq5fZABsQHRhHNp7DEX_2iutnxvbu-0SOtI5eTAdgOmJj-cbTGKH6byzIpL10dAD6cFAZahmgR7eu-lFCFIiYmlUU6RHcq9a-YbbzL8W3Ge_9I6BVdyNHXaPqZ43mpeTAP&amp;__tn__=*NK-R\">#secretariadeculturacdmx<\/a><\/div>\n<div dir=\"auto\"><a class=\"x1i10hfl xjbqb8w x6umtig x1b1mbwd xaqea5y xav7gou x9f619 x1ypdohk xt0psk2 xe8uvvx xdj266r x11i5rnm xat24cr x1mh8g0r xexx8yu x4uap5 x18d9i69 xkhd6sd x16tdsg8 x1hl2dhg xggy1nq x1a2a7pz xt0b8zv x1qq9wsj xo1l8bm\" tabindex=\"0\" role=\"link\" href=\"https:\/\/www.facebook.com\/hashtag\/orquestafilarmonicadelacdmx?__eep__=6&amp;__cft__[0]=AZUgv6ua-OcQFBnlES4XUdWq5fZABsQHRhHNp7DEX_2iutnxvbu-0SOtI5eTAdgOmJj-cbTGKH6byzIpL10dAD6cFAZahmgR7eu-lFCFIiYmlUU6RHcq9a-YbbzL8W3Ge_9I6BVdyNHXaPqZ43mpeTAP&amp;__tn__=*NK-R\">#orquestafilarmonicadelacdmx<\/a><\/div>\n<\/div>\n<p>[\/fusion_text][\/fusion_builder_column][\/fusion_builder_row][\/fusion_builder_container]<\/p>\n","protected":false},"excerpt":{"rendered":"<p>[fusion_builder_container hundred_percent=&#8221;no&#8221; equal_height_columns=&#8221;no&#8221; menu_anchor=&#8221;&#8221; hide_on_mobile=&#8221;small-visibility,medium-visibility,large-visibility&#8221; class=&#8221;&#8221; id=&#8221;&#8221; background_color=&#8221;&#8221; background_image=&#8221;&#8221; background_position=&#8221;center center&#8221; background_repeat=&#8221;no-repeat&#8221; fade=&#8221;no&#8221; background_parallax=&#8221;none&#8221; parallax_speed=&#8221;0.3&#8243; video_mp4=&#8221;&#8221; video_webm=&#8221;&#8221; video_ogv=&#8221;&#8221; video_url=&#8221;&#8221; video_aspect_ratio=&#8221;16:9&#8243; video_loop=&#8221;yes&#8221; video_mute=&#8221;yes&#8221; overlay_color=&#8221;&#8221; video_preview_image=&#8221;&#8221; border_size=&#8221;&#8221; border_color=&#8221;&#8221; border_style=&#8221;solid&#8221; padding_top=&#8221;&#8221; padding_bottom=&#8221;&#8221; padding_left=&#8221;&#8221; padding_right=&#8221;&#8221;][fusion_builder_row][fusion_builder_column type=&#8221;1_1&#8243; layout=&#8221;1_1&#8243; background_position=&#8221;left top&#8221; background_color=&#8221;&#8221; border_size=&#8221;&#8221; border_color=&#8221;&#8221; border_style=&#8221;solid&#8221; border_position=&#8221;all&#8221; spacing=&#8221;yes&#8221; background_image=&#8221;&#8221; background_repeat=&#8221;no-repeat&#8221; padding_top=&#8221;&#8221; padding_right=&#8221;&#8221; padding_bottom=&#8221;&#8221; padding_left=&#8221;&#8221; margin_top=&#8221;0px&#8221; margin_bottom=&#8221;0px&#8221; class=&#8221;&#8221; id=&#8221;&#8221; animation_type=&#8221;&#8221; animation_speed=&#8221;0.3&#8243; animation_direction=&#8221;left&#8221; hide_on_mobile=&#8221;small-visibility,medium-visibility,large-visibility&#8221; center_content=&#8221;no&#8221; last=&#8221;no&#8221; min_height=&#8221;&#8221; hover_type=&#8221;none&#8221; link=&#8221;&#8221;][fusion_text] REDACCI\u00d3N \u25cf\u00a0\u00a0\u00a0\u00a0\u00a0 La agrupaci\u00f3n capitalina ejecutar\u00e1 dos estrenos mundiales, incluir\u00e1 ocho obras de compositoras mexicanas y retomar\u00e1 sus sesiones de M\u00fasica de C\u00e1mara en los pre-conciertos as\u00ed como el ciclo Tu Orquesta en el Parque durante la primavera. \u25cf\u00a0\u00a0\u00a0\u00a0\u00a0 Adem\u00e1s, [&hellip;]<\/p>\n","protected":false},"author":1,"featured_media":48897,"comment_status":"open","ping_status":"open","sticky":false,"template":"","format":"standard","meta":{"footnotes":""},"categories":[9,11],"tags":[],"_links":{"self":[{"href":"https:\/\/www.bitacoracdmx.com\/index.php?rest_route=\/wp\/v2\/posts\/48896"}],"collection":[{"href":"https:\/\/www.bitacoracdmx.com\/index.php?rest_route=\/wp\/v2\/posts"}],"about":[{"href":"https:\/\/www.bitacoracdmx.com\/index.php?rest_route=\/wp\/v2\/types\/post"}],"author":[{"embeddable":true,"href":"https:\/\/www.bitacoracdmx.com\/index.php?rest_route=\/wp\/v2\/users\/1"}],"replies":[{"embeddable":true,"href":"https:\/\/www.bitacoracdmx.com\/index.php?rest_route=%2Fwp%2Fv2%2Fcomments&post=48896"}],"version-history":[{"count":1,"href":"https:\/\/www.bitacoracdmx.com\/index.php?rest_route=\/wp\/v2\/posts\/48896\/revisions"}],"predecessor-version":[{"id":48898,"href":"https:\/\/www.bitacoracdmx.com\/index.php?rest_route=\/wp\/v2\/posts\/48896\/revisions\/48898"}],"wp:featuredmedia":[{"embeddable":true,"href":"https:\/\/www.bitacoracdmx.com\/index.php?rest_route=\/wp\/v2\/media\/48897"}],"wp:attachment":[{"href":"https:\/\/www.bitacoracdmx.com\/index.php?rest_route=%2Fwp%2Fv2%2Fmedia&parent=48896"}],"wp:term":[{"taxonomy":"category","embeddable":true,"href":"https:\/\/www.bitacoracdmx.com\/index.php?rest_route=%2Fwp%2Fv2%2Fcategories&post=48896"},{"taxonomy":"post_tag","embeddable":true,"href":"https:\/\/www.bitacoracdmx.com\/index.php?rest_route=%2Fwp%2Fv2%2Ftags&post=48896"}],"curies":[{"name":"wp","href":"https:\/\/api.w.org\/{rel}","templated":true}]}}