{"id":48903,"date":"2023-01-22T18:43:10","date_gmt":"2023-01-22T18:43:10","guid":{"rendered":"https:\/\/www.bitacoracdmx.com\/?p=48903"},"modified":"2023-01-22T18:43:10","modified_gmt":"2023-01-22T18:43:10","slug":"el-museo-de-la-ciudad-de-mexico-presenta-la-exposicion-memorias-fragmentadas-de-gustavo-villegas","status":"publish","type":"post","link":"https:\/\/www.bitacoracdmx.com\/?p=48903","title":{"rendered":"El MUSEO DE LA CIUDAD DE M\u00c9XICO presenta la exposici\u00f3n MEMORIAS FRAGMENTADAS, DE GUSTAVO VILLEGAS"},"content":{"rendered":"<p>[fusion_builder_container hundred_percent=&#8221;no&#8221; equal_height_columns=&#8221;no&#8221; menu_anchor=&#8221;&#8221; hide_on_mobile=&#8221;small-visibility,medium-visibility,large-visibility&#8221; class=&#8221;&#8221; id=&#8221;&#8221; background_color=&#8221;&#8221; background_image=&#8221;&#8221; background_position=&#8221;center center&#8221; background_repeat=&#8221;no-repeat&#8221; fade=&#8221;no&#8221; background_parallax=&#8221;none&#8221; parallax_speed=&#8221;0.3&#8243; video_mp4=&#8221;&#8221; video_webm=&#8221;&#8221; video_ogv=&#8221;&#8221; video_url=&#8221;&#8221; video_aspect_ratio=&#8221;16:9&#8243; video_loop=&#8221;yes&#8221; video_mute=&#8221;yes&#8221; overlay_color=&#8221;&#8221; video_preview_image=&#8221;&#8221; border_size=&#8221;&#8221; border_color=&#8221;&#8221; border_style=&#8221;solid&#8221; padding_top=&#8221;&#8221; padding_bottom=&#8221;&#8221; padding_left=&#8221;&#8221; padding_right=&#8221;&#8221;][fusion_builder_row][fusion_builder_column type=&#8221;1_1&#8243; layout=&#8221;1_1&#8243; background_position=&#8221;left top&#8221; background_color=&#8221;&#8221; border_size=&#8221;&#8221; border_color=&#8221;&#8221; border_style=&#8221;solid&#8221; border_position=&#8221;all&#8221; spacing=&#8221;yes&#8221; background_image=&#8221;&#8221; background_repeat=&#8221;no-repeat&#8221; padding_top=&#8221;&#8221; padding_right=&#8221;&#8221; padding_bottom=&#8221;&#8221; padding_left=&#8221;&#8221; margin_top=&#8221;0px&#8221; margin_bottom=&#8221;0px&#8221; class=&#8221;&#8221; id=&#8221;&#8221; animation_type=&#8221;&#8221; animation_speed=&#8221;0.3&#8243; animation_direction=&#8221;left&#8221; hide_on_mobile=&#8221;small-visibility,medium-visibility,large-visibility&#8221; center_content=&#8221;no&#8221; last=&#8221;no&#8221; min_height=&#8221;&#8221; hover_type=&#8221;none&#8221; link=&#8221;&#8221;][fusion_text]<\/p>\n<p>REDACCI\u00d3N<\/p>\n<ul>\n<li dir=\"ltr\" aria-level=\"1\">\n<p dir=\"ltr\" role=\"presentation\">El artista aborda desde la pintura los cambios f\u00edsicos y emocionales que provocaron los da\u00f1os a inmuebles tras el terremoto del 19 de septiembre de 2017.<\/p>\n<\/li>\n<li dir=\"ltr\" aria-level=\"1\">\n<p dir=\"ltr\" role=\"presentation\">La muestra, integrada por pinturas realizadas durante los \u00faltimos cinco a\u00f1os, permanecer\u00e1 disponible al p\u00fablico del 28 de enero al 16 de abril del presente a\u00f1o.<\/p>\n<\/li>\n<\/ul>\n<p dir=\"ltr\">Con la finalidad de acercar al p\u00fablico a la creaci\u00f3n art\u00edstica capitalina, el\u00a0<strong>Museo de la Ciudad de M\u00e9xico<\/strong>, recinto de la\u00a0<strong>Secretar\u00eda de Cultura de la Ciudad de M\u00e9xico<\/strong>, presenta al p\u00fablico la exposici\u00f3n\u00a0<em>Memorias fragmentadas<\/em>, del artista mexicano\u00a0<strong>Gustavo Villegas<\/strong>, quien comparte a trav\u00e9s de su obra m\u00e1s reciente una reflexi\u00f3n sobre la impermanencia y la vulnerabilidad social e individual que podr\u00e1 conocerse hasta el 16 de abril.<\/p>\n<p dir=\"ltr\">\u201cEl eje central de esta exposici\u00f3n y de mi trabajo en los \u00faltimos a\u00f1os es la impermanencia. El cambio es continuo, inevitable y evidente en todo ser vivo e inerte. El ser humano por varios milenios y en diferentes culturas se ha esforzado por entender esta mutabilidad que percibimos y experimentamos d\u00eda a d\u00eda y que est\u00e1 fuera de nuestro control. Sin embargo, pareciera que seguimos sin comprender y aceptar la impermanencia del todo\u201d, explica el artista.<\/p>\n<p dir=\"ltr\">A trav\u00e9s de su pintura, en la que realiza una antolog\u00eda de su trabajo durante los \u00faltimos cinco a\u00f1os de 2018 a 2023, el artista da muestra de los cambios en los espacios arquitect\u00f3nicos generados tras el terremoto del 19 de septiembre de 2017, que provoc\u00f3 cambios f\u00edsicos y emocionales, como muestra de la impermanencia de todo ser, a\u00fan en aquellos edificios que se planean con un anhelo de durabilidad y firmeza.<\/p>\n<p dir=\"ltr\">\u201cVivimos con el anhelo de posteridad, como si los objetos que poseemos y la relaci\u00f3n que tenemos con ellos pudiera mantenerse a trav\u00e9s del tiempo. S\u00f3lo aceptamos gustosos aquel cambio que interpretamos como agradable y rechazamos cualquier cambio que tenga una connotaci\u00f3n o una est\u00e9tica identificada como desagradable\u201d, agreg\u00f3 el tambi\u00e9n dise\u00f1ador gr\u00e1fico.\u00a0<br aria-hidden=\"true\" \/><\/p>\n<p dir=\"ltr\">A trav\u00e9s de esta exposici\u00f3n, Villegas lucha contra la amnesia colectiva que diluye el recuerdo del cambio para mostrarlo en su m\u00e1ximo esplendor, usualmente considerado como deterioro, para representar las evidencias de la impermanencia mediante la mutabilidad de la materia que al encuentro con la nostalgia abre una desconcertante belleza.<\/p>\n<p dir=\"ltr\">Originario de la Ciudad de M\u00e9xico, Gustavo Villegas estudi\u00f3 Dise\u00f1o Gr\u00e1fico en la Universidad del Valle de M\u00e9xico y Pintura en la Universidad Aut\u00f3noma de Quer\u00e9taro, ha recibido diversos est\u00edmulos creativos como el Sistema Nacional de Creadores de Arte y distintos reconocimientos como el 1er lugar en la Bienal Nacional de Pintura Julio Castillo, adem\u00e1s de haber sido artista residente en Suiza, Estados Unidos, India y Canad\u00e1.<\/p>\n<p dir=\"ltr\">El Museo de la Ciudad de M\u00e9xico, ubicado en Jos\u00e9 Mar\u00eda Pino Su\u00e1rez 30, se encuentra abierto al p\u00fablico de martes a domingo de 10:00 a 17:30 horas, con un costo de entrada de $38 pesos y un descuento del 50 por ciento con credencial de estudiante, maestro y personas de la tercera edad. Domingos entrada gratuita.<\/p>\n<p dir=\"ltr\">Las actividades\u00a0de\u00a0la\u00a0<strong>Secretar\u00eda\u00a0de\u00a0Cultura\u00a0capitalina<\/strong>\u00a0se pueden conocer\u00a0en\u00a0la p\u00e1gina oficial en\u00a0la\u00a0<strong>Cartelera de\u00a0la Ciudad\u00a0de\u00a0M\u00e9xico<\/strong>\u00a0(<a href=\"https:\/\/gob.us21.list-manage.com\/track\/click?u=24ab1d8cf82850533a5af327c&amp;id=4e3efcf242&amp;e=4fe2704bc3\" target=\"_blank\" rel=\"noopener noreferrer\" data-auth=\"NotApplicable\" data-linkindex=\"0\">https:\/\/cartelera.cdmx.gob.mx\/<\/a>), y a trav\u00e9s\u00a0de\u00a0sus redes sociales:\u00a0Facebook, Twitter, Instagram y YouTube.<\/p>\n<p>[\/fusion_text][fusion_imageframe image_id=&#8221;48904|medium&#8221; max_width=&#8221;&#8221; style_type=&#8221;&#8221; blur=&#8221;&#8221; stylecolor=&#8221;&#8221; hover_type=&#8221;none&#8221; bordersize=&#8221;&#8221; bordercolor=&#8221;&#8221; borderradius=&#8221;&#8221; align=&#8221;none&#8221; lightbox=&#8221;no&#8221; gallery_id=&#8221;&#8221; lightbox_image=&#8221;&#8221; lightbox_image_id=&#8221;&#8221; alt=&#8221;&#8221; link=&#8221;&#8221; linktarget=&#8221;_self&#8221; hide_on_mobile=&#8221;small-visibility,medium-visibility,large-visibility&#8221; class=&#8221;&#8221; id=&#8221;&#8221; animation_type=&#8221;&#8221; animation_direction=&#8221;left&#8221; animation_speed=&#8221;0.3&#8243; animation_offset=&#8221;&#8221;]https:\/\/www.bitacoracdmx.com\/wp-content\/uploads\/2023\/01\/ee5f320a-d992-e752-aba1-9522673b1ec1-300&#215;185.png[\/fusion_imageframe][\/fusion_builder_column][\/fusion_builder_row][\/fusion_builder_container]<\/p>\n","protected":false},"excerpt":{"rendered":"<p>[fusion_builder_container hundred_percent=&#8221;no&#8221; equal_height_columns=&#8221;no&#8221; menu_anchor=&#8221;&#8221; hide_on_mobile=&#8221;small-visibility,medium-visibility,large-visibility&#8221; class=&#8221;&#8221; id=&#8221;&#8221; background_color=&#8221;&#8221; background_image=&#8221;&#8221; background_position=&#8221;center center&#8221; background_repeat=&#8221;no-repeat&#8221; fade=&#8221;no&#8221; background_parallax=&#8221;none&#8221; parallax_speed=&#8221;0.3&#8243; video_mp4=&#8221;&#8221; video_webm=&#8221;&#8221; video_ogv=&#8221;&#8221; video_url=&#8221;&#8221; video_aspect_ratio=&#8221;16:9&#8243; video_loop=&#8221;yes&#8221; video_mute=&#8221;yes&#8221; overlay_color=&#8221;&#8221; video_preview_image=&#8221;&#8221; border_size=&#8221;&#8221; border_color=&#8221;&#8221; border_style=&#8221;solid&#8221; padding_top=&#8221;&#8221; padding_bottom=&#8221;&#8221; padding_left=&#8221;&#8221; padding_right=&#8221;&#8221;][fusion_builder_row][fusion_builder_column type=&#8221;1_1&#8243; layout=&#8221;1_1&#8243; background_position=&#8221;left top&#8221; background_color=&#8221;&#8221; border_size=&#8221;&#8221; border_color=&#8221;&#8221; border_style=&#8221;solid&#8221; border_position=&#8221;all&#8221; spacing=&#8221;yes&#8221; background_image=&#8221;&#8221; background_repeat=&#8221;no-repeat&#8221; padding_top=&#8221;&#8221; padding_right=&#8221;&#8221; padding_bottom=&#8221;&#8221; padding_left=&#8221;&#8221; margin_top=&#8221;0px&#8221; margin_bottom=&#8221;0px&#8221; class=&#8221;&#8221; id=&#8221;&#8221; animation_type=&#8221;&#8221; animation_speed=&#8221;0.3&#8243; animation_direction=&#8221;left&#8221; hide_on_mobile=&#8221;small-visibility,medium-visibility,large-visibility&#8221; center_content=&#8221;no&#8221; last=&#8221;no&#8221; min_height=&#8221;&#8221; hover_type=&#8221;none&#8221; link=&#8221;&#8221;][fusion_text] REDACCI\u00d3N El artista aborda desde la pintura los cambios f\u00edsicos y emocionales que provocaron los da\u00f1os a inmuebles tras el terremoto del 19 de septiembre de 2017. La muestra, integrada por pinturas realizadas durante los \u00faltimos cinco a\u00f1os, permanecer\u00e1 disponible [&hellip;]<\/p>\n","protected":false},"author":1,"featured_media":48904,"comment_status":"open","ping_status":"open","sticky":false,"template":"","format":"standard","meta":{"footnotes":""},"categories":[9,27],"tags":[],"_links":{"self":[{"href":"https:\/\/www.bitacoracdmx.com\/index.php?rest_route=\/wp\/v2\/posts\/48903"}],"collection":[{"href":"https:\/\/www.bitacoracdmx.com\/index.php?rest_route=\/wp\/v2\/posts"}],"about":[{"href":"https:\/\/www.bitacoracdmx.com\/index.php?rest_route=\/wp\/v2\/types\/post"}],"author":[{"embeddable":true,"href":"https:\/\/www.bitacoracdmx.com\/index.php?rest_route=\/wp\/v2\/users\/1"}],"replies":[{"embeddable":true,"href":"https:\/\/www.bitacoracdmx.com\/index.php?rest_route=%2Fwp%2Fv2%2Fcomments&post=48903"}],"version-history":[{"count":1,"href":"https:\/\/www.bitacoracdmx.com\/index.php?rest_route=\/wp\/v2\/posts\/48903\/revisions"}],"predecessor-version":[{"id":48905,"href":"https:\/\/www.bitacoracdmx.com\/index.php?rest_route=\/wp\/v2\/posts\/48903\/revisions\/48905"}],"wp:featuredmedia":[{"embeddable":true,"href":"https:\/\/www.bitacoracdmx.com\/index.php?rest_route=\/wp\/v2\/media\/48904"}],"wp:attachment":[{"href":"https:\/\/www.bitacoracdmx.com\/index.php?rest_route=%2Fwp%2Fv2%2Fmedia&parent=48903"}],"wp:term":[{"taxonomy":"category","embeddable":true,"href":"https:\/\/www.bitacoracdmx.com\/index.php?rest_route=%2Fwp%2Fv2%2Fcategories&post=48903"},{"taxonomy":"post_tag","embeddable":true,"href":"https:\/\/www.bitacoracdmx.com\/index.php?rest_route=%2Fwp%2Fv2%2Ftags&post=48903"}],"curies":[{"name":"wp","href":"https:\/\/api.w.org\/{rel}","templated":true}]}}