{"id":48918,"date":"2023-01-22T20:11:26","date_gmt":"2023-01-22T20:11:26","guid":{"rendered":"https:\/\/www.bitacoracdmx.com\/?p=48918"},"modified":"2023-01-22T20:11:26","modified_gmt":"2023-01-22T20:11:26","slug":"boleros-de-oro-llega-en-una-noche-especial-de-homenaje-al-bolero-al-teatro-metropolitan-2","status":"publish","type":"post","link":"https:\/\/www.bitacoracdmx.com\/?p=48918","title":{"rendered":"\u201cBOLEROS DE ORO\u201d llega en una noche especial de homenaje al bolero al TEATRO METROP\u00d3LITAN"},"content":{"rendered":"<p>[fusion_builder_container hundred_percent=&#8221;no&#8221; equal_height_columns=&#8221;no&#8221; menu_anchor=&#8221;&#8221; hide_on_mobile=&#8221;small-visibility,medium-visibility,large-visibility&#8221; class=&#8221;&#8221; id=&#8221;&#8221; background_color=&#8221;&#8221; background_image=&#8221;&#8221; background_position=&#8221;center center&#8221; background_repeat=&#8221;no-repeat&#8221; fade=&#8221;no&#8221; background_parallax=&#8221;none&#8221; parallax_speed=&#8221;0.3&#8243; video_mp4=&#8221;&#8221; video_webm=&#8221;&#8221; video_ogv=&#8221;&#8221; video_url=&#8221;&#8221; video_aspect_ratio=&#8221;16:9&#8243; video_loop=&#8221;yes&#8221; video_mute=&#8221;yes&#8221; overlay_color=&#8221;&#8221; video_preview_image=&#8221;&#8221; border_size=&#8221;&#8221; border_color=&#8221;&#8221; border_style=&#8221;solid&#8221; padding_top=&#8221;&#8221; padding_bottom=&#8221;&#8221; padding_left=&#8221;&#8221; padding_right=&#8221;&#8221;][fusion_builder_row][fusion_builder_column type=&#8221;1_1&#8243; layout=&#8221;1_1&#8243; background_position=&#8221;left top&#8221; background_color=&#8221;&#8221; border_size=&#8221;&#8221; border_color=&#8221;&#8221; border_style=&#8221;solid&#8221; border_position=&#8221;all&#8221; spacing=&#8221;yes&#8221; background_image=&#8221;&#8221; background_repeat=&#8221;no-repeat&#8221; padding_top=&#8221;&#8221; padding_right=&#8221;&#8221; padding_bottom=&#8221;&#8221; padding_left=&#8221;&#8221; margin_top=&#8221;0px&#8221; margin_bottom=&#8221;0px&#8221; class=&#8221;&#8221; id=&#8221;&#8221; animation_type=&#8221;&#8221; animation_speed=&#8221;0.3&#8243; animation_direction=&#8221;left&#8221; hide_on_mobile=&#8221;small-visibility,medium-visibility,large-visibility&#8221; center_content=&#8221;no&#8221; last=&#8221;no&#8221; min_height=&#8221;&#8221; hover_type=&#8221;none&#8221; link=&#8221;&#8221;][fusion_text]<\/p>\n<p>REDACCI\u00d3N<\/p>\n<p><i>*El show de Los Panchos, Los Dandys de Armando Navarro, Los Tecolines y Los Santos se llevar\u00e1 a cabo en el Teatro Metrop\u00f3litan este Domingo 05 de Febrero a partir de las seis de la tarde<\/i><\/p>\n<p><i>*Boletos a la venta en el Sistema Ticketmaster y en taquillas del inmueble<\/i><\/p>\n<p>El concepto Boleros de oro es un viaje a trav\u00e9s de la m\u00fasica rom\u00e1ntica y la \u00e9poca de oro del bolero en M\u00e9xico con sus m\u00e1ximos exponentes, como son Los Panchos, Los Dandys de Armando Navarro, Los Tecolines y Los Santos, con un merecido homenaje a Eydie Gorme con la hermosa voz de Diana Vanoni, reunidos por una sola noche para hacer de esta una reuni\u00f3n hist\u00f3rica y obligada. El show se llevar\u00e1 a cabo en el Teatro Metrop\u00f3litan este Domingo 05 de Febrero a partir de las seis de la tarde. Boletos a la venta en el Sistema Ticketmaster y en taquillas del inmueble.<\/p>\n<p>De la primera formaci\u00f3n que encumbr\u00f3 a los Dandys queda solo el maravilloso e imborrable recuerdo de hombres talentosos que escribieron una p\u00e1gina gloriosa para la m\u00fasica popular en M\u00e9xico. Jos\u00e9 Luis Segura Rosas era la primera voz y guitarra dotado con una tesitura inigualable que enamor\u00f3 a M\u00e9xico; Joaqu\u00edn Ruiz Mart\u00ednez era la tercera voz, con una escala contra alta que estremeci\u00f3; Armando Navarro Morales era el requinto y arreglista de todos los temas de Los Dandys ganador de numerosos premios justamente por su facultad de hacer sonar las cuerdas, e incluso nombrado como &#8220;El Mejor Requinto de M\u00e9xico ejecutado por el Brazo de Oro&#8221; en Estados Unidos y M\u00e9xico. Se integr\u00f3 a ellos el se\u00f1or Francisco Escamilla Ch\u00e1vez en la segunda voz y guitarra y por \u00faltimo el enorme Luis Cisneros Alvear o \u201cGuicho Cisneros\u201d, el compositor de cabecera cuyas canciones encumbr\u00f3 a los Dandys a la fama y que los llev\u00f3 a tener el r\u00e9cord de contar con cat\u00e1logo en todas las disqueras que existen en M\u00e9xico.<\/p>\n<p>Ellos tuvieron sus inicios exitosos con \u201cGema\u201d, un himno indispensable para casi cualquier momento. Formados en 1957 grabaron el tema de Gema y a partir de \u00e9se momento comenz\u00f3 la leyenda, cuando al dejarlo en las radios del D.F. y emprender una gira por el norte del pa\u00eds, regresaron convertidos en aut\u00e9nticos \u00eddolos. A partir de ese momento, un vendaval de reconocimientos y \u00e9xitos siguieron a este tr\u00edo que se ha sabido mantener en el gusto del p\u00fablico por sesenta a\u00f1os. El 19 de octubre de 1957 se fundan Los Dandys, que son el primer trio-cuarteto, que en el a\u00f1o de 1958 firma su primer contrato con la discogr\u00e1fica RCA Viktor convirti\u00e9ndose en un \u00e9xito total con \u00e9sos doce temas contenidos en su primer placa colocados con el paso del tiempo en joyas de la m\u00fasica mundial, todos ellos de autor\u00eda propia: Gema, Tres Regalos, Vuela Paloma, Por Fin y muchos temas m\u00e1s.<\/p>\n<p>Los Tecolines han sido uno de los tr\u00edos hist\u00f3ricos en M\u00e9xico. Su arte, talento y entrega siguen presentes para seguir emprendiendo nuevos y ambiciosos horizontes que mantengan firme el reconocimiento a una trayectoria inobjetable con enormes \u00e9xitos que todo mundo conoce y que iniciaron el a segunda mitad de la d\u00e9cada de los a\u00f1os cincuenta.\u00a0 Son reconocidos como fieles transmisores de los sentimientos y valores caracter\u00edsticos del pueblo de M\u00e9xico, con numerosos discos de oro y premios ganados con todo m\u00e9rito por todo el mundo, sobre todo composiciones de Agust\u00edn Lara que son ya un fen\u00f3meno de masas.\u00a0 Luego har\u00edan lo mismo con temas de Juan Gabriel y Bebu Silvetti, entre otros.<\/p>\n<p>En la trayectoria art\u00edstica del tr\u00edo adem\u00e1s de los m\u00faltiples reconocimientos recibidos que avalan ya seis d\u00e9cadas de trabajo incansable, quedaron formalmente institu\u00eddos Los Tecolines como una instituci\u00f3n rom\u00e1ntica en el g\u00e9nero del bolero, y como uno los m\u00e1s grandes tr\u00edos de la naci\u00f3n. M\u00e1s de sesenta a\u00f1os ininterrumpidos de vida art\u00edstica con m\u00e1s de 500 canciones grabadas para el sello Peerless y Orfe\u00f3n, con gran aceptaci\u00f3n de pa\u00edses como M\u00e9xico, Estados Unidos, Centroam\u00e9rica y Jap\u00f3n, han marcado la diferencia y por ello, el tr\u00edo Los Tecolines mantienen vigente su legado con numerosas presentaciones que han tomado con toda seriedad los nuevos herederos de un legado que nadie es capaz de cuestionarles.<\/p>\n<p>El Tr\u00edo Los Panchos se form\u00f3 en la ciudad de Nueva York en 1944, donde los mexicanos Alfredo Bojalil Gil, mejor conocido como El G\u00fcero Gil, y Jos\u00e9 de Jes\u00fas Navarro Moreno, mejor conocido como Chucho Navarro, junto al puertorrique\u00f1o Herminio Avil\u00e9s Negr\u00f3n, de nombre art\u00edstico Hernando Avil\u00e9s decidieron unir sus talentos e innovar el g\u00e9nero de los tr\u00edos cantando a tres voces y tres guitarras. Tiempo m\u00e1s tarde, Avil\u00e9s y Navarro tocaban la guitarra y Gil el requinto de su propia creaci\u00f3n. Se iniciaron en el ambiente art\u00edstico el 14 de mayo de 1944 al presentarse en el Hispanic Theatre de Nueva York interpretando m\u00fasica ranchera mexicana con gran \u00e9xito, lo que pronto los llev\u00f3 a grabar su primer disco, para el sello Coda, titulado Mexicantos, con siete temas de m\u00fasica mexicana y el bolero \u201cHasta ma\u00f1ana\u201d, el mismo que les abri\u00f3 las puertas hacia este g\u00e9nero musical con el cual se los identifica en todo el mundo.<\/p>\n<p>Los Panchos ganaron fama internacional con sus boleros rom\u00e1nticos, especialmente en Am\u00e9rica Latina, donde en el comienzo de la segunda parte del siglo XX segu\u00edan siendo honrados como uno de los tr\u00edos m\u00e1s famosos de todos los tiempos. Vendieron millones de copias de sus discos de 78 RPM y \u00e1lbumes LP a unos pocos a\u00f1os de su fundaci\u00f3n. Las compa\u00f1\u00edas discogr\u00e1ficas SEECO y CBS Columbia (hoy parte del consorcio Sony BMG Music Entertainment) les dieron a firmar contratos con los que forjaron su trayectoria. Los Panchos continuaron con su carrera marcada por sus siete primeras voces, e intervinieron tambi\u00e9n aproximadamente en cincuenta pel\u00edculas a lo largo de su trayectoria. Durante este tiempo, el lugar de primera voz fue ocupado por artistas como los puertorrique\u00f1os Julio Rodr\u00edguez Reyes y Johnny Albino y el mexicano Enrique C\u00e1ceres M\u00e9ndez, entre otros.<\/p>\n<p>En 1964, CBS propuso a los integrantes del tr\u00edo, entonces conformado por los dos integrantes fundadores y Johnny Albino, el acompa\u00f1ar por primera vez a una voz femenina. Se trataba de la vocalista estadounidense de ascendencia judeoespa\u00f1ola Eydie Gorm\u00e9, quien ten\u00eda varios a\u00f1os de trayectoria discogr\u00e1fica en los Estados Unidos y que reci\u00e9n empezaba a grabar en idioma espa\u00f1ol. De la colaboraci\u00f3n entre Gorm\u00e9 y Los Panchos, adem\u00e1s de los m\u00fasicos acompa\u00f1antes, naci\u00f3 el \u00e1lbum Great Love Songs In Spanish (titulado Amor, en espa\u00f1ol). El \u00e9xito de este intento hizo que la CBS los reuniera nuevamente para grabar los \u00e1lbumes Cuatro Vidas y Blanca Navidad. Vale resaltar, como an\u00e9cdota, que ante la imposibilidad por los compromisos art\u00edsticos de Eydie Gorm\u00e9 de ensayar con el ya famoso tr\u00edo, Alfredo Gil propuso usar la voz de su propia esposa como base para los arreglos vocales de estos discos.<\/p>\n<p>Los Santos son un tr\u00edo Mexicano muy popular, integrado originalmente por Rolando Morlett como primera voz, Diego Alcaraz, y por su fundador Eduardo Ayala. Son originarios del estado de Guerrero. Entre sus \u00e9xitos se cuentan: Caleta tropical y El mar y tu recuerdo. Est\u00e1n activos actualmente en la Rep\u00fablica Mexicana actuando en diversos eventos p\u00fablicos como el homenaje a la figura de Jorge Negrete. Han viajado a Europa y por Am\u00e9rica. Han grabado canciones del compositor Alvaro Carrillo. Sus integrantes actuales difieren de la composici\u00f3n original del tr\u00edo pero mantienen bien el sonido original. Se fund\u00f3 cuando eran j\u00f3venes estudiantes normalistas y grabaron originalmente con la firma Musart, a la cual han aportado 17 producciones musicales y recorrido el mundo poniendo en alto el nombre de M\u00e9xico.<\/p>\n<p>Durante la d\u00e9cada de los 60, el tr\u00edo grab\u00f3 temas como Jacaranda, Luz de luna, El Andariego, Como un lunar, Un poco m\u00e1s, Caleta Tropical, Atolito con el dedo y Oye mi Canci\u00f3n, entre muchos otros \u00e9xitos. Alvaro Carrillo, Mario Molina Montes, Agust\u00edn Ram\u00edrez, Tadeo Arredondo, Arturo Neri y Carlos Gali, son s\u00f3lo algunos de los destacados compositores que han escrito canciones para el tr\u00edo musical. A lo largo de su historia y por los \u00e9xitos obtenidos, el tr\u00edo Los Santos se convirti\u00f3 en representante de Guerrero y de M\u00e9xico en el mercado internacional y con su m\u00fasica han visitado pa\u00edses como Jap\u00f3n, China, Alemania, Espa\u00f1a, El Salvador, Venezuela, Uruguay, Honduras y Estados Unidos, donde estuvieron casi un a\u00f1o en Nueva York representando a la Embajada de M\u00e9xico en aquella ciudad.<\/p>\n<p>Boleros de oro es un viaje a trav\u00e9s de la m\u00fasica rom\u00e1ntica y la \u00e9poca de oro del bolero en M\u00e9xico con sus m\u00e1ximos exponentes: Los Panchos, Los Dandys de Armando Navarro, Los Tecolines y Los Santos, con un merecido homenaje a Eydie Gorme con la hermosa voz de Diana Vanoni, reunidos por una sola noche para hacer de esta una reuni\u00f3n hist\u00f3rica y obligada. El show se llevar\u00e1 a cabo en el Teatro Metrop\u00f3litan este Domingo 05 de Febrero a partir de las seis de la tarde. Boletos a la venta en el Sistema Ticketmaster y en taquillas del inmueble.<\/p>\n<p><a class=\"x1i10hfl xjbqb8w x6umtig x1b1mbwd xaqea5y xav7gou x9f619 x1ypdohk xt0psk2 xe8uvvx xdj266r x11i5rnm xat24cr x1mh8g0r xexx8yu x4uap5 x18d9i69 xkhd6sd x16tdsg8 x1hl2dhg xggy1nq x1a2a7pz xt0b8zv x1qq9wsj xo1l8bm\" tabindex=\"0\" role=\"link\" href=\"https:\/\/www.facebook.com\/hashtag\/bolerosdeoro?__eep__=6&amp;__cft__[0]=AZVwhjWRHZxxV0VjiIno1kzp3YDcd3dnvTr8h40TCsggUuGVaGnbnQhWhREn8O40w2It-oF4sM91powMV9jsDSJEKJiwG3g-Y8auoB06KojsLJQYh2clJBV3Kvnp8APJSkM&amp;__tn__=*NK-R\">#BolerosDeOro<\/a><\/p>\n<p>[\/fusion_text][fusion_imageframe image_id=&#8221;48919|medium&#8221; max_width=&#8221;&#8221; style_type=&#8221;&#8221; blur=&#8221;&#8221; stylecolor=&#8221;&#8221; hover_type=&#8221;none&#8221; bordersize=&#8221;&#8221; bordercolor=&#8221;&#8221; borderradius=&#8221;&#8221; align=&#8221;none&#8221; lightbox=&#8221;no&#8221; gallery_id=&#8221;&#8221; lightbox_image=&#8221;&#8221; lightbox_image_id=&#8221;&#8221; alt=&#8221;&#8221; link=&#8221;&#8221; linktarget=&#8221;_self&#8221; hide_on_mobile=&#8221;small-visibility,medium-visibility,large-visibility&#8221; class=&#8221;&#8221; id=&#8221;&#8221; animation_type=&#8221;&#8221; animation_direction=&#8221;left&#8221; animation_speed=&#8221;0.3&#8243; animation_offset=&#8221;&#8221;]https:\/\/www.bitacoracdmx.com\/wp-content\/uploads\/2023\/01\/descargar-2023-01-22T140654.005-194&#215;300.png[\/fusion_imageframe][\/fusion_builder_column][\/fusion_builder_row][\/fusion_builder_container]<\/p>\n","protected":false},"excerpt":{"rendered":"<p>[fusion_builder_container hundred_percent=&#8221;no&#8221; equal_height_columns=&#8221;no&#8221; menu_anchor=&#8221;&#8221; hide_on_mobile=&#8221;small-visibility,medium-visibility,large-visibility&#8221; class=&#8221;&#8221; id=&#8221;&#8221; background_color=&#8221;&#8221; background_image=&#8221;&#8221; background_position=&#8221;center center&#8221; background_repeat=&#8221;no-repeat&#8221; fade=&#8221;no&#8221; background_parallax=&#8221;none&#8221; parallax_speed=&#8221;0.3&#8243; video_mp4=&#8221;&#8221; video_webm=&#8221;&#8221; video_ogv=&#8221;&#8221; video_url=&#8221;&#8221; video_aspect_ratio=&#8221;16:9&#8243; video_loop=&#8221;yes&#8221; video_mute=&#8221;yes&#8221; overlay_color=&#8221;&#8221; video_preview_image=&#8221;&#8221; border_size=&#8221;&#8221; border_color=&#8221;&#8221; border_style=&#8221;solid&#8221; padding_top=&#8221;&#8221; padding_bottom=&#8221;&#8221; padding_left=&#8221;&#8221; padding_right=&#8221;&#8221;][fusion_builder_row][fusion_builder_column type=&#8221;1_1&#8243; layout=&#8221;1_1&#8243; background_position=&#8221;left top&#8221; background_color=&#8221;&#8221; border_size=&#8221;&#8221; border_color=&#8221;&#8221; border_style=&#8221;solid&#8221; border_position=&#8221;all&#8221; spacing=&#8221;yes&#8221; background_image=&#8221;&#8221; background_repeat=&#8221;no-repeat&#8221; padding_top=&#8221;&#8221; padding_right=&#8221;&#8221; padding_bottom=&#8221;&#8221; padding_left=&#8221;&#8221; margin_top=&#8221;0px&#8221; margin_bottom=&#8221;0px&#8221; class=&#8221;&#8221; id=&#8221;&#8221; animation_type=&#8221;&#8221; animation_speed=&#8221;0.3&#8243; animation_direction=&#8221;left&#8221; hide_on_mobile=&#8221;small-visibility,medium-visibility,large-visibility&#8221; center_content=&#8221;no&#8221; last=&#8221;no&#8221; min_height=&#8221;&#8221; hover_type=&#8221;none&#8221; link=&#8221;&#8221;][fusion_text] REDACCI\u00d3N *El show de Los Panchos, Los Dandys de Armando Navarro, Los Tecolines y Los Santos se llevar\u00e1 a cabo en el Teatro Metrop\u00f3litan este Domingo 05 de Febrero a partir de las seis de la tarde *Boletos a la [&hellip;]<\/p>\n","protected":false},"author":1,"featured_media":48919,"comment_status":"open","ping_status":"open","sticky":false,"template":"","format":"standard","meta":{"footnotes":""},"categories":[9,11],"tags":[],"_links":{"self":[{"href":"https:\/\/www.bitacoracdmx.com\/index.php?rest_route=\/wp\/v2\/posts\/48918"}],"collection":[{"href":"https:\/\/www.bitacoracdmx.com\/index.php?rest_route=\/wp\/v2\/posts"}],"about":[{"href":"https:\/\/www.bitacoracdmx.com\/index.php?rest_route=\/wp\/v2\/types\/post"}],"author":[{"embeddable":true,"href":"https:\/\/www.bitacoracdmx.com\/index.php?rest_route=\/wp\/v2\/users\/1"}],"replies":[{"embeddable":true,"href":"https:\/\/www.bitacoracdmx.com\/index.php?rest_route=%2Fwp%2Fv2%2Fcomments&post=48918"}],"version-history":[{"count":1,"href":"https:\/\/www.bitacoracdmx.com\/index.php?rest_route=\/wp\/v2\/posts\/48918\/revisions"}],"predecessor-version":[{"id":48920,"href":"https:\/\/www.bitacoracdmx.com\/index.php?rest_route=\/wp\/v2\/posts\/48918\/revisions\/48920"}],"wp:featuredmedia":[{"embeddable":true,"href":"https:\/\/www.bitacoracdmx.com\/index.php?rest_route=\/wp\/v2\/media\/48919"}],"wp:attachment":[{"href":"https:\/\/www.bitacoracdmx.com\/index.php?rest_route=%2Fwp%2Fv2%2Fmedia&parent=48918"}],"wp:term":[{"taxonomy":"category","embeddable":true,"href":"https:\/\/www.bitacoracdmx.com\/index.php?rest_route=%2Fwp%2Fv2%2Fcategories&post=48918"},{"taxonomy":"post_tag","embeddable":true,"href":"https:\/\/www.bitacoracdmx.com\/index.php?rest_route=%2Fwp%2Fv2%2Ftags&post=48918"}],"curies":[{"name":"wp","href":"https:\/\/api.w.org\/{rel}","templated":true}]}}