{"id":48954,"date":"2023-01-23T01:09:05","date_gmt":"2023-01-23T01:09:05","guid":{"rendered":"https:\/\/www.bitacoracdmx.com\/?p=48954"},"modified":"2023-01-23T01:09:05","modified_gmt":"2023-01-23T01:09:05","slug":"microteatro-mexico-presenta-en-el-foro-la-gruta-el-dolor-debajo-del-sombrero-una-comedia-para-reencontrarse-con-los-suenos-y-las-vocaciones","status":"publish","type":"post","link":"https:\/\/www.bitacoracdmx.com\/?p=48954","title":{"rendered":"Microteatro M\u00e9xico presenta en el Foro La Gruta: El dolor debajo del sombrero, una comedia para reencontrarse con los sue\u00f1os y las vocaciones"},"content":{"rendered":"<p>[fusion_builder_container hundred_percent=&#8221;no&#8221; equal_height_columns=&#8221;no&#8221; menu_anchor=&#8221;&#8221; hide_on_mobile=&#8221;small-visibility,medium-visibility,large-visibility&#8221; class=&#8221;&#8221; id=&#8221;&#8221; background_color=&#8221;&#8221; background_image=&#8221;&#8221; background_position=&#8221;center center&#8221; background_repeat=&#8221;no-repeat&#8221; fade=&#8221;no&#8221; background_parallax=&#8221;none&#8221; parallax_speed=&#8221;0.3&#8243; video_mp4=&#8221;&#8221; video_webm=&#8221;&#8221; video_ogv=&#8221;&#8221; video_url=&#8221;&#8221; video_aspect_ratio=&#8221;16:9&#8243; video_loop=&#8221;yes&#8221; video_mute=&#8221;yes&#8221; overlay_color=&#8221;&#8221; video_preview_image=&#8221;&#8221; border_size=&#8221;&#8221; border_color=&#8221;&#8221; border_style=&#8221;solid&#8221; padding_top=&#8221;&#8221; padding_bottom=&#8221;&#8221; padding_left=&#8221;&#8221; padding_right=&#8221;&#8221;][fusion_builder_row][fusion_builder_column type=&#8221;1_1&#8243; layout=&#8221;1_1&#8243; background_position=&#8221;left top&#8221; background_color=&#8221;&#8221; border_size=&#8221;&#8221; border_color=&#8221;&#8221; border_style=&#8221;solid&#8221; border_position=&#8221;all&#8221; spacing=&#8221;yes&#8221; background_image=&#8221;&#8221; background_repeat=&#8221;no-repeat&#8221; padding_top=&#8221;&#8221; padding_right=&#8221;&#8221; padding_bottom=&#8221;&#8221; padding_left=&#8221;&#8221; margin_top=&#8221;0px&#8221; margin_bottom=&#8221;0px&#8221; class=&#8221;&#8221; id=&#8221;&#8221; animation_type=&#8221;&#8221; animation_speed=&#8221;0.3&#8243; animation_direction=&#8221;left&#8221; hide_on_mobile=&#8221;small-visibility,medium-visibility,large-visibility&#8221; center_content=&#8221;no&#8221; last=&#8221;no&#8221; min_height=&#8221;&#8221; hover_type=&#8221;none&#8221; link=&#8221;&#8221;][fusion_text]<\/p>\n<p>REDACCI\u00d3N<\/p>\n<p>\u2022 Escrita y dirigida por Mart\u00edn Zapata<br aria-hidden=\"true\" \/>\u2022 Con un poderoso elenco conformado por: Adri\u00e1n V\u00e1zquez, Ana Corti, Tadeo Zapata y Mart\u00edn Zapata\u00a0 \u00a0 \u00a0 \u00a0 \u00a0 \u00a0 \u00a0 \u00a0\u2022 Presentada en el XLVII Festival Internacional Cervantino y en el 1\u00b0 Festival de Teatro Veracruz- Escena Contempor\u00e1nea de Xalapa, 2019<\/p>\n<p><em>\u00bfAd\u00f3nde van todas esas ideas a las que renuncia un escritor?<\/em><\/p>\n<p>El Foro La Gruta acoger\u00e1 el montaje:\u00a0<em>El dolor debajo del sombrero<\/em>, una singular mirada a la vocaci\u00f3n art\u00edstica inicial y a la forma en la que el ser humano \u2014\u00e1vido de reencontrarse con ella\u2014 descubre nuevos caminos para la imaginaci\u00f3n. El dramaturgo y director, Mart\u00edn Zapata, cre\u00f3 esta pieza a partir de una pregunta inquietante en t\u00e9rminos metaf\u00edsicos: \u00bfQu\u00e9 ocurre con los personajes de obras inconclusas? A partir de este cuestionamiento se desdobla esta comedia con tintes autobiogr\u00e1ficos. La obra tendr\u00e1 lugar del 27 de enero al 12 de marzo en el Foro La Gruta, los viernes a las 20:00 horas, as\u00ed como los s\u00e1bados y domingos a las 18:00 horas.<br aria-hidden=\"true\" \/>\u00a0<br aria-hidden=\"true\" \/><em>El dolor debajo del sombrero<\/em>\u00a0cuenta la historia de dos hombres que viven encerrados en un escenario. No recuerdan por qu\u00e9 est\u00e1n ah\u00ed, ni c\u00f3mo fue que llegaron; uno es cuentista y el otro, dramaturgo. Su encierro es agobiante, pero tratan de sobrellevarlo con historias y juegos literarios propios de su invenci\u00f3n. Siempre han sospechado que forman parte de algo importante y les gustar\u00eda averiguar de qu\u00e9 se trata. Un d\u00eda, a ese limbo teatral, arriba una misteriosa mujer que confrontar\u00e1 la vida de estos hombres y les abrir\u00e1 los ojos acerca de su verdadero prop\u00f3sito.<br aria-hidden=\"true\" \/>\u00a0<br aria-hidden=\"true\" \/>\u201cLa obra es una met\u00e1fora de la realidad y construye una ficci\u00f3n a partir de la autobiograf\u00eda. Parto de la idea de que toda ficci\u00f3n es autobiogr\u00e1fica y de que, en cierta forma, toda autobiograf\u00eda es ficci\u00f3n\u201d, asegura Zapata. De esta forma, se genera una trama en torno a estos personajes abandonados, quienes viven una realidad alterna, un limbo teatral que mezcla el absurdo y la esperanza.<br aria-hidden=\"true\" \/>\u00a0<br aria-hidden=\"true\" \/>Concebida en 2005 y reescrita en 2019, la obra habla sobre el confinamiento y sus catastr\u00f3ficas consecuencias emocionales. Sin siquiera imaginarlo, un a\u00f1o despu\u00e9s de su segunda versi\u00f3n, en 2020, el tema del encierro se pondr\u00eda tr\u00e1gicamente de moda con la pandemia que azot\u00f3 a la humanidad. Hoy, es posible reunirse para hablar acerca de los da\u00f1os de esta experiencia, pero tambi\u00e9n para conversar acerca de su lado esperanzador: el encuentro consigo mismo.<br aria-hidden=\"true\" \/><br aria-hidden=\"true\" \/>\u201cLos personajes viven un encierro que est\u00e1 relacionado con la soledad, con la incertidumbre y con el desamparo, pero esta reclusi\u00f3n se resuelve de manera sorpresiva. Su cotidianidad es soportada mediante la narraci\u00f3n de historias y la pr\u00e1ctica de extenuantes juegos literarios. As\u00ed ha sido siempre, pero un d\u00eda llega un personaje femenino que cambiar\u00e1 sus vidas por completo y les ense\u00f1ar\u00e1 el camino para descubrir su origen. Una pregunta inquietante ser\u00e1 el detonante del actuar de nuestros personajes: \u00bfQu\u00e9 es lo que quer\u00edan ser cuando eran ni\u00f1os?\u201d puntualiza Mart\u00edn Zapata.<br aria-hidden=\"true\" \/>\u00a0<br aria-hidden=\"true\" \/>Adri\u00e1n V\u00e1zquez interpreta a Jerem\u00edas, un dramaturgo, hombre con pensamiento maduro y notables reticencias a vivir de manera espont\u00e1nea; mientras que Tadeo Zapata, quien da vida al cuentista, de nombre Daniel, refleja mucho m\u00e1s la etapa de la infancia convirti\u00e9ndolo en una persona m\u00e1s confiada, inocente y luminosa. Pero es la sensualidad de Ana, interpretada por Ana Corti, quien develar\u00e1 la condici\u00f3n fant\u00e1stica del mundo que les rodea.<br aria-hidden=\"true\" \/>\u00a0<br aria-hidden=\"true\" \/>\u201cAna es la mujer idealizada con la que sue\u00f1a un escritor de guiones. Es inteligente, talentosa y hermosa. Daniel y Jerem\u00edas la conocen y se enamoran de ella. Ana los acepta y, de esta forma, viven un complejo tri\u00e1ngulo amoroso; su enamoramiento ser\u00e1 la clave para un desenlace inesperado\u201d, explica el director.<br aria-hidden=\"true\" \/>\u00a0<br aria-hidden=\"true\" \/>El montaje cuenta con un importante equipo creativo conformado por Alejandra Guevara y Juli\u00e1n Robles en la producci\u00f3n; Mario Mar\u00edn del R\u00edo en la creaci\u00f3n de la escenograf\u00eda y el vestuario; Eduardo Mier en la iluminaci\u00f3n; y Joaqu\u00edn L\u00f3pez Chas como creador de la m\u00fasica original, la cual es interpretada en vivo por Baldomero Jim\u00e9nez.<br aria-hidden=\"true\" \/>\u00a0<br aria-hidden=\"true\" \/>Se reitera que<strong><em>\u00a0El dolor debajo del sombrero\u00a0<\/em><\/strong>vivir\u00e1 una breve temporada en el Foro La Gruta, del 27 de enero al 12 de marzo, los viernes a las 20:00 horas, as\u00ed como los s\u00e1bados y domingos a las 18:00 horas. El costo del boleto es de $260. Las entradas se pueden adquirir en las taquillas del Centro Cultural Hel\u00e9nico, ubicado en avenida Revoluci\u00f3n 1500, o a trav\u00e9s de la p\u00e1gina:\u00a0<strong>helenico.gob.mx<\/strong>.<\/p>\n<div dir=\"auto\"><a class=\"x1i10hfl xjbqb8w x6umtig x1b1mbwd xaqea5y xav7gou x9f619 x1ypdohk xt0psk2 xe8uvvx xdj266r x11i5rnm xat24cr x1mh8g0r xexx8yu x4uap5 x18d9i69 xkhd6sd x16tdsg8 x1hl2dhg xggy1nq x1a2a7pz xt0b8zv x1qq9wsj xo1l8bm\" tabindex=\"0\" role=\"link\" href=\"https:\/\/www.facebook.com\/hashtag\/centroculturalhelenico?__eep__=6&amp;__cft__[0]=AZUKzyX67YWCwXZJIlOZi1LDoIqrj5sojLnVcGb2wuRwQ6RnPtG3um9Zf3xaWUeqZhPfICJKZoPtFb3-RFOWA3ZuageeQRven0UynApcJ4IqnP039PKbxhDkY9M4qzwC1N0&amp;__tn__=*NK-R\">#centroculturalhelenico<\/a><\/div>\n<div dir=\"auto\"><a class=\"x1i10hfl xjbqb8w x6umtig x1b1mbwd xaqea5y xav7gou x9f619 x1ypdohk xt0psk2 xe8uvvx xdj266r x11i5rnm xat24cr x1mh8g0r xexx8yu x4uap5 x18d9i69 xkhd6sd x16tdsg8 x1hl2dhg xggy1nq x1a2a7pz xt0b8zv x1qq9wsj xo1l8bm\" tabindex=\"0\" role=\"link\" href=\"https:\/\/www.facebook.com\/hashtag\/forolagruta?__eep__=6&amp;__cft__[0]=AZUKzyX67YWCwXZJIlOZi1LDoIqrj5sojLnVcGb2wuRwQ6RnPtG3um9Zf3xaWUeqZhPfICJKZoPtFb3-RFOWA3ZuageeQRven0UynApcJ4IqnP039PKbxhDkY9M4qzwC1N0&amp;__tn__=*NK-R\">#ForoLaGruta<\/a><\/div>\n<div dir=\"auto\"><a class=\"x1i10hfl xjbqb8w x6umtig x1b1mbwd xaqea5y xav7gou x9f619 x1ypdohk xt0psk2 xe8uvvx xdj266r x11i5rnm xat24cr x1mh8g0r xexx8yu x4uap5 x18d9i69 xkhd6sd x16tdsg8 x1hl2dhg xggy1nq x1a2a7pz xt0b8zv x1qq9wsj xo1l8bm\" tabindex=\"0\" role=\"link\" href=\"https:\/\/www.facebook.com\/hashtag\/eldolordebajodelsombrero?__eep__=6&amp;__cft__[0]=AZUKzyX67YWCwXZJIlOZi1LDoIqrj5sojLnVcGb2wuRwQ6RnPtG3um9Zf3xaWUeqZhPfICJKZoPtFb3-RFOWA3ZuageeQRven0UynApcJ4IqnP039PKbxhDkY9M4qzwC1N0&amp;__tn__=*NK-R\">#eldolordebajodelsombrero<\/a><\/div>\n<p>[\/fusion_text][fusion_imageframe image_id=&#8221;48955|medium&#8221; max_width=&#8221;&#8221; style_type=&#8221;&#8221; blur=&#8221;&#8221; stylecolor=&#8221;&#8221; hover_type=&#8221;none&#8221; bordersize=&#8221;&#8221; bordercolor=&#8221;&#8221; borderradius=&#8221;&#8221; align=&#8221;none&#8221; lightbox=&#8221;no&#8221; gallery_id=&#8221;&#8221; lightbox_image=&#8221;&#8221; lightbox_image_id=&#8221;&#8221; alt=&#8221;&#8221; link=&#8221;&#8221; linktarget=&#8221;_self&#8221; hide_on_mobile=&#8221;small-visibility,medium-visibility,large-visibility&#8221; class=&#8221;&#8221; id=&#8221;&#8221; animation_type=&#8221;&#8221; animation_direction=&#8221;left&#8221; animation_speed=&#8221;0.3&#8243; animation_offset=&#8221;&#8221;]https:\/\/www.bitacoracdmx.com\/wp-content\/uploads\/2023\/01\/el-dolor-debajo-del-sombrero-300&#215;300.jpg[\/fusion_imageframe][\/fusion_builder_column][\/fusion_builder_row][\/fusion_builder_container]<\/p>\n","protected":false},"excerpt":{"rendered":"<p>[fusion_builder_container hundred_percent=&#8221;no&#8221; equal_height_columns=&#8221;no&#8221; menu_anchor=&#8221;&#8221; hide_on_mobile=&#8221;small-visibility,medium-visibility,large-visibility&#8221; class=&#8221;&#8221; id=&#8221;&#8221; background_color=&#8221;&#8221; background_image=&#8221;&#8221; background_position=&#8221;center center&#8221; background_repeat=&#8221;no-repeat&#8221; fade=&#8221;no&#8221; background_parallax=&#8221;none&#8221; parallax_speed=&#8221;0.3&#8243; video_mp4=&#8221;&#8221; video_webm=&#8221;&#8221; video_ogv=&#8221;&#8221; video_url=&#8221;&#8221; video_aspect_ratio=&#8221;16:9&#8243; video_loop=&#8221;yes&#8221; video_mute=&#8221;yes&#8221; overlay_color=&#8221;&#8221; video_preview_image=&#8221;&#8221; border_size=&#8221;&#8221; border_color=&#8221;&#8221; border_style=&#8221;solid&#8221; padding_top=&#8221;&#8221; padding_bottom=&#8221;&#8221; padding_left=&#8221;&#8221; padding_right=&#8221;&#8221;][fusion_builder_row][fusion_builder_column type=&#8221;1_1&#8243; layout=&#8221;1_1&#8243; background_position=&#8221;left top&#8221; background_color=&#8221;&#8221; border_size=&#8221;&#8221; border_color=&#8221;&#8221; border_style=&#8221;solid&#8221; border_position=&#8221;all&#8221; spacing=&#8221;yes&#8221; background_image=&#8221;&#8221; background_repeat=&#8221;no-repeat&#8221; padding_top=&#8221;&#8221; padding_right=&#8221;&#8221; padding_bottom=&#8221;&#8221; padding_left=&#8221;&#8221; margin_top=&#8221;0px&#8221; margin_bottom=&#8221;0px&#8221; class=&#8221;&#8221; id=&#8221;&#8221; animation_type=&#8221;&#8221; animation_speed=&#8221;0.3&#8243; animation_direction=&#8221;left&#8221; hide_on_mobile=&#8221;small-visibility,medium-visibility,large-visibility&#8221; center_content=&#8221;no&#8221; last=&#8221;no&#8221; min_height=&#8221;&#8221; hover_type=&#8221;none&#8221; link=&#8221;&#8221;][fusion_text] REDACCI\u00d3N \u2022 Escrita y dirigida por Mart\u00edn Zapata\u2022 Con un poderoso elenco conformado por: Adri\u00e1n V\u00e1zquez, Ana Corti, Tadeo Zapata y Mart\u00edn Zapata\u00a0 \u00a0 \u00a0 \u00a0 \u00a0 \u00a0 \u00a0 \u00a0\u2022 Presentada en el XLVII Festival Internacional Cervantino y en el [&hellip;]<\/p>\n","protected":false},"author":1,"featured_media":48955,"comment_status":"open","ping_status":"open","sticky":false,"template":"","format":"standard","meta":{"footnotes":""},"categories":[9,14],"tags":[],"_links":{"self":[{"href":"https:\/\/www.bitacoracdmx.com\/index.php?rest_route=\/wp\/v2\/posts\/48954"}],"collection":[{"href":"https:\/\/www.bitacoracdmx.com\/index.php?rest_route=\/wp\/v2\/posts"}],"about":[{"href":"https:\/\/www.bitacoracdmx.com\/index.php?rest_route=\/wp\/v2\/types\/post"}],"author":[{"embeddable":true,"href":"https:\/\/www.bitacoracdmx.com\/index.php?rest_route=\/wp\/v2\/users\/1"}],"replies":[{"embeddable":true,"href":"https:\/\/www.bitacoracdmx.com\/index.php?rest_route=%2Fwp%2Fv2%2Fcomments&post=48954"}],"version-history":[{"count":1,"href":"https:\/\/www.bitacoracdmx.com\/index.php?rest_route=\/wp\/v2\/posts\/48954\/revisions"}],"predecessor-version":[{"id":48956,"href":"https:\/\/www.bitacoracdmx.com\/index.php?rest_route=\/wp\/v2\/posts\/48954\/revisions\/48956"}],"wp:featuredmedia":[{"embeddable":true,"href":"https:\/\/www.bitacoracdmx.com\/index.php?rest_route=\/wp\/v2\/media\/48955"}],"wp:attachment":[{"href":"https:\/\/www.bitacoracdmx.com\/index.php?rest_route=%2Fwp%2Fv2%2Fmedia&parent=48954"}],"wp:term":[{"taxonomy":"category","embeddable":true,"href":"https:\/\/www.bitacoracdmx.com\/index.php?rest_route=%2Fwp%2Fv2%2Fcategories&post=48954"},{"taxonomy":"post_tag","embeddable":true,"href":"https:\/\/www.bitacoracdmx.com\/index.php?rest_route=%2Fwp%2Fv2%2Ftags&post=48954"}],"curies":[{"name":"wp","href":"https:\/\/api.w.org\/{rel}","templated":true}]}}