{"id":48985,"date":"2023-01-24T02:55:32","date_gmt":"2023-01-24T02:55:32","guid":{"rendered":"https:\/\/www.bitacoracdmx.com\/?p=48985"},"modified":"2023-01-24T02:55:32","modified_gmt":"2023-01-24T02:55:32","slug":"diablos-confirma-a-relevista-estadunidense-como-septimo-refuerzo-extranjero","status":"publish","type":"post","link":"https:\/\/www.bitacoracdmx.com\/?p=48985","title":{"rendered":"DIABLOS confirma a relevista estadunidense como s\u00e9ptimo refuerzo extranjero"},"content":{"rendered":"<p>[fusion_builder_container hundred_percent=&#8221;no&#8221; equal_height_columns=&#8221;no&#8221; menu_anchor=&#8221;&#8221; hide_on_mobile=&#8221;small-visibility,medium-visibility,large-visibility&#8221; class=&#8221;&#8221; id=&#8221;&#8221; background_color=&#8221;&#8221; background_image=&#8221;&#8221; background_position=&#8221;center center&#8221; background_repeat=&#8221;no-repeat&#8221; fade=&#8221;no&#8221; background_parallax=&#8221;none&#8221; parallax_speed=&#8221;0.3&#8243; video_mp4=&#8221;&#8221; video_webm=&#8221;&#8221; video_ogv=&#8221;&#8221; video_url=&#8221;&#8221; video_aspect_ratio=&#8221;16:9&#8243; video_loop=&#8221;yes&#8221; video_mute=&#8221;yes&#8221; overlay_color=&#8221;&#8221; video_preview_image=&#8221;&#8221; border_size=&#8221;&#8221; border_color=&#8221;&#8221; border_style=&#8221;solid&#8221; padding_top=&#8221;&#8221; padding_bottom=&#8221;&#8221; padding_left=&#8221;&#8221; padding_right=&#8221;&#8221;][fusion_builder_row][fusion_builder_column type=&#8221;1_1&#8243; layout=&#8221;1_1&#8243; background_position=&#8221;left top&#8221; background_color=&#8221;&#8221; border_size=&#8221;&#8221; border_color=&#8221;&#8221; border_style=&#8221;solid&#8221; border_position=&#8221;all&#8221; spacing=&#8221;yes&#8221; background_image=&#8221;&#8221; background_repeat=&#8221;no-repeat&#8221; padding_top=&#8221;&#8221; padding_right=&#8221;&#8221; padding_bottom=&#8221;&#8221; padding_left=&#8221;&#8221; margin_top=&#8221;0px&#8221; margin_bottom=&#8221;0px&#8221; class=&#8221;&#8221; id=&#8221;&#8221; animation_type=&#8221;&#8221; animation_speed=&#8221;0.3&#8243; animation_direction=&#8221;left&#8221; hide_on_mobile=&#8221;small-visibility,medium-visibility,large-visibility&#8221; center_content=&#8221;no&#8221; last=&#8221;no&#8221; min_height=&#8221;&#8221; hover_type=&#8221;none&#8221; link=&#8221;&#8221;][fusion_text]<\/p>\n<p>REDACCI\u00d3N<\/p>\n<div>\u00a0Los Diablos Rojos del M\u00e9xico integran a su lista de refuerzos extranjeros al derecho\u00a0<strong>Sam Bordner<\/strong>, quien se convierte en el s\u00e9ptimo pelotero for\u00e1neo del equipo para el inicio de la pretemporada 2023 de la Liga Mexicana de Beisbol (LMB).<\/div>\n<div aria-hidden=\"true\"><\/div>\n<div>El estadunidense, de 26 a\u00f1os de edad, lanz\u00f3 con la Universidad de Louisville para despu\u00e9s ser elegido por los Marlines de Miami en el Draft de 2018. Fue hasta 2021 que lanz\u00f3 en el Nivel A con el equipo de Jupiter Hammerheads, con quienes lanz\u00f3 20 entradas, en las que solo admiti\u00f3 tres carreras. En 2022 jug\u00f3 en la Liga Atl\u00e1ntico (Liga Independiente), donde tuvo marca de 11-5 con efectividad de 2.42.<\/div>\n<div aria-hidden=\"true\"><\/div>\n<div>El pitcher derecho ya tiene experiencia fuera de los Estados Unidos, luego de que lanz\u00f3 recientemente en el invierno en la Liga Venezolana de Beisbol Profesional (LVBP) con los Tiburones de La Guaira, con quienes tuvo 23 apariciones, acumulando 25 entradas de labor con 10 carreras limpias admitidas, con 24 ponches, presumiendo cinco salvamentos.<\/div>\n<div aria-hidden=\"true\"><\/div>\n<div>Bordner est\u00e1 especializado en labores de relevo (en 159 apariciones totales solo tiene tres aperturas), por lo que llega a la \u2018Pandilla Escarlata\u2019 para buscar un lugar como lanzador relevista.<\/div>\n<div aria-hidden=\"true\"><\/div>\n<div>Con la incorporaci\u00f3n de Bordner, la lista de peloteros extranjeros confirmados hasta ahora tiene a seis lanzadores y un jardinero. Los pitchers for\u00e1neos son el abridor estadunidense Steve Moyers, el abridor cubano Yunesky Maya, el abridor colombiano Jeffry Ni\u00f1o y los relevistas dominicanos Fernando Rodney y Oscar de la Cruz. El patrullero es el venezolano Ram\u00f3n Flores.<\/div>\n<div><\/div>\n<div><a class=\"x1i10hfl xjbqb8w x6umtig x1b1mbwd xaqea5y xav7gou x9f619 x1ypdohk xt0psk2 xe8uvvx xdj266r x11i5rnm xat24cr x1mh8g0r xexx8yu x4uap5 x18d9i69 xkhd6sd x16tdsg8 x1hl2dhg xggy1nq x1a2a7pz xt0b8zv x1qq9wsj xo1l8bm\" tabindex=\"0\" role=\"link\" href=\"https:\/\/www.facebook.com\/hashtag\/diablosrojosdelmexico?__eep__=6&amp;__cft__[0]=AZUhEft9GC7gvPd8GPZZtbhnnWenkp3tqM3HYaONYmoBfJFPH7WZBqP2EvRRU8wlH3DZDzfvYAObzRIDxLz8_7uRhjYwVxUhdPu0KpQsZCZ4S1fI4fnUjuKTQ3s_FLZFHhflsj-zyRBvNYOrYD3NYCyu&amp;__tn__=*NK-R\">#diablosrojosdelmexico<\/a><\/div>\n<p>[\/fusion_text][fusion_imageframe image_id=&#8221;48986|medium&#8221; max_width=&#8221;&#8221; style_type=&#8221;&#8221; blur=&#8221;&#8221; stylecolor=&#8221;&#8221; hover_type=&#8221;none&#8221; bordersize=&#8221;&#8221; bordercolor=&#8221;&#8221; borderradius=&#8221;&#8221; align=&#8221;none&#8221; lightbox=&#8221;no&#8221; gallery_id=&#8221;&#8221; lightbox_image=&#8221;&#8221; lightbox_image_id=&#8221;&#8221; alt=&#8221;&#8221; link=&#8221;&#8221; linktarget=&#8221;_self&#8221; hide_on_mobile=&#8221;small-visibility,medium-visibility,large-visibility&#8221; class=&#8221;&#8221; id=&#8221;&#8221; animation_type=&#8221;&#8221; animation_direction=&#8221;left&#8221; animation_speed=&#8221;0.3&#8243; animation_offset=&#8221;&#8221;]https:\/\/www.bitacoracdmx.com\/wp-content\/uploads\/2023\/01\/SAM-BORDNER-TIBURONES-300&#215;178.jpg[\/fusion_imageframe][\/fusion_builder_column][\/fusion_builder_row][\/fusion_builder_container]<\/p>\n","protected":false},"excerpt":{"rendered":"<p>[fusion_builder_container hundred_percent=&#8221;no&#8221; equal_height_columns=&#8221;no&#8221; menu_anchor=&#8221;&#8221; hide_on_mobile=&#8221;small-visibility,medium-visibility,large-visibility&#8221; class=&#8221;&#8221; id=&#8221;&#8221; background_color=&#8221;&#8221; background_image=&#8221;&#8221; background_position=&#8221;center center&#8221; background_repeat=&#8221;no-repeat&#8221; fade=&#8221;no&#8221; background_parallax=&#8221;none&#8221; parallax_speed=&#8221;0.3&#8243; video_mp4=&#8221;&#8221; video_webm=&#8221;&#8221; video_ogv=&#8221;&#8221; video_url=&#8221;&#8221; video_aspect_ratio=&#8221;16:9&#8243; video_loop=&#8221;yes&#8221; video_mute=&#8221;yes&#8221; overlay_color=&#8221;&#8221; video_preview_image=&#8221;&#8221; border_size=&#8221;&#8221; border_color=&#8221;&#8221; border_style=&#8221;solid&#8221; padding_top=&#8221;&#8221; padding_bottom=&#8221;&#8221; padding_left=&#8221;&#8221; padding_right=&#8221;&#8221;][fusion_builder_row][fusion_builder_column type=&#8221;1_1&#8243; layout=&#8221;1_1&#8243; background_position=&#8221;left top&#8221; background_color=&#8221;&#8221; border_size=&#8221;&#8221; border_color=&#8221;&#8221; border_style=&#8221;solid&#8221; border_position=&#8221;all&#8221; spacing=&#8221;yes&#8221; background_image=&#8221;&#8221; background_repeat=&#8221;no-repeat&#8221; padding_top=&#8221;&#8221; padding_right=&#8221;&#8221; padding_bottom=&#8221;&#8221; padding_left=&#8221;&#8221; margin_top=&#8221;0px&#8221; margin_bottom=&#8221;0px&#8221; class=&#8221;&#8221; id=&#8221;&#8221; animation_type=&#8221;&#8221; animation_speed=&#8221;0.3&#8243; animation_direction=&#8221;left&#8221; hide_on_mobile=&#8221;small-visibility,medium-visibility,large-visibility&#8221; center_content=&#8221;no&#8221; last=&#8221;no&#8221; min_height=&#8221;&#8221; hover_type=&#8221;none&#8221; link=&#8221;&#8221;][fusion_text] REDACCI\u00d3N \u00a0Los Diablos Rojos del M\u00e9xico integran a su lista de refuerzos extranjeros al derecho\u00a0Sam Bordner, quien se convierte en el s\u00e9ptimo pelotero for\u00e1neo del equipo para el inicio de la pretemporada 2023 de la Liga Mexicana de Beisbol (LMB). [&hellip;]<\/p>\n","protected":false},"author":1,"featured_media":48986,"comment_status":"open","ping_status":"open","sticky":false,"template":"","format":"standard","meta":{"footnotes":""},"categories":[6,9],"tags":[],"_links":{"self":[{"href":"https:\/\/www.bitacoracdmx.com\/index.php?rest_route=\/wp\/v2\/posts\/48985"}],"collection":[{"href":"https:\/\/www.bitacoracdmx.com\/index.php?rest_route=\/wp\/v2\/posts"}],"about":[{"href":"https:\/\/www.bitacoracdmx.com\/index.php?rest_route=\/wp\/v2\/types\/post"}],"author":[{"embeddable":true,"href":"https:\/\/www.bitacoracdmx.com\/index.php?rest_route=\/wp\/v2\/users\/1"}],"replies":[{"embeddable":true,"href":"https:\/\/www.bitacoracdmx.com\/index.php?rest_route=%2Fwp%2Fv2%2Fcomments&post=48985"}],"version-history":[{"count":1,"href":"https:\/\/www.bitacoracdmx.com\/index.php?rest_route=\/wp\/v2\/posts\/48985\/revisions"}],"predecessor-version":[{"id":48987,"href":"https:\/\/www.bitacoracdmx.com\/index.php?rest_route=\/wp\/v2\/posts\/48985\/revisions\/48987"}],"wp:featuredmedia":[{"embeddable":true,"href":"https:\/\/www.bitacoracdmx.com\/index.php?rest_route=\/wp\/v2\/media\/48986"}],"wp:attachment":[{"href":"https:\/\/www.bitacoracdmx.com\/index.php?rest_route=%2Fwp%2Fv2%2Fmedia&parent=48985"}],"wp:term":[{"taxonomy":"category","embeddable":true,"href":"https:\/\/www.bitacoracdmx.com\/index.php?rest_route=%2Fwp%2Fv2%2Fcategories&post=48985"},{"taxonomy":"post_tag","embeddable":true,"href":"https:\/\/www.bitacoracdmx.com\/index.php?rest_route=%2Fwp%2Fv2%2Ftags&post=48985"}],"curies":[{"name":"wp","href":"https:\/\/api.w.org\/{rel}","templated":true}]}}