{"id":49022,"date":"2023-01-24T22:37:07","date_gmt":"2023-01-24T22:37:07","guid":{"rendered":"https:\/\/www.bitacoracdmx.com\/?p=49022"},"modified":"2023-01-24T22:37:07","modified_gmt":"2023-01-24T22:37:07","slug":"alberto-barros-regresa-al-auditorio-nacional","status":"publish","type":"post","link":"https:\/\/www.bitacoracdmx.com\/?p=49022","title":{"rendered":"ALBERTO BARROS regresa al AUDITORIO NACIONAL"},"content":{"rendered":"<p>[fusion_builder_container hundred_percent=&#8221;no&#8221; equal_height_columns=&#8221;no&#8221; menu_anchor=&#8221;&#8221; hide_on_mobile=&#8221;small-visibility,medium-visibility,large-visibility&#8221; class=&#8221;&#8221; id=&#8221;&#8221; background_color=&#8221;&#8221; background_image=&#8221;&#8221; background_position=&#8221;center center&#8221; background_repeat=&#8221;no-repeat&#8221; fade=&#8221;no&#8221; background_parallax=&#8221;none&#8221; parallax_speed=&#8221;0.3&#8243; video_mp4=&#8221;&#8221; video_webm=&#8221;&#8221; video_ogv=&#8221;&#8221; video_url=&#8221;&#8221; video_aspect_ratio=&#8221;16:9&#8243; video_loop=&#8221;yes&#8221; video_mute=&#8221;yes&#8221; overlay_color=&#8221;&#8221; video_preview_image=&#8221;&#8221; border_size=&#8221;&#8221; border_color=&#8221;&#8221; border_style=&#8221;solid&#8221; padding_top=&#8221;&#8221; padding_bottom=&#8221;&#8221; padding_left=&#8221;&#8221; padding_right=&#8221;&#8221;][fusion_builder_row][fusion_builder_column type=&#8221;1_1&#8243; layout=&#8221;1_1&#8243; background_position=&#8221;left top&#8221; background_color=&#8221;&#8221; border_size=&#8221;&#8221; border_color=&#8221;&#8221; border_style=&#8221;solid&#8221; border_position=&#8221;all&#8221; spacing=&#8221;yes&#8221; background_image=&#8221;&#8221; background_repeat=&#8221;no-repeat&#8221; padding_top=&#8221;&#8221; padding_right=&#8221;&#8221; padding_bottom=&#8221;&#8221; padding_left=&#8221;&#8221; margin_top=&#8221;0px&#8221; margin_bottom=&#8221;0px&#8221; class=&#8221;&#8221; id=&#8221;&#8221; animation_type=&#8221;&#8221; animation_speed=&#8221;0.3&#8243; animation_direction=&#8221;left&#8221; hide_on_mobile=&#8221;small-visibility,medium-visibility,large-visibility&#8221; center_content=&#8221;no&#8221; last=&#8221;no&#8221; min_height=&#8221;&#8221; hover_type=&#8221;none&#8221; link=&#8221;&#8221;][fusion_text]<\/p>\n<p>REDACCI\u00d3N<\/p>\n<p><b><i>*Se presentar\u00e1 el Jueves 23 de Febrero de 2023 en el Auditorio Nacional a partir de las ocho y media de la noche<\/i><\/b><\/p>\n<p><b><i>*Boletos a la venta en el Sistema Ticketmaster y en taquillas del Auditorio Nacional<\/i><\/b><\/p>\n<p><b>El productor, arreglista, trombonista y cantautor colombiano Alberto Barros inicia este 2023 con el pie derecho en M\u00e9xico, pues se prepara para presentarse por segunda ocasi\u00f3n en uno de los m\u00e1ximos recintos musicales de la ciudad de M\u00e9xico como lo es el Auditorio Nacional. Ser\u00e1 este 23 de febrero cuando el recinto de Reforma explote con un voltaje de cumbia y salsa colombiana y por primera vez, se montar\u00e1 una pista de baile para que el p\u00fablico seguidor de este talentoso artista pueda lucir sus mejores pasos de baile. Los boletos est\u00e1n a la venta en el Sistema Ticketmaster y en taquillas del Auditorio Nacional.<\/b><\/p>\n<p><b>\u201cEstoy muy agradecido iniciando este a\u00f1o nuevo planeando nuevas alianzas musicales y alist\u00e1ndonos para hacer nuestro segundo Auditorio Nacional, as\u00ed que mi gente de M\u00e9xico estamos preparando sorpresas para ustedes\u201d, cita el maestro Barros. \u201cEsta presentaci\u00f3n ser\u00e1 muy novedosa pues tendremos una pista de baile para que se gocen este show y tambi\u00e9n estamos preparando un show diferente a lo que han visto con anterioridad\u201d, comenta el Tit\u00e1n de la Salsa. Alberto Barros estar\u00e1 acompa\u00f1ado de su All Star Colombiana, as\u00ed como de algunos invitados especiales.<\/b><\/p>\n<p><b>Alberto Barros y su Tributo a la Cumbia y Salsa Colombiana es ya un distintivo por el cual se ha ganado el respeto de todo el planeta que ha bailado con su ritmo y gran ejecuci\u00f3n musical. Adem\u00e1s de ser uno de los m\u00e1ximos vendedores de discos en M\u00e9xico. Es la oportunidad de ser testigos de excepci\u00f3n de un gran repaso que har\u00e1 por todos los \u00e9xitos que han marcado su brillante carrera y es bajo este esquema que el colombiano revolucionar\u00e1 las instalaciones del Auditorio Nacional en esta ocasi\u00f3n.<\/b><\/p>\n<p><b>El colombiano Alberto Barros regresa a M\u00e9xico para presentarse el pr\u00f3ximo Jueves 23 de Febrero de 2023 en el Auditorio Nacional a partir de las ocho y media de la noche. Los boletos est\u00e1n a la venta en el Sistema Ticketmaster y en taquillas del Auditorio Nacional.\u00a0<\/b><\/p>\n<div dir=\"auto\"><a class=\"x1i10hfl xjbqb8w x6umtig x1b1mbwd xaqea5y xav7gou x9f619 x1ypdohk xt0psk2 xe8uvvx xdj266r x11i5rnm xat24cr x1mh8g0r xexx8yu x4uap5 x18d9i69 xkhd6sd x16tdsg8 x1hl2dhg xggy1nq x1a2a7pz xt0b8zv x1qq9wsj xo1l8bm\" tabindex=\"0\" role=\"link\" href=\"https:\/\/www.facebook.com\/hashtag\/albertobarros?__eep__=6&amp;__cft__[0]=AZXGtiluWerHSNv8WTkeHMEvxmUaSa0ZjqdquUJ3-xMg8G2DziK0zlKbmc3FeDyaJhk0ukGvtSPIyS99YBuX0H-k4HTT3ta_ZGRxvuPvDX4sqbUnz88l9i2GKtNooeRR2HQ&amp;__tn__=*NK-R\">#AlbertoBarros<\/a><\/div>\n<div dir=\"auto\"><a class=\"x1i10hfl xjbqb8w x6umtig x1b1mbwd xaqea5y xav7gou x9f619 x1ypdohk xt0psk2 xe8uvvx xdj266r x11i5rnm xat24cr x1mh8g0r xexx8yu x4uap5 x18d9i69 xkhd6sd x16tdsg8 x1hl2dhg xggy1nq x1a2a7pz xt0b8zv x1qq9wsj xo1l8bm\" tabindex=\"0\" role=\"link\" href=\"https:\/\/www.facebook.com\/hashtag\/cumbiaysalsacolombiana?__eep__=6&amp;__cft__[0]=AZXGtiluWerHSNv8WTkeHMEvxmUaSa0ZjqdquUJ3-xMg8G2DziK0zlKbmc3FeDyaJhk0ukGvtSPIyS99YBuX0H-k4HTT3ta_ZGRxvuPvDX4sqbUnz88l9i2GKtNooeRR2HQ&amp;__tn__=*NK-R\">#cumbiaysalsacolombiana<\/a><\/div>\n<div dir=\"auto\"><a class=\"x1i10hfl xjbqb8w x6umtig x1b1mbwd xaqea5y xav7gou x9f619 x1ypdohk xt0psk2 xe8uvvx xdj266r x11i5rnm xat24cr x1mh8g0r xexx8yu x4uap5 x18d9i69 xkhd6sd x16tdsg8 x1hl2dhg xggy1nq x1a2a7pz xt0b8zv x1qq9wsj xo1l8bm\" tabindex=\"0\" role=\"link\" href=\"https:\/\/www.facebook.com\/hashtag\/cumbiaysalsa?__eep__=6&amp;__cft__[0]=AZXGtiluWerHSNv8WTkeHMEvxmUaSa0ZjqdquUJ3-xMg8G2DziK0zlKbmc3FeDyaJhk0ukGvtSPIyS99YBuX0H-k4HTT3ta_ZGRxvuPvDX4sqbUnz88l9i2GKtNooeRR2HQ&amp;__tn__=*NK-R\">#CUMBIAYSALSA<\/a><\/div>\n<div dir=\"auto\"><a class=\"x1i10hfl xjbqb8w x6umtig x1b1mbwd xaqea5y xav7gou x9f619 x1ypdohk xt0psk2 xe8uvvx xdj266r x11i5rnm xat24cr x1mh8g0r xexx8yu x4uap5 x18d9i69 xkhd6sd x16tdsg8 x1hl2dhg xggy1nq x1a2a7pz xt0b8zv x1qq9wsj xo1l8bm\" tabindex=\"0\" role=\"link\" href=\"https:\/\/www.facebook.com\/hashtag\/auditorionacional?__eep__=6&amp;__cft__[0]=AZXGtiluWerHSNv8WTkeHMEvxmUaSa0ZjqdquUJ3-xMg8G2DziK0zlKbmc3FeDyaJhk0ukGvtSPIyS99YBuX0H-k4HTT3ta_ZGRxvuPvDX4sqbUnz88l9i2GKtNooeRR2HQ&amp;__tn__=*NK-R\">#AuditorioNacional<\/a><\/div>\n<p>[\/fusion_text][fusion_imageframe image_id=&#8221;49023|medium&#8221; max_width=&#8221;&#8221; style_type=&#8221;&#8221; blur=&#8221;&#8221; stylecolor=&#8221;&#8221; hover_type=&#8221;none&#8221; bordersize=&#8221;&#8221; bordercolor=&#8221;&#8221; borderradius=&#8221;&#8221; align=&#8221;none&#8221; lightbox=&#8221;no&#8221; gallery_id=&#8221;&#8221; lightbox_image=&#8221;&#8221; lightbox_image_id=&#8221;&#8221; alt=&#8221;&#8221; link=&#8221;&#8221; linktarget=&#8221;_self&#8221; hide_on_mobile=&#8221;small-visibility,medium-visibility,large-visibility&#8221; class=&#8221;&#8221; id=&#8221;&#8221; animation_type=&#8221;&#8221; animation_direction=&#8221;left&#8221; animation_speed=&#8221;0.3&#8243; animation_offset=&#8221;&#8221;]https:\/\/www.bitacoracdmx.com\/wp-content\/uploads\/2023\/01\/327394484_1119739822050886_3067749195071041920_n-300&#215;300.jpg[\/fusion_imageframe][\/fusion_builder_column][\/fusion_builder_row][\/fusion_builder_container]<\/p>\n","protected":false},"excerpt":{"rendered":"<p>[fusion_builder_container hundred_percent=&#8221;no&#8221; equal_height_columns=&#8221;no&#8221; menu_anchor=&#8221;&#8221; hide_on_mobile=&#8221;small-visibility,medium-visibility,large-visibility&#8221; class=&#8221;&#8221; id=&#8221;&#8221; background_color=&#8221;&#8221; background_image=&#8221;&#8221; background_position=&#8221;center center&#8221; background_repeat=&#8221;no-repeat&#8221; fade=&#8221;no&#8221; background_parallax=&#8221;none&#8221; parallax_speed=&#8221;0.3&#8243; video_mp4=&#8221;&#8221; video_webm=&#8221;&#8221; video_ogv=&#8221;&#8221; video_url=&#8221;&#8221; video_aspect_ratio=&#8221;16:9&#8243; video_loop=&#8221;yes&#8221; video_mute=&#8221;yes&#8221; overlay_color=&#8221;&#8221; video_preview_image=&#8221;&#8221; border_size=&#8221;&#8221; border_color=&#8221;&#8221; border_style=&#8221;solid&#8221; padding_top=&#8221;&#8221; padding_bottom=&#8221;&#8221; padding_left=&#8221;&#8221; padding_right=&#8221;&#8221;][fusion_builder_row][fusion_builder_column type=&#8221;1_1&#8243; layout=&#8221;1_1&#8243; background_position=&#8221;left top&#8221; background_color=&#8221;&#8221; border_size=&#8221;&#8221; border_color=&#8221;&#8221; border_style=&#8221;solid&#8221; border_position=&#8221;all&#8221; spacing=&#8221;yes&#8221; background_image=&#8221;&#8221; background_repeat=&#8221;no-repeat&#8221; padding_top=&#8221;&#8221; padding_right=&#8221;&#8221; padding_bottom=&#8221;&#8221; padding_left=&#8221;&#8221; margin_top=&#8221;0px&#8221; margin_bottom=&#8221;0px&#8221; class=&#8221;&#8221; id=&#8221;&#8221; animation_type=&#8221;&#8221; animation_speed=&#8221;0.3&#8243; animation_direction=&#8221;left&#8221; hide_on_mobile=&#8221;small-visibility,medium-visibility,large-visibility&#8221; center_content=&#8221;no&#8221; last=&#8221;no&#8221; min_height=&#8221;&#8221; hover_type=&#8221;none&#8221; link=&#8221;&#8221;][fusion_text] REDACCI\u00d3N *Se presentar\u00e1 el Jueves 23 de Febrero de 2023 en el Auditorio Nacional a partir de las ocho y media de la noche *Boletos a la venta en el Sistema Ticketmaster y en taquillas del Auditorio Nacional El productor, [&hellip;]<\/p>\n","protected":false},"author":1,"featured_media":49023,"comment_status":"open","ping_status":"open","sticky":false,"template":"","format":"standard","meta":{"footnotes":""},"categories":[9,11],"tags":[],"_links":{"self":[{"href":"https:\/\/www.bitacoracdmx.com\/index.php?rest_route=\/wp\/v2\/posts\/49022"}],"collection":[{"href":"https:\/\/www.bitacoracdmx.com\/index.php?rest_route=\/wp\/v2\/posts"}],"about":[{"href":"https:\/\/www.bitacoracdmx.com\/index.php?rest_route=\/wp\/v2\/types\/post"}],"author":[{"embeddable":true,"href":"https:\/\/www.bitacoracdmx.com\/index.php?rest_route=\/wp\/v2\/users\/1"}],"replies":[{"embeddable":true,"href":"https:\/\/www.bitacoracdmx.com\/index.php?rest_route=%2Fwp%2Fv2%2Fcomments&post=49022"}],"version-history":[{"count":1,"href":"https:\/\/www.bitacoracdmx.com\/index.php?rest_route=\/wp\/v2\/posts\/49022\/revisions"}],"predecessor-version":[{"id":49024,"href":"https:\/\/www.bitacoracdmx.com\/index.php?rest_route=\/wp\/v2\/posts\/49022\/revisions\/49024"}],"wp:featuredmedia":[{"embeddable":true,"href":"https:\/\/www.bitacoracdmx.com\/index.php?rest_route=\/wp\/v2\/media\/49023"}],"wp:attachment":[{"href":"https:\/\/www.bitacoracdmx.com\/index.php?rest_route=%2Fwp%2Fv2%2Fmedia&parent=49022"}],"wp:term":[{"taxonomy":"category","embeddable":true,"href":"https:\/\/www.bitacoracdmx.com\/index.php?rest_route=%2Fwp%2Fv2%2Fcategories&post=49022"},{"taxonomy":"post_tag","embeddable":true,"href":"https:\/\/www.bitacoracdmx.com\/index.php?rest_route=%2Fwp%2Fv2%2Ftags&post=49022"}],"curies":[{"name":"wp","href":"https:\/\/api.w.org\/{rel}","templated":true}]}}