{"id":49030,"date":"2023-01-24T23:37:44","date_gmt":"2023-01-24T23:37:44","guid":{"rendered":"https:\/\/www.bitacoracdmx.com\/?p=49030"},"modified":"2023-01-24T23:37:44","modified_gmt":"2023-01-24T23:37:44","slug":"amanda-miguel-dara-emotivo-show-en-auditorio-nacional","status":"publish","type":"post","link":"https:\/\/www.bitacoracdmx.com\/?p=49030","title":{"rendered":"Amanda Miguel dar\u00e1 emotivo show en Auditorio Nacional"},"content":{"rendered":"<p>[fusion_builder_container hundred_percent=&#8221;no&#8221; equal_height_columns=&#8221;no&#8221; menu_anchor=&#8221;&#8221; hide_on_mobile=&#8221;small-visibility,medium-visibility,large-visibility&#8221; class=&#8221;&#8221; id=&#8221;&#8221; background_color=&#8221;&#8221; background_image=&#8221;&#8221; background_position=&#8221;center center&#8221; background_repeat=&#8221;no-repeat&#8221; fade=&#8221;no&#8221; background_parallax=&#8221;none&#8221; parallax_speed=&#8221;0.3&#8243; video_mp4=&#8221;&#8221; video_webm=&#8221;&#8221; video_ogv=&#8221;&#8221; video_url=&#8221;&#8221; video_aspect_ratio=&#8221;16:9&#8243; video_loop=&#8221;yes&#8221; video_mute=&#8221;yes&#8221; overlay_color=&#8221;&#8221; video_preview_image=&#8221;&#8221; border_size=&#8221;&#8221; border_color=&#8221;&#8221; border_style=&#8221;solid&#8221; padding_top=&#8221;&#8221; padding_bottom=&#8221;&#8221; padding_left=&#8221;&#8221; padding_right=&#8221;&#8221;][fusion_builder_row][fusion_builder_column type=&#8221;1_1&#8243; layout=&#8221;1_1&#8243; background_position=&#8221;left top&#8221; background_color=&#8221;&#8221; border_size=&#8221;&#8221; border_color=&#8221;&#8221; border_style=&#8221;solid&#8221; border_position=&#8221;all&#8221; spacing=&#8221;yes&#8221; background_image=&#8221;&#8221; background_repeat=&#8221;no-repeat&#8221; padding_top=&#8221;&#8221; padding_right=&#8221;&#8221; padding_bottom=&#8221;&#8221; padding_left=&#8221;&#8221; margin_top=&#8221;0px&#8221; margin_bottom=&#8221;0px&#8221; class=&#8221;&#8221; id=&#8221;&#8221; animation_type=&#8221;&#8221; animation_speed=&#8221;0.3&#8243; animation_direction=&#8221;left&#8221; hide_on_mobile=&#8221;small-visibility,medium-visibility,large-visibility&#8221; center_content=&#8221;no&#8221; last=&#8221;no&#8221; min_height=&#8221;&#8221; hover_type=&#8221;none&#8221; link=&#8221;&#8221;][fusion_text]<\/p>\n<p>REDACCI\u00d3N<\/p>\n<div class=\"pr-story--element-space\">\n<div class=\"pr-story-subheader\">\n<h3 class=\"pr-story--subheader text--wrap pr-font--sans\">Retomando la gira que dej\u00f3 pendiente el maestro Diego Verdaguer QEPD<\/h3>\n<\/div>\n<\/div>\n<div class=\"pr-story--element-space\">\n<div class=\"pr-story-subheader\">\n<h3 class=\"pr-story--subheader text--wrap pr-font--sans\">SIEMPRE TE AMAR\u00c9 TOUR 2023<\/h3>\n<\/div>\n<\/div>\n<div class=\"pr-story--element-space\">\n<div class=\"pr-story-subheader\">\n<h3 class=\"pr-story--subheader text--wrap pr-font--sans\">16 de marzo \u2013 Auditorio Nacional<\/h3>\n<\/div>\n<\/div>\n<div class=\"pr-story--element-space\">\n<div class=\"pr-story-subheader\">\n<h3 class=\"pr-story--subheader text--wrap pr-font--sans\">Preventa Citibanamex: 30 de enero<\/h3>\n<\/div>\n<\/div>\n<div class=\"pr-story--element-space\">\n<div class=\"pr-story-paragraph\">\n<div class=\"pr-story--text\">Despu\u00e9s de la partida de Diego Verdaguer,\u00a0<b>Amanda Miguel y Ana Victoria<\/b>, est\u00e1n listas para regresar al escenario y revivir, en compa\u00f1\u00eda del p\u00fablico mexicano, aquellos \u00e9xitos que el maestro inmortaliz\u00f3 en compa\u00f1\u00eda de su esposa. El pr\u00f3ximo\u00a0<b>16 de marzo<\/b>, madre e hija llegar\u00e1n al\u00a0<b>Auditorio Nacional<\/b>\u00a0con\u00a0<b><i>Siempre Te Amar\u00e9 Tour 2023<\/i><\/b>, un homenaje al talento y memoria de Diego Verdaguer.<\/div>\n<div><\/div>\n<\/div>\n<\/div>\n<div class=\"pr-story--element-space\">\n<div class=\"pr-story-paragraph\">\n<div class=\"pr-story--text\">\u201cCon todo el amor y reconocimiento a la labor que siempre hiciste e incluy\u00e9ndome como tu esposa, por todo lo que creaste en mi carrera, la cual cuidaste como tu tesoro siendo mi m\u00e1s ferviente fan, te dedicar\u00e9 esta gira y tambi\u00e9n me dedicar\u00e9 con el alma a cantar en todos los escenarios que visitaremos, entregando lo mejor de m\u00ed y de mi coraz\u00f3n como siempre me ense\u00f1aste\u201d. &#8211;<b>Amanda Miguel<\/b><\/div>\n<div><\/div>\n<\/div>\n<\/div>\n<div class=\"pr-story--element-space\">\n<div class=\"pr-story-paragraph\">\n<div class=\"pr-story--text\"><b><i>SIEMPRE TE AMAR\u00c9 TOUR<\/i>\u00a0arranc\u00f3 el 30 de julio en Las Vegas y se extendi\u00f3 por m\u00e1s de 20 ciudades de la Uni\u00f3n Americana.<\/b><\/div>\n<div><\/div>\n<\/div>\n<\/div>\n<div class=\"pr-story--element-space\">\n<div class=\"pr-story-paragraph\">\n<div class=\"pr-story--text\">En este gran homenaje podremos escuchar temas como: \u201c\u00c9l me minti\u00f3\u201d, \u201cAs\u00ed no te amar\u00e1 jam\u00e1s\u201d, \u201cComo un t\u00edtere\u201d, \u201cEl gato y yo\u201d, \u201cNo me vas a olvidar\u201d, \u201c\u00c1mame una vez m\u00e1s\u201d, \u201cA mi amiga\u201d, \u201cCastillos\u201d, \u201cLa Ladrona\u201d, \u201cYo no lloro por llorar\u201d y muchos m\u00e1s. Todos estos temas en la voz de la gran Amanda Miguel, acompa\u00f1ada por su hija Ana Victoria, junto con un espect\u00e1culo excepcional.<\/div>\n<div><\/div>\n<\/div>\n<\/div>\n<div class=\"pr-story--element-space\">\n<div class=\"pr-story-paragraph\">\n<div class=\"pr-story--text\">Diego Verdaguer, uno de los cantantes argentinos m\u00e1s queridos por el p\u00fablico mexicano, volver\u00e1 a vivir en la voz de su esposa y su hija en un emotivo concierto el pr\u00f3ximo\u00a0<b>16 de marzo en el Auditorio Nacional<\/b>. Los boletos estar\u00e1n en\u00a0<b>preventa Citibanamex el 30 de enero<\/b>, un d\u00eda despu\u00e9s los podr\u00e1s adquirir en las taquillas del inmueble o a trav\u00e9s de\u00a0<a href=\"http:\/\/www.ticketmaster.com.mx\/\">www.ticketmaster.com.mx<\/a>.<\/div>\n<\/div>\n<\/div>\n<div><\/div>\n<div>\n<div dir=\"auto\"><a class=\"x1i10hfl xjbqb8w x6umtig x1b1mbwd xaqea5y xav7gou x9f619 x1ypdohk xt0psk2 xe8uvvx xdj266r x11i5rnm xat24cr x1mh8g0r xexx8yu x4uap5 x18d9i69 xkhd6sd x16tdsg8 x1hl2dhg xggy1nq x1a2a7pz xt0b8zv x1qq9wsj xo1l8bm\" tabindex=\"0\" role=\"link\" href=\"https:\/\/www.facebook.com\/hashtag\/amandamiguel?__eep__=6&amp;__cft__[0]=AZUvrj4jKHf_yTT_07KKIFNk_PeRLKxRNRvBsVt-neMaacr5t3dtNXRBFDgslmoQ6u1kVdMHSVsOB_nDaaz2Mty-OoWdJHw7R6h_seSMLDNhiAxgDqNR1gM1ztuLVnIf8T0&amp;__tn__=*NK-R\">#AmandaMiguel<\/a><\/div>\n<div dir=\"auto\"><a class=\"x1i10hfl xjbqb8w x6umtig x1b1mbwd xaqea5y xav7gou x9f619 x1ypdohk xt0psk2 xe8uvvx xdj266r x11i5rnm xat24cr x1mh8g0r xexx8yu x4uap5 x18d9i69 xkhd6sd x16tdsg8 x1hl2dhg xggy1nq x1a2a7pz xt0b8zv x1qq9wsj xo1l8bm\" tabindex=\"0\" role=\"link\" href=\"https:\/\/www.facebook.com\/hashtag\/diegoverdaguer?__eep__=6&amp;__cft__[0]=AZUvrj4jKHf_yTT_07KKIFNk_PeRLKxRNRvBsVt-neMaacr5t3dtNXRBFDgslmoQ6u1kVdMHSVsOB_nDaaz2Mty-OoWdJHw7R6h_seSMLDNhiAxgDqNR1gM1ztuLVnIf8T0&amp;__tn__=*NK-R\">#DiegoVerdaguer<\/a><\/div>\n<div dir=\"auto\"><a class=\"x1i10hfl xjbqb8w x6umtig x1b1mbwd xaqea5y xav7gou x9f619 x1ypdohk xt0psk2 xe8uvvx xdj266r x11i5rnm xat24cr x1mh8g0r xexx8yu x4uap5 x18d9i69 xkhd6sd x16tdsg8 x1hl2dhg xggy1nq x1a2a7pz xt0b8zv x1qq9wsj xo1l8bm\" tabindex=\"0\" role=\"link\" href=\"https:\/\/www.facebook.com\/hashtag\/siempreteamaretour?__eep__=6&amp;__cft__[0]=AZUvrj4jKHf_yTT_07KKIFNk_PeRLKxRNRvBsVt-neMaacr5t3dtNXRBFDgslmoQ6u1kVdMHSVsOB_nDaaz2Mty-OoWdJHw7R6h_seSMLDNhiAxgDqNR1gM1ztuLVnIf8T0&amp;__tn__=*NK-R\">#siempreteamaretour<\/a><\/div>\n<div dir=\"auto\"><a class=\"x1i10hfl xjbqb8w x6umtig x1b1mbwd xaqea5y xav7gou x9f619 x1ypdohk xt0psk2 xe8uvvx xdj266r x11i5rnm xat24cr x1mh8g0r xexx8yu x4uap5 x18d9i69 xkhd6sd x16tdsg8 x1hl2dhg xggy1nq x1a2a7pz xt0b8zv x1qq9wsj xo1l8bm\" tabindex=\"0\" role=\"link\" href=\"https:\/\/www.facebook.com\/hashtag\/ocesa?__eep__=6&amp;__cft__[0]=AZUvrj4jKHf_yTT_07KKIFNk_PeRLKxRNRvBsVt-neMaacr5t3dtNXRBFDgslmoQ6u1kVdMHSVsOB_nDaaz2Mty-OoWdJHw7R6h_seSMLDNhiAxgDqNR1gM1ztuLVnIf8T0&amp;__tn__=*NK-R\">#OCESA<\/a><\/div>\n<div dir=\"auto\"><a class=\"x1i10hfl xjbqb8w x6umtig x1b1mbwd xaqea5y xav7gou x9f619 x1ypdohk xt0psk2 xe8uvvx xdj266r x11i5rnm xat24cr x1mh8g0r xexx8yu x4uap5 x18d9i69 xkhd6sd x16tdsg8 x1hl2dhg xggy1nq x1a2a7pz xt0b8zv x1qq9wsj xo1l8bm\" tabindex=\"0\" role=\"link\" href=\"https:\/\/www.facebook.com\/hashtag\/ticketmaster?__eep__=6&amp;__cft__[0]=AZUvrj4jKHf_yTT_07KKIFNk_PeRLKxRNRvBsVt-neMaacr5t3dtNXRBFDgslmoQ6u1kVdMHSVsOB_nDaaz2Mty-OoWdJHw7R6h_seSMLDNhiAxgDqNR1gM1ztuLVnIf8T0&amp;__tn__=*NK-R\">#Ticketmaster<\/a><\/div>\n<div dir=\"auto\"><a class=\"x1i10hfl xjbqb8w x6umtig x1b1mbwd xaqea5y xav7gou x9f619 x1ypdohk xt0psk2 xe8uvvx xdj266r x11i5rnm xat24cr x1mh8g0r xexx8yu x4uap5 x18d9i69 xkhd6sd x16tdsg8 x1hl2dhg xggy1nq x1a2a7pz xt0b8zv x1qq9wsj xo1l8bm\" tabindex=\"0\" role=\"link\" href=\"https:\/\/www.facebook.com\/hashtag\/auditorionacional?__eep__=6&amp;__cft__[0]=AZUvrj4jKHf_yTT_07KKIFNk_PeRLKxRNRvBsVt-neMaacr5t3dtNXRBFDgslmoQ6u1kVdMHSVsOB_nDaaz2Mty-OoWdJHw7R6h_seSMLDNhiAxgDqNR1gM1ztuLVnIf8T0&amp;__tn__=*NK-R\">#AuditorioNacional<\/a><\/div>\n<\/div>\n<p>[\/fusion_text][fusion_imageframe image_id=&#8221;49031|medium&#8221; max_width=&#8221;&#8221; style_type=&#8221;&#8221; blur=&#8221;&#8221; stylecolor=&#8221;&#8221; hover_type=&#8221;none&#8221; bordersize=&#8221;&#8221; bordercolor=&#8221;&#8221; borderradius=&#8221;&#8221; align=&#8221;none&#8221; lightbox=&#8221;no&#8221; gallery_id=&#8221;&#8221; lightbox_image=&#8221;&#8221; lightbox_image_id=&#8221;&#8221; alt=&#8221;&#8221; link=&#8221;&#8221; linktarget=&#8221;_self&#8221; hide_on_mobile=&#8221;small-visibility,medium-visibility,large-visibility&#8221; class=&#8221;&#8221; id=&#8221;&#8221; animation_type=&#8221;&#8221; animation_direction=&#8221;left&#8221; animation_speed=&#8221;0.3&#8243; animation_offset=&#8221;&#8221;]https:\/\/www.bitacoracdmx.com\/wp-content\/uploads\/2023\/01\/image_processing20230124-3277589-1ywyiq9-300&#215;169.jpg[\/fusion_imageframe][\/fusion_builder_column][\/fusion_builder_row][\/fusion_builder_container]<\/p>\n","protected":false},"excerpt":{"rendered":"<p>[fusion_builder_container hundred_percent=&#8221;no&#8221; equal_height_columns=&#8221;no&#8221; menu_anchor=&#8221;&#8221; hide_on_mobile=&#8221;small-visibility,medium-visibility,large-visibility&#8221; class=&#8221;&#8221; id=&#8221;&#8221; background_color=&#8221;&#8221; background_image=&#8221;&#8221; background_position=&#8221;center center&#8221; background_repeat=&#8221;no-repeat&#8221; fade=&#8221;no&#8221; background_parallax=&#8221;none&#8221; parallax_speed=&#8221;0.3&#8243; video_mp4=&#8221;&#8221; video_webm=&#8221;&#8221; video_ogv=&#8221;&#8221; video_url=&#8221;&#8221; video_aspect_ratio=&#8221;16:9&#8243; video_loop=&#8221;yes&#8221; video_mute=&#8221;yes&#8221; overlay_color=&#8221;&#8221; video_preview_image=&#8221;&#8221; border_size=&#8221;&#8221; border_color=&#8221;&#8221; border_style=&#8221;solid&#8221; padding_top=&#8221;&#8221; padding_bottom=&#8221;&#8221; padding_left=&#8221;&#8221; padding_right=&#8221;&#8221;][fusion_builder_row][fusion_builder_column type=&#8221;1_1&#8243; layout=&#8221;1_1&#8243; background_position=&#8221;left top&#8221; background_color=&#8221;&#8221; border_size=&#8221;&#8221; border_color=&#8221;&#8221; border_style=&#8221;solid&#8221; border_position=&#8221;all&#8221; spacing=&#8221;yes&#8221; background_image=&#8221;&#8221; background_repeat=&#8221;no-repeat&#8221; padding_top=&#8221;&#8221; padding_right=&#8221;&#8221; padding_bottom=&#8221;&#8221; padding_left=&#8221;&#8221; margin_top=&#8221;0px&#8221; margin_bottom=&#8221;0px&#8221; class=&#8221;&#8221; id=&#8221;&#8221; animation_type=&#8221;&#8221; animation_speed=&#8221;0.3&#8243; animation_direction=&#8221;left&#8221; hide_on_mobile=&#8221;small-visibility,medium-visibility,large-visibility&#8221; center_content=&#8221;no&#8221; last=&#8221;no&#8221; min_height=&#8221;&#8221; hover_type=&#8221;none&#8221; link=&#8221;&#8221;][fusion_text] REDACCI\u00d3N Retomando la gira que dej\u00f3 pendiente el maestro Diego Verdaguer QEPD SIEMPRE TE AMAR\u00c9 TOUR 2023 16 de marzo \u2013 Auditorio Nacional Preventa Citibanamex: 30 de enero Despu\u00e9s de la partida de Diego Verdaguer,\u00a0Amanda Miguel y Ana Victoria, est\u00e1n [&hellip;]<\/p>\n","protected":false},"author":1,"featured_media":49031,"comment_status":"open","ping_status":"open","sticky":false,"template":"","format":"standard","meta":{"footnotes":""},"categories":[9,11],"tags":[],"_links":{"self":[{"href":"https:\/\/www.bitacoracdmx.com\/index.php?rest_route=\/wp\/v2\/posts\/49030"}],"collection":[{"href":"https:\/\/www.bitacoracdmx.com\/index.php?rest_route=\/wp\/v2\/posts"}],"about":[{"href":"https:\/\/www.bitacoracdmx.com\/index.php?rest_route=\/wp\/v2\/types\/post"}],"author":[{"embeddable":true,"href":"https:\/\/www.bitacoracdmx.com\/index.php?rest_route=\/wp\/v2\/users\/1"}],"replies":[{"embeddable":true,"href":"https:\/\/www.bitacoracdmx.com\/index.php?rest_route=%2Fwp%2Fv2%2Fcomments&post=49030"}],"version-history":[{"count":1,"href":"https:\/\/www.bitacoracdmx.com\/index.php?rest_route=\/wp\/v2\/posts\/49030\/revisions"}],"predecessor-version":[{"id":49032,"href":"https:\/\/www.bitacoracdmx.com\/index.php?rest_route=\/wp\/v2\/posts\/49030\/revisions\/49032"}],"wp:featuredmedia":[{"embeddable":true,"href":"https:\/\/www.bitacoracdmx.com\/index.php?rest_route=\/wp\/v2\/media\/49031"}],"wp:attachment":[{"href":"https:\/\/www.bitacoracdmx.com\/index.php?rest_route=%2Fwp%2Fv2%2Fmedia&parent=49030"}],"wp:term":[{"taxonomy":"category","embeddable":true,"href":"https:\/\/www.bitacoracdmx.com\/index.php?rest_route=%2Fwp%2Fv2%2Fcategories&post=49030"},{"taxonomy":"post_tag","embeddable":true,"href":"https:\/\/www.bitacoracdmx.com\/index.php?rest_route=%2Fwp%2Fv2%2Ftags&post=49030"}],"curies":[{"name":"wp","href":"https:\/\/api.w.org\/{rel}","templated":true}]}}