{"id":49404,"date":"2023-02-15T03:48:41","date_gmt":"2023-02-15T03:48:41","guid":{"rendered":"https:\/\/www.bitacoracdmx.com\/?p=49404"},"modified":"2023-02-15T03:48:41","modified_gmt":"2023-02-15T03:48:41","slug":"maria-jose-anuncia-nuevas-fechas-en-cdmx-y-guadalajara","status":"publish","type":"post","link":"https:\/\/www.bitacoracdmx.com\/?p=49404","title":{"rendered":"Mar\u00eda Jos\u00e9 anuncia nuevas fechas en CDMX y Guadalajara"},"content":{"rendered":"<p>[fusion_builder_container hundred_percent=&#8221;no&#8221; equal_height_columns=&#8221;no&#8221; menu_anchor=&#8221;&#8221; hide_on_mobile=&#8221;small-visibility,medium-visibility,large-visibility&#8221; class=&#8221;&#8221; id=&#8221;&#8221; background_color=&#8221;&#8221; background_image=&#8221;&#8221; background_position=&#8221;center center&#8221; background_repeat=&#8221;no-repeat&#8221; fade=&#8221;no&#8221; background_parallax=&#8221;none&#8221; parallax_speed=&#8221;0.3&#8243; video_mp4=&#8221;&#8221; video_webm=&#8221;&#8221; video_ogv=&#8221;&#8221; video_url=&#8221;&#8221; video_aspect_ratio=&#8221;16:9&#8243; video_loop=&#8221;yes&#8221; video_mute=&#8221;yes&#8221; overlay_color=&#8221;&#8221; video_preview_image=&#8221;&#8221; border_size=&#8221;&#8221; border_color=&#8221;&#8221; border_style=&#8221;solid&#8221; padding_top=&#8221;&#8221; padding_bottom=&#8221;&#8221; padding_left=&#8221;&#8221; padding_right=&#8221;&#8221;][fusion_builder_row][fusion_builder_column type=&#8221;1_1&#8243; layout=&#8221;1_1&#8243; background_position=&#8221;left top&#8221; background_color=&#8221;&#8221; border_size=&#8221;&#8221; border_color=&#8221;&#8221; border_style=&#8221;solid&#8221; border_position=&#8221;all&#8221; spacing=&#8221;yes&#8221; background_image=&#8221;&#8221; background_repeat=&#8221;no-repeat&#8221; padding_top=&#8221;&#8221; padding_right=&#8221;&#8221; padding_bottom=&#8221;&#8221; padding_left=&#8221;&#8221; margin_top=&#8221;0px&#8221; margin_bottom=&#8221;0px&#8221; class=&#8221;&#8221; id=&#8221;&#8221; animation_type=&#8221;&#8221; animation_speed=&#8221;0.3&#8243; animation_direction=&#8221;left&#8221; hide_on_mobile=&#8221;small-visibility,medium-visibility,large-visibility&#8221; center_content=&#8221;no&#8221; last=&#8221;no&#8221; min_height=&#8221;&#8221; hover_type=&#8221;none&#8221; link=&#8221;&#8221;][fusion_text]<\/p>\n<p>REDACCI\u00d3N<\/p>\n<div class=\"pr-story--element-space\">\n<div class=\"pr-story-subheader\">\n<h3 class=\"pr-story--subheader text--wrap pr-font--sans\">La cantante confirma nuevas fechas de su gira Libertad 2023<\/h3>\n<\/div>\n<\/div>\n<div class=\"pr-story--element-space\">\n<div class=\"pr-story-subheader\">\n<h3 class=\"pr-story--subheader text--wrap pr-font--sans\">18 DE MAYO \u2013 AUDITORIO NACIONAL<\/h3>\n<\/div>\n<\/div>\n<div class=\"pr-story--element-space\">\n<div class=\"pr-story-subheader\">\n<h3 class=\"pr-story--subheader text--wrap pr-font--sans\">26 DE MAYO \u2013 AUDITORIO TELMEX<\/h3>\n<\/div>\n<\/div>\n<div class=\"pr-story--element-space\">\n<div class=\"pr-story-subheader\">\n<h3 class=\"pr-story--subheader text--wrap pr-font--sans\">Preventa Citibanamex para ambas fechas: 17 de febrero<\/h3>\n<\/div>\n<\/div>\n<div class=\"pr-story--element-space\">\n<div class=\"pr-story-paragraph\">\n<div class=\"pr-story--text\">La cantante mexicana de pop m\u00e1s exitosa del momento,\u00a0<b>Mar\u00eda Jos\u00e9<\/b>, est\u00e1 de regreso con dos presentaciones m\u00e1s: una nueva fecha en el\u00a0<b>Auditorio Nacional el 18 de mayo<\/b>\u00a0(su tercera presentaci\u00f3n en este recinto en lo que va de 2023) y el\u00a0<b>26 de mayo en el Auditorio Telmex<\/b>\u00a0de Guadalajara, su segundo concierto de este a\u00f1o en la Perla Tapat\u00eda.<\/div>\n<div><\/div>\n<\/div>\n<\/div>\n<div class=\"pr-story--element-space\">\n<div class=\"pr-story-paragraph\">\n<div class=\"pr-story--text\">La Josa regres\u00f3 este 2023 con nueva m\u00fasica, gira renovada y abarrotando los escenarios donde se presenta. La gira\u00a0<i>Libertad 2023<\/i><b>,\u00a0<\/b>no s\u00f3lo nos trae una nueva etapa conceptual de la cantante, sino tambi\u00e9n es el tour con el que\u00a0<b>Mar\u00eda Jos\u00e9<\/b>\u00a0est\u00e1 promocionando su reciente material:\u00a0<i>Libertad,\u00a0<\/i>lanzamiento que pudimos escuchar por completo este a\u00f1o; un disco donde reversiona \u00e9xitos de grandes autores como Armando Manzanero, Camilo Sesto y Marco Antonio Sol\u00eds.<\/div>\n<div><\/div>\n<\/div>\n<\/div>\n<div class=\"pr-story--element-space\">\n<div class=\"pr-story-paragraph\">\n<div class=\"pr-story--text\"><b>A pocos d\u00edas de lanzar el video en YouTube de su tema \u201cLa Loca\u201d, la canci\u00f3n ya cuenta con m\u00e1s de mill\u00f3n y medio de vistas.<\/b><\/div>\n<div><\/div>\n<\/div>\n<\/div>\n<div class=\"pr-story--element-space\">\n<div class=\"pr-story-paragraph\">\n<div class=\"pr-story--text\"><strong>Mar\u00eda Jos\u00e9<\/strong>\u00a0sigue rompiendo r\u00e9cords y coloc\u00e1ndose como una de las artistas m\u00e1s importantes del momento. La cantante regresa por tercera ocasi\u00f3n al\u00a0<strong>Auditorio Nacional el 18 de mayo<\/strong>; y despu\u00e9s, estar\u00e1 nuevamente en el\u00a0<strong>Auditorio Telmex el 26 de mayo<\/strong>. Adquiere tus boletos para ambas ciudades en\u00a0<strong>preventa Citibanamex el 17 de febrero<\/strong>, y un d\u00eda despu\u00e9s los podr\u00e1s adquirir en las taquillas del inmueble o a trav\u00e9s\u00a0<a href=\"http:\/\/www.ticketmaster.com.mx\/\">www.ticketmaster.com.mx<\/a>.<\/div>\n<\/div>\n<\/div>\n<div><\/div>\n<div>\n<div dir=\"auto\"><a class=\"x1i10hfl xjbqb8w x6umtig x1b1mbwd xaqea5y xav7gou x9f619 x1ypdohk xt0psk2 xe8uvvx xdj266r x11i5rnm xat24cr x1mh8g0r xexx8yu x4uap5 x18d9i69 xkhd6sd x16tdsg8 x1hl2dhg xggy1nq x1a2a7pz xt0b8zv x1qq9wsj xo1l8bm\" tabindex=\"0\" role=\"link\" href=\"https:\/\/www.facebook.com\/hashtag\/mariajose?__eep__=6&amp;__cft__[0]=AZWjvjQF8Yq_LaEF4Uq94vjnBPqKdlj4o4NnDC_H1BOyV6rpnx5ARxke_9W7f1rtEH_K4Bzxrk5KmmfSEABn6KnURp7xMKGFKLozEK4BF-jSJAi2VEZwEKSYj-_eOw-05SAoDmZZTcfSq3jqmF24fJme&amp;__tn__=*NK-R\">#MariaJose<\/a><\/div>\n<div dir=\"auto\"><a class=\"x1i10hfl xjbqb8w x6umtig x1b1mbwd xaqea5y xav7gou x9f619 x1ypdohk xt0psk2 xe8uvvx xdj266r x11i5rnm xat24cr x1mh8g0r xexx8yu x4uap5 x18d9i69 xkhd6sd x16tdsg8 x1hl2dhg xggy1nq x1a2a7pz xt0b8zv x1qq9wsj xo1l8bm\" tabindex=\"0\" role=\"link\" href=\"https:\/\/www.facebook.com\/hashtag\/giralibertad?__eep__=6&amp;__cft__[0]=AZWjvjQF8Yq_LaEF4Uq94vjnBPqKdlj4o4NnDC_H1BOyV6rpnx5ARxke_9W7f1rtEH_K4Bzxrk5KmmfSEABn6KnURp7xMKGFKLozEK4BF-jSJAi2VEZwEKSYj-_eOw-05SAoDmZZTcfSq3jqmF24fJme&amp;__tn__=*NK-R\">#giralibertad<\/a><\/div>\n<div dir=\"auto\"><a class=\"x1i10hfl xjbqb8w x6umtig x1b1mbwd xaqea5y xav7gou x9f619 x1ypdohk xt0psk2 xe8uvvx xdj266r x11i5rnm xat24cr x1mh8g0r xexx8yu x4uap5 x18d9i69 xkhd6sd x16tdsg8 x1hl2dhg xggy1nq x1a2a7pz xt0b8zv x1qq9wsj xo1l8bm\" tabindex=\"0\" role=\"link\" href=\"https:\/\/www.facebook.com\/hashtag\/ocesa?__eep__=6&amp;__cft__[0]=AZWjvjQF8Yq_LaEF4Uq94vjnBPqKdlj4o4NnDC_H1BOyV6rpnx5ARxke_9W7f1rtEH_K4Bzxrk5KmmfSEABn6KnURp7xMKGFKLozEK4BF-jSJAi2VEZwEKSYj-_eOw-05SAoDmZZTcfSq3jqmF24fJme&amp;__tn__=*NK-R\">#OCESA<\/a><\/div>\n<div dir=\"auto\"><a class=\"x1i10hfl xjbqb8w x6umtig x1b1mbwd xaqea5y xav7gou x9f619 x1ypdohk xt0psk2 xe8uvvx xdj266r x11i5rnm xat24cr x1mh8g0r xexx8yu x4uap5 x18d9i69 xkhd6sd x16tdsg8 x1hl2dhg xggy1nq x1a2a7pz xt0b8zv x1qq9wsj xo1l8bm\" tabindex=\"0\" role=\"link\" href=\"https:\/\/www.facebook.com\/hashtag\/ticketmaster?__eep__=6&amp;__cft__[0]=AZWjvjQF8Yq_LaEF4Uq94vjnBPqKdlj4o4NnDC_H1BOyV6rpnx5ARxke_9W7f1rtEH_K4Bzxrk5KmmfSEABn6KnURp7xMKGFKLozEK4BF-jSJAi2VEZwEKSYj-_eOw-05SAoDmZZTcfSq3jqmF24fJme&amp;__tn__=*NK-R\">#ticketmaster<\/a><\/div>\n<div dir=\"auto\"><a class=\"x1i10hfl xjbqb8w x6umtig x1b1mbwd xaqea5y xav7gou x9f619 x1ypdohk xt0psk2 xe8uvvx xdj266r x11i5rnm xat24cr x1mh8g0r xexx8yu x4uap5 x18d9i69 xkhd6sd x16tdsg8 x1hl2dhg xggy1nq x1a2a7pz xt0b8zv x1qq9wsj xo1l8bm\" tabindex=\"0\" role=\"link\" href=\"https:\/\/www.facebook.com\/hashtag\/auditorionacional?__eep__=6&amp;__cft__[0]=AZWjvjQF8Yq_LaEF4Uq94vjnBPqKdlj4o4NnDC_H1BOyV6rpnx5ARxke_9W7f1rtEH_K4Bzxrk5KmmfSEABn6KnURp7xMKGFKLozEK4BF-jSJAi2VEZwEKSYj-_eOw-05SAoDmZZTcfSq3jqmF24fJme&amp;__tn__=*NK-R\">#AuditorioNacional<\/a><\/div>\n<div dir=\"auto\"><a class=\"x1i10hfl xjbqb8w x6umtig x1b1mbwd xaqea5y xav7gou x9f619 x1ypdohk xt0psk2 xe8uvvx xdj266r x11i5rnm xat24cr x1mh8g0r xexx8yu x4uap5 x18d9i69 xkhd6sd x16tdsg8 x1hl2dhg xggy1nq x1a2a7pz xt0b8zv x1qq9wsj xo1l8bm\" tabindex=\"0\" role=\"link\" href=\"https:\/\/www.facebook.com\/hashtag\/bitacoracdmx?__eep__=6&amp;__cft__[0]=AZWjvjQF8Yq_LaEF4Uq94vjnBPqKdlj4o4NnDC_H1BOyV6rpnx5ARxke_9W7f1rtEH_K4Bzxrk5KmmfSEABn6KnURp7xMKGFKLozEK4BF-jSJAi2VEZwEKSYj-_eOw-05SAoDmZZTcfSq3jqmF24fJme&amp;__tn__=*NK-R\">#bitacoracdmx<\/a><\/div>\n<\/div>\n<p>[\/fusion_text][fusion_gallery layout=&#8221;&#8221; picture_size=&#8221;&#8221; columns=&#8221;&#8221; column_spacing=&#8221;10&#8243; gallery_masonry_grid_ratio=&#8221;&#8221; gallery_masonry_width_double=&#8221;&#8221; hover_type=&#8221;&#8221; lightbox=&#8221;yes&#8221; lightbox_content=&#8221;&#8221; bordersize=&#8221;&#8221; bordercolor=&#8221;&#8221; border_radius=&#8221;&#8221; hide_on_mobile=&#8221;small-visibility,medium-visibility,large-visibility&#8221; class=&#8221;&#8221; id=&#8221;&#8221;][fusion_gallery_image image=&#8221;https:\/\/www.bitacoracdmx.com\/wp-content\/uploads\/2023\/02\/image_processing20230213-3534589-k0548k-300&#215;157.jpg&#8221; image_id=&#8221;49405|medium&#8221; link=&#8221;&#8221; linktarget=&#8221;_self&#8221; \/][\/fusion_gallery][\/fusion_builder_column][\/fusion_builder_row][\/fusion_builder_container]<\/p>\n","protected":false},"excerpt":{"rendered":"<p>[fusion_builder_container hundred_percent=&#8221;no&#8221; equal_height_columns=&#8221;no&#8221; menu_anchor=&#8221;&#8221; hide_on_mobile=&#8221;small-visibility,medium-visibility,large-visibility&#8221; class=&#8221;&#8221; id=&#8221;&#8221; background_color=&#8221;&#8221; background_image=&#8221;&#8221; background_position=&#8221;center center&#8221; background_repeat=&#8221;no-repeat&#8221; fade=&#8221;no&#8221; background_parallax=&#8221;none&#8221; parallax_speed=&#8221;0.3&#8243; video_mp4=&#8221;&#8221; video_webm=&#8221;&#8221; video_ogv=&#8221;&#8221; video_url=&#8221;&#8221; video_aspect_ratio=&#8221;16:9&#8243; video_loop=&#8221;yes&#8221; video_mute=&#8221;yes&#8221; overlay_color=&#8221;&#8221; video_preview_image=&#8221;&#8221; border_size=&#8221;&#8221; border_color=&#8221;&#8221; border_style=&#8221;solid&#8221; padding_top=&#8221;&#8221; padding_bottom=&#8221;&#8221; padding_left=&#8221;&#8221; padding_right=&#8221;&#8221;][fusion_builder_row][fusion_builder_column type=&#8221;1_1&#8243; layout=&#8221;1_1&#8243; background_position=&#8221;left top&#8221; background_color=&#8221;&#8221; border_size=&#8221;&#8221; border_color=&#8221;&#8221; border_style=&#8221;solid&#8221; border_position=&#8221;all&#8221; spacing=&#8221;yes&#8221; background_image=&#8221;&#8221; background_repeat=&#8221;no-repeat&#8221; padding_top=&#8221;&#8221; padding_right=&#8221;&#8221; padding_bottom=&#8221;&#8221; padding_left=&#8221;&#8221; margin_top=&#8221;0px&#8221; margin_bottom=&#8221;0px&#8221; class=&#8221;&#8221; id=&#8221;&#8221; animation_type=&#8221;&#8221; animation_speed=&#8221;0.3&#8243; animation_direction=&#8221;left&#8221; hide_on_mobile=&#8221;small-visibility,medium-visibility,large-visibility&#8221; center_content=&#8221;no&#8221; last=&#8221;no&#8221; min_height=&#8221;&#8221; hover_type=&#8221;none&#8221; link=&#8221;&#8221;][fusion_text] REDACCI\u00d3N La cantante confirma nuevas fechas de su gira Libertad 2023 18 DE MAYO \u2013 AUDITORIO NACIONAL 26 DE MAYO \u2013 AUDITORIO TELMEX Preventa Citibanamex para ambas fechas: 17 de febrero La cantante mexicana de pop m\u00e1s exitosa del momento,\u00a0Mar\u00eda [&hellip;]<\/p>\n","protected":false},"author":1,"featured_media":49405,"comment_status":"open","ping_status":"open","sticky":false,"template":"","format":"standard","meta":{"footnotes":""},"categories":[9,11],"tags":[],"_links":{"self":[{"href":"https:\/\/www.bitacoracdmx.com\/index.php?rest_route=\/wp\/v2\/posts\/49404"}],"collection":[{"href":"https:\/\/www.bitacoracdmx.com\/index.php?rest_route=\/wp\/v2\/posts"}],"about":[{"href":"https:\/\/www.bitacoracdmx.com\/index.php?rest_route=\/wp\/v2\/types\/post"}],"author":[{"embeddable":true,"href":"https:\/\/www.bitacoracdmx.com\/index.php?rest_route=\/wp\/v2\/users\/1"}],"replies":[{"embeddable":true,"href":"https:\/\/www.bitacoracdmx.com\/index.php?rest_route=%2Fwp%2Fv2%2Fcomments&post=49404"}],"version-history":[{"count":1,"href":"https:\/\/www.bitacoracdmx.com\/index.php?rest_route=\/wp\/v2\/posts\/49404\/revisions"}],"predecessor-version":[{"id":49406,"href":"https:\/\/www.bitacoracdmx.com\/index.php?rest_route=\/wp\/v2\/posts\/49404\/revisions\/49406"}],"wp:featuredmedia":[{"embeddable":true,"href":"https:\/\/www.bitacoracdmx.com\/index.php?rest_route=\/wp\/v2\/media\/49405"}],"wp:attachment":[{"href":"https:\/\/www.bitacoracdmx.com\/index.php?rest_route=%2Fwp%2Fv2%2Fmedia&parent=49404"}],"wp:term":[{"taxonomy":"category","embeddable":true,"href":"https:\/\/www.bitacoracdmx.com\/index.php?rest_route=%2Fwp%2Fv2%2Fcategories&post=49404"},{"taxonomy":"post_tag","embeddable":true,"href":"https:\/\/www.bitacoracdmx.com\/index.php?rest_route=%2Fwp%2Fv2%2Ftags&post=49404"}],"curies":[{"name":"wp","href":"https:\/\/api.w.org\/{rel}","templated":true}]}}