{"id":49413,"date":"2023-02-15T05:01:14","date_gmt":"2023-02-15T05:01:14","guid":{"rendered":"https:\/\/www.bitacoracdmx.com\/?p=49413"},"modified":"2023-02-15T05:01:14","modified_gmt":"2023-02-15T05:01:14","slug":"comparten-la-importancia-del-libro-de-texto-gratuito-en-las-rejas-del-bosque-de-chapultepec","status":"publish","type":"post","link":"https:\/\/www.bitacoracdmx.com\/?p=49413","title":{"rendered":"Comparten la importancia del LIBRO DE TEXTO GRATUITO en las REJAS DEL BOSQUE DE CHAPULTEPEC"},"content":{"rendered":"<p>[fusion_builder_container hundred_percent=&#8221;no&#8221; equal_height_columns=&#8221;no&#8221; menu_anchor=&#8221;&#8221; hide_on_mobile=&#8221;small-visibility,medium-visibility,large-visibility&#8221; class=&#8221;&#8221; id=&#8221;&#8221; background_color=&#8221;&#8221; background_image=&#8221;&#8221; background_position=&#8221;center center&#8221; background_repeat=&#8221;no-repeat&#8221; fade=&#8221;no&#8221; background_parallax=&#8221;none&#8221; parallax_speed=&#8221;0.3&#8243; video_mp4=&#8221;&#8221; video_webm=&#8221;&#8221; video_ogv=&#8221;&#8221; video_url=&#8221;&#8221; video_aspect_ratio=&#8221;16:9&#8243; video_loop=&#8221;yes&#8221; video_mute=&#8221;yes&#8221; overlay_color=&#8221;&#8221; video_preview_image=&#8221;&#8221; border_size=&#8221;&#8221; border_color=&#8221;&#8221; border_style=&#8221;solid&#8221; padding_top=&#8221;&#8221; padding_bottom=&#8221;&#8221; padding_left=&#8221;&#8221; padding_right=&#8221;&#8221;][fusion_builder_row][fusion_builder_column type=&#8221;1_1&#8243; layout=&#8221;1_1&#8243; background_position=&#8221;left top&#8221; background_color=&#8221;&#8221; border_size=&#8221;&#8221; border_color=&#8221;&#8221; border_style=&#8221;solid&#8221; border_position=&#8221;all&#8221; spacing=&#8221;yes&#8221; background_image=&#8221;&#8221; background_repeat=&#8221;no-repeat&#8221; padding_top=&#8221;&#8221; padding_right=&#8221;&#8221; padding_bottom=&#8221;&#8221; padding_left=&#8221;&#8221; margin_top=&#8221;0px&#8221; margin_bottom=&#8221;0px&#8221; class=&#8221;&#8221; id=&#8221;&#8221; animation_type=&#8221;&#8221; animation_speed=&#8221;0.3&#8243; animation_direction=&#8221;left&#8221; hide_on_mobile=&#8221;small-visibility,medium-visibility,large-visibility&#8221; center_content=&#8221;no&#8221; last=&#8221;no&#8221; min_height=&#8221;&#8221; hover_type=&#8221;none&#8221; link=&#8221;&#8221;][fusion_text]<\/p>\n<p>REDACCI\u00d3N<\/p>\n<ul>\n<li>El p\u00fablico podr\u00e1 conocer a trav\u00e9s de 58 im\u00e1genes momentos hist\u00f3ricos, aspectos del proceso de producci\u00f3n, donaciones de papel en desuso, as\u00ed como su distribuci\u00f3n hasta el \u00faltimo rinc\u00f3n del pa\u00eds.<\/li>\n<li>La exposici\u00f3n estar\u00e1 disponible del 13 de febrero al 26 de marzo en la Galer\u00eda Abierta Gandhi de las Rejas del Bosque de Chapultepec.<\/li>\n<\/ul>\n<p>La\u00a0<strong>Secretar\u00eda de Cultura de la Ciudad<\/strong>\u00a0<strong>de M\u00e9xico\u00a0<\/strong>a trav\u00e9s de su programa de\u00a0<strong>Galer\u00edas Abiertas<\/strong>\u00a0en colaboraci\u00f3n con la\u00a0<strong>Comisi\u00f3n Nacional de Libros de Texto Gratuitos (CONALITEG)<\/strong>\u00a0presentan al p\u00fablico capitalino la exposici\u00f3n\u00a0<strong>\u201cLa Patria est\u00e1 en mis libros de texto gratuitos\u201d<\/strong>, que estar\u00e1 disponible en la Galer\u00eda Abierta Gandhi de las Rejas del Bosque de Chapultepec del 13 de febrero al 26 de marzo.<br aria-hidden=\"true\" \/>\u00a0<br aria-hidden=\"true\" \/>El acto inaugural cont\u00f3 con la participaci\u00f3n de Liliana Salda\u00f1a, directora de Control Institucional de la Secretar\u00eda de Cultura capitalina; Victoria Guill\u00e9n \u00c1lvarez, directora general de la Comisi\u00f3n Nacional de Libros de Textos Gratuitos y Roc\u00edo B\u00e1rcena Molina, directora general de Servicio Postal Mexicano, quienes celebraron a trav\u00e9s de esta muestra el 64 aniversario de la CONALITEG que desde su creaci\u00f3n el 12 de febrero de 1959 ha promovido la educaci\u00f3n laica, gratuita e inclusiva.<br aria-hidden=\"true\" \/>\u00a0<br aria-hidden=\"true\" \/>&#8220;Los visitantes de este maravilloso Bosque de Chapultepec podr\u00e1n conocer la historia del proyecto a trav\u00e9s de los documentos y fotograf\u00edas que conforman la muestra&#8221;, extern\u00f3 Salda\u00f1a al enfatizar que el p\u00fablico conocer\u00e1 las donaciones de papel, pr\u00e1cticas ecol\u00f3gicas y sus procesos de producci\u00f3n, uno de los m\u00e1s modernos de Am\u00e9rica Latina.<br aria-hidden=\"true\" \/>\u00a0<br aria-hidden=\"true\" \/>En este sentido, Guill\u00e9n \u00c1lvarez resalt\u00f3 que los libros de texto son una herramienta para el desarrollo del aprendizaje y la comprensi\u00f3n de las materias adem\u00e1s del instrumento m\u00e1s valioso de los docentes como gu\u00eda de ense\u00f1anza que llega a todos los rincones del pa\u00eds y atiende a diversas poblaciones con su impresi\u00f3n en braille y lenguas originarias.<br aria-hidden=\"true\" \/>\u00a0<br aria-hidden=\"true\" \/>&#8220;Desde 1960 se han producido y distribuido hasta el ciclo escolar 2022-2023 la cantidad de 7 mil 854 millones 171 mil 328 libros de texto gratuito en todo el pa\u00eds. M\u00e9xico es el \u00fanico pa\u00eds latinoamericano que provee a sus estudiantes de educaci\u00f3n b\u00e1sica de todos los libros de texto gratuito que requieren para su formaci\u00f3n&#8221;, inform\u00f3 Guill\u00e9n \u00c1lvarez, quien agradeci\u00f3 el espacio para mostrar la labor tit\u00e1nica que realiza la CONALITEG.<br aria-hidden=\"true\" \/>\u00a0<br aria-hidden=\"true\" \/>&#8220;La entrega de los primeros ejemplares en 1960, siendo secretario de Educaci\u00f3n Jaime Torres Bodet, cambi\u00f3 la historia de la educaci\u00f3n porque a partir de entonces tuvimos en todas las familias el acceso a la lectura y a tener un libro para uno y esta maravillosa experiencia tiene 64 a\u00f1os de existencia que debemos recordar cada a\u00f1o cuando salen los libros de texto en sus camiones a recorrer todo el territorio nacional&#8221;, comparti\u00f3 Roc\u00edo B\u00e1rcena Molina al recordar las primeras generaciones en recibir su libro de texto.<br aria-hidden=\"true\" \/>\u00a0<br aria-hidden=\"true\" \/>Los miembros del presidium, integrado tambi\u00e9n por Carlos Brito Lavalle, director general de Canal Once y Jos\u00e9 Emilio Mej\u00eda, representante de la Subsecretar\u00eda de Educaci\u00f3n B\u00e1sica de la Secretar\u00eda de Educaci\u00f3n P\u00fablica (SEP), realizaron el corte de list\u00f3n y dieron un breve recorrido por la exposici\u00f3n.<br aria-hidden=\"true\" \/>\u00a0<br aria-hidden=\"true\" \/>El p\u00fablico podr\u00e1 ver la entrega de los primeros libros de texto en 1960 con el entonces secretario de Educaci\u00f3n P\u00fablica, Jaime Torres Bodet, as\u00ed como sus primeras rotativas y sus instalaciones de la CONALITEG en la Ciudad de M\u00e9xico, as\u00ed como un tren de secado y enfriado de la Encuadernadora Kolbus, el conteo y empaquetado final, adem\u00e1s de \u201cLa Patria\u201d, obra del artista Jorge Gonz\u00e1lez Camarena que ilustr\u00f3 los libros de 1962 a 1972.<br aria-hidden=\"true\" \/>\u00a0<br aria-hidden=\"true\" \/>Asimismo, los visitantes pueden conocer otros aspectos del proceso de producci\u00f3n en la planta ubicada en el municipio de El Marqu\u00e9s, en Quer\u00e9taro; im\u00e1genes de la imprenta m\u00e1s importante en Am\u00e9rica Latina para la producci\u00f3n de los libros en\u00a0<em>Braille<\/em>\u00a0y el programa \u201cRecicla para leer\u201d, mediante el cual se obtienen donaciones de papel en desuso de particulares y organismos gubernamentales, adem\u00e1s de la distribuci\u00f3n que se emplea con cerca de 330 veh\u00edculos cada a\u00f1o que realizan alrededor de 2 mil 800 viajes hasta el \u00faltimo rinc\u00f3n del pa\u00eds.<br aria-hidden=\"true\" \/>\u00a0<br aria-hidden=\"true\" \/>La Conaliteg se ha consolidado como uno de los principales pilares educativos de la ni\u00f1ez y juventud mexicanas, con la intenci\u00f3n de generar una educaci\u00f3n inclusiva y equitativa, en donde a todas y todos los estudiantes se les garantice el derecho a una educaci\u00f3n de calidad y de acuerdo a sus necesidades.<br aria-hidden=\"true\" \/>\u00a0<br aria-hidden=\"true\" \/><strong>\u201cLa Patria est\u00e1 en mis libros de texto gratuitos\u201d<\/strong>\u00a0est\u00e1 disponible\u00a0<strong>del 13 de febrero al 26 de marzo\u00a0<\/strong>en la\u00a0<strong>Galer\u00eda Abierta Gandhi de las Rejas del Bosque de Chapultepec<\/strong>, ubicada frente al Museo Tamayo sobre avenida Paseo de la Reforma.<br aria-hidden=\"true\" \/>\u00a0<br aria-hidden=\"true\" \/>Para conocer todas las actividades de la Secretar\u00eda de Cultura capitalina se puede consultar la Cartelera de la Ciudad de M\u00e9xico\u00a0 (<a href=\"https:\/\/gob.us21.list-manage.com\/track\/click?u=24ab1d8cf82850533a5af327c&amp;id=e85f4d9bca&amp;e=4fe2704bc3\" target=\"_blank\" rel=\"noopener noreferrer\" data-auth=\"NotApplicable\" data-linkindex=\"0\">https:\/\/cartelera.cdmx.gob.mx\/<\/a>) \u00a0y las redes sociales de la Secretar\u00eda de Cultura:\u00a0Facebook, Twitter, Instagram y YouTube.<\/p>\n<div dir=\"auto\"><a class=\"x1i10hfl xjbqb8w x6umtig x1b1mbwd xaqea5y xav7gou x9f619 x1ypdohk xt0psk2 xe8uvvx xdj266r x11i5rnm xat24cr x1mh8g0r xexx8yu x4uap5 x18d9i69 xkhd6sd x16tdsg8 x1hl2dhg xggy1nq x1a2a7pz xt0b8zv x1qq9wsj xo1l8bm\" tabindex=\"0\" role=\"link\" href=\"https:\/\/www.facebook.com\/hashtag\/secretariadeculturacdmx?__eep__=6&amp;__cft__[0]=AZV9A5CroyBTvXwI3kYuh680751o8ZEXTAANSg7dlGffwV_D8OcFJz2hiGqRCqw1VJVWsVLYvpYl02METb-YvSuO7bByLMW8nwGYnXtNXzBr3gVWyZ7g_dTVbsx8jhC-REE&amp;__tn__=*NK-R\">#secretariadeculturacdmx<\/a><\/div>\n<div dir=\"auto\"><a class=\"x1i10hfl xjbqb8w x6umtig x1b1mbwd xaqea5y xav7gou x9f619 x1ypdohk xt0psk2 xe8uvvx xdj266r x11i5rnm xat24cr x1mh8g0r xexx8yu x4uap5 x18d9i69 xkhd6sd x16tdsg8 x1hl2dhg xggy1nq x1a2a7pz xt0b8zv x1qq9wsj xo1l8bm\" tabindex=\"0\" role=\"link\" href=\"https:\/\/www.facebook.com\/hashtag\/rejasdechapultepec?__eep__=6&amp;__cft__[0]=AZV9A5CroyBTvXwI3kYuh680751o8ZEXTAANSg7dlGffwV_D8OcFJz2hiGqRCqw1VJVWsVLYvpYl02METb-YvSuO7bByLMW8nwGYnXtNXzBr3gVWyZ7g_dTVbsx8jhC-REE&amp;__tn__=*NK-R\">#rejasdechapultepec<\/a><\/div>\n<div dir=\"auto\"><a class=\"x1i10hfl xjbqb8w x6umtig x1b1mbwd xaqea5y xav7gou x9f619 x1ypdohk xt0psk2 xe8uvvx xdj266r x11i5rnm xat24cr x1mh8g0r xexx8yu x4uap5 x18d9i69 xkhd6sd x16tdsg8 x1hl2dhg xggy1nq x1a2a7pz xt0b8zv x1qq9wsj xo1l8bm\" tabindex=\"0\" role=\"link\" href=\"https:\/\/www.facebook.com\/hashtag\/librodetextogratuito?__eep__=6&amp;__cft__[0]=AZV9A5CroyBTvXwI3kYuh680751o8ZEXTAANSg7dlGffwV_D8OcFJz2hiGqRCqw1VJVWsVLYvpYl02METb-YvSuO7bByLMW8nwGYnXtNXzBr3gVWyZ7g_dTVbsx8jhC-REE&amp;__tn__=*NK-R\">#LibroDeTextoGratuito<\/a><\/div>\n<div dir=\"auto\"><a class=\"x1i10hfl xjbqb8w x6umtig x1b1mbwd xaqea5y xav7gou x9f619 x1ypdohk xt0psk2 xe8uvvx xdj266r x11i5rnm xat24cr x1mh8g0r xexx8yu x4uap5 x18d9i69 xkhd6sd x16tdsg8 x1hl2dhg xggy1nq x1a2a7pz xt0b8zv x1qq9wsj xo1l8bm\" tabindex=\"0\" role=\"link\" href=\"https:\/\/www.facebook.com\/hashtag\/bitacoracdmx?__eep__=6&amp;__cft__[0]=AZV9A5CroyBTvXwI3kYuh680751o8ZEXTAANSg7dlGffwV_D8OcFJz2hiGqRCqw1VJVWsVLYvpYl02METb-YvSuO7bByLMW8nwGYnXtNXzBr3gVWyZ7g_dTVbsx8jhC-REE&amp;__tn__=*NK-R\">#bitacoracdmx<\/a><\/div>\n<p>[\/fusion_text][fusion_imageframe image_id=&#8221;49414|medium&#8221; max_width=&#8221;&#8221; style_type=&#8221;&#8221; blur=&#8221;&#8221; stylecolor=&#8221;&#8221; hover_type=&#8221;none&#8221; bordersize=&#8221;&#8221; bordercolor=&#8221;&#8221; borderradius=&#8221;&#8221; align=&#8221;none&#8221; lightbox=&#8221;no&#8221; gallery_id=&#8221;&#8221; lightbox_image=&#8221;&#8221; lightbox_image_id=&#8221;&#8221; alt=&#8221;&#8221; link=&#8221;&#8221; linktarget=&#8221;_self&#8221; hide_on_mobile=&#8221;small-visibility,medium-visibility,large-visibility&#8221; class=&#8221;&#8221; id=&#8221;&#8221; animation_type=&#8221;&#8221; animation_direction=&#8221;left&#8221; animation_speed=&#8221;0.3&#8243; animation_offset=&#8221;&#8221;]https:\/\/www.bitacoracdmx.com\/wp-content\/uploads\/2023\/02\/3b21ba2d-7e12-edde-630c-88802c6ef918-300&#215;200.jpg[\/fusion_imageframe][\/fusion_builder_column][\/fusion_builder_row][\/fusion_builder_container]<\/p>\n","protected":false},"excerpt":{"rendered":"<p>[fusion_builder_container hundred_percent=&#8221;no&#8221; equal_height_columns=&#8221;no&#8221; menu_anchor=&#8221;&#8221; hide_on_mobile=&#8221;small-visibility,medium-visibility,large-visibility&#8221; class=&#8221;&#8221; id=&#8221;&#8221; background_color=&#8221;&#8221; background_image=&#8221;&#8221; background_position=&#8221;center center&#8221; background_repeat=&#8221;no-repeat&#8221; fade=&#8221;no&#8221; background_parallax=&#8221;none&#8221; parallax_speed=&#8221;0.3&#8243; video_mp4=&#8221;&#8221; video_webm=&#8221;&#8221; video_ogv=&#8221;&#8221; video_url=&#8221;&#8221; video_aspect_ratio=&#8221;16:9&#8243; video_loop=&#8221;yes&#8221; video_mute=&#8221;yes&#8221; overlay_color=&#8221;&#8221; video_preview_image=&#8221;&#8221; border_size=&#8221;&#8221; border_color=&#8221;&#8221; border_style=&#8221;solid&#8221; padding_top=&#8221;&#8221; padding_bottom=&#8221;&#8221; padding_left=&#8221;&#8221; padding_right=&#8221;&#8221;][fusion_builder_row][fusion_builder_column type=&#8221;1_1&#8243; layout=&#8221;1_1&#8243; background_position=&#8221;left top&#8221; background_color=&#8221;&#8221; border_size=&#8221;&#8221; border_color=&#8221;&#8221; border_style=&#8221;solid&#8221; border_position=&#8221;all&#8221; spacing=&#8221;yes&#8221; background_image=&#8221;&#8221; background_repeat=&#8221;no-repeat&#8221; padding_top=&#8221;&#8221; padding_right=&#8221;&#8221; padding_bottom=&#8221;&#8221; padding_left=&#8221;&#8221; margin_top=&#8221;0px&#8221; margin_bottom=&#8221;0px&#8221; class=&#8221;&#8221; id=&#8221;&#8221; animation_type=&#8221;&#8221; animation_speed=&#8221;0.3&#8243; animation_direction=&#8221;left&#8221; hide_on_mobile=&#8221;small-visibility,medium-visibility,large-visibility&#8221; center_content=&#8221;no&#8221; last=&#8221;no&#8221; min_height=&#8221;&#8221; hover_type=&#8221;none&#8221; link=&#8221;&#8221;][fusion_text] REDACCI\u00d3N El p\u00fablico podr\u00e1 conocer a trav\u00e9s de 58 im\u00e1genes momentos hist\u00f3ricos, aspectos del proceso de producci\u00f3n, donaciones de papel en desuso, as\u00ed como su distribuci\u00f3n hasta el \u00faltimo rinc\u00f3n del pa\u00eds. La exposici\u00f3n estar\u00e1 disponible del 13 de febrero [&hellip;]<\/p>\n","protected":false},"author":1,"featured_media":49414,"comment_status":"open","ping_status":"open","sticky":false,"template":"","format":"standard","meta":{"footnotes":""},"categories":[5,9],"tags":[],"_links":{"self":[{"href":"https:\/\/www.bitacoracdmx.com\/index.php?rest_route=\/wp\/v2\/posts\/49413"}],"collection":[{"href":"https:\/\/www.bitacoracdmx.com\/index.php?rest_route=\/wp\/v2\/posts"}],"about":[{"href":"https:\/\/www.bitacoracdmx.com\/index.php?rest_route=\/wp\/v2\/types\/post"}],"author":[{"embeddable":true,"href":"https:\/\/www.bitacoracdmx.com\/index.php?rest_route=\/wp\/v2\/users\/1"}],"replies":[{"embeddable":true,"href":"https:\/\/www.bitacoracdmx.com\/index.php?rest_route=%2Fwp%2Fv2%2Fcomments&post=49413"}],"version-history":[{"count":1,"href":"https:\/\/www.bitacoracdmx.com\/index.php?rest_route=\/wp\/v2\/posts\/49413\/revisions"}],"predecessor-version":[{"id":49415,"href":"https:\/\/www.bitacoracdmx.com\/index.php?rest_route=\/wp\/v2\/posts\/49413\/revisions\/49415"}],"wp:featuredmedia":[{"embeddable":true,"href":"https:\/\/www.bitacoracdmx.com\/index.php?rest_route=\/wp\/v2\/media\/49414"}],"wp:attachment":[{"href":"https:\/\/www.bitacoracdmx.com\/index.php?rest_route=%2Fwp%2Fv2%2Fmedia&parent=49413"}],"wp:term":[{"taxonomy":"category","embeddable":true,"href":"https:\/\/www.bitacoracdmx.com\/index.php?rest_route=%2Fwp%2Fv2%2Fcategories&post=49413"},{"taxonomy":"post_tag","embeddable":true,"href":"https:\/\/www.bitacoracdmx.com\/index.php?rest_route=%2Fwp%2Fv2%2Ftags&post=49413"}],"curies":[{"name":"wp","href":"https:\/\/api.w.org\/{rel}","templated":true}]}}