{"id":49416,"date":"2023-02-15T05:10:36","date_gmt":"2023-02-15T05:10:36","guid":{"rendered":"https:\/\/www.bitacoracdmx.com\/?p=49416"},"modified":"2023-02-15T05:10:36","modified_gmt":"2023-02-15T05:10:36","slug":"faro-miacatlan-alista-una-semana-de-festejos-por-su-sexto-aniversario","status":"publish","type":"post","link":"https:\/\/www.bitacoracdmx.com\/?p=49416","title":{"rendered":"FARO MIACATL\u00c1N alista una semana de festejos por su SEXTO ANIVERSARIO"},"content":{"rendered":"<p>[fusion_builder_container hundred_percent=&#8221;no&#8221; equal_height_columns=&#8221;no&#8221; menu_anchor=&#8221;&#8221; hide_on_mobile=&#8221;small-visibility,medium-visibility,large-visibility&#8221; class=&#8221;&#8221; id=&#8221;&#8221; background_color=&#8221;&#8221; background_image=&#8221;&#8221; background_position=&#8221;center center&#8221; background_repeat=&#8221;no-repeat&#8221; fade=&#8221;no&#8221; background_parallax=&#8221;none&#8221; parallax_speed=&#8221;0.3&#8243; video_mp4=&#8221;&#8221; video_webm=&#8221;&#8221; video_ogv=&#8221;&#8221; video_url=&#8221;&#8221; video_aspect_ratio=&#8221;16:9&#8243; video_loop=&#8221;yes&#8221; video_mute=&#8221;yes&#8221; overlay_color=&#8221;&#8221; video_preview_image=&#8221;&#8221; border_size=&#8221;&#8221; border_color=&#8221;&#8221; border_style=&#8221;solid&#8221; padding_top=&#8221;&#8221; padding_bottom=&#8221;&#8221; padding_left=&#8221;&#8221; padding_right=&#8221;&#8221;][fusion_builder_row][fusion_builder_column type=&#8221;1_1&#8243; layout=&#8221;1_1&#8243; background_position=&#8221;left top&#8221; background_color=&#8221;&#8221; border_size=&#8221;&#8221; border_color=&#8221;&#8221; border_style=&#8221;solid&#8221; border_position=&#8221;all&#8221; spacing=&#8221;yes&#8221; background_image=&#8221;&#8221; background_repeat=&#8221;no-repeat&#8221; padding_top=&#8221;&#8221; padding_right=&#8221;&#8221; padding_bottom=&#8221;&#8221; padding_left=&#8221;&#8221; margin_top=&#8221;0px&#8221; margin_bottom=&#8221;0px&#8221; class=&#8221;&#8221; id=&#8221;&#8221; animation_type=&#8221;&#8221; animation_speed=&#8221;0.3&#8243; animation_direction=&#8221;left&#8221; hide_on_mobile=&#8221;small-visibility,medium-visibility,large-visibility&#8221; center_content=&#8221;no&#8221; last=&#8221;no&#8221; min_height=&#8221;&#8221; hover_type=&#8221;none&#8221; link=&#8221;&#8221;][fusion_text]<\/p>\n<p>REDACCI\u00d3N<\/p>\n<ul>\n<li>Nacida en 2017 en el pueblo de San Jer\u00f3nimo Miacatl\u00e1n, la FARO se fund\u00f3 con el objetivo de descentralizar y ampliar la oferta cultural en el sur de la Ciudad de M\u00e9xico, gracias a lo cual se ha consolidado en seis a\u00f1os como un importante espacio de formaci\u00f3n art\u00edstica<\/li>\n<li>Durante cinco d\u00edas la FARO Miacatl\u00e1n ofrecer\u00e1 poes\u00eda, conversatorios, danza, teatro, m\u00fasica y muchas actividades m\u00e1s que reflejan la riqueza cultural que se tiene en Milpa Alta<\/li>\n<\/ul>\n<p>La\u00a0<strong>F\u00e1brica de Artes y Oficios (FARO) Miacatl\u00e1n<\/strong>, gestionada por la\u00a0<strong>Direcci\u00f3n General de Vinculaci\u00f3n Cultural Comunitaria de la Secretar\u00eda de Cultura de la Ciudad de M\u00e9xico<\/strong>, afina detalles para una semana llena de actividades para festejar seis a\u00f1os de existencia en los que se ha convertido en un referente cultural en la alcald\u00eda Milpa Alta.<br aria-hidden=\"true\" \/>\u00a0<br aria-hidden=\"true\" \/>Desde este martes 14 y hasta el pr\u00f3ximo s\u00e1bado 18 de febrero, la FARO Miacatl\u00e1n ofrecer\u00e1 un programa de cinco d\u00edas con danza, poes\u00eda, m\u00fasica, conservatorios y muchas otras actividades, iniciando el D\u00eda del Amor y la Amistas a las 16:00 horas con una ceremonia tradicional de Milpa Alta realizada por el colectivo Moxocuentla Flor del Campo.<br aria-hidden=\"true\" \/>\u00a0<br aria-hidden=\"true\" \/>Este primer d\u00eda de celebraciones continuar\u00e1 con las palabras de la alcaldesa Judith Vanegas Tapia, la directora de Vinculaci\u00f3n Cultural Comunitaria, Rita Magali Cadena Amador, as\u00ed como del subdirector de la Red de FAROS Daniel Guzm\u00e1n.<br aria-hidden=\"true\" \/>\u00a0<br aria-hidden=\"true\" \/>A las 17:00 horas y para tambi\u00e9n celebrar el d\u00eda de San Valent\u00edn, Juan Torres Vilchis realizar\u00e1 la lectura de Antolog\u00eda de poes\u00eda de Milpa Alta; a las 17:30 horas Higinio Novella interpretar\u00e1 canciones en n\u00e1huatl, para dar paso a la presentaci\u00f3n danc\u00edstica de la Compa\u00f1\u00eda Hueyitlatoani del director Clemente Cruz N\u00e1jera, y finalmente cerrar con la m\u00fasica de La Esquina del Son.<br aria-hidden=\"true\" \/>\u00a0<br aria-hidden=\"true\" \/>El mi\u00e9rcoles la jornada estar\u00e1 dedicada, a partir de las 17:00 horas, a repasar la historia de la FARO con el conversatorio \u201cOrigen y fundaci\u00f3n de la FARO Milpa Alta Miacatl\u00e1n\u201d, la presentaci\u00f3n de un cortometraje documental de la fundaci\u00f3n de la FARO y una ponencia de los participantes de la gesti\u00f3n de la fundaci\u00f3n de la FARO.<br aria-hidden=\"true\" \/>\u00a0<br aria-hidden=\"true\" \/>El jueves, tambi\u00e9n a las 17:00 horas, se realizar\u00e1 el conversatorio \u201cCultura comunitaria en Milpa Alta, presentaci\u00f3n de los grupos y colectivos comunitarios\u201d en el que participar\u00e1n Juan Carlos Loza Jurado. Angelica Palma y Luis Torres Pi\u00f1a.<br aria-hidden=\"true\" \/>\u00a0<br aria-hidden=\"true\" \/>Por su parte, el viernes desde las 18:00 horas DJ To\u00f1ito Mix har\u00e1 bailar a los presentes a ritmo de salsa, bachata y cumbia; para finalmente el s\u00e1bado 18 de febrero los festejos comenzar\u00e1n a las 13:00 horas con la presentaci\u00f3n de \u201cD\u00e9cima afrolatinas\u201d, un espect\u00e1culo de m\u00fasica y cuentos para toda la familia.<br aria-hidden=\"true\" \/>\u00a0<br aria-hidden=\"true\" \/>Posteriormente, Monik Clown presentar\u00e1 &#8220;Cosas del amor y otras cosas&#8221;, una obra sobre una chica la termina su novio y comienza la b\u00fasqueda de una nueva relaci\u00f3n, camino que la llevar\u00e1 a encontrarse con una grata sorpresa.<br aria-hidden=\"true\" \/>\u00a0<br aria-hidden=\"true\" \/>A partir de las 15:00 horas comenzar\u00e1 la fiesta musical, primero con Vinicio Vandreli Group, quien dar\u00e1 paso a Los Detectives Salvajes, Lost Flamingos, Tiempo Perdido, Juana la Rodillona, para cerrar con Sangre Ma\u00edz, todos representantes de los distintos g\u00e9neros que convergen en Milpa Alta.<br aria-hidden=\"true\" \/>\u00a0<br aria-hidden=\"true\" \/>La F\u00e1brica de Artes y Oficios Miacatl\u00e1n se ubica en el pueblo de San Jer\u00f3nimo Miacatl\u00e1n de la alcald\u00eda Milpa Alta, se fund\u00f3 en 2017 con el objetivo de descentralizar la cultura y ampliar la oferta educativa y art\u00edstica en los pueblos del sur de la Ciudad de M\u00e9xico.<br aria-hidden=\"true\" \/>\u00a0<br aria-hidden=\"true\" \/>El espacio se consolid\u00f3 gracias a la donaci\u00f3n del predio por parte de los comuneros y habitantes de la comunidad y al esfuerzo conjunto entre autoridades locales y la Secretar\u00eda de Cultura de la Ciudad de M\u00e9xico.<br aria-hidden=\"true\" \/>\u00a0<br aria-hidden=\"true\" \/>En esta FARO se imparten talleres diversos como cer\u00e1mica, bordado a mano, vitral, dise\u00f1o de modas, joyer\u00eda, artes pl\u00e1sticas, m\u00fasica y computaci\u00f3n b\u00e1sica, entre otros. Cuenta con libroclub, auditorio, sala de cine, aula digital, biblioteca y salones especializados para la formaci\u00f3n art\u00edstica y cultural.<br aria-hidden=\"true\" \/>\u00a0<br aria-hidden=\"true\" \/>Para saber todas las actividades de la Secretar\u00eda de Cultura capitalina se puede consultar la Cartelera de la Ciudad de M\u00e9xico\u00a0 (<a href=\"https:\/\/gob.us21.list-manage.com\/track\/click?u=24ab1d8cf82850533a5af327c&amp;id=fc2922b720&amp;e=4fe2704bc3\" target=\"_blank\" rel=\"noopener noreferrer\" data-auth=\"NotApplicable\" data-linkindex=\"0\">https:\/\/cartelera.cdmx.gob.mx\/<\/a>) \u00a0y las redes sociales de la Secretar\u00eda de Cultura:\u00a0Facebook, Twitter, Instagram y YouTube.<\/p>\n<div dir=\"auto\"><a class=\"x1i10hfl xjbqb8w x6umtig x1b1mbwd xaqea5y xav7gou x9f619 x1ypdohk xt0psk2 xe8uvvx xdj266r x11i5rnm xat24cr x1mh8g0r xexx8yu x4uap5 x18d9i69 xkhd6sd x16tdsg8 x1hl2dhg xggy1nq x1a2a7pz xt0b8zv x1qq9wsj xo1l8bm\" tabindex=\"0\" role=\"link\" href=\"https:\/\/www.facebook.com\/hashtag\/faromiacatlan?__eep__=6&amp;__cft__[0]=AZVN3LS_8qHgL1NS4BO9kFkppsEuVQYxxTRk2d82TXsmjOj_06zcHjOAOZSKKKKVyDK46tekNVeQC3eLzye46SXZRGCN9WtKsIx7tdsvvdjqGkscgB9oDLgLamd0JnZ15gs&amp;__tn__=*NK-R\">#FAROMiacatlan<\/a><\/div>\n<div dir=\"auto\"><a class=\"x1i10hfl xjbqb8w x6umtig x1b1mbwd xaqea5y xav7gou x9f619 x1ypdohk xt0psk2 xe8uvvx xdj266r x11i5rnm xat24cr x1mh8g0r xexx8yu x4uap5 x18d9i69 xkhd6sd x16tdsg8 x1hl2dhg xggy1nq x1a2a7pz xt0b8zv x1qq9wsj xo1l8bm\" tabindex=\"0\" role=\"link\" href=\"https:\/\/www.facebook.com\/hashtag\/secretariadeculturacdmx?__eep__=6&amp;__cft__[0]=AZVN3LS_8qHgL1NS4BO9kFkppsEuVQYxxTRk2d82TXsmjOj_06zcHjOAOZSKKKKVyDK46tekNVeQC3eLzye46SXZRGCN9WtKsIx7tdsvvdjqGkscgB9oDLgLamd0JnZ15gs&amp;__tn__=*NK-R\">#secretariadeculturacdmx<\/a><\/div>\n<div dir=\"auto\"><a class=\"x1i10hfl xjbqb8w x6umtig x1b1mbwd xaqea5y xav7gou x9f619 x1ypdohk xt0psk2 xe8uvvx xdj266r x11i5rnm xat24cr x1mh8g0r xexx8yu x4uap5 x18d9i69 xkhd6sd x16tdsg8 x1hl2dhg xggy1nq x1a2a7pz xt0b8zv x1qq9wsj xo1l8bm\" tabindex=\"0\" role=\"link\" href=\"https:\/\/www.facebook.com\/hashtag\/bitacoracdmx?__eep__=6&amp;__cft__[0]=AZVN3LS_8qHgL1NS4BO9kFkppsEuVQYxxTRk2d82TXsmjOj_06zcHjOAOZSKKKKVyDK46tekNVeQC3eLzye46SXZRGCN9WtKsIx7tdsvvdjqGkscgB9oDLgLamd0JnZ15gs&amp;__tn__=*NK-R\">#bitacoracdmx<\/a><\/div>\n<p>[\/fusion_text][fusion_imageframe image_id=&#8221;49417|medium&#8221; max_width=&#8221;&#8221; style_type=&#8221;&#8221; blur=&#8221;&#8221; stylecolor=&#8221;&#8221; hover_type=&#8221;none&#8221; bordersize=&#8221;&#8221; bordercolor=&#8221;&#8221; borderradius=&#8221;&#8221; align=&#8221;none&#8221; lightbox=&#8221;no&#8221; gallery_id=&#8221;&#8221; lightbox_image=&#8221;&#8221; lightbox_image_id=&#8221;&#8221; alt=&#8221;&#8221; link=&#8221;&#8221; linktarget=&#8221;_self&#8221; hide_on_mobile=&#8221;small-visibility,medium-visibility,large-visibility&#8221; class=&#8221;&#8221; id=&#8221;&#8221; animation_type=&#8221;&#8221; animation_direction=&#8221;left&#8221; animation_speed=&#8221;0.3&#8243; animation_offset=&#8221;&#8221;]https:\/\/www.bitacoracdmx.com\/wp-content\/uploads\/2023\/02\/9a6c37f7-fd64-1b1d-94f3-30d80094013f-300&#215;169.jpg[\/fusion_imageframe][\/fusion_builder_column][\/fusion_builder_row][\/fusion_builder_container]<\/p>\n","protected":false},"excerpt":{"rendered":"<p>[fusion_builder_container hundred_percent=&#8221;no&#8221; equal_height_columns=&#8221;no&#8221; menu_anchor=&#8221;&#8221; hide_on_mobile=&#8221;small-visibility,medium-visibility,large-visibility&#8221; class=&#8221;&#8221; id=&#8221;&#8221; background_color=&#8221;&#8221; background_image=&#8221;&#8221; background_position=&#8221;center center&#8221; background_repeat=&#8221;no-repeat&#8221; fade=&#8221;no&#8221; background_parallax=&#8221;none&#8221; parallax_speed=&#8221;0.3&#8243; video_mp4=&#8221;&#8221; video_webm=&#8221;&#8221; video_ogv=&#8221;&#8221; video_url=&#8221;&#8221; video_aspect_ratio=&#8221;16:9&#8243; video_loop=&#8221;yes&#8221; video_mute=&#8221;yes&#8221; overlay_color=&#8221;&#8221; video_preview_image=&#8221;&#8221; border_size=&#8221;&#8221; border_color=&#8221;&#8221; border_style=&#8221;solid&#8221; padding_top=&#8221;&#8221; padding_bottom=&#8221;&#8221; padding_left=&#8221;&#8221; padding_right=&#8221;&#8221;][fusion_builder_row][fusion_builder_column type=&#8221;1_1&#8243; layout=&#8221;1_1&#8243; background_position=&#8221;left top&#8221; background_color=&#8221;&#8221; border_size=&#8221;&#8221; border_color=&#8221;&#8221; border_style=&#8221;solid&#8221; border_position=&#8221;all&#8221; spacing=&#8221;yes&#8221; background_image=&#8221;&#8221; background_repeat=&#8221;no-repeat&#8221; padding_top=&#8221;&#8221; padding_right=&#8221;&#8221; padding_bottom=&#8221;&#8221; padding_left=&#8221;&#8221; margin_top=&#8221;0px&#8221; margin_bottom=&#8221;0px&#8221; class=&#8221;&#8221; id=&#8221;&#8221; animation_type=&#8221;&#8221; animation_speed=&#8221;0.3&#8243; animation_direction=&#8221;left&#8221; hide_on_mobile=&#8221;small-visibility,medium-visibility,large-visibility&#8221; center_content=&#8221;no&#8221; last=&#8221;no&#8221; min_height=&#8221;&#8221; hover_type=&#8221;none&#8221; link=&#8221;&#8221;][fusion_text] REDACCI\u00d3N Nacida en 2017 en el pueblo de San Jer\u00f3nimo Miacatl\u00e1n, la FARO se fund\u00f3 con el objetivo de descentralizar y ampliar la oferta cultural en el sur de la Ciudad de M\u00e9xico, gracias a lo cual se ha consolidado [&hellip;]<\/p>\n","protected":false},"author":1,"featured_media":49417,"comment_status":"open","ping_status":"open","sticky":false,"template":"","format":"standard","meta":{"footnotes":""},"categories":[5,9],"tags":[],"_links":{"self":[{"href":"https:\/\/www.bitacoracdmx.com\/index.php?rest_route=\/wp\/v2\/posts\/49416"}],"collection":[{"href":"https:\/\/www.bitacoracdmx.com\/index.php?rest_route=\/wp\/v2\/posts"}],"about":[{"href":"https:\/\/www.bitacoracdmx.com\/index.php?rest_route=\/wp\/v2\/types\/post"}],"author":[{"embeddable":true,"href":"https:\/\/www.bitacoracdmx.com\/index.php?rest_route=\/wp\/v2\/users\/1"}],"replies":[{"embeddable":true,"href":"https:\/\/www.bitacoracdmx.com\/index.php?rest_route=%2Fwp%2Fv2%2Fcomments&post=49416"}],"version-history":[{"count":1,"href":"https:\/\/www.bitacoracdmx.com\/index.php?rest_route=\/wp\/v2\/posts\/49416\/revisions"}],"predecessor-version":[{"id":49418,"href":"https:\/\/www.bitacoracdmx.com\/index.php?rest_route=\/wp\/v2\/posts\/49416\/revisions\/49418"}],"wp:featuredmedia":[{"embeddable":true,"href":"https:\/\/www.bitacoracdmx.com\/index.php?rest_route=\/wp\/v2\/media\/49417"}],"wp:attachment":[{"href":"https:\/\/www.bitacoracdmx.com\/index.php?rest_route=%2Fwp%2Fv2%2Fmedia&parent=49416"}],"wp:term":[{"taxonomy":"category","embeddable":true,"href":"https:\/\/www.bitacoracdmx.com\/index.php?rest_route=%2Fwp%2Fv2%2Fcategories&post=49416"},{"taxonomy":"post_tag","embeddable":true,"href":"https:\/\/www.bitacoracdmx.com\/index.php?rest_route=%2Fwp%2Fv2%2Ftags&post=49416"}],"curies":[{"name":"wp","href":"https:\/\/api.w.org\/{rel}","templated":true}]}}