{"id":49422,"date":"2023-02-15T05:41:52","date_gmt":"2023-02-15T05:41:52","guid":{"rendered":"https:\/\/www.bitacoracdmx.com\/?p=49422"},"modified":"2023-02-15T05:41:52","modified_gmt":"2023-02-15T05:41:52","slug":"se-lanza-la-convocatoria-para-llevar-a-cabo-el-primer-festival-de-monologos","status":"publish","type":"post","link":"https:\/\/www.bitacoracdmx.com\/?p=49422","title":{"rendered":"Se lanza la convocatoria para llevar a cabo el primer Festival de Mon\u00f3logos"},"content":{"rendered":"<p>[fusion_builder_container hundred_percent=&#8221;no&#8221; equal_height_columns=&#8221;no&#8221; menu_anchor=&#8221;&#8221; hide_on_mobile=&#8221;small-visibility,medium-visibility,large-visibility&#8221; class=&#8221;&#8221; id=&#8221;&#8221; background_color=&#8221;&#8221; background_image=&#8221;&#8221; background_position=&#8221;center center&#8221; background_repeat=&#8221;no-repeat&#8221; fade=&#8221;no&#8221; background_parallax=&#8221;none&#8221; parallax_speed=&#8221;0.3&#8243; video_mp4=&#8221;&#8221; video_webm=&#8221;&#8221; video_ogv=&#8221;&#8221; video_url=&#8221;&#8221; video_aspect_ratio=&#8221;16:9&#8243; video_loop=&#8221;yes&#8221; video_mute=&#8221;yes&#8221; overlay_color=&#8221;&#8221; video_preview_image=&#8221;&#8221; border_size=&#8221;&#8221; border_color=&#8221;&#8221; border_style=&#8221;solid&#8221; padding_top=&#8221;&#8221; padding_bottom=&#8221;&#8221; padding_left=&#8221;&#8221; padding_right=&#8221;&#8221;][fusion_builder_row][fusion_builder_column type=&#8221;1_1&#8243; layout=&#8221;1_1&#8243; background_position=&#8221;left top&#8221; background_color=&#8221;&#8221; border_size=&#8221;&#8221; border_color=&#8221;&#8221; border_style=&#8221;solid&#8221; border_position=&#8221;all&#8221; spacing=&#8221;yes&#8221; background_image=&#8221;&#8221; background_repeat=&#8221;no-repeat&#8221; padding_top=&#8221;&#8221; padding_right=&#8221;&#8221; padding_bottom=&#8221;&#8221; padding_left=&#8221;&#8221; margin_top=&#8221;0px&#8221; margin_bottom=&#8221;0px&#8221; class=&#8221;&#8221; id=&#8221;&#8221; animation_type=&#8221;&#8221; animation_speed=&#8221;0.3&#8243; animation_direction=&#8221;left&#8221; hide_on_mobile=&#8221;small-visibility,medium-visibility,large-visibility&#8221; center_content=&#8221;no&#8221; last=&#8221;no&#8221; min_height=&#8221;&#8221; hover_type=&#8221;none&#8221; link=&#8221;&#8221;][fusion_text]<\/p>\n<p>REDACCI\u00d3N<\/p>\n<p>\u2022 Promover, difundir y visibilizar son los objetivos de esta convocatoria de unipersonales y mon\u00f3logos que marca tambi\u00e9n la reapertura esc\u00e9nica del Centro Cultural y Acad\u00e9mico Casa de la Paz.<\/p>\n<p>La Secretar\u00eda de Cultura federal, a trav\u00e9s del Centro Cultural Hel\u00e9nico, la Universidad Aut\u00f3noma Metropolitana, mediante el Centro Cultural y Acad\u00e9mico Teatro Casa de la Paz, y la Sociedad General de Escritores de M\u00e9xico, convocan a grupos teatrales y artistas esc\u00e9nicos profesionales a enviar sus propuestas para integrar la programaci\u00f3n del primer Festival de Mon\u00f3logos. Es de destacarse la colaboraci\u00f3n in\u00e9dita entre estas tres instituciones, gracias a la cual fue posible dise\u00f1ar y poner en marcha un circuito para las artes esc\u00e9nicas que recorre tres de los recintos m\u00e1s emblem\u00e1ticos de la Ciudad de M\u00e9xico.<br aria-hidden=\"true\" \/>\u00a0<br aria-hidden=\"true\" \/>Un comit\u00e9 de selecci\u00f3n se encargar\u00e1 de elegir nueve mon\u00f3logos o espect\u00e1culos unipersonales \u2014de las categor\u00edas de estreno o reestreno\u2014, los cuales ser\u00e1n valorados con base en los criterios de calidad del texto dram\u00e1tico, trayectoria y solvencia art\u00edstica del equipo creativo, propuesta de direcci\u00f3n y estrategias de organizaci\u00f3n general de producci\u00f3n.<br aria-hidden=\"true\" \/>\u00a0<br aria-hidden=\"true\" \/>Las instituciones convocantes otorgar\u00e1n a cada proyecto seleccionado el 70% de los ingresos de taquilla. De igual manera brindar\u00e1n la difusi\u00f3n necesaria \u2014a trav\u00e9s de medios digitales e impresos\u2014 y cubrir\u00e1n los gastos del uso del teatro, equipo t\u00e9cnico, as\u00ed como todos los derivados de la operaci\u00f3n esc\u00e9nica.<br aria-hidden=\"true\" \/>\u00a0<br aria-hidden=\"true\" \/>Las personas o grupos aceptados podr\u00e1n participar bajo tres l\u00edneas de programaci\u00f3n: \u00f3pera prima, teatro para j\u00f3venes audiencias y teatro para adultos. Los grupos seleccionados cumplir\u00e1n una temporada de tres meses en algunos de los recintos m\u00e1s importantes de la Ciudad de M\u00e9xico: el Foro 4 Espacio Alternativo del Centro Cultural Hel\u00e9nico; el Centro Cultural y Acad\u00e9mico Teatro Casa de la Paz de la Universidad Aut\u00f3noma Metropolitana; y la Sala Cultural V\u00edctor Hugo Rasc\u00f3n Banda de la Sociedad General de Escritores de M\u00e9xico. En dichos espacios cada grupo dar\u00e1 un total de 16 funciones. \u00a0<br aria-hidden=\"true\" \/>\u00a0<br aria-hidden=\"true\" \/>\u201cLos mon\u00f3logos y unipersonales adquieren un valor especial dado que nos permiten ver todo el potencial del int\u00e9rprete en escena; por lo que concebimos un programa que visibiliza estos proyectos y nutre la vasta oferta cultural que tenemos. Con esta convocatoria se apoyar\u00e1 a los soliloquios m\u00e1s destacados de nuestro pa\u00eds en los \u00faltimos a\u00f1os; adem\u00e1s, las y los espectadores disfrutar\u00e1n de estos mon\u00f3logos en tres grandes espacios, con lo cual se abonar\u00e1 a la circulaci\u00f3n de las obras y los agentes culturales de M\u00e9xico\u201d, apunt\u00f3 Antonio Z\u00fa\u00f1iga Chaparro, director del Centro Cultural Hel\u00e9nico.<br aria-hidden=\"true\" \/>\u00a0<br aria-hidden=\"true\" \/>La convocatoria del primer Festival de Mon\u00f3logos busca salvaguardar los derechos culturales de los grupos esc\u00e9nicos, as\u00ed como sustentar un mejor desarrollo cultural y diversificar la oferta teatral del pa\u00eds. De esta forma se reafirma el compromiso de no dejar a nadie fuera de las iniciativas culturales, al tiempo que se construyen espacios donde las voces de las y los creadores mexicanos son escuchadas.<br aria-hidden=\"true\" \/>\u00a0<br aria-hidden=\"true\" \/>La recepci\u00f3n de propuestas tiene como fecha l\u00edmite el viernes 10 de marzo. La selecci\u00f3n de proyectos se dar\u00e1 a conocer el 20 de marzo de 2023 en los sitios: helenico.gob.mx, mexicoescultura.com, cultura.uam.mx y sogem.org, donde tambi\u00e9n se pueden consultar las bases completas.<\/p>\n<div dir=\"auto\"><a class=\"x1i10hfl xjbqb8w x6umtig x1b1mbwd xaqea5y xav7gou x9f619 x1ypdohk xt0psk2 xe8uvvx xdj266r x11i5rnm xat24cr x1mh8g0r xexx8yu x4uap5 x18d9i69 xkhd6sd x16tdsg8 x1hl2dhg xggy1nq x1a2a7pz xt0b8zv x1qq9wsj xo1l8bm\" tabindex=\"0\" role=\"link\" href=\"https:\/\/www.facebook.com\/hashtag\/festivaldemonologos?__eep__=6&amp;__cft__[0]=AZUg17uLVuHBmhPdvfiO7mMwJRVzaeu-Wj4tzTl7VhZBHfr-_XlGwPjVRsdgHA-jcepAhd7eq6SajZsQoAPcbc06xkHbSJvPUoYiqIkvG6K9aMAofhwLWNKmMBXIi6IZkjU&amp;__tn__=*NK-R\">#FestivalDeMonologos<\/a><\/div>\n<div dir=\"auto\"><a class=\"x1i10hfl xjbqb8w x6umtig x1b1mbwd xaqea5y xav7gou x9f619 x1ypdohk xt0psk2 xe8uvvx xdj266r x11i5rnm xat24cr x1mh8g0r xexx8yu x4uap5 x18d9i69 xkhd6sd x16tdsg8 x1hl2dhg xggy1nq x1a2a7pz xt0b8zv x1qq9wsj xo1l8bm\" tabindex=\"0\" role=\"link\" href=\"https:\/\/www.facebook.com\/hashtag\/secretariadecultura?__eep__=6&amp;__cft__[0]=AZUg17uLVuHBmhPdvfiO7mMwJRVzaeu-Wj4tzTl7VhZBHfr-_XlGwPjVRsdgHA-jcepAhd7eq6SajZsQoAPcbc06xkHbSJvPUoYiqIkvG6K9aMAofhwLWNKmMBXIi6IZkjU&amp;__tn__=*NK-R\">#secretariadecultura<\/a><\/div>\n<div dir=\"auto\"><a class=\"x1i10hfl xjbqb8w x6umtig x1b1mbwd xaqea5y xav7gou x9f619 x1ypdohk xt0psk2 xe8uvvx xdj266r x11i5rnm xat24cr x1mh8g0r xexx8yu x4uap5 x18d9i69 xkhd6sd x16tdsg8 x1hl2dhg xggy1nq x1a2a7pz xt0b8zv x1qq9wsj xo1l8bm\" tabindex=\"0\" role=\"link\" href=\"https:\/\/www.facebook.com\/hashtag\/centroculturalhelenico?__eep__=6&amp;__cft__[0]=AZUg17uLVuHBmhPdvfiO7mMwJRVzaeu-Wj4tzTl7VhZBHfr-_XlGwPjVRsdgHA-jcepAhd7eq6SajZsQoAPcbc06xkHbSJvPUoYiqIkvG6K9aMAofhwLWNKmMBXIi6IZkjU&amp;__tn__=*NK-R\">#centroculturalhelenico<\/a><\/div>\n<div dir=\"auto\"><a class=\"x1i10hfl xjbqb8w x6umtig x1b1mbwd xaqea5y xav7gou x9f619 x1ypdohk xt0psk2 xe8uvvx xdj266r x11i5rnm xat24cr x1mh8g0r xexx8yu x4uap5 x18d9i69 xkhd6sd x16tdsg8 x1hl2dhg xggy1nq x1a2a7pz xt0b8zv x1qq9wsj xo1l8bm\" tabindex=\"0\" role=\"link\" href=\"https:\/\/www.facebook.com\/hashtag\/bitacoracdmx?__eep__=6&amp;__cft__[0]=AZUg17uLVuHBmhPdvfiO7mMwJRVzaeu-Wj4tzTl7VhZBHfr-_XlGwPjVRsdgHA-jcepAhd7eq6SajZsQoAPcbc06xkHbSJvPUoYiqIkvG6K9aMAofhwLWNKmMBXIi6IZkjU&amp;__tn__=*NK-R\">#bitacoracdmx<\/a><\/div>\n<p>[\/fusion_text][fusion_imageframe image_id=&#8221;49423|medium&#8221; max_width=&#8221;&#8221; style_type=&#8221;&#8221; blur=&#8221;&#8221; stylecolor=&#8221;&#8221; hover_type=&#8221;none&#8221; bordersize=&#8221;&#8221; bordercolor=&#8221;&#8221; borderradius=&#8221;&#8221; align=&#8221;none&#8221; lightbox=&#8221;no&#8221; gallery_id=&#8221;&#8221; lightbox_image=&#8221;&#8221; lightbox_image_id=&#8221;&#8221; alt=&#8221;&#8221; link=&#8221;&#8221; linktarget=&#8221;_self&#8221; hide_on_mobile=&#8221;small-visibility,medium-visibility,large-visibility&#8221; class=&#8221;&#8221; id=&#8221;&#8221; animation_type=&#8221;&#8221; animation_direction=&#8221;left&#8221; animation_speed=&#8221;0.3&#8243; animation_offset=&#8221;&#8221;]https:\/\/www.bitacoracdmx.com\/wp-content\/uploads\/2023\/02\/866792c3-b0a8-4e8e-9770-701218b87768-1-300&#215;300.jpg[\/fusion_imageframe][\/fusion_builder_column][\/fusion_builder_row][\/fusion_builder_container]<\/p>\n","protected":false},"excerpt":{"rendered":"<p>[fusion_builder_container hundred_percent=&#8221;no&#8221; equal_height_columns=&#8221;no&#8221; menu_anchor=&#8221;&#8221; hide_on_mobile=&#8221;small-visibility,medium-visibility,large-visibility&#8221; class=&#8221;&#8221; id=&#8221;&#8221; background_color=&#8221;&#8221; background_image=&#8221;&#8221; background_position=&#8221;center center&#8221; background_repeat=&#8221;no-repeat&#8221; fade=&#8221;no&#8221; background_parallax=&#8221;none&#8221; parallax_speed=&#8221;0.3&#8243; video_mp4=&#8221;&#8221; video_webm=&#8221;&#8221; video_ogv=&#8221;&#8221; video_url=&#8221;&#8221; video_aspect_ratio=&#8221;16:9&#8243; video_loop=&#8221;yes&#8221; video_mute=&#8221;yes&#8221; overlay_color=&#8221;&#8221; video_preview_image=&#8221;&#8221; border_size=&#8221;&#8221; border_color=&#8221;&#8221; border_style=&#8221;solid&#8221; padding_top=&#8221;&#8221; padding_bottom=&#8221;&#8221; padding_left=&#8221;&#8221; padding_right=&#8221;&#8221;][fusion_builder_row][fusion_builder_column type=&#8221;1_1&#8243; layout=&#8221;1_1&#8243; background_position=&#8221;left top&#8221; background_color=&#8221;&#8221; border_size=&#8221;&#8221; border_color=&#8221;&#8221; border_style=&#8221;solid&#8221; border_position=&#8221;all&#8221; spacing=&#8221;yes&#8221; background_image=&#8221;&#8221; background_repeat=&#8221;no-repeat&#8221; padding_top=&#8221;&#8221; padding_right=&#8221;&#8221; padding_bottom=&#8221;&#8221; padding_left=&#8221;&#8221; margin_top=&#8221;0px&#8221; margin_bottom=&#8221;0px&#8221; class=&#8221;&#8221; id=&#8221;&#8221; animation_type=&#8221;&#8221; animation_speed=&#8221;0.3&#8243; animation_direction=&#8221;left&#8221; hide_on_mobile=&#8221;small-visibility,medium-visibility,large-visibility&#8221; center_content=&#8221;no&#8221; last=&#8221;no&#8221; min_height=&#8221;&#8221; hover_type=&#8221;none&#8221; link=&#8221;&#8221;][fusion_text] REDACCI\u00d3N \u2022 Promover, difundir y visibilizar son los objetivos de esta convocatoria de unipersonales y mon\u00f3logos que marca tambi\u00e9n la reapertura esc\u00e9nica del Centro Cultural y Acad\u00e9mico Casa de la Paz. La Secretar\u00eda de Cultura federal, a trav\u00e9s del Centro [&hellip;]<\/p>\n","protected":false},"author":1,"featured_media":49423,"comment_status":"open","ping_status":"open","sticky":false,"template":"","format":"standard","meta":{"footnotes":""},"categories":[5,9],"tags":[],"_links":{"self":[{"href":"https:\/\/www.bitacoracdmx.com\/index.php?rest_route=\/wp\/v2\/posts\/49422"}],"collection":[{"href":"https:\/\/www.bitacoracdmx.com\/index.php?rest_route=\/wp\/v2\/posts"}],"about":[{"href":"https:\/\/www.bitacoracdmx.com\/index.php?rest_route=\/wp\/v2\/types\/post"}],"author":[{"embeddable":true,"href":"https:\/\/www.bitacoracdmx.com\/index.php?rest_route=\/wp\/v2\/users\/1"}],"replies":[{"embeddable":true,"href":"https:\/\/www.bitacoracdmx.com\/index.php?rest_route=%2Fwp%2Fv2%2Fcomments&post=49422"}],"version-history":[{"count":1,"href":"https:\/\/www.bitacoracdmx.com\/index.php?rest_route=\/wp\/v2\/posts\/49422\/revisions"}],"predecessor-version":[{"id":49424,"href":"https:\/\/www.bitacoracdmx.com\/index.php?rest_route=\/wp\/v2\/posts\/49422\/revisions\/49424"}],"wp:featuredmedia":[{"embeddable":true,"href":"https:\/\/www.bitacoracdmx.com\/index.php?rest_route=\/wp\/v2\/media\/49423"}],"wp:attachment":[{"href":"https:\/\/www.bitacoracdmx.com\/index.php?rest_route=%2Fwp%2Fv2%2Fmedia&parent=49422"}],"wp:term":[{"taxonomy":"category","embeddable":true,"href":"https:\/\/www.bitacoracdmx.com\/index.php?rest_route=%2Fwp%2Fv2%2Fcategories&post=49422"},{"taxonomy":"post_tag","embeddable":true,"href":"https:\/\/www.bitacoracdmx.com\/index.php?rest_route=%2Fwp%2Fv2%2Ftags&post=49422"}],"curies":[{"name":"wp","href":"https:\/\/api.w.org\/{rel}","templated":true}]}}