{"id":49425,"date":"2023-02-15T05:53:24","date_gmt":"2023-02-15T05:53:24","guid":{"rendered":"https:\/\/www.bitacoracdmx.com\/?p=49425"},"modified":"2023-02-15T05:53:24","modified_gmt":"2023-02-15T05:53:24","slug":"acude-guanajuato-como-estado-invitado-a-feria-internacional-del-libro-del-palacio-de-mineria","status":"publish","type":"post","link":"https:\/\/www.bitacoracdmx.com\/?p=49425","title":{"rendered":"Acude Guanajuato como estado invitado a Feria Internacional del Libro del Palacio de Miner\u00eda"},"content":{"rendered":"<p>[fusion_builder_container hundred_percent=&#8221;no&#8221; equal_height_columns=&#8221;no&#8221; menu_anchor=&#8221;&#8221; hide_on_mobile=&#8221;small-visibility,medium-visibility,large-visibility&#8221; class=&#8221;&#8221; id=&#8221;&#8221; background_color=&#8221;&#8221; background_image=&#8221;&#8221; background_position=&#8221;center center&#8221; background_repeat=&#8221;no-repeat&#8221; fade=&#8221;no&#8221; background_parallax=&#8221;none&#8221; parallax_speed=&#8221;0.3&#8243; video_mp4=&#8221;&#8221; video_webm=&#8221;&#8221; video_ogv=&#8221;&#8221; video_url=&#8221;&#8221; video_aspect_ratio=&#8221;16:9&#8243; video_loop=&#8221;yes&#8221; video_mute=&#8221;yes&#8221; overlay_color=&#8221;&#8221; video_preview_image=&#8221;&#8221; border_size=&#8221;&#8221; border_color=&#8221;&#8221; border_style=&#8221;solid&#8221; padding_top=&#8221;&#8221; padding_bottom=&#8221;&#8221; padding_left=&#8221;&#8221; padding_right=&#8221;&#8221;][fusion_builder_row][fusion_builder_column type=&#8221;1_1&#8243; layout=&#8221;1_1&#8243; background_position=&#8221;left top&#8221; background_color=&#8221;&#8221; border_size=&#8221;&#8221; border_color=&#8221;&#8221; border_style=&#8221;solid&#8221; border_position=&#8221;all&#8221; spacing=&#8221;yes&#8221; background_image=&#8221;&#8221; background_repeat=&#8221;no-repeat&#8221; padding_top=&#8221;&#8221; padding_right=&#8221;&#8221; padding_bottom=&#8221;&#8221; padding_left=&#8221;&#8221; margin_top=&#8221;0px&#8221; margin_bottom=&#8221;0px&#8221; class=&#8221;&#8221; id=&#8221;&#8221; animation_type=&#8221;&#8221; animation_speed=&#8221;0.3&#8243; animation_direction=&#8221;left&#8221; hide_on_mobile=&#8221;small-visibility,medium-visibility,large-visibility&#8221; center_content=&#8221;no&#8221; last=&#8221;no&#8221; min_height=&#8221;&#8221; hover_type=&#8221;none&#8221; link=&#8221;&#8221;][fusion_text]<\/p>\n<p>REDACCI\u00d3N<\/p>\n<p><em>*\u00a0<\/em>La entidad acompa\u00f1ar\u00e1 el regreso a la presencialidad de la prestigiada feria capitalina con 70 actividades.<\/p>\n<p>* Durante los 12 d\u00edas de feria, Guanajuato compartir\u00e1 m\u00e1s de 70 t\u00edtulos y colecciones, con la participaci\u00f3n de 150 autores y presentadores.<\/p>\n<p>\u200bA trav\u00e9s de un programa editorial de 70 actividades, Guanajuato mostrar\u00e1 su riqueza cultural en la edici\u00f3n 44 de la Feria Internacional del Libro del Palacio de Miner\u00eda, a la que por segunda ocasi\u00f3n acude como estado invitado.<\/p>\n<p>\u200bGuanajuato, que ya fue estado invitado en 2012 y recientemente tuvo esa misma distinci\u00f3n en la Feria Internacional del Libro de Coahuila, acompa\u00f1ar\u00e1 el regreso a la presencialidad de la FIL de Miner\u00eda, que despu\u00e9s de dos ediciones virtuales debido a la pandemia, recibir\u00e1 de nuevo a los visitantes en su emblem\u00e1tica sede del Centro Hist\u00f3rico capitalino del 23 de febrero al 6 de marzo.<\/p>\n<p>\u200bLa presencia de Guanajuato es coordinada por el Instituto Estatal de la Cultura y se traduce en un pabell\u00f3n donde pondr\u00e1 a disposici\u00f3n del p\u00fablico su diversidad editorial, con t\u00edtulos publicados por m\u00e1s de 15 instituciones p\u00fablicas y universidades, adem\u00e1s de 16 sellos agrupados en el Fondo Editorial Guanajuato, iniciativa de promoci\u00f3n del quehacer de las editoriales independientes de la entidad que reci\u00e9n ha cumplido 10 a\u00f1os.<\/p>\n<p>\u200bLa programaci\u00f3n literaria y art\u00edstica propuesta por Guanajuato comprende un total de 68 actividades, divididas en 60 presentaciones editoriales, seis mesas y charlas y cuatro presentaciones art\u00edsticas. En esta agenda se compartir\u00e1n m\u00e1s de 70 t\u00edtulos y colecciones, con la participaci\u00f3n de m\u00e1s de 150 autores y presentadores.<\/p>\n<p>\u200bEntre las personalidades convocadas por el estado invitado se cuentan: Paloma Jim\u00e9nez Galvez, Juan Villoro, Christian Duverger, Christopher Dom\u00ednguez Michael, Jos\u00e9 N. Iturriaga, Bernardo Fern\u00e1ndez (BEF), Jos\u00e9 Mar\u00eda Espinasa, Adolfo Casta\u00f1\u00f3n y el poeta cubano Jos\u00e9 Kozer, quien ha publicado con Ediciones La Rana, sello editorial del IEC, su m\u00e1s reciente libro.<\/p>\n<p>\u200bAcudir\u00e1n tambi\u00e9n ganadores en diversas ediciones de los Premios Nacionales de Literatura convocados por Guanajuato, como: Mauricio Carrera (Premio de Novela Jorge Ibarg\u00fcengoitia 2002 y Efr\u00e9n Hern\u00e1ndez de Cuento 2007), Imanol Caneyada y Luis Felipe P\u00e9rez (Premios de Cuento Efr\u00e9n Hern\u00e1ndez 2007 y 2012); Baudelio Camarillo e Ib\u00e1n de Le\u00f3n (Premios de Poes\u00eda Efra\u00edn Huerta 2004 y 2022, respectivamente).<\/p>\n<p>\u200bEl patrimonio art\u00edstico y cultural de la entidad, incluyendo su vocaci\u00f3n cervantina; su actualidad literaria y frutos destacados de la investigaci\u00f3n y quehacer acad\u00e9mico de sus universidades, trazan las l\u00edneas principales en la programaci\u00f3n editorial guanajuatense.<\/p>\n<p>Entre los libros a presentar se cuentan varios dedicados a figuras centrales del arte, como: Hermenegildo Bustos, Diego Rivera, Jos\u00e9 Ch\u00e1vez Morado, Mateo Herrera, Jes\u00fas Gallardo o Jazzamoart; literatos como Jorge Ibarg\u00fcengoitia y Efra\u00edn Huerta; compositores como Jos\u00e9 Alfredo Jim\u00e9nez e intelectuales de primer orden, como Emilio Uranga y Wigberto Jim\u00e9nez Moreno.<\/p>\n<p>\u200bDe las primicias a compartir en la FIL de Miner\u00eda destacan: \u201cReportajes a Dios dar. Un a\u00f1o en As\u00ed\u201d, recopilaci\u00f3n de textos period\u00edsticos de Efra\u00edn Huerta; \u201cEmilio Uranga: A\u00f1os de Alemania (1952-1956)\u201d, con correspondencia del fil\u00f3sofo mexicano a Luis Villoro y Alfonso Reyes; \u201cLa concepci\u00f3n de la historia en la obra de Wigberto Jim\u00e9nez Moreno\u201d, de V\u00edctor Alfonso Ben\u00edtez y \u201cQue se organicen sus pueblos. Agust\u00edn de Iturbide y la contrainsurgencia en la comandancia de Guanajuato (1813-1816)\u201d, de Joaqu\u00edn Edgardo Espinosa.<\/p>\n<p>\u200bOtro libros notables de reciente publicaci\u00f3n que se presentar\u00e1n en Ciudad de M\u00e9xico son: &#8220;Miradas extranjeras al estado de Guanajuato&#8221;, de Jos\u00e9 N. Iturriaga; &#8220;Jaraneros, puetas y vareros&#8221;, prontuario sobre el huapango arribe\u00f1o guanajuatense de Flavio Neftal\u00ed D\u00edaz y \u201cJazzamoart: Viaje al fondo de la pintura\u201d.<\/p>\n<p>\u200bEn la agenda resonar\u00e1n el centenario del nacimiento de la cr\u00edtica Raquel Tibol, de quien se presenta una nueva edici\u00f3n de \u201cHermenegildo Bustos. Pintor de pueblo\u201d, as\u00ed como los 50 a\u00f1os de la muerte de Jos\u00e9 Alfredo Jim\u00e9nez, invocado en &#8220;Cuando te hablen de amor y de ilusiones&#8221;, de Paloma Jim\u00e9nez Galvez; y el 40\u00b0 aniversario luctuoso de Jorge Ibarg\u00fcengoitia, recordado en la recopilaci\u00f3n de ensayos &#8220;Olafo y los amigos&#8221;, coordinada por Amaranta Caballero y la biograf\u00eda literaria &#8220;Un escritor entre ruinas&#8221;, de Alejandro L\u00e1mbarry.<\/p>\n<p>\u200bLa vocaci\u00f3n cervantina de Guanajuato se manifestar\u00e1 en libros como: \u201cFestival Internacional Cervantino: 50 a\u00f1os\u201d, las Memorias del XXXI Coloquio Cervantino Internacional o \u201cMiguel el ingenioso\u201d, biograf\u00eda de Cervantes para ni\u00f1os publicada en espa\u00f1ol, ingl\u00e9s y otom\u00ed.<\/p>\n<p>\u200bEl programa tambi\u00e9n da cuenta de Guanajuato como epicentro de creaci\u00f3n literaria, con los libros m\u00e1s recientes de escritores formados bajo el Fondo para las Letras Guanajuatenses, como: Sara Mu\u00f1oz, Mar\u00eda Edith Vel\u00e1zquez, Paulina Mendoza, Montserrath Campos y Mois\u00e9s Maldonado.<\/p>\n<p>\u200bCompletan el programa editorial publicaciones sobre arte popular, la antolog\u00eda \u201cLos Cuentos de Don Trini. Narraciones en chichimeca-jon\u00e1z \/ espa\u00f1ol\u201d, de Jos\u00e9 Trinidad Garc\u00eda; la colecci\u00f3n \u201cGuanajuato: Grandes historias\u201d, de la Secretar\u00eda de Turismo, y la serie sobre fauna en las \u00e1reas naturales protegidas de la entidad editada por la Secretar\u00eda de Medio Ambiente y Ordenamiento Territorial.<\/p>\n<p>\u200bAdem\u00e1s de sus letras, Guanajuato se har\u00e1 presente con m\u00fasica, con sendos conciertos de la Banda de M\u00fasica del Estado y la agrupaci\u00f3n de m\u00fasica antigua Los Tiempos Pasados, invitada habitual al Cervantino desde hace 50 a\u00f1os. Adem\u00e1s, el Tr\u00edo Orozco-Mata-Garc\u00eda y el grupo de huapango Los D\u00edaz del Real, amenizar\u00e1n las presentaciones editoriales de los libros \u201cCuando te hablen de amor y de ilusiones\u201d y \u201cJaraneros, puetas y vareros\u201d, respectivamente.<\/p>\n<p>\u200bEl programa completo de la participaci\u00f3n de Guanajuato en la Feria Internacional del Libro del Palacio de Miner\u00eda se puede consultar en la p\u00e1gina web del evento (<a href=\"https:\/\/click.convertkit-mail2.com\/wvu3x59krdsgh5owe4nh7\/l2hehmhogzd9web6\/aHR0cDovL2ZpbG1pbmVyaWEudW5hbS5teC8=\" target=\"_blank\" rel=\"noopener noreferrer\" data-auth=\"NotApplicable\" data-linkindex=\"1\">filmineria.unam.mx<\/a>) o en la del Instituto Estatal de la Cultura de Guanajuato (<a href=\"https:\/\/click.convertkit-mail2.com\/wvu3x59krdsgh5owe4nh7\/dpheh0hq3m2grnhm\/aHR0cDovL2N1bHR1cmEuZ3VhbmFqdWF0by5nb2IubXgv\" target=\"_blank\" rel=\"noopener noreferrer\" data-auth=\"NotApplicable\" data-linkindex=\"2\">cultura.guanajuato.gob.mx<\/a>)<\/p>\n<p>\u200b<strong>NUMERALIA<\/strong><\/p>\n<p><strong>GUANAJUATO EN FIL MINER\u00cdA<\/strong><\/p>\n<p>\u200b<strong>150<\/strong>\u00a0autores y presentadores<\/p>\n<p><strong>70\u00a0<\/strong>libros y colecciones<\/p>\n<p><strong>60<\/strong>\u00a0presentaciones editoriales<\/p>\n<p><strong>6<\/strong>\u00a0mesas y conferencias<\/p>\n<p><strong>4<\/strong>\u00a0conciertos<\/p>\n<p>\u200b<strong>Sellos en programa editorial<\/strong><\/p>\n<p>Instituto Estatal de la Cultura \/ Ediciones La Rana<\/p>\n<p>Secretar\u00eda de Turismo<\/p>\n<p>Secretar\u00eda de Medio Ambiente y Ordenamiento Territorial<\/p>\n<p>Secretar\u00eda del Migrante e Enlace Internacional<\/p>\n<p>Secretar\u00eda de Educaci\u00f3n<\/p>\n<p>Museo Iconogr\u00e1fico de Quijote<\/p>\n<p>Museo de Arte e Historia de Guanajuato<\/p>\n<p>Forum Cultural Guanajuato<\/p>\n<p>Instituto Allende<\/p>\n<p>Instituto Cultural de Le\u00f3n<\/p>\n<p>Universidad de Guanajuato<\/p>\n<p>Universidad La Salle Baj\u00edo<\/p>\n<p>Universidad Iberoamericana Le\u00f3n<\/p>\n<p>Joaqu\u00edn Chi<\/p>\n<p>Instituto de Estudios Hist\u00f3ricos de las Revoluciones de M\u00e9xico (INEHRM)<\/p>\n<p>Grupo Editorial Letras Negras<\/p>\n<p>La Huerta<\/p>\n<p>La Cabra Ediciones<\/p>\n<p>Tlacuilo Ediciones<\/p>\n<p>\u200b<strong>Fondo Editorial Guanajuato<\/strong><\/p>\n<p>E1 Ediciones<\/p>\n<p>Los P\u00e1jaros<\/p>\n<p>Ediciones Guananao<\/p>\n<p>Argonauta<\/p>\n<p>Ediciones Orval<\/p>\n<p>Un Chorro de Literatura<\/p>\n<p>Los Otros Libros<\/p>\n<p>Balam<\/p>\n<p>Ediciones Cinosargo<\/p>\n<p>El Principio del Caos<\/p>\n<p>Alita de Mosca<\/p>\n<p>El Canto del Ahuehuete<\/p>\n<p>Sindicato Sentimental<\/p>\n<div dir=\"auto\"><a class=\"x1i10hfl xjbqb8w x6umtig x1b1mbwd xaqea5y xav7gou x9f619 x1ypdohk xt0psk2 xe8uvvx xdj266r x11i5rnm xat24cr x1mh8g0r xexx8yu x4uap5 x18d9i69 xkhd6sd x16tdsg8 x1hl2dhg xggy1nq x1a2a7pz xt0b8zv x1qq9wsj xo1l8bm\" tabindex=\"0\" role=\"link\" href=\"https:\/\/www.facebook.com\/hashtag\/secretariadeculturadeguanajuato?__eep__=6&amp;__cft__[0]=AZUNE14tVTNTvgCOcTb-vZByR2GKziacbWt9h4p79vvGQOHWr_wneSjIH-ZnMiIUk9bDtBWnKyfY1Di8841A5vQon8Ox4NBIvg3HWlAQh-220TvKr8knY4d0QGdzSkiPWn0&amp;__tn__=*NK-R\">#secretariadeculturadeguanajuato<\/a><\/div>\n<div dir=\"auto\"><a class=\"x1i10hfl xjbqb8w x6umtig x1b1mbwd xaqea5y xav7gou x9f619 x1ypdohk xt0psk2 xe8uvvx xdj266r x11i5rnm xat24cr x1mh8g0r xexx8yu x4uap5 x18d9i69 xkhd6sd x16tdsg8 x1hl2dhg xggy1nq x1a2a7pz xt0b8zv x1qq9wsj xo1l8bm\" tabindex=\"0\" role=\"link\" href=\"https:\/\/www.facebook.com\/hashtag\/culturaguanajuato?__eep__=6&amp;__cft__[0]=AZUNE14tVTNTvgCOcTb-vZByR2GKziacbWt9h4p79vvGQOHWr_wneSjIH-ZnMiIUk9bDtBWnKyfY1Di8841A5vQon8Ox4NBIvg3HWlAQh-220TvKr8knY4d0QGdzSkiPWn0&amp;__tn__=*NK-R\">#culturaguanajuato<\/a><\/div>\n<div dir=\"auto\"><a class=\"x1i10hfl xjbqb8w x6umtig x1b1mbwd xaqea5y xav7gou x9f619 x1ypdohk xt0psk2 xe8uvvx xdj266r x11i5rnm xat24cr x1mh8g0r xexx8yu x4uap5 x18d9i69 xkhd6sd x16tdsg8 x1hl2dhg xggy1nq x1a2a7pz xt0b8zv x1qq9wsj xo1l8bm\" tabindex=\"0\" role=\"link\" href=\"https:\/\/www.facebook.com\/hashtag\/filpm?__eep__=6&amp;__cft__[0]=AZUNE14tVTNTvgCOcTb-vZByR2GKziacbWt9h4p79vvGQOHWr_wneSjIH-ZnMiIUk9bDtBWnKyfY1Di8841A5vQon8Ox4NBIvg3HWlAQh-220TvKr8knY4d0QGdzSkiPWn0&amp;__tn__=*NK-R\">#FILPM<\/a><\/div>\n<div dir=\"auto\"><a class=\"x1i10hfl xjbqb8w x6umtig x1b1mbwd xaqea5y xav7gou x9f619 x1ypdohk xt0psk2 xe8uvvx xdj266r x11i5rnm xat24cr x1mh8g0r xexx8yu x4uap5 x18d9i69 xkhd6sd x16tdsg8 x1hl2dhg xggy1nq x1a2a7pz xt0b8zv x1qq9wsj xo1l8bm\" tabindex=\"0\" role=\"link\" href=\"https:\/\/www.facebook.com\/hashtag\/bitacoracdmx?__eep__=6&amp;__cft__[0]=AZUNE14tVTNTvgCOcTb-vZByR2GKziacbWt9h4p79vvGQOHWr_wneSjIH-ZnMiIUk9bDtBWnKyfY1Di8841A5vQon8Ox4NBIvg3HWlAQh-220TvKr8knY4d0QGdzSkiPWn0&amp;__tn__=*NK-R\">#bitacoracdmx<\/a><\/div>\n<div dir=\"auto\"><a class=\"x1i10hfl xjbqb8w x6umtig x1b1mbwd xaqea5y xav7gou x9f619 x1ypdohk xt0psk2 xe8uvvx xdj266r x11i5rnm xat24cr x1mh8g0r xexx8yu x4uap5 x18d9i69 xkhd6sd x16tdsg8 x1hl2dhg xggy1nq x1a2a7pz xt0b8zv x1qq9wsj xo1l8bm\" tabindex=\"0\" role=\"link\" href=\"https:\/\/www.facebook.com\/hashtag\/feriadellibrodelpalaciodemineria?__eep__=6&amp;__cft__[0]=AZUNE14tVTNTvgCOcTb-vZByR2GKziacbWt9h4p79vvGQOHWr_wneSjIH-ZnMiIUk9bDtBWnKyfY1Di8841A5vQon8Ox4NBIvg3HWlAQh-220TvKr8knY4d0QGdzSkiPWn0&amp;__tn__=*NK-R\">#feriadellibrodelpalaciodemineria<\/a><\/div>\n<p>[\/fusion_text][fusion_imageframe image_id=&#8221;49426|medium&#8221; max_width=&#8221;&#8221; style_type=&#8221;&#8221; blur=&#8221;&#8221; stylecolor=&#8221;&#8221; hover_type=&#8221;none&#8221; bordersize=&#8221;&#8221; bordercolor=&#8221;&#8221; borderradius=&#8221;&#8221; align=&#8221;none&#8221; lightbox=&#8221;no&#8221; gallery_id=&#8221;&#8221; lightbox_image=&#8221;&#8221; lightbox_image_id=&#8221;&#8221; alt=&#8221;&#8221; link=&#8221;&#8221; linktarget=&#8221;_self&#8221; hide_on_mobile=&#8221;small-visibility,medium-visibility,large-visibility&#8221; class=&#8221;&#8221; id=&#8221;&#8221; animation_type=&#8221;&#8221; animation_direction=&#8221;left&#8221; animation_speed=&#8221;0.3&#8243; animation_offset=&#8221;&#8221;]https:\/\/www.bitacoracdmx.com\/wp-content\/uploads\/2023\/02\/331542820_900899254589158_252877601318139423_n-240&#215;300.jpg[\/fusion_imageframe][\/fusion_builder_column][\/fusion_builder_row][\/fusion_builder_container]<\/p>\n","protected":false},"excerpt":{"rendered":"<p>[fusion_builder_container hundred_percent=&#8221;no&#8221; equal_height_columns=&#8221;no&#8221; menu_anchor=&#8221;&#8221; hide_on_mobile=&#8221;small-visibility,medium-visibility,large-visibility&#8221; class=&#8221;&#8221; id=&#8221;&#8221; background_color=&#8221;&#8221; background_image=&#8221;&#8221; background_position=&#8221;center center&#8221; background_repeat=&#8221;no-repeat&#8221; fade=&#8221;no&#8221; background_parallax=&#8221;none&#8221; parallax_speed=&#8221;0.3&#8243; video_mp4=&#8221;&#8221; video_webm=&#8221;&#8221; video_ogv=&#8221;&#8221; video_url=&#8221;&#8221; video_aspect_ratio=&#8221;16:9&#8243; video_loop=&#8221;yes&#8221; video_mute=&#8221;yes&#8221; overlay_color=&#8221;&#8221; video_preview_image=&#8221;&#8221; border_size=&#8221;&#8221; border_color=&#8221;&#8221; border_style=&#8221;solid&#8221; padding_top=&#8221;&#8221; padding_bottom=&#8221;&#8221; padding_left=&#8221;&#8221; padding_right=&#8221;&#8221;][fusion_builder_row][fusion_builder_column type=&#8221;1_1&#8243; layout=&#8221;1_1&#8243; background_position=&#8221;left top&#8221; background_color=&#8221;&#8221; border_size=&#8221;&#8221; border_color=&#8221;&#8221; border_style=&#8221;solid&#8221; border_position=&#8221;all&#8221; spacing=&#8221;yes&#8221; background_image=&#8221;&#8221; background_repeat=&#8221;no-repeat&#8221; padding_top=&#8221;&#8221; padding_right=&#8221;&#8221; padding_bottom=&#8221;&#8221; padding_left=&#8221;&#8221; margin_top=&#8221;0px&#8221; margin_bottom=&#8221;0px&#8221; class=&#8221;&#8221; id=&#8221;&#8221; animation_type=&#8221;&#8221; animation_speed=&#8221;0.3&#8243; animation_direction=&#8221;left&#8221; hide_on_mobile=&#8221;small-visibility,medium-visibility,large-visibility&#8221; center_content=&#8221;no&#8221; last=&#8221;no&#8221; min_height=&#8221;&#8221; hover_type=&#8221;none&#8221; link=&#8221;&#8221;][fusion_text] REDACCI\u00d3N *\u00a0La entidad acompa\u00f1ar\u00e1 el regreso a la presencialidad de la prestigiada feria capitalina con 70 actividades. * Durante los 12 d\u00edas de feria, Guanajuato compartir\u00e1 m\u00e1s de 70 t\u00edtulos y colecciones, con la participaci\u00f3n de 150 autores y presentadores. [&hellip;]<\/p>\n","protected":false},"author":1,"featured_media":49426,"comment_status":"open","ping_status":"open","sticky":false,"template":"","format":"standard","meta":{"footnotes":""},"categories":[9,10],"tags":[],"_links":{"self":[{"href":"https:\/\/www.bitacoracdmx.com\/index.php?rest_route=\/wp\/v2\/posts\/49425"}],"collection":[{"href":"https:\/\/www.bitacoracdmx.com\/index.php?rest_route=\/wp\/v2\/posts"}],"about":[{"href":"https:\/\/www.bitacoracdmx.com\/index.php?rest_route=\/wp\/v2\/types\/post"}],"author":[{"embeddable":true,"href":"https:\/\/www.bitacoracdmx.com\/index.php?rest_route=\/wp\/v2\/users\/1"}],"replies":[{"embeddable":true,"href":"https:\/\/www.bitacoracdmx.com\/index.php?rest_route=%2Fwp%2Fv2%2Fcomments&post=49425"}],"version-history":[{"count":1,"href":"https:\/\/www.bitacoracdmx.com\/index.php?rest_route=\/wp\/v2\/posts\/49425\/revisions"}],"predecessor-version":[{"id":49427,"href":"https:\/\/www.bitacoracdmx.com\/index.php?rest_route=\/wp\/v2\/posts\/49425\/revisions\/49427"}],"wp:featuredmedia":[{"embeddable":true,"href":"https:\/\/www.bitacoracdmx.com\/index.php?rest_route=\/wp\/v2\/media\/49426"}],"wp:attachment":[{"href":"https:\/\/www.bitacoracdmx.com\/index.php?rest_route=%2Fwp%2Fv2%2Fmedia&parent=49425"}],"wp:term":[{"taxonomy":"category","embeddable":true,"href":"https:\/\/www.bitacoracdmx.com\/index.php?rest_route=%2Fwp%2Fv2%2Fcategories&post=49425"},{"taxonomy":"post_tag","embeddable":true,"href":"https:\/\/www.bitacoracdmx.com\/index.php?rest_route=%2Fwp%2Fv2%2Ftags&post=49425"}],"curies":[{"name":"wp","href":"https:\/\/api.w.org\/{rel}","templated":true}]}}