{"id":49428,"date":"2023-02-15T06:03:11","date_gmt":"2023-02-15T06:03:11","guid":{"rendered":"https:\/\/www.bitacoracdmx.com\/?p=49428"},"modified":"2023-02-15T06:03:11","modified_gmt":"2023-02-15T06:03:11","slug":"conmemora-gobierno-capitalino-192-aniversario-luctuoso-de-vicente-guerrero","status":"publish","type":"post","link":"https:\/\/www.bitacoracdmx.com\/?p=49428","title":{"rendered":"Conmemora Gobierno Capitalino 192 ANIVERSARIO LUCTUOSO de VICENTE GUERRERO"},"content":{"rendered":"<p>[fusion_builder_container hundred_percent=&#8221;no&#8221; equal_height_columns=&#8221;no&#8221; menu_anchor=&#8221;&#8221; hide_on_mobile=&#8221;small-visibility,medium-visibility,large-visibility&#8221; class=&#8221;&#8221; id=&#8221;&#8221; background_color=&#8221;&#8221; background_image=&#8221;&#8221; background_position=&#8221;center center&#8221; background_repeat=&#8221;no-repeat&#8221; fade=&#8221;no&#8221; background_parallax=&#8221;none&#8221; parallax_speed=&#8221;0.3&#8243; video_mp4=&#8221;&#8221; video_webm=&#8221;&#8221; video_ogv=&#8221;&#8221; video_url=&#8221;&#8221; video_aspect_ratio=&#8221;16:9&#8243; video_loop=&#8221;yes&#8221; video_mute=&#8221;yes&#8221; overlay_color=&#8221;&#8221; video_preview_image=&#8221;&#8221; border_size=&#8221;&#8221; border_color=&#8221;&#8221; border_style=&#8221;solid&#8221; padding_top=&#8221;&#8221; padding_bottom=&#8221;&#8221; padding_left=&#8221;&#8221; padding_right=&#8221;&#8221;][fusion_builder_row][fusion_builder_column type=&#8221;1_1&#8243; layout=&#8221;1_1&#8243; background_position=&#8221;left top&#8221; background_color=&#8221;&#8221; border_size=&#8221;&#8221; border_color=&#8221;&#8221; border_style=&#8221;solid&#8221; border_position=&#8221;all&#8221; spacing=&#8221;yes&#8221; background_image=&#8221;&#8221; background_repeat=&#8221;no-repeat&#8221; padding_top=&#8221;&#8221; padding_right=&#8221;&#8221; padding_bottom=&#8221;&#8221; padding_left=&#8221;&#8221; margin_top=&#8221;0px&#8221; margin_bottom=&#8221;0px&#8221; class=&#8221;&#8221; id=&#8221;&#8221; animation_type=&#8221;&#8221; animation_speed=&#8221;0.3&#8243; animation_direction=&#8221;left&#8221; hide_on_mobile=&#8221;small-visibility,medium-visibility,large-visibility&#8221; center_content=&#8221;no&#8221; last=&#8221;no&#8221; min_height=&#8221;&#8221; hover_type=&#8221;none&#8221; link=&#8221;&#8221;][fusion_text]<\/p>\n<p>REDACCI\u00d3N<\/p>\n<p>El\u00a0<strong>Gobierno de la Ciudad de M\u00e9xico, a trav\u00e9s de la Secretar\u00eda de Cultura capitalina<\/strong>, conmemor\u00f3 este martes 14 de febrero el\u00a0<strong>192 aniversario luctuoso del General Vicente Guerrero<\/strong>\u00a0en el monumento erigido en su honor en\u00a0<strong>el Jard\u00edn San Fernando del Centro Hist\u00f3rico<\/strong>, evento en el que participaron autoridades de la capital, de Guerrero y de Oaxaca.<br aria-hidden=\"true\" \/>\u00a0<br aria-hidden=\"true\" \/>En representaci\u00f3n de la titular de la dependencia Claudia Curiel de Icaza, la encargada de la Direcci\u00f3n de Control Institucional de la Secretar\u00eda de Cultura de la Ciudad de M\u00e9xico,\u00a0<strong>Liliana Salda\u00f1a Lobera<\/strong>, encabez\u00f3 la ceremonia en la que se realizaron\u00a0<strong>Honores a la Bandera, el dep\u00f3sito de una ofrenda floral y la guardia de honor\u00a0<\/strong>con la que se reconoci\u00f3 el legado del caudillo insurgente y ex presidente de M\u00e9xico de origen afromexicano.<br aria-hidden=\"true\" \/>\u00a0<br aria-hidden=\"true\" \/>En la ceremonia tambi\u00e9n participaron Edgar Javier Rivas, representante del Gobierno de Guerrero encabezado por Evelyn Salgado Pineda, y Felipe \u00c1vila Espinosa, Director General del Instituto Nacional de Estudios Hist\u00f3ricos de las Revoluciones de M\u00e9xico.<br aria-hidden=\"true\" \/>\u00a0<br aria-hidden=\"true\" \/>Entre los pasajes de la vida del ex Presidente que fueron recordados por los miembros del pres\u00eddium, se habl\u00f3 sobre su relaci\u00f3n con Agust\u00edn de Iturbide y el famoso Abrazo de Acatempan en 1821, la promulgaci\u00f3n del Plan de Iguala y su breve presidencia entre abril y diciembre de 1829.<br aria-hidden=\"true\" \/>\u00a0<br aria-hidden=\"true\" \/>Tras el dep\u00f3sito de la ofrenda floral y la Guardia de Honor realizada por los miembros de pres\u00eddium, la ceremonia finaliz\u00f3 con la entonaci\u00f3n del Himno Nacional por parte de la Banda de Guerra de la Polic\u00eda Bancaria Industrial de la Secretar\u00eda de Seguridad Ciudadana de la Ciudad de M\u00e9xico y el Coro del Gobierno capitalino.<br aria-hidden=\"true\" \/>\u00a0<br aria-hidden=\"true\" \/>Para saber todas las actividades de la Secretar\u00eda de Cultura capitalina se puede consultar la Cartelera de la Ciudad de M\u00e9xico\u00a0 (<a href=\"https:\/\/gob.us21.list-manage.com\/track\/click?u=24ab1d8cf82850533a5af327c&amp;id=241f5efe7f&amp;e=4fe2704bc3\" target=\"_blank\" rel=\"noopener noreferrer\" data-auth=\"NotApplicable\" data-linkindex=\"0\">https:\/\/cartelera.cdmx.gob.mx\/<\/a>) \u00a0y las redes sociales de la Secretar\u00eda de Cultura:\u00a0Facebook, Twitter, Instagram y YouTube.<\/p>\n<div dir=\"auto\"><a class=\"x1i10hfl xjbqb8w x6umtig x1b1mbwd xaqea5y xav7gou x9f619 x1ypdohk xt0psk2 xe8uvvx xdj266r x11i5rnm xat24cr x1mh8g0r xexx8yu x4uap5 x18d9i69 xkhd6sd x16tdsg8 x1hl2dhg xggy1nq x1a2a7pz xt0b8zv x1qq9wsj xo1l8bm\" tabindex=\"0\" role=\"link\" href=\"https:\/\/www.facebook.com\/hashtag\/aniversarioluctuosodevicenteguerrero?__eep__=6&amp;__cft__[0]=AZVOHovQtDfOuHsXksMi76m0wNw1KdcUC5M3zb_vyGtyrQfICiBOh857e2UjqNitBdgcb2dGfhEaAZcMgUh3Wn8Iv0zKpAOUb0V0SGNdTmqhVJFF4Bh_sohy16Vce78Uv18&amp;__tn__=*NK-R\">#aniversarioluctuosodevicenteguerrero<\/a><\/div>\n<div dir=\"auto\"><a class=\"x1i10hfl xjbqb8w x6umtig x1b1mbwd xaqea5y xav7gou x9f619 x1ypdohk xt0psk2 xe8uvvx xdj266r x11i5rnm xat24cr x1mh8g0r xexx8yu x4uap5 x18d9i69 xkhd6sd x16tdsg8 x1hl2dhg xggy1nq x1a2a7pz xt0b8zv x1qq9wsj xo1l8bm\" tabindex=\"0\" role=\"link\" href=\"https:\/\/www.facebook.com\/hashtag\/gobiernodelaciudaddem%C3%A9xico?__eep__=6&amp;__cft__[0]=AZVOHovQtDfOuHsXksMi76m0wNw1KdcUC5M3zb_vyGtyrQfICiBOh857e2UjqNitBdgcb2dGfhEaAZcMgUh3Wn8Iv0zKpAOUb0V0SGNdTmqhVJFF4Bh_sohy16Vce78Uv18&amp;__tn__=*NK-R\">#GobiernoDeLaCiudadDeM\u00e9xico<\/a><\/div>\n<div dir=\"auto\"><a class=\"x1i10hfl xjbqb8w x6umtig x1b1mbwd xaqea5y xav7gou x9f619 x1ypdohk xt0psk2 xe8uvvx xdj266r x11i5rnm xat24cr x1mh8g0r xexx8yu x4uap5 x18d9i69 xkhd6sd x16tdsg8 x1hl2dhg xggy1nq x1a2a7pz xt0b8zv x1qq9wsj xo1l8bm\" tabindex=\"0\" role=\"link\" href=\"https:\/\/www.facebook.com\/hashtag\/bitacoracdmx?__eep__=6&amp;__cft__[0]=AZVOHovQtDfOuHsXksMi76m0wNw1KdcUC5M3zb_vyGtyrQfICiBOh857e2UjqNitBdgcb2dGfhEaAZcMgUh3Wn8Iv0zKpAOUb0V0SGNdTmqhVJFF4Bh_sohy16Vce78Uv18&amp;__tn__=*NK-R\">#bitacoracdmx<\/a><\/div>\n<p>[\/fusion_text][fusion_imageframe image_id=&#8221;49429|medium&#8221; max_width=&#8221;&#8221; style_type=&#8221;&#8221; blur=&#8221;&#8221; stylecolor=&#8221;&#8221; hover_type=&#8221;none&#8221; bordersize=&#8221;&#8221; bordercolor=&#8221;&#8221; borderradius=&#8221;&#8221; align=&#8221;none&#8221; lightbox=&#8221;no&#8221; gallery_id=&#8221;&#8221; lightbox_image=&#8221;&#8221; lightbox_image_id=&#8221;&#8221; alt=&#8221;&#8221; link=&#8221;&#8221; linktarget=&#8221;_self&#8221; hide_on_mobile=&#8221;small-visibility,medium-visibility,large-visibility&#8221; class=&#8221;&#8221; id=&#8221;&#8221; animation_type=&#8221;&#8221; animation_direction=&#8221;left&#8221; animation_speed=&#8221;0.3&#8243; animation_offset=&#8221;&#8221;]https:\/\/www.bitacoracdmx.com\/wp-content\/uploads\/2023\/02\/e58f2586-0ae5-59d6-5649-98056ed211d1-300&#215;200.jpg[\/fusion_imageframe][\/fusion_builder_column][\/fusion_builder_row][\/fusion_builder_container]<\/p>\n","protected":false},"excerpt":{"rendered":"<p>[fusion_builder_container hundred_percent=&#8221;no&#8221; equal_height_columns=&#8221;no&#8221; menu_anchor=&#8221;&#8221; hide_on_mobile=&#8221;small-visibility,medium-visibility,large-visibility&#8221; class=&#8221;&#8221; id=&#8221;&#8221; background_color=&#8221;&#8221; background_image=&#8221;&#8221; background_position=&#8221;center center&#8221; background_repeat=&#8221;no-repeat&#8221; fade=&#8221;no&#8221; background_parallax=&#8221;none&#8221; parallax_speed=&#8221;0.3&#8243; video_mp4=&#8221;&#8221; video_webm=&#8221;&#8221; video_ogv=&#8221;&#8221; video_url=&#8221;&#8221; video_aspect_ratio=&#8221;16:9&#8243; video_loop=&#8221;yes&#8221; video_mute=&#8221;yes&#8221; overlay_color=&#8221;&#8221; video_preview_image=&#8221;&#8221; border_size=&#8221;&#8221; border_color=&#8221;&#8221; border_style=&#8221;solid&#8221; padding_top=&#8221;&#8221; padding_bottom=&#8221;&#8221; padding_left=&#8221;&#8221; padding_right=&#8221;&#8221;][fusion_builder_row][fusion_builder_column type=&#8221;1_1&#8243; layout=&#8221;1_1&#8243; background_position=&#8221;left top&#8221; background_color=&#8221;&#8221; border_size=&#8221;&#8221; border_color=&#8221;&#8221; border_style=&#8221;solid&#8221; border_position=&#8221;all&#8221; spacing=&#8221;yes&#8221; background_image=&#8221;&#8221; background_repeat=&#8221;no-repeat&#8221; padding_top=&#8221;&#8221; padding_right=&#8221;&#8221; padding_bottom=&#8221;&#8221; padding_left=&#8221;&#8221; margin_top=&#8221;0px&#8221; margin_bottom=&#8221;0px&#8221; class=&#8221;&#8221; id=&#8221;&#8221; animation_type=&#8221;&#8221; animation_speed=&#8221;0.3&#8243; animation_direction=&#8221;left&#8221; hide_on_mobile=&#8221;small-visibility,medium-visibility,large-visibility&#8221; center_content=&#8221;no&#8221; last=&#8221;no&#8221; min_height=&#8221;&#8221; hover_type=&#8221;none&#8221; link=&#8221;&#8221;][fusion_text] REDACCI\u00d3N El\u00a0Gobierno de la Ciudad de M\u00e9xico, a trav\u00e9s de la Secretar\u00eda de Cultura capitalina, conmemor\u00f3 este martes 14 de febrero el\u00a0192 aniversario luctuoso del General Vicente Guerrero\u00a0en el monumento erigido en su honor en\u00a0el Jard\u00edn San Fernando del Centro [&hellip;]<\/p>\n","protected":false},"author":1,"featured_media":49429,"comment_status":"open","ping_status":"open","sticky":false,"template":"","format":"standard","meta":{"footnotes":""},"categories":[4,9],"tags":[],"_links":{"self":[{"href":"https:\/\/www.bitacoracdmx.com\/index.php?rest_route=\/wp\/v2\/posts\/49428"}],"collection":[{"href":"https:\/\/www.bitacoracdmx.com\/index.php?rest_route=\/wp\/v2\/posts"}],"about":[{"href":"https:\/\/www.bitacoracdmx.com\/index.php?rest_route=\/wp\/v2\/types\/post"}],"author":[{"embeddable":true,"href":"https:\/\/www.bitacoracdmx.com\/index.php?rest_route=\/wp\/v2\/users\/1"}],"replies":[{"embeddable":true,"href":"https:\/\/www.bitacoracdmx.com\/index.php?rest_route=%2Fwp%2Fv2%2Fcomments&post=49428"}],"version-history":[{"count":1,"href":"https:\/\/www.bitacoracdmx.com\/index.php?rest_route=\/wp\/v2\/posts\/49428\/revisions"}],"predecessor-version":[{"id":49430,"href":"https:\/\/www.bitacoracdmx.com\/index.php?rest_route=\/wp\/v2\/posts\/49428\/revisions\/49430"}],"wp:featuredmedia":[{"embeddable":true,"href":"https:\/\/www.bitacoracdmx.com\/index.php?rest_route=\/wp\/v2\/media\/49429"}],"wp:attachment":[{"href":"https:\/\/www.bitacoracdmx.com\/index.php?rest_route=%2Fwp%2Fv2%2Fmedia&parent=49428"}],"wp:term":[{"taxonomy":"category","embeddable":true,"href":"https:\/\/www.bitacoracdmx.com\/index.php?rest_route=%2Fwp%2Fv2%2Fcategories&post=49428"},{"taxonomy":"post_tag","embeddable":true,"href":"https:\/\/www.bitacoracdmx.com\/index.php?rest_route=%2Fwp%2Fv2%2Ftags&post=49428"}],"curies":[{"name":"wp","href":"https:\/\/api.w.org\/{rel}","templated":true}]}}