{"id":49434,"date":"2023-02-15T06:24:20","date_gmt":"2023-02-15T06:24:20","guid":{"rendered":"https:\/\/www.bitacoracdmx.com\/?p=49434"},"modified":"2023-02-15T06:24:20","modified_gmt":"2023-02-15T06:24:20","slug":"celebran-el-dia-del-amor-y-la-amistad-con-arte-urbano-en-el-zocalo-capitalino","status":"publish","type":"post","link":"https:\/\/www.bitacoracdmx.com\/?p=49434","title":{"rendered":"Celebran EL D\u00cdA DEL AMOR Y LA AMISTAD con ARTE URBANO en el Z\u00d3CALO CAPITALINO"},"content":{"rendered":"<p>[fusion_builder_container hundred_percent=&#8221;no&#8221; equal_height_columns=&#8221;no&#8221; menu_anchor=&#8221;&#8221; hide_on_mobile=&#8221;small-visibility,medium-visibility,large-visibility&#8221; class=&#8221;&#8221; id=&#8221;&#8221; background_color=&#8221;&#8221; background_image=&#8221;&#8221; background_position=&#8221;center center&#8221; background_repeat=&#8221;no-repeat&#8221; fade=&#8221;no&#8221; background_parallax=&#8221;none&#8221; parallax_speed=&#8221;0.3&#8243; video_mp4=&#8221;&#8221; video_webm=&#8221;&#8221; video_ogv=&#8221;&#8221; video_url=&#8221;&#8221; video_aspect_ratio=&#8221;16:9&#8243; video_loop=&#8221;yes&#8221; video_mute=&#8221;yes&#8221; overlay_color=&#8221;&#8221; video_preview_image=&#8221;&#8221; border_size=&#8221;&#8221; border_color=&#8221;&#8221; border_style=&#8221;solid&#8221; padding_top=&#8221;&#8221; padding_bottom=&#8221;&#8221; padding_left=&#8221;&#8221; padding_right=&#8221;&#8221;][fusion_builder_row][fusion_builder_column type=&#8221;1_1&#8243; layout=&#8221;1_1&#8243; background_position=&#8221;left top&#8221; background_color=&#8221;&#8221; border_size=&#8221;&#8221; border_color=&#8221;&#8221; border_style=&#8221;solid&#8221; border_position=&#8221;all&#8221; spacing=&#8221;yes&#8221; background_image=&#8221;&#8221; background_repeat=&#8221;no-repeat&#8221; padding_top=&#8221;&#8221; padding_right=&#8221;&#8221; padding_bottom=&#8221;&#8221; padding_left=&#8221;&#8221; margin_top=&#8221;0px&#8221; margin_bottom=&#8221;0px&#8221; class=&#8221;&#8221; id=&#8221;&#8221; animation_type=&#8221;&#8221; animation_speed=&#8221;0.3&#8243; animation_direction=&#8221;left&#8221; hide_on_mobile=&#8221;small-visibility,medium-visibility,large-visibility&#8221; center_content=&#8221;no&#8221; last=&#8221;no&#8221; min_height=&#8221;&#8221; hover_type=&#8221;none&#8221; link=&#8221;&#8221;][fusion_text]<\/p>\n<p>REDACCI\u00d3N<\/p>\n<ul dir=\"ltr\">\n<li dir=\"ltr\" aria-level=\"1\">\n<p dir=\"ltr\" role=\"presentation\">La m\u00e1xima plaza p\u00fablica de la capital y del pa\u00eds se viste de cuatro corazones elaborados con la t\u00e9cnica de dibujo en 3D, para celebrar las diversas formas de amor<\/p>\n<\/li>\n<li dir=\"ltr\" aria-level=\"1\">\n<p dir=\"ltr\" role=\"presentation\">La intervenci\u00f3n a cargo de 11 artistas nacionales ampl\u00eda su permanencia en el Z\u00f3calo hasta el domingo 19 de febrero; con ella concluye la jornada cultural \u201cFebrero Graffitero\u201d<\/p>\n<\/li>\n<li dir=\"ltr\" aria-level=\"1\">\n<p dir=\"ltr\" role=\"presentation\">Este 14 de febrero se realiza la final del Concurso de Karaoke en el Z\u00f3calo<\/p>\n<\/li>\n<\/ul>\n<p dir=\"ltr\">Con la intervenci\u00f3n urbana\u00a0<strong>\u201cSomos Amor y Paz\u201d<\/strong>\u00a0en el\u00a0<strong>Z\u00f3calo capitalino<\/strong>, que difunde un mensaje en favor del amor propio, el amor a la identidad, a la naturaleza y el respeto para todas las formas de amar, el\u00a0<strong>Gobierno de la Ciudad de M\u00e9xico<\/strong>, a trav\u00e9s de la\u00a0<strong>Secretar\u00eda de Cultura local<\/strong>\u00a0y en colaboraci\u00f3n con 11 artistas nacionales, celebra este\u00a0<strong>14 de febrero el D\u00eda del Amor y la Amistad<\/strong>. La exhibici\u00f3n permanecer\u00e1 hasta el\u00a0<strong>domingo 19 de febrero, a las 21:00 horas<\/strong>.<\/p>\n<p dir=\"ltr\">\u201cLo importante es ver c\u00f3mo el piso se convierte en una obra de arte; sacar la galer\u00eda al p\u00fablico, hacer arte compartido para el pueblo, para la gente y sacarla de su paso cotidiano y ajetreado por la ciudad\u201d, comparti\u00f3 en entrevista Mar\u00eda Dolores G\u00f3mez Navarro \u201cYuda\u201d (@yuda_gn), quien con Miguel \u00c1ngel Mireles (@mireles432) dibuj\u00f3 en tonos verdes un coraz\u00f3n en forma de nopal que alude al amor a nuestras ra\u00edces culturales, junto con una mazorca de ma\u00edz que retrata los alimentos sagrados de las culturas prehisp\u00e1nicas.<\/p>\n<p dir=\"ltr\">P\u00fablico de todas las edades puede acercarse a este tipo de arte urbano, mejor conocido como dibujo en 3D, anam\u00f3rfico o muralismo en piso, cuyo auge en Estados Unidos, Alemania, Francia, Holanda y B\u00e9lgica, ahora llega al suelo hist\u00f3rico de la Plaza de la Constituci\u00f3n mediante cuatro corazones que plasman las diversas formas de amar, con una variante del arte madonnari.<\/p>\n<p dir=\"ltr\">\u201cOriginariamente, la t\u00e9cnica madonnari, que viene de Italia, es con gises, pero debido a los vientos el polvo se levantar\u00eda, por lo que aplicamos en este caso una variante con pintura t\u00e9mpera lavable\u201d, explic\u00f3 el artista capitalino Ivann Garc (@ivanngarc.art), reconocido mundialmente por su arte 3D y t\u00e9cnica realista, que plasm\u00f3 en tonos marrones un \u00e1rbol-coraz\u00f3n que hace referencia a resurgir como reto\u00f1o ante cualquier adversidad y el respeto a todas las formas de amor.<\/p>\n<p dir=\"ltr\">De color rosa, el p\u00fablico puede ver la propuesta de Adry del Roc\u00edo (@adrydelrocio), con m\u00e1s de 92 exhibiciones colectivas y 54 individuales en M\u00e9xico y el extranjero, quien a trav\u00e9s de este dibujo de 24 por 10 metros evoca las ra\u00edces prehisp\u00e1nicas para mostrar el amor propio a trav\u00e9s del personaje de la diosa azteca del amor \u201cXochiquetzal\u201d, entre otros elementos mexicanos como la mariposa monarca que plasm\u00f3 junto con los artistas Carlos Alberto (@carlosalberto_art) y Rub\u00e9n Arriaga (@r.hausser).<\/p>\n<p dir=\"ltr\">\u201cMi propuesta va m\u00e1s all\u00e1 del amor de pareja que se celebra sobre todo en esta fecha. Qu\u00e9 bueno que convocaron al arte urbano, donde tambi\u00e9n las mujeres somos importantes exponentes. Lo que quiero transmitir es este mensaje de amor propio, de quererse a uno mismo primero y respetarse, porque siendo mejores personas seremos mejores ciudadanos, dentro de nuestra comunidad y familia\u201d, comparti\u00f3 la artista de Guadalajara.<\/p>\n<p dir=\"ltr\">En tonos azules, los visitantes pudieron conocer el trabajo de\u00a0 Roberto Carlos Trevi\u00f1o Rodr\u00edguez (@robert_kunst), originario de Nuevo Le\u00f3n, quien de la mano de Abraham Burciaga (@abrahamburciagam) y Xavier Arredondo (@Xarvis_Arredondo) retrataron un coraz\u00f3n que emerge del lago de Texcoco, para resaltar el cuidado del agua y la naturaleza.<\/p>\n<p dir=\"ltr\">&#8220;Es un muy buen piso, estoy muy honrado de pintar aqu\u00ed ya que es la plaza m\u00e1s famosa de todo M\u00e9xico; tenemos el Palacio de Gobierno y la Catedral Metropolitana, es un paisaje muy motivador. El principal reto fue la dimensi\u00f3n, ya que es muy grande la proporci\u00f3n y ten\u00edamos que checar constantemente que no se distorsionara\u201d, explic\u00f3 Trevi\u00f1o Rodr\u00edguez, quien ha compartido su trabajo en m\u00e1s de diez pa\u00edses.<\/p>\n<p dir=\"ltr\">Gracias a la anamorfosis, que consiste en distorsionar una imagen para que se vea desde un punto exacto como tercera dimensi\u00f3n, los habitantes y visitantes de la capital tienen la posibilidad de colocarse en el punto se\u00f1alado de cada obra, desde el cual se puede ver el efecto, mediante su tel\u00e9fono celular.<\/p>\n<p dir=\"ltr\">\u201cLa verdad me sorprendi\u00f3 bastante, porque cuando caminas al costado no logras ver la belleza de su arte, hasta que te colocas en el punto y ves tu celular. Yo me emocion\u00e9, es como si fuera magia, de pronto aparece la obra de arte, adem\u00e1s es bueno que no se invite al consumo sino a una reflexi\u00f3n m\u00e1s profunda de lo que es el amor\u201d, expres\u00f3 durante su paso por el Z\u00f3calo Araceli Mart\u00ednez, habitante de la alcald\u00eda Iztapalapa.<\/p>\n<p dir=\"ltr\">Esta intervenci\u00f3n marca el cierre de la jornada art\u00edstica \u201cFebrero Graffitero\u201d, que inici\u00f3 el viernes 10 de febrero en la F\u00e1brica de Artes y Oficios Oriente (FARO) Oriente con exposiciones, galer\u00edas y documentales.<\/p>\n<p dir=\"ltr\">Adem\u00e1s, este martes el coraz\u00f3n de la Ciudad de M\u00e9xico es la sede de la gran final del Concurso de Karaoke, que el pasado viernes tuvo su fase eliminatoria en la Alameda Central, y cuyos participantes compiten a las 16:00 horas por pases dobles para el Cine Concierto musicalizado por la Orquesta Filarm\u00f3nica de la Ciudad de M\u00e9xico, el 25 de febrero en la Sala Silvestre Revueltas.<\/p>\n<p dir=\"ltr\">Para conocer todas las actividades de la Secretar\u00eda de Cultura capitalina se puede consultar la Cartelera de la Ciudad de M\u00e9xico (<a href=\"https:\/\/gob.us21.list-manage.com\/track\/click?u=24ab1d8cf82850533a5af327c&amp;id=4fa10c8c6b&amp;e=4fe2704bc3\" target=\"_blank\" rel=\"noopener noreferrer\" data-auth=\"NotApplicable\" data-linkindex=\"0\">https:\/\/cartelera.cdmx.gob.mx\/<\/a>) y las redes sociales de la Secretar\u00eda de Cultura:\u00a0Facebook, Twitter, Instagram y YouTube.<\/p>\n<div dir=\"auto\"><a class=\"x1i10hfl xjbqb8w x6umtig x1b1mbwd xaqea5y xav7gou x9f619 x1ypdohk xt0psk2 xe8uvvx xdj266r x11i5rnm xat24cr x1mh8g0r xexx8yu x4uap5 x18d9i69 xkhd6sd x16tdsg8 x1hl2dhg xggy1nq x1a2a7pz xt0b8zv x1qq9wsj xo1l8bm\" tabindex=\"0\" role=\"link\" href=\"https:\/\/www.facebook.com\/hashtag\/arteurbano?__eep__=6&amp;__cft__[0]=AZUpB3IbX3rFtJETpPFARat4-Cqtdj4RkLrwBZfGFtnW_DLkEcIci8gGO2EL6urxvA_VmqUHP7SGESSEicvCEnrx1bZq5YYwPNrzWXGQFs0c73lMSKQ5IortbM3AsKrmvNEoUgEtDBqPDQC9hC4HX_n3&amp;__tn__=*NK-R\">#arteurbano<\/a><\/div>\n<div dir=\"auto\"><a class=\"x1i10hfl xjbqb8w x6umtig x1b1mbwd xaqea5y xav7gou x9f619 x1ypdohk xt0psk2 xe8uvvx xdj266r x11i5rnm xat24cr x1mh8g0r xexx8yu x4uap5 x18d9i69 xkhd6sd x16tdsg8 x1hl2dhg xggy1nq x1a2a7pz xt0b8zv x1qq9wsj xo1l8bm\" tabindex=\"0\" role=\"link\" href=\"https:\/\/www.facebook.com\/hashtag\/secretariadeculturacdmx?__eep__=6&amp;__cft__[0]=AZUpB3IbX3rFtJETpPFARat4-Cqtdj4RkLrwBZfGFtnW_DLkEcIci8gGO2EL6urxvA_VmqUHP7SGESSEicvCEnrx1bZq5YYwPNrzWXGQFs0c73lMSKQ5IortbM3AsKrmvNEoUgEtDBqPDQC9hC4HX_n3&amp;__tn__=*NK-R\">#secretariadeculturacdmx<\/a><\/div>\n<div dir=\"auto\"><a class=\"x1i10hfl xjbqb8w x6umtig x1b1mbwd xaqea5y xav7gou x9f619 x1ypdohk xt0psk2 xe8uvvx xdj266r x11i5rnm xat24cr x1mh8g0r xexx8yu x4uap5 x18d9i69 xkhd6sd x16tdsg8 x1hl2dhg xggy1nq x1a2a7pz xt0b8zv x1qq9wsj xo1l8bm\" tabindex=\"0\" role=\"link\" href=\"https:\/\/www.facebook.com\/hashtag\/bitacoracdmx?__eep__=6&amp;__cft__[0]=AZUpB3IbX3rFtJETpPFARat4-Cqtdj4RkLrwBZfGFtnW_DLkEcIci8gGO2EL6urxvA_VmqUHP7SGESSEicvCEnrx1bZq5YYwPNrzWXGQFs0c73lMSKQ5IortbM3AsKrmvNEoUgEtDBqPDQC9hC4HX_n3&amp;__tn__=*NK-R\">#bitacoracdmx<\/a><\/div>\n<p>[\/fusion_text][fusion_imageframe image_id=&#8221;49435|medium&#8221; max_width=&#8221;&#8221; style_type=&#8221;&#8221; blur=&#8221;&#8221; stylecolor=&#8221;&#8221; hover_type=&#8221;none&#8221; bordersize=&#8221;&#8221; bordercolor=&#8221;&#8221; borderradius=&#8221;&#8221; align=&#8221;none&#8221; lightbox=&#8221;no&#8221; gallery_id=&#8221;&#8221; lightbox_image=&#8221;&#8221; lightbox_image_id=&#8221;&#8221; alt=&#8221;&#8221; link=&#8221;&#8221; linktarget=&#8221;_self&#8221; hide_on_mobile=&#8221;small-visibility,medium-visibility,large-visibility&#8221; class=&#8221;&#8221; id=&#8221;&#8221; animation_type=&#8221;&#8221; animation_direction=&#8221;left&#8221; animation_speed=&#8221;0.3&#8243; animation_offset=&#8221;&#8221;]https:\/\/www.bitacoracdmx.com\/wp-content\/uploads\/2023\/02\/15efda1b-0960-b02a-4389-d441215a516d-300&#215;200.jpeg[\/fusion_imageframe][\/fusion_builder_column][\/fusion_builder_row][\/fusion_builder_container]<\/p>\n","protected":false},"excerpt":{"rendered":"<p>[fusion_builder_container hundred_percent=&#8221;no&#8221; equal_height_columns=&#8221;no&#8221; menu_anchor=&#8221;&#8221; hide_on_mobile=&#8221;small-visibility,medium-visibility,large-visibility&#8221; class=&#8221;&#8221; id=&#8221;&#8221; background_color=&#8221;&#8221; background_image=&#8221;&#8221; background_position=&#8221;center center&#8221; background_repeat=&#8221;no-repeat&#8221; fade=&#8221;no&#8221; background_parallax=&#8221;none&#8221; parallax_speed=&#8221;0.3&#8243; video_mp4=&#8221;&#8221; video_webm=&#8221;&#8221; video_ogv=&#8221;&#8221; video_url=&#8221;&#8221; video_aspect_ratio=&#8221;16:9&#8243; video_loop=&#8221;yes&#8221; video_mute=&#8221;yes&#8221; overlay_color=&#8221;&#8221; video_preview_image=&#8221;&#8221; border_size=&#8221;&#8221; border_color=&#8221;&#8221; border_style=&#8221;solid&#8221; padding_top=&#8221;&#8221; padding_bottom=&#8221;&#8221; padding_left=&#8221;&#8221; padding_right=&#8221;&#8221;][fusion_builder_row][fusion_builder_column type=&#8221;1_1&#8243; layout=&#8221;1_1&#8243; background_position=&#8221;left top&#8221; background_color=&#8221;&#8221; border_size=&#8221;&#8221; border_color=&#8221;&#8221; border_style=&#8221;solid&#8221; border_position=&#8221;all&#8221; spacing=&#8221;yes&#8221; background_image=&#8221;&#8221; background_repeat=&#8221;no-repeat&#8221; padding_top=&#8221;&#8221; padding_right=&#8221;&#8221; padding_bottom=&#8221;&#8221; padding_left=&#8221;&#8221; margin_top=&#8221;0px&#8221; margin_bottom=&#8221;0px&#8221; class=&#8221;&#8221; id=&#8221;&#8221; animation_type=&#8221;&#8221; animation_speed=&#8221;0.3&#8243; animation_direction=&#8221;left&#8221; hide_on_mobile=&#8221;small-visibility,medium-visibility,large-visibility&#8221; center_content=&#8221;no&#8221; last=&#8221;no&#8221; min_height=&#8221;&#8221; hover_type=&#8221;none&#8221; link=&#8221;&#8221;][fusion_text] REDACCI\u00d3N La m\u00e1xima plaza p\u00fablica de la capital y del pa\u00eds se viste de cuatro corazones elaborados con la t\u00e9cnica de dibujo en 3D, para celebrar las diversas formas de amor La intervenci\u00f3n a cargo de 11 artistas nacionales ampl\u00eda [&hellip;]<\/p>\n","protected":false},"author":1,"featured_media":49435,"comment_status":"open","ping_status":"open","sticky":false,"template":"","format":"standard","meta":{"footnotes":""},"categories":[5,4,9],"tags":[],"_links":{"self":[{"href":"https:\/\/www.bitacoracdmx.com\/index.php?rest_route=\/wp\/v2\/posts\/49434"}],"collection":[{"href":"https:\/\/www.bitacoracdmx.com\/index.php?rest_route=\/wp\/v2\/posts"}],"about":[{"href":"https:\/\/www.bitacoracdmx.com\/index.php?rest_route=\/wp\/v2\/types\/post"}],"author":[{"embeddable":true,"href":"https:\/\/www.bitacoracdmx.com\/index.php?rest_route=\/wp\/v2\/users\/1"}],"replies":[{"embeddable":true,"href":"https:\/\/www.bitacoracdmx.com\/index.php?rest_route=%2Fwp%2Fv2%2Fcomments&post=49434"}],"version-history":[{"count":1,"href":"https:\/\/www.bitacoracdmx.com\/index.php?rest_route=\/wp\/v2\/posts\/49434\/revisions"}],"predecessor-version":[{"id":49436,"href":"https:\/\/www.bitacoracdmx.com\/index.php?rest_route=\/wp\/v2\/posts\/49434\/revisions\/49436"}],"wp:featuredmedia":[{"embeddable":true,"href":"https:\/\/www.bitacoracdmx.com\/index.php?rest_route=\/wp\/v2\/media\/49435"}],"wp:attachment":[{"href":"https:\/\/www.bitacoracdmx.com\/index.php?rest_route=%2Fwp%2Fv2%2Fmedia&parent=49434"}],"wp:term":[{"taxonomy":"category","embeddable":true,"href":"https:\/\/www.bitacoracdmx.com\/index.php?rest_route=%2Fwp%2Fv2%2Fcategories&post=49434"},{"taxonomy":"post_tag","embeddable":true,"href":"https:\/\/www.bitacoracdmx.com\/index.php?rest_route=%2Fwp%2Fv2%2Ftags&post=49434"}],"curies":[{"name":"wp","href":"https:\/\/api.w.org\/{rel}","templated":true}]}}