{"id":49441,"date":"2023-02-15T23:40:06","date_gmt":"2023-02-15T23:40:06","guid":{"rendered":"https:\/\/www.bitacoracdmx.com\/?p=49441"},"modified":"2023-02-15T23:40:06","modified_gmt":"2023-02-15T23:40:06","slug":"%e2%80%8bcelebran-95-anos-del-bolero-de-ravel-con-una-fantastica-velada-titulada-clasicos-espectacular","status":"publish","type":"post","link":"https:\/\/www.bitacoracdmx.com\/?p=49441","title":{"rendered":"\u200bCelebran 95 a\u00f1os del Bolero de Ravel con una fant\u00e1stica velada titulada: \u2018Cl\u00e1sicos Espectacular\u2019"},"content":{"rendered":"<p>[fusion_builder_container hundred_percent=&#8221;no&#8221; equal_height_columns=&#8221;no&#8221; menu_anchor=&#8221;&#8221; hide_on_mobile=&#8221;small-visibility,medium-visibility,large-visibility&#8221; class=&#8221;&#8221; id=&#8221;&#8221; background_color=&#8221;&#8221; background_image=&#8221;&#8221; background_position=&#8221;center center&#8221; background_repeat=&#8221;no-repeat&#8221; fade=&#8221;no&#8221; background_parallax=&#8221;none&#8221; parallax_speed=&#8221;0.3&#8243; video_mp4=&#8221;&#8221; video_webm=&#8221;&#8221; video_ogv=&#8221;&#8221; video_url=&#8221;&#8221; video_aspect_ratio=&#8221;16:9&#8243; video_loop=&#8221;yes&#8221; video_mute=&#8221;yes&#8221; overlay_color=&#8221;&#8221; video_preview_image=&#8221;&#8221; border_size=&#8221;&#8221; border_color=&#8221;&#8221; border_style=&#8221;solid&#8221; padding_top=&#8221;&#8221; padding_bottom=&#8221;&#8221; padding_left=&#8221;&#8221; padding_right=&#8221;&#8221;][fusion_builder_row][fusion_builder_column type=&#8221;1_1&#8243; layout=&#8221;1_1&#8243; background_position=&#8221;left top&#8221; background_color=&#8221;&#8221; border_size=&#8221;&#8221; border_color=&#8221;&#8221; border_style=&#8221;solid&#8221; border_position=&#8221;all&#8221; spacing=&#8221;yes&#8221; background_image=&#8221;&#8221; background_repeat=&#8221;no-repeat&#8221; padding_top=&#8221;&#8221; padding_right=&#8221;&#8221; padding_bottom=&#8221;&#8221; padding_left=&#8221;&#8221; margin_top=&#8221;0px&#8221; margin_bottom=&#8221;0px&#8221; class=&#8221;&#8221; id=&#8221;&#8221; animation_type=&#8221;&#8221; animation_speed=&#8221;0.3&#8243; animation_direction=&#8221;left&#8221; hide_on_mobile=&#8221;small-visibility,medium-visibility,large-visibility&#8221; center_content=&#8221;no&#8221; last=&#8221;no&#8221; min_height=&#8221;&#8221; hover_type=&#8221;none&#8221; link=&#8221;&#8221;][fusion_text]<\/p>\n<p>REDACCI\u00d3N<\/p>\n<p>&#8211; La Temporada 2023 de la Filarm\u00f3nica dar\u00e1 inicio los pr\u00f3ximos 17 y 18 de febrero con su primer concierto: Cl\u00e1sicos Espectacular.<\/p>\n<p>&#8211; Fabulosas obras de los compositores m\u00e1s reconocidos de la M\u00fasica Cl\u00e1sica estar\u00e1n presentes en el Concierto.<\/p>\n<p>&#8211; Disfrutaremos de extraordinarios solistas, Jonathan Cano, uno de los mejores violinistas del pa\u00eds y Argentina Dur\u00e1n, la pianista m\u00e1s famosa de TikTok.<\/p>\n<p>Cada a\u00f1o, el P\u00fablico espera con ansias el inicio de la Temporada de la Filarm\u00f3nica de las Artes, y este a\u00f1o inicia con el segundo volumen del ciclo\u00a0<strong>\u201cCl\u00e1sicos Espectacular\u201d<\/strong>, un programa extraordinario, con obras de los compositores m\u00e1s reconocidos de la M\u00fasica Cl\u00e1sica.<\/p>\n<p>Y como es costumbre, el Maestro Enrique Abraham V\u00e9lez Godoy, ser\u00e1 el encargado de dirigir este programa \u2013 Estamos emocionados de iniciar la Temporada 2023; fue un a\u00f1o muy intenso (2022), festejamos en grande los XV a\u00f1os. El reto de ahora es presentar producciones cada vez m\u00e1s imponentes, programas novedosos y llegar cada vez m\u00e1s a m\u00e1s personas; que la orquesta cumpla muchos a\u00f1os m\u00e1s siendo la favorita, la que hace posible lo imposible, porque el P\u00fablico es el que manda y eso algunos lo han olvidado.<\/p>\n<p>Este es un programa que puede sonarnos tan com\u00fan, pero a la vez, raramente ejecutado, quiz\u00e1 hasta menospreciado por muchas orquestas; \u00bfde qu\u00e9 va\u2026?<\/p>\n<p>Alguna vez hemos escuchado el\u00a0<em>Bolero de Ravel, Rapsodia en Azul, Pompa y Circunstancia, la Cabalgata de la Valquiria,<\/em>\u00a0o nos hemos topado con alg\u00fan disco de los \u201c\u00c9xitos de la M\u00fasica Cl\u00e1sica\u201d e imaginamos escucharlo en vivo, eso rara vez sucede y nosotros lo haremos realidad. Seleccionamos un programa fant\u00e1stico, \u00bfqui\u00e9n no recuerda el final de \u201cEl Padrino\u201d? Gran escena, dram\u00e1tica, suena el\u00a0<em>Intermezzo<\/em>\u00a0de la \u00f3pera Cavalleria Rusticana, as\u00ed inicia nuestro Concierto\u2026<\/p>\n<p>La Orquesta contar\u00e1 con la participaci\u00f3n de Jonathan Cano, nuestro Primer Concertino, y solista de primer nivel, con\u00a0<em>Tzigane\u00a0<\/em>de\u00a0<strong>Ravel<\/strong>, del mismo compositor, el imponente\u00a0<em>Bolero<\/em>, que por cierto cumple 95 a\u00f1os de su estreno. Tambi\u00e9n se sumar\u00e1 la pianista Argentina Dur\u00e1n, que adem\u00e1s de ser una extraordinaria interprete, es una de las \u201cinfluencers\u201d m\u00e1s destacadas de redes sociales, ella interpretar\u00e1 la\u00a0<em>Rapsodia en Azul.\u00a0<\/em>La segunda parte tendr\u00e1 obras como\u00a0<em>Pompa y Circunstancia, la Danza del Sable\u00a0<\/em>y concluiremos con la<em>\u00a0Cabalgata de la Valquiria de\u00a0<\/em><strong>R. Wagner.<\/strong><em>\u00a0\u2013 concluy\u00f3.<\/em><\/p>\n<p>Jonathan Cano, respecto a su presentaci\u00f3n, declara que est\u00e1 entusiasmado y comenta: \u201cPara m\u00ed es muy importante presentarme con esta obra ya que representa el estilo musical con el que, como artista, mejor me identifico; la m\u00fasica francesa de la primera mitad del Siglo XX, sobre todo la del periodo entre guerras\u201d.<\/p>\n<p>\u201cRavel es por mucho mi compositor favorito, junto con Debussy claro est\u00e1, es uno de los compositores que mejor han sabido aprovechar los colores de la orquesta, adem\u00e1s de que supo crear obras de una manera tan magistral utilizando las diferentes ideas musicales de su \u00e9poca, ajenas a las formas de la m\u00fasica cl\u00e1sica. La Tzigane tiene ya casi 100 a\u00f1os y a\u00fan se siente fresca al o\u00eddo, por supuesto que es un gran privilegio poder compartir esta m\u00fasica tan especial con la orquesta y la audiencia, nos recuerda que Ravel es m\u00e1s que el Bolero\u201d, concluye Cano.<\/p>\n<p>Cl\u00e1sicos Espectacular se llevar\u00e1 a cabo el d\u00edas viernes 17 (19h) y s\u00e1bado 18 (18h) de febrero en el Centro Universitario Cultural A. C. (CUC), ubicado en la calle Odontolog\u00eda n\u00fam. 35, colonia Copilco Universidad en la alcald\u00eda Coyoacan CDMX. Los boletos ya est\u00e1n disponibles en la p\u00e1gina web oficial de la Filarm\u00f3nica\u00a0<a href=\"https:\/\/click.convertkit-mail2.com\/zluq06no73hnh4ded6vip\/9qhzhnhg729l9mu9\/aHR0cHM6Ly9maWxhcm1vbmljYWRlbGFzYXJ0ZXMuY29tL0JvbGV0b3M=\" target=\"_blank\" rel=\"noopener noreferrer\" data-auth=\"NotApplicable\" data-linkindex=\"2\">https:\/\/filarmonicadelasartes.com\/Boletos<\/a>\u00a0y pone a su disposici\u00f3n el tel\u00e9fono de sus oficinas 55 5554 5969.<\/p>\n<p>Para mayor informaci\u00f3n, puedes consultar las redes sociales:<\/p>\n<p>\u200b<a href=\"https:\/\/click.convertkit-mail2.com\/zluq06no73hnh4ded6vip\/reh8hohq85xexpa2\/aHR0cHM6Ly9lcy1sYS5mYWNlYm9vay5jb20vZmlsYXJtb25pY2FkZWxhc2FydGVz\" target=\"_blank\" rel=\"noopener noreferrer\" data-auth=\"NotApplicable\" data-linkindex=\"3\">https:\/\/es-la.facebook.com\/filarmonicadelasartes<\/a>\u200b<\/p>\n<p>\u200b<a href=\"https:\/\/click.convertkit-mail2.com\/zluq06no73hnh4ded6vip\/m2h7h5horne7w9fm\/aHR0cHM6Ly93d3cuaW5zdGFncmFtLmNvbS9mZGVsYXNhcnRlcy8_aGw9ZXM=\" target=\"_blank\" rel=\"noopener noreferrer\" data-auth=\"NotApplicable\" data-linkindex=\"4\">https:\/\/www.instagram.com\/fdelasartes\/?hl=es<\/a>\u200b<\/p>\n<p>\u200b<a href=\"https:\/\/click.convertkit-mail2.com\/zluq06no73hnh4ded6vip\/e0hph7hkxn4252a8\/aHR0cHM6Ly90d2l0dGVyLmNvbS9mZGVsYXNhcnRlcw==\" target=\"_blank\" rel=\"noopener noreferrer\" data-auth=\"NotApplicable\" data-linkindex=\"5\">https:\/\/twitter.com\/fdelasartes<\/a><\/p>\n<div dir=\"auto\"><a class=\"x1i10hfl xjbqb8w x6umtig x1b1mbwd xaqea5y xav7gou x9f619 x1ypdohk xt0psk2 xe8uvvx xdj266r x11i5rnm xat24cr x1mh8g0r xexx8yu x4uap5 x18d9i69 xkhd6sd x16tdsg8 x1hl2dhg xggy1nq x1a2a7pz xt0b8zv x1qq9wsj xo1l8bm\" tabindex=\"0\" role=\"link\" href=\"https:\/\/www.facebook.com\/hashtag\/filarmonicadelasartes?__eep__=6&amp;__cft__[0]=AZU23As5CxOorZP13Qt9DhwtNpougTR0qc5FdtsW_sKYAZNv4pFD7yxvvTxGx2t_dwWjuFcU1Tx-viyv8GhVxKB5m29k-feqnMATC3PLF_V2ZjfAgyiKWFVnNp85wU0XkGI&amp;__tn__=*NK-R\">#filarmonicadelasartes<\/a><\/div>\n<div dir=\"auto\"><a class=\"x1i10hfl xjbqb8w x6umtig x1b1mbwd xaqea5y xav7gou x9f619 x1ypdohk xt0psk2 xe8uvvx xdj266r x11i5rnm xat24cr x1mh8g0r xexx8yu x4uap5 x18d9i69 xkhd6sd x16tdsg8 x1hl2dhg xggy1nq x1a2a7pz xt0b8zv x1qq9wsj xo1l8bm\" tabindex=\"0\" role=\"link\" href=\"https:\/\/www.facebook.com\/hashtag\/centrouniversitariocultural?__eep__=6&amp;__cft__[0]=AZU23As5CxOorZP13Qt9DhwtNpougTR0qc5FdtsW_sKYAZNv4pFD7yxvvTxGx2t_dwWjuFcU1Tx-viyv8GhVxKB5m29k-feqnMATC3PLF_V2ZjfAgyiKWFVnNp85wU0XkGI&amp;__tn__=*NK-R\">#CentroUniversitarioCultural<\/a><\/div>\n<div dir=\"auto\"><a class=\"x1i10hfl xjbqb8w x6umtig x1b1mbwd xaqea5y xav7gou x9f619 x1ypdohk xt0psk2 xe8uvvx xdj266r x11i5rnm xat24cr x1mh8g0r xexx8yu x4uap5 x18d9i69 xkhd6sd x16tdsg8 x1hl2dhg xggy1nq x1a2a7pz xt0b8zv x1qq9wsj xo1l8bm\" tabindex=\"0\" role=\"link\" href=\"https:\/\/www.facebook.com\/hashtag\/clasicosespectacular?__eep__=6&amp;__cft__[0]=AZU23As5CxOorZP13Qt9DhwtNpougTR0qc5FdtsW_sKYAZNv4pFD7yxvvTxGx2t_dwWjuFcU1Tx-viyv8GhVxKB5m29k-feqnMATC3PLF_V2ZjfAgyiKWFVnNp85wU0XkGI&amp;__tn__=*NK-R\">#clasicosespectacular<\/a><\/div>\n<div dir=\"auto\"><a class=\"x1i10hfl xjbqb8w x6umtig x1b1mbwd xaqea5y xav7gou x9f619 x1ypdohk xt0psk2 xe8uvvx xdj266r x11i5rnm xat24cr x1mh8g0r xexx8yu x4uap5 x18d9i69 xkhd6sd x16tdsg8 x1hl2dhg xggy1nq x1a2a7pz xt0b8zv x1qq9wsj xo1l8bm\" tabindex=\"0\" role=\"link\" href=\"https:\/\/www.facebook.com\/hashtag\/bitacoracdmx?__eep__=6&amp;__cft__[0]=AZU23As5CxOorZP13Qt9DhwtNpougTR0qc5FdtsW_sKYAZNv4pFD7yxvvTxGx2t_dwWjuFcU1Tx-viyv8GhVxKB5m29k-feqnMATC3PLF_V2ZjfAgyiKWFVnNp85wU0XkGI&amp;__tn__=*NK-R\">#bitacoracdmx<\/a><\/div>\n<p>[\/fusion_text][fusion_imageframe image_id=&#8221;49442|medium&#8221; max_width=&#8221;&#8221; style_type=&#8221;&#8221; blur=&#8221;&#8221; stylecolor=&#8221;&#8221; hover_type=&#8221;none&#8221; bordersize=&#8221;&#8221; bordercolor=&#8221;&#8221; borderradius=&#8221;&#8221; align=&#8221;none&#8221; lightbox=&#8221;no&#8221; gallery_id=&#8221;&#8221; lightbox_image=&#8221;&#8221; lightbox_image_id=&#8221;&#8221; alt=&#8221;&#8221; link=&#8221;&#8221; linktarget=&#8221;_self&#8221; hide_on_mobile=&#8221;small-visibility,medium-visibility,large-visibility&#8221; class=&#8221;&#8221; id=&#8221;&#8221; animation_type=&#8221;&#8221; animation_direction=&#8221;left&#8221; animation_speed=&#8221;0.3&#8243; animation_offset=&#8221;&#8221;]https:\/\/www.bitacoracdmx.com\/wp-content\/uploads\/2023\/02\/Clasico-espectacular&#8211;300&#215;251.jpeg[\/fusion_imageframe][\/fusion_builder_column][\/fusion_builder_row][\/fusion_builder_container]<\/p>\n","protected":false},"excerpt":{"rendered":"<p>[fusion_builder_container hundred_percent=&#8221;no&#8221; equal_height_columns=&#8221;no&#8221; menu_anchor=&#8221;&#8221; hide_on_mobile=&#8221;small-visibility,medium-visibility,large-visibility&#8221; class=&#8221;&#8221; id=&#8221;&#8221; background_color=&#8221;&#8221; background_image=&#8221;&#8221; background_position=&#8221;center center&#8221; background_repeat=&#8221;no-repeat&#8221; fade=&#8221;no&#8221; background_parallax=&#8221;none&#8221; parallax_speed=&#8221;0.3&#8243; video_mp4=&#8221;&#8221; video_webm=&#8221;&#8221; video_ogv=&#8221;&#8221; video_url=&#8221;&#8221; video_aspect_ratio=&#8221;16:9&#8243; video_loop=&#8221;yes&#8221; video_mute=&#8221;yes&#8221; overlay_color=&#8221;&#8221; video_preview_image=&#8221;&#8221; border_size=&#8221;&#8221; border_color=&#8221;&#8221; border_style=&#8221;solid&#8221; padding_top=&#8221;&#8221; padding_bottom=&#8221;&#8221; padding_left=&#8221;&#8221; padding_right=&#8221;&#8221;][fusion_builder_row][fusion_builder_column type=&#8221;1_1&#8243; layout=&#8221;1_1&#8243; background_position=&#8221;left top&#8221; background_color=&#8221;&#8221; border_size=&#8221;&#8221; border_color=&#8221;&#8221; border_style=&#8221;solid&#8221; border_position=&#8221;all&#8221; spacing=&#8221;yes&#8221; background_image=&#8221;&#8221; background_repeat=&#8221;no-repeat&#8221; padding_top=&#8221;&#8221; padding_right=&#8221;&#8221; padding_bottom=&#8221;&#8221; padding_left=&#8221;&#8221; margin_top=&#8221;0px&#8221; margin_bottom=&#8221;0px&#8221; class=&#8221;&#8221; id=&#8221;&#8221; animation_type=&#8221;&#8221; animation_speed=&#8221;0.3&#8243; animation_direction=&#8221;left&#8221; hide_on_mobile=&#8221;small-visibility,medium-visibility,large-visibility&#8221; center_content=&#8221;no&#8221; last=&#8221;no&#8221; min_height=&#8221;&#8221; hover_type=&#8221;none&#8221; link=&#8221;&#8221;][fusion_text] REDACCI\u00d3N &#8211; La Temporada 2023 de la Filarm\u00f3nica dar\u00e1 inicio los pr\u00f3ximos 17 y 18 de febrero con su primer concierto: Cl\u00e1sicos Espectacular. &#8211; Fabulosas obras de los compositores m\u00e1s reconocidos de la M\u00fasica Cl\u00e1sica estar\u00e1n presentes en el Concierto. [&hellip;]<\/p>\n","protected":false},"author":1,"featured_media":49442,"comment_status":"open","ping_status":"open","sticky":false,"template":"","format":"standard","meta":{"footnotes":""},"categories":[9,11],"tags":[],"_links":{"self":[{"href":"https:\/\/www.bitacoracdmx.com\/index.php?rest_route=\/wp\/v2\/posts\/49441"}],"collection":[{"href":"https:\/\/www.bitacoracdmx.com\/index.php?rest_route=\/wp\/v2\/posts"}],"about":[{"href":"https:\/\/www.bitacoracdmx.com\/index.php?rest_route=\/wp\/v2\/types\/post"}],"author":[{"embeddable":true,"href":"https:\/\/www.bitacoracdmx.com\/index.php?rest_route=\/wp\/v2\/users\/1"}],"replies":[{"embeddable":true,"href":"https:\/\/www.bitacoracdmx.com\/index.php?rest_route=%2Fwp%2Fv2%2Fcomments&post=49441"}],"version-history":[{"count":1,"href":"https:\/\/www.bitacoracdmx.com\/index.php?rest_route=\/wp\/v2\/posts\/49441\/revisions"}],"predecessor-version":[{"id":49443,"href":"https:\/\/www.bitacoracdmx.com\/index.php?rest_route=\/wp\/v2\/posts\/49441\/revisions\/49443"}],"wp:featuredmedia":[{"embeddable":true,"href":"https:\/\/www.bitacoracdmx.com\/index.php?rest_route=\/wp\/v2\/media\/49442"}],"wp:attachment":[{"href":"https:\/\/www.bitacoracdmx.com\/index.php?rest_route=%2Fwp%2Fv2%2Fmedia&parent=49441"}],"wp:term":[{"taxonomy":"category","embeddable":true,"href":"https:\/\/www.bitacoracdmx.com\/index.php?rest_route=%2Fwp%2Fv2%2Fcategories&post=49441"},{"taxonomy":"post_tag","embeddable":true,"href":"https:\/\/www.bitacoracdmx.com\/index.php?rest_route=%2Fwp%2Fv2%2Ftags&post=49441"}],"curies":[{"name":"wp","href":"https:\/\/api.w.org\/{rel}","templated":true}]}}