{"id":49447,"date":"2023-02-16T00:25:12","date_gmt":"2023-02-16T00:25:12","guid":{"rendered":"https:\/\/www.bitacoracdmx.com\/?p=49447"},"modified":"2023-02-16T00:25:12","modified_gmt":"2023-02-16T00:25:12","slug":"la-orquesta-filarmonica-de-la-ciudad-de-mexico-hara-un-guino-al-clasicismo-con-haydn-y-beethoven","status":"publish","type":"post","link":"https:\/\/www.bitacoracdmx.com\/?p=49447","title":{"rendered":"La ORQUESTA FILARM\u00d3NICA de la CIUDAD DE M\u00c9XICO har\u00e1 un gui\u00f1o al clasicismo con HAYDN y BEETHOVEN"},"content":{"rendered":"<p>[fusion_builder_container hundred_percent=&#8221;no&#8221; equal_height_columns=&#8221;no&#8221; menu_anchor=&#8221;&#8221; hide_on_mobile=&#8221;small-visibility,medium-visibility,large-visibility&#8221; class=&#8221;&#8221; id=&#8221;&#8221; background_color=&#8221;&#8221; background_image=&#8221;&#8221; background_position=&#8221;center center&#8221; background_repeat=&#8221;no-repeat&#8221; fade=&#8221;no&#8221; background_parallax=&#8221;none&#8221; parallax_speed=&#8221;0.3&#8243; video_mp4=&#8221;&#8221; video_webm=&#8221;&#8221; video_ogv=&#8221;&#8221; video_url=&#8221;&#8221; video_aspect_ratio=&#8221;16:9&#8243; video_loop=&#8221;yes&#8221; video_mute=&#8221;yes&#8221; overlay_color=&#8221;&#8221; video_preview_image=&#8221;&#8221; border_size=&#8221;&#8221; border_color=&#8221;&#8221; border_style=&#8221;solid&#8221; padding_top=&#8221;&#8221; padding_bottom=&#8221;&#8221; padding_left=&#8221;&#8221; padding_right=&#8221;&#8221;][fusion_builder_row][fusion_builder_column type=&#8221;1_1&#8243; layout=&#8221;1_1&#8243; background_position=&#8221;left top&#8221; background_color=&#8221;&#8221; border_size=&#8221;&#8221; border_color=&#8221;&#8221; border_style=&#8221;solid&#8221; border_position=&#8221;all&#8221; spacing=&#8221;yes&#8221; background_image=&#8221;&#8221; background_repeat=&#8221;no-repeat&#8221; padding_top=&#8221;&#8221; padding_right=&#8221;&#8221; padding_bottom=&#8221;&#8221; padding_left=&#8221;&#8221; margin_top=&#8221;0px&#8221; margin_bottom=&#8221;0px&#8221; class=&#8221;&#8221; id=&#8221;&#8221; animation_type=&#8221;&#8221; animation_speed=&#8221;0.3&#8243; animation_direction=&#8221;left&#8221; hide_on_mobile=&#8221;small-visibility,medium-visibility,large-visibility&#8221; center_content=&#8221;no&#8221; last=&#8221;no&#8221; min_height=&#8221;&#8221; hover_type=&#8221;none&#8221; link=&#8221;&#8221;][fusion_text]<\/p>\n<p>REDACCI\u00d3N<\/p>\n<ul>\n<li>La agrupaci\u00f3n capitalina interpretar\u00e1 la\u00a0<em>Sinfon\u00eda N\u00b0. 39<\/em>\u00a0del compositor austriaco Franz Joseph Haydn y la\u00a0<em>Sinfon\u00eda N\u00b0. 1<\/em>\u00a0del alem\u00e1n Ludwig Van Beethoven<\/li>\n<li>Asimismo, la OFCM ejecutar\u00e1 la pieza\u00a0<em>Antr\u00f3polis<\/em>\u00a0de la autora mexicana Gabriela Ortiz, con la cual hace un homenaje a los salones de baile de la Ciudad de M\u00e9xico<\/li>\n<li>Como parte del ciclo\u00a0<strong><em>Miradas a nuestro acervo<\/em><\/strong>, la OFCM comparte la retransmisi\u00f3n de sus conciertos a trav\u00e9s de la frecuencia de C\u00f3digo Radio y en Opus 94 del Instituto Mexicano de la Radio<\/li>\n<\/ul>\n<p>Un viaje al clasicismo musical con una pincelada a la composici\u00f3n femenina nacional ser\u00e1 lo que este fin de semana ofrezca la\u00a0<strong>Orquesta Filarm\u00f3nica de la Ciudad de M\u00e9xico (OFCM)\u00a0<\/strong>este\u00a0<strong>s\u00e1bado 18 y domingo 19 de febrero<\/strong>\u00a0como parte de su\u00a0<strong>Primera Temporada 2023<\/strong>\u00a0desde la\u00a0<strong>Sala Silvestre Revueltas<\/strong>\u00a0del Centro Cultural Ollin Yoliztli y bajo la batuta hu\u00e9sped del maestro Diego Naser.<br aria-hidden=\"true\" \/>\u00a0<br aria-hidden=\"true\" \/>En su regreso al frente de la orquesta citadina, a cargo de la\u00a0<strong>Secretar\u00eda de Cultura de la Ciudad de M\u00e9xico<\/strong>, el director invitado, considerado uno de los m\u00e1s destacados directores de orquesta latinoamericanos de su generaci\u00f3n, ejecutar\u00e1 la\u00a0<em>Sinfon\u00eda N\u00b0. 39<\/em>\u00a0del austriaco Franz Joseph Haydn (1732-1809), seguida de\u00a0<em>Antr\u00f3polis<\/em>\u00a0de la compositora mexicana Gabriela Ortiz, para cerrar con la\u00a0<em>Sinfon\u00eda N\u00b0. 1\u00a0<\/em>del alem\u00e1n Ludwig Van Beethoven (1770\u200b-1827).<br aria-hidden=\"true\" \/>\u00a0<br aria-hidden=\"true\" \/>Desde la sede de la agrupaci\u00f3n, la Sala Silvestre Revueltas, los m\u00fasicos de la OFCM bajo la batuta de Diego Naser, actual director art\u00edstico y musical de la Orquesta del Festival Internacional de Guitarra de Petrer (Alicante-Espa\u00f1a), interpretar\u00e1n la que se considera una de las obras m\u00e1s importantes en el desarrollo del lenguaje sinf\u00f3nico de Haydn, la\u00a0<em>Sinfon\u00eda N\u00b0. 39,<\/em>\u00a0compuesta entre 1768 y 1772, la cual podr\u00e1 escucharse de nuevo este fin de semana.<br aria-hidden=\"true\" \/>\u00a0<br aria-hidden=\"true\" \/>Asimismo, la alineaci\u00f3n musical, considerada una de las orquestas m\u00e1s importantes de Am\u00e9rica Latina, ejecutar\u00e1\u00a0<em>Antr\u00f3polis<\/em>\u00a0de Gabriela Ortiz (Ciudad de M\u00e9xico, 20 de diciembre, 1964), compositora reconocida con el Premio Nacional de Artes y Literatura 2016 y primera compositora mexicana en ingresar como Miembro de N\u00famero a la Academia de las Artes, pieza con la cual rinde homenaje los salones de baile de la capital.<br aria-hidden=\"true\" \/>\u00a0<br aria-hidden=\"true\" \/>\u201c<em>Antr\u00f3polis<\/em>, un neologismo, un invento preciso para designar una pieza que narrara musicalmente el sonido de la ciudad a trav\u00e9s de sus salones de baile, de sus antros. Estos cabarets o salones que representan la nostalgia por las rumberas y las orquestas de baile en vivo, como el \u2018Bombay\u2019, por donde se dice que el \u2018Che\u2019 Guevara se daba sus vueltas; o el \u2018Sal\u00f3n Colonia\u2019, que parece haber salido de sue\u00f1os rescatados de una de las pel\u00edculas de la \u00e9poca de oro del cine mexicano\u201d, comparte la autora sobre su obra.<br aria-hidden=\"true\" \/>\u00a0<br aria-hidden=\"true\" \/>El concierto cerrar\u00e1 con otro pincelazo al clasicismo a trav\u00e9s de la ejecuci\u00f3n de la\u00a0<em>Sinfon\u00eda N\u00b0. 1\u00a0<\/em>del alem\u00e1n Ludwig Van Beethoven, estrenada el 2 de abril de 1800 en el Burgtheater de Viena con la cual el autor estren\u00f3 la primera de sus nueve sinfon\u00edas en lo que fue un concierto organizado por sus propios medios y la cual se escuchar\u00e1 de nuevo con la Orquesta Filarm\u00f3nica de la Ciudad de M\u00e9xico bajo la direcci\u00f3n de Naser, destacado director \u00edtalo-uruguayo que ha dirigido grandes producciones de ballet y \u00f3pera en todo el mundo.<br aria-hidden=\"true\" \/>\u00a0<br aria-hidden=\"true\" \/>Naser, quien tambi\u00e9n es el actual director musical y art\u00edstico asociado de la Camerata Internacional de Barcelona en Espa\u00f1a, ha participado como violinista en importantes festivales y ha dirigido importantes conciertos sinf\u00f3nicos en M\u00e9xico, Luxemburgo, Brasil, Chile, Uruguay, Panam\u00e1, Austria, Portugal, Alemania, Per\u00fa, Argentina, Colombia, Venezuela y Espa\u00f1a, entre otros pa\u00edses.<br aria-hidden=\"true\" \/>\u00a0<br aria-hidden=\"true\" \/>Como parte del ciclo\u00a0<strong><em>Miradas a nuestro acervo<\/em><\/strong>, que comparte la retransmisi\u00f3n de los conciertos de la OFCM, este s\u00e1bado 18 de febrero, a las 15:00 horas, a trav\u00e9s de la frecuencia de C\u00f3digo Radio y el domingo 12 de febrero a las 12:30 horas, en Opus 94 del Instituto Mexicano de la Radio (Imer), se escuchar\u00e1 la interpretaci\u00f3n de la composici\u00f3n de Lilia V\u00e1zquez Kuntze,\u00a0<em>Esferas<\/em>; de Edward MacDowell, la\u00a0<em>Suite N\u00b0. 2\u00a0<\/em>y de Howard Hanson, la\u00a0<em>Sinfon\u00eda N\u00b0. 3<\/em>, bajo la direcci\u00f3n del maestro Luis Manuel S\u00e1nchez.<br aria-hidden=\"true\" \/>\u00a0<br aria-hidden=\"true\" \/>Los conciertos se realizar\u00e1n los d\u00edas\u00a0<strong>s\u00e1bado 18 de febrero a las 18:00 horas<\/strong>\u00a0y\u00a0<strong>domingo 19 de febrero a las 12:30 horas<\/strong>, en la\u00a0<strong>Sala Silvestre Revueltas<\/strong>\u00a0del Centro Cultural Ollin Yoliztli, ubicada en Perif\u00e9rico Sur 5141. Boletos en taquilla, descuentos del 50 por ciento a estudiantes maestros, INAPAM y empleados del Gobierno de la Ciudad de M\u00e9xico.<br aria-hidden=\"true\" \/>\u00a0<br aria-hidden=\"true\" \/>Para conocer la programaci\u00f3n de la Orquesta Filarm\u00f3nica de la Ciudad de M\u00e9xico puede visitar:\u00a0<a href=\"https:\/\/gob.us21.list-manage.com\/track\/click?u=24ab1d8cf82850533a5af327c&amp;id=9713f616c4&amp;e=4fe2704bc3\" target=\"_blank\" rel=\"noopener noreferrer\" data-auth=\"NotApplicable\" data-linkindex=\"0\">http:\/\/ofcm.cdmx.gob.mx\/<\/a>\u00a0y sus redes sociales en Facebook (facebook.com\/OFCMex), Twitter (twitter.com\/OFCMex) e Instagram (instagram.com\/ofcmex).<br aria-hidden=\"true\" \/>\u00a0<br aria-hidden=\"true\" \/>Las actividades\u00a0de\u00a0la\u00a0<strong>Secretar\u00eda\u00a0de\u00a0Cultura\u00a0capitalina<\/strong>\u00a0se pueden conocer\u00a0en\u00a0la p\u00e1gina oficial en\u00a0la Cartelera de\u00a0la Ciudad\u00a0de\u00a0M\u00e9xico (<a href=\"https:\/\/gob.us21.list-manage.com\/track\/click?u=24ab1d8cf82850533a5af327c&amp;id=c6d05a4cb2&amp;e=4fe2704bc3\" target=\"_blank\" rel=\"noopener noreferrer\" data-auth=\"NotApplicable\" data-linkindex=\"1\">cartelera.cdmx.gob.mx\/<\/a>), y a trav\u00e9s\u00a0de\u00a0sus redes sociales:\u00a0Facebook, Twitter, Instagram y YouTube.<\/p>\n<div dir=\"auto\"><a class=\"x1i10hfl xjbqb8w x6umtig x1b1mbwd xaqea5y xav7gou x9f619 x1ypdohk xt0psk2 xe8uvvx xdj266r x11i5rnm xat24cr x1mh8g0r xexx8yu x4uap5 x18d9i69 xkhd6sd x16tdsg8 x1hl2dhg xggy1nq x1a2a7pz xt0b8zv x1qq9wsj xo1l8bm\" tabindex=\"0\" role=\"link\" href=\"https:\/\/www.facebook.com\/hashtag\/orquestafilarmonicadelaciudaddemexico?__eep__=6&amp;__cft__[0]=AZWB9SQfp5JxTSD9ppmyol8LGQRp97bdUde4z6lTFkBwKk8y34joQ_2HyrDlX4aLbHS0FB28Xo2BnmnB3Mi6DyBlq1tt05TRwpbYC53hb59eXtQYvCf9AT1A2yes8_9WCmk&amp;__tn__=*NK-R\">#orquestafilarmonicadelaciudaddemexico<\/a><\/div>\n<div dir=\"auto\"><a class=\"x1i10hfl xjbqb8w x6umtig x1b1mbwd xaqea5y xav7gou x9f619 x1ypdohk xt0psk2 xe8uvvx xdj266r x11i5rnm xat24cr x1mh8g0r xexx8yu x4uap5 x18d9i69 xkhd6sd x16tdsg8 x1hl2dhg xggy1nq x1a2a7pz xt0b8zv x1qq9wsj xo1l8bm\" tabindex=\"0\" role=\"link\" href=\"https:\/\/www.facebook.com\/hashtag\/ofcm?__eep__=6&amp;__cft__[0]=AZWB9SQfp5JxTSD9ppmyol8LGQRp97bdUde4z6lTFkBwKk8y34joQ_2HyrDlX4aLbHS0FB28Xo2BnmnB3Mi6DyBlq1tt05TRwpbYC53hb59eXtQYvCf9AT1A2yes8_9WCmk&amp;__tn__=*NK-R\">#OFCM<\/a><\/div>\n<div dir=\"auto\"><a class=\"x1i10hfl xjbqb8w x6umtig x1b1mbwd xaqea5y xav7gou x9f619 x1ypdohk xt0psk2 xe8uvvx xdj266r x11i5rnm xat24cr x1mh8g0r xexx8yu x4uap5 x18d9i69 xkhd6sd x16tdsg8 x1hl2dhg xggy1nq x1a2a7pz xt0b8zv x1qq9wsj xo1l8bm\" tabindex=\"0\" role=\"link\" href=\"https:\/\/www.facebook.com\/hashtag\/bitacoracdmx?__eep__=6&amp;__cft__[0]=AZWB9SQfp5JxTSD9ppmyol8LGQRp97bdUde4z6lTFkBwKk8y34joQ_2HyrDlX4aLbHS0FB28Xo2BnmnB3Mi6DyBlq1tt05TRwpbYC53hb59eXtQYvCf9AT1A2yes8_9WCmk&amp;__tn__=*NK-R\">#bitacoracdmx<\/a><\/div>\n<p>[\/fusion_text][fusion_imageframe image_id=&#8221;49448|medium&#8221; max_width=&#8221;&#8221; style_type=&#8221;&#8221; blur=&#8221;&#8221; stylecolor=&#8221;&#8221; hover_type=&#8221;none&#8221; bordersize=&#8221;&#8221; bordercolor=&#8221;&#8221; borderradius=&#8221;&#8221; align=&#8221;none&#8221; lightbox=&#8221;no&#8221; gallery_id=&#8221;&#8221; lightbox_image=&#8221;&#8221; lightbox_image_id=&#8221;&#8221; alt=&#8221;&#8221; link=&#8221;&#8221; linktarget=&#8221;_self&#8221; hide_on_mobile=&#8221;small-visibility,medium-visibility,large-visibility&#8221; class=&#8221;&#8221; id=&#8221;&#8221; animation_type=&#8221;&#8221; animation_direction=&#8221;left&#8221; animation_speed=&#8221;0.3&#8243; animation_offset=&#8221;&#8221;]https:\/\/www.bitacoracdmx.com\/wp-content\/uploads\/2023\/02\/8d6f1b0b-2342-993d-4dfc-263a2e337c4a-300&#215;210.jpg[\/fusion_imageframe][\/fusion_builder_column][\/fusion_builder_row][\/fusion_builder_container]<\/p>\n","protected":false},"excerpt":{"rendered":"<p>[fusion_builder_container hundred_percent=&#8221;no&#8221; equal_height_columns=&#8221;no&#8221; menu_anchor=&#8221;&#8221; hide_on_mobile=&#8221;small-visibility,medium-visibility,large-visibility&#8221; class=&#8221;&#8221; id=&#8221;&#8221; background_color=&#8221;&#8221; background_image=&#8221;&#8221; background_position=&#8221;center center&#8221; background_repeat=&#8221;no-repeat&#8221; fade=&#8221;no&#8221; background_parallax=&#8221;none&#8221; parallax_speed=&#8221;0.3&#8243; video_mp4=&#8221;&#8221; video_webm=&#8221;&#8221; video_ogv=&#8221;&#8221; video_url=&#8221;&#8221; video_aspect_ratio=&#8221;16:9&#8243; video_loop=&#8221;yes&#8221; video_mute=&#8221;yes&#8221; overlay_color=&#8221;&#8221; video_preview_image=&#8221;&#8221; border_size=&#8221;&#8221; border_color=&#8221;&#8221; border_style=&#8221;solid&#8221; padding_top=&#8221;&#8221; padding_bottom=&#8221;&#8221; padding_left=&#8221;&#8221; padding_right=&#8221;&#8221;][fusion_builder_row][fusion_builder_column type=&#8221;1_1&#8243; layout=&#8221;1_1&#8243; background_position=&#8221;left top&#8221; background_color=&#8221;&#8221; border_size=&#8221;&#8221; border_color=&#8221;&#8221; border_style=&#8221;solid&#8221; border_position=&#8221;all&#8221; spacing=&#8221;yes&#8221; background_image=&#8221;&#8221; background_repeat=&#8221;no-repeat&#8221; padding_top=&#8221;&#8221; padding_right=&#8221;&#8221; padding_bottom=&#8221;&#8221; padding_left=&#8221;&#8221; margin_top=&#8221;0px&#8221; margin_bottom=&#8221;0px&#8221; class=&#8221;&#8221; id=&#8221;&#8221; animation_type=&#8221;&#8221; animation_speed=&#8221;0.3&#8243; animation_direction=&#8221;left&#8221; hide_on_mobile=&#8221;small-visibility,medium-visibility,large-visibility&#8221; center_content=&#8221;no&#8221; last=&#8221;no&#8221; min_height=&#8221;&#8221; hover_type=&#8221;none&#8221; link=&#8221;&#8221;][fusion_text] REDACCI\u00d3N La agrupaci\u00f3n capitalina interpretar\u00e1 la\u00a0Sinfon\u00eda N\u00b0. 39\u00a0del compositor austriaco Franz Joseph Haydn y la\u00a0Sinfon\u00eda N\u00b0. 1\u00a0del alem\u00e1n Ludwig Van Beethoven Asimismo, la OFCM ejecutar\u00e1 la pieza\u00a0Antr\u00f3polis\u00a0de la autora mexicana Gabriela Ortiz, con la cual hace un homenaje a los [&hellip;]<\/p>\n","protected":false},"author":1,"featured_media":49448,"comment_status":"open","ping_status":"open","sticky":false,"template":"","format":"standard","meta":{"footnotes":""},"categories":[9,11],"tags":[],"_links":{"self":[{"href":"https:\/\/www.bitacoracdmx.com\/index.php?rest_route=\/wp\/v2\/posts\/49447"}],"collection":[{"href":"https:\/\/www.bitacoracdmx.com\/index.php?rest_route=\/wp\/v2\/posts"}],"about":[{"href":"https:\/\/www.bitacoracdmx.com\/index.php?rest_route=\/wp\/v2\/types\/post"}],"author":[{"embeddable":true,"href":"https:\/\/www.bitacoracdmx.com\/index.php?rest_route=\/wp\/v2\/users\/1"}],"replies":[{"embeddable":true,"href":"https:\/\/www.bitacoracdmx.com\/index.php?rest_route=%2Fwp%2Fv2%2Fcomments&post=49447"}],"version-history":[{"count":1,"href":"https:\/\/www.bitacoracdmx.com\/index.php?rest_route=\/wp\/v2\/posts\/49447\/revisions"}],"predecessor-version":[{"id":49449,"href":"https:\/\/www.bitacoracdmx.com\/index.php?rest_route=\/wp\/v2\/posts\/49447\/revisions\/49449"}],"wp:featuredmedia":[{"embeddable":true,"href":"https:\/\/www.bitacoracdmx.com\/index.php?rest_route=\/wp\/v2\/media\/49448"}],"wp:attachment":[{"href":"https:\/\/www.bitacoracdmx.com\/index.php?rest_route=%2Fwp%2Fv2%2Fmedia&parent=49447"}],"wp:term":[{"taxonomy":"category","embeddable":true,"href":"https:\/\/www.bitacoracdmx.com\/index.php?rest_route=%2Fwp%2Fv2%2Fcategories&post=49447"},{"taxonomy":"post_tag","embeddable":true,"href":"https:\/\/www.bitacoracdmx.com\/index.php?rest_route=%2Fwp%2Fv2%2Ftags&post=49447"}],"curies":[{"name":"wp","href":"https:\/\/api.w.org\/{rel}","templated":true}]}}