{"id":49450,"date":"2023-02-16T00:48:17","date_gmt":"2023-02-16T00:48:17","guid":{"rendered":"https:\/\/www.bitacoracdmx.com\/?p=49450"},"modified":"2023-02-16T00:48:17","modified_gmt":"2023-02-16T00:48:17","slug":"helen-keller-la-increible-historia-se-presenta-todos-los-domingos-en-el-teatro-rodolfo-usigli","status":"publish","type":"post","link":"https:\/\/www.bitacoracdmx.com\/?p=49450","title":{"rendered":"HELEN KELLER \u00a1La incre\u00edble historia! se presenta todos los domingos en el Teatro Rodolfo Usigli"},"content":{"rendered":"<p>[fusion_builder_container hundred_percent=&#8221;no&#8221; equal_height_columns=&#8221;no&#8221; menu_anchor=&#8221;&#8221; hide_on_mobile=&#8221;small-visibility,medium-visibility,large-visibility&#8221; class=&#8221;&#8221; id=&#8221;&#8221; background_color=&#8221;&#8221; background_image=&#8221;&#8221; background_position=&#8221;center center&#8221; background_repeat=&#8221;no-repeat&#8221; fade=&#8221;no&#8221; background_parallax=&#8221;none&#8221; parallax_speed=&#8221;0.3&#8243; video_mp4=&#8221;&#8221; video_webm=&#8221;&#8221; video_ogv=&#8221;&#8221; video_url=&#8221;&#8221; video_aspect_ratio=&#8221;16:9&#8243; video_loop=&#8221;yes&#8221; video_mute=&#8221;yes&#8221; overlay_color=&#8221;&#8221; video_preview_image=&#8221;&#8221; border_size=&#8221;&#8221; border_color=&#8221;&#8221; border_style=&#8221;solid&#8221; padding_top=&#8221;&#8221; padding_bottom=&#8221;&#8221; padding_left=&#8221;&#8221; padding_right=&#8221;&#8221;][fusion_builder_row][fusion_builder_column type=&#8221;1_1&#8243; layout=&#8221;1_1&#8243; background_position=&#8221;left top&#8221; background_color=&#8221;&#8221; border_size=&#8221;&#8221; border_color=&#8221;&#8221; border_style=&#8221;solid&#8221; border_position=&#8221;all&#8221; spacing=&#8221;yes&#8221; background_image=&#8221;&#8221; background_repeat=&#8221;no-repeat&#8221; padding_top=&#8221;&#8221; padding_right=&#8221;&#8221; padding_bottom=&#8221;&#8221; padding_left=&#8221;&#8221; margin_top=&#8221;0px&#8221; margin_bottom=&#8221;0px&#8221; class=&#8221;&#8221; id=&#8221;&#8221; animation_type=&#8221;&#8221; animation_speed=&#8221;0.3&#8243; animation_direction=&#8221;left&#8221; hide_on_mobile=&#8221;small-visibility,medium-visibility,large-visibility&#8221; center_content=&#8221;no&#8221; last=&#8221;no&#8221; min_height=&#8221;&#8221; hover_type=&#8221;none&#8221; link=&#8221;&#8221;][fusion_text]<\/p>\n<p>REDACCI\u00d3N<\/p>\n<p>Fotos: Audrey Guardado<\/p>\n<p>La obra est\u00e1 basada en hechos reales mujeres inspiradoras que pase a las adversidades de sus discapacidades lograron sus intereses y compartieron sus conocimientos para hacer un mundo m\u00e1s inclusivo, Helen Keller y Anne Sullivan, alumna y maestra.<\/p>\n<p>Helen est\u00e1 incapacitada para comunicarse con el mundo, ten\u00eda mala actitud y mal genio sin embargo era muy inteligente, a su vida llega Anne Sullivan figura importante en su vida, ya que le ense\u00f1o el Braille, escribir y lenguaje de signos.<\/p>\n<p>El ense\u00f1ar a Helen no ser\u00e1 una tarea sencilla, ya que no que nadie intent\u00e9 educarla, una obra que sin duda se vuelve una lucha constante de poderes con el fin de lograr conseguir que aprenda. A lo largo de la obra nos preguntaremos . \u00bfC\u00f3mo va a disciplinar, ense\u00f1ar modales a una joven malcriada y habituada hacer rabietas?<\/p>\n<p>Su legado.<\/p>\n<p>Estadounidense , fue oradora y autora, fue mundialmente conocida, promovi\u00f3 el sufragio femenino, derechos de los trabajadores, el socialismo entre otras causas.<\/p>\n<p>Estableci\u00f3 la lucha por los discapacitados del mundo, estableci\u00f3 en 1915 la fundaci\u00f3n Helen Keller internacional para la prevenci\u00f3n de la ceguera. Fue la primera primera persona sordomuda en graduarse de una universidad en Radcliffe College en 1904.<\/p>\n<p>Recomendaci\u00f3n.<\/p>\n<p>Te recomendamos ampliamente asistir a esta obra, ya que est\u00e1 basada en hechos reales de mujeres que inspiraron pase a sus discapacidades, esta bajo la direcci\u00f3n de Fernando Larra\u00f1aga (Director, productor y actor apasionado) , tambi\u00e9n cuenta con un int\u00e9rprete de se\u00f1as, estar\u00e1 todos los domingos a partir de las 18:00 hrs hasta el 5 de marzo en el teatro Rodolfo Usigli (Que se encuentra a tres cuadras del metro General Anaya).<\/p>\n<p>No te la puedes perder, los boletos los puedes adquirir por: BOLET\u00d3PIS.COM o directamente en taquilla. Tienen descuentos para estudiantes, adultos mayores con tarjetas de Inapam.<\/p>\n<p>Ya sabes que puedes hacer el fin de semana, sin duda asistir a la obra de Helen Keller es una de ellas.<\/p>\n<p>Actuaci\u00f3n:<br \/>\nAdriana Larra\u00f1aga ( Anne Sullivan)Ximena Larra\u00f1aga (Helen Keller \/ Anne Sullivan)<br \/>\nPaty Larra\u00f1aga ( Helen Keller)<\/p>\n<p>Teatro Rodolfo Usigli, H\u00e9roes del 47 #122casi esquina con Av. Divisi\u00f3n del Norte, Alcad\u00eda Coyoac\u00e1n<\/p>\n<p>Domingo, 18:00 horas<\/p>\n<div dir=\"auto\"><a class=\"x1i10hfl xjbqb8w x6umtig x1b1mbwd xaqea5y xav7gou x9f619 x1ypdohk xt0psk2 xe8uvvx xdj266r x11i5rnm xat24cr x1mh8g0r xexx8yu x4uap5 x18d9i69 xkhd6sd x16tdsg8 x1hl2dhg xggy1nq x1a2a7pz xt0b8zv x1qq9wsj xo1l8bm\" tabindex=\"0\" role=\"link\" href=\"https:\/\/www.facebook.com\/hashtag\/helenkeller?__eep__=6&amp;__cft__[0]=AZVG45U3_1nyDbI9Kr-l5t9xnGv719oH9u6d41y0IkyOfFyMd3SYyZbiKjptsUdCfZl95GgfxYYXliMGI6XF0vXf7YNo-oXRZeVCSg69Mj6h78Hi-avF8dpkfS-ZlEaWhEM&amp;__tn__=*NK-R\">#HelenKeller<\/a><\/div>\n<div dir=\"auto\"><a class=\"x1i10hfl xjbqb8w x6umtig x1b1mbwd xaqea5y xav7gou x9f619 x1ypdohk xt0psk2 xe8uvvx xdj266r x11i5rnm xat24cr x1mh8g0r xexx8yu x4uap5 x18d9i69 xkhd6sd x16tdsg8 x1hl2dhg xggy1nq x1a2a7pz xt0b8zv x1qq9wsj xo1l8bm\" tabindex=\"0\" role=\"link\" href=\"https:\/\/www.facebook.com\/hashtag\/teatrorodolfousigli?__eep__=6&amp;__cft__[0]=AZVG45U3_1nyDbI9Kr-l5t9xnGv719oH9u6d41y0IkyOfFyMd3SYyZbiKjptsUdCfZl95GgfxYYXliMGI6XF0vXf7YNo-oXRZeVCSg69Mj6h78Hi-avF8dpkfS-ZlEaWhEM&amp;__tn__=*NK-R\">#teatrorodolfousigli<\/a><\/div>\n<div dir=\"auto\"><a class=\"x1i10hfl xjbqb8w x6umtig x1b1mbwd xaqea5y xav7gou x9f619 x1ypdohk xt0psk2 xe8uvvx xdj266r x11i5rnm xat24cr x1mh8g0r xexx8yu x4uap5 x18d9i69 xkhd6sd x16tdsg8 x1hl2dhg xggy1nq x1a2a7pz xt0b8zv x1qq9wsj xo1l8bm\" tabindex=\"0\" role=\"link\" href=\"https:\/\/www.facebook.com\/hashtag\/laincreiblehistoria?__eep__=6&amp;__cft__[0]=AZVG45U3_1nyDbI9Kr-l5t9xnGv719oH9u6d41y0IkyOfFyMd3SYyZbiKjptsUdCfZl95GgfxYYXliMGI6XF0vXf7YNo-oXRZeVCSg69Mj6h78Hi-avF8dpkfS-ZlEaWhEM&amp;__tn__=*NK-R\">#laincreiblehistoria<\/a><\/div>\n<div dir=\"auto\"><a class=\"x1i10hfl xjbqb8w x6umtig x1b1mbwd xaqea5y xav7gou x9f619 x1ypdohk xt0psk2 xe8uvvx xdj266r x11i5rnm xat24cr x1mh8g0r xexx8yu x4uap5 x18d9i69 xkhd6sd x16tdsg8 x1hl2dhg xggy1nq x1a2a7pz xt0b8zv x1qq9wsj xo1l8bm\" tabindex=\"0\" role=\"link\" href=\"https:\/\/www.facebook.com\/hashtag\/bitacoracdmx?__eep__=6&amp;__cft__[0]=AZVG45U3_1nyDbI9Kr-l5t9xnGv719oH9u6d41y0IkyOfFyMd3SYyZbiKjptsUdCfZl95GgfxYYXliMGI6XF0vXf7YNo-oXRZeVCSg69Mj6h78Hi-avF8dpkfS-ZlEaWhEM&amp;__tn__=*NK-R\">#bitacoracdmx<\/a><\/div>\n<p>[\/fusion_text][fusion_gallery layout=&#8221;&#8221; picture_size=&#8221;&#8221; columns=&#8221;&#8221; column_spacing=&#8221;10&#8243; gallery_masonry_grid_ratio=&#8221;&#8221; gallery_masonry_width_double=&#8221;&#8221; hover_type=&#8221;&#8221; lightbox=&#8221;yes&#8221; lightbox_content=&#8221;&#8221; bordersize=&#8221;&#8221; bordercolor=&#8221;&#8221; border_radius=&#8221;&#8221; hide_on_mobile=&#8221;small-visibility,medium-visibility,large-visibility&#8221; class=&#8221;&#8221; id=&#8221;&#8221;][fusion_gallery_image image=&#8221;https:\/\/www.bitacoracdmx.com\/wp-content\/uploads\/2023\/02\/WhatsApp-Image-2023-02-12-at-8.47.36-PM-170&#215;300.jpeg&#8221; image_id=&#8221;49451|medium&#8221; link=&#8221;&#8221; linktarget=&#8221;_self&#8221; \/][fusion_gallery_image image=&#8221;https:\/\/www.bitacoracdmx.com\/wp-content\/uploads\/2023\/02\/WhatsApp-Image-2023-02-13-at-1.05.28-PM-2-300&#215;226.jpeg&#8221; image_id=&#8221;49452|medium&#8221; link=&#8221;&#8221; linktarget=&#8221;_self&#8221; \/][fusion_gallery_image image=&#8221;https:\/\/www.bitacoracdmx.com\/wp-content\/uploads\/2023\/02\/WhatsApp-Image-2023-02-13-at-1.05.28-PM-300&#215;226.jpeg&#8221; image_id=&#8221;49453|medium&#8221; link=&#8221;&#8221; linktarget=&#8221;_self&#8221; \/][fusion_gallery_image image=&#8221;https:\/\/www.bitacoracdmx.com\/wp-content\/uploads\/2023\/02\/WhatsApp-Image-2023-02-13-at-1.05.27-PM-300&#215;226.jpeg&#8221; image_id=&#8221;49454|medium&#8221; link=&#8221;&#8221; linktarget=&#8221;_self&#8221; \/][\/fusion_gallery][\/fusion_builder_column][\/fusion_builder_row][\/fusion_builder_container]<\/p>\n","protected":false},"excerpt":{"rendered":"<p>[fusion_builder_container hundred_percent=&#8221;no&#8221; equal_height_columns=&#8221;no&#8221; menu_anchor=&#8221;&#8221; hide_on_mobile=&#8221;small-visibility,medium-visibility,large-visibility&#8221; class=&#8221;&#8221; id=&#8221;&#8221; background_color=&#8221;&#8221; background_image=&#8221;&#8221; background_position=&#8221;center center&#8221; background_repeat=&#8221;no-repeat&#8221; fade=&#8221;no&#8221; background_parallax=&#8221;none&#8221; parallax_speed=&#8221;0.3&#8243; video_mp4=&#8221;&#8221; video_webm=&#8221;&#8221; video_ogv=&#8221;&#8221; video_url=&#8221;&#8221; video_aspect_ratio=&#8221;16:9&#8243; video_loop=&#8221;yes&#8221; video_mute=&#8221;yes&#8221; overlay_color=&#8221;&#8221; video_preview_image=&#8221;&#8221; border_size=&#8221;&#8221; border_color=&#8221;&#8221; border_style=&#8221;solid&#8221; padding_top=&#8221;&#8221; padding_bottom=&#8221;&#8221; padding_left=&#8221;&#8221; padding_right=&#8221;&#8221;][fusion_builder_row][fusion_builder_column type=&#8221;1_1&#8243; layout=&#8221;1_1&#8243; background_position=&#8221;left top&#8221; background_color=&#8221;&#8221; border_size=&#8221;&#8221; border_color=&#8221;&#8221; border_style=&#8221;solid&#8221; border_position=&#8221;all&#8221; spacing=&#8221;yes&#8221; background_image=&#8221;&#8221; background_repeat=&#8221;no-repeat&#8221; padding_top=&#8221;&#8221; padding_right=&#8221;&#8221; padding_bottom=&#8221;&#8221; padding_left=&#8221;&#8221; margin_top=&#8221;0px&#8221; margin_bottom=&#8221;0px&#8221; class=&#8221;&#8221; id=&#8221;&#8221; animation_type=&#8221;&#8221; animation_speed=&#8221;0.3&#8243; animation_direction=&#8221;left&#8221; hide_on_mobile=&#8221;small-visibility,medium-visibility,large-visibility&#8221; center_content=&#8221;no&#8221; last=&#8221;no&#8221; min_height=&#8221;&#8221; hover_type=&#8221;none&#8221; link=&#8221;&#8221;][fusion_text] REDACCI\u00d3N Fotos: Audrey Guardado La obra est\u00e1 basada en hechos reales mujeres inspiradoras que pase a las adversidades de sus discapacidades lograron sus intereses y compartieron sus conocimientos para hacer un mundo m\u00e1s inclusivo, Helen Keller y Anne Sullivan, alumna [&hellip;]<\/p>\n","protected":false},"author":1,"featured_media":49451,"comment_status":"open","ping_status":"open","sticky":false,"template":"","format":"standard","meta":{"footnotes":""},"categories":[9,14],"tags":[],"_links":{"self":[{"href":"https:\/\/www.bitacoracdmx.com\/index.php?rest_route=\/wp\/v2\/posts\/49450"}],"collection":[{"href":"https:\/\/www.bitacoracdmx.com\/index.php?rest_route=\/wp\/v2\/posts"}],"about":[{"href":"https:\/\/www.bitacoracdmx.com\/index.php?rest_route=\/wp\/v2\/types\/post"}],"author":[{"embeddable":true,"href":"https:\/\/www.bitacoracdmx.com\/index.php?rest_route=\/wp\/v2\/users\/1"}],"replies":[{"embeddable":true,"href":"https:\/\/www.bitacoracdmx.com\/index.php?rest_route=%2Fwp%2Fv2%2Fcomments&post=49450"}],"version-history":[{"count":1,"href":"https:\/\/www.bitacoracdmx.com\/index.php?rest_route=\/wp\/v2\/posts\/49450\/revisions"}],"predecessor-version":[{"id":49455,"href":"https:\/\/www.bitacoracdmx.com\/index.php?rest_route=\/wp\/v2\/posts\/49450\/revisions\/49455"}],"wp:featuredmedia":[{"embeddable":true,"href":"https:\/\/www.bitacoracdmx.com\/index.php?rest_route=\/wp\/v2\/media\/49451"}],"wp:attachment":[{"href":"https:\/\/www.bitacoracdmx.com\/index.php?rest_route=%2Fwp%2Fv2%2Fmedia&parent=49450"}],"wp:term":[{"taxonomy":"category","embeddable":true,"href":"https:\/\/www.bitacoracdmx.com\/index.php?rest_route=%2Fwp%2Fv2%2Fcategories&post=49450"},{"taxonomy":"post_tag","embeddable":true,"href":"https:\/\/www.bitacoracdmx.com\/index.php?rest_route=%2Fwp%2Fv2%2Ftags&post=49450"}],"curies":[{"name":"wp","href":"https:\/\/api.w.org\/{rel}","templated":true}]}}