{"id":49462,"date":"2023-02-16T01:37:16","date_gmt":"2023-02-16T01:37:16","guid":{"rendered":"https:\/\/www.bitacoracdmx.com\/?p=49462"},"modified":"2023-02-16T01:37:16","modified_gmt":"2023-02-16T01:37:16","slug":"secretaria-de-cultura-capitalina-convoca-al-taller-tecnicas-orquestales-para-compositoras-y-compositores-2023-de-la-ofcm","status":"publish","type":"post","link":"https:\/\/www.bitacoracdmx.com\/?p=49462","title":{"rendered":"SECRETAR\u00cdA DE CULTURA CAPITALINA convoca al taller \u201cT\u00c9CNICAS ORQUESTALES PARA COMPOSITORAS Y COMPOSITORES (2023)&#8221; de la OFCM"},"content":{"rendered":"<p>[fusion_builder_container hundred_percent=&#8221;no&#8221; equal_height_columns=&#8221;no&#8221; menu_anchor=&#8221;&#8221; hide_on_mobile=&#8221;small-visibility,medium-visibility,large-visibility&#8221; class=&#8221;&#8221; id=&#8221;&#8221; background_color=&#8221;&#8221; background_image=&#8221;&#8221; background_position=&#8221;center center&#8221; background_repeat=&#8221;no-repeat&#8221; fade=&#8221;no&#8221; background_parallax=&#8221;none&#8221; parallax_speed=&#8221;0.3&#8243; video_mp4=&#8221;&#8221; video_webm=&#8221;&#8221; video_ogv=&#8221;&#8221; video_url=&#8221;&#8221; video_aspect_ratio=&#8221;16:9&#8243; video_loop=&#8221;yes&#8221; video_mute=&#8221;yes&#8221; overlay_color=&#8221;&#8221; video_preview_image=&#8221;&#8221; border_size=&#8221;&#8221; border_color=&#8221;&#8221; border_style=&#8221;solid&#8221; padding_top=&#8221;&#8221; padding_bottom=&#8221;&#8221; padding_left=&#8221;&#8221; padding_right=&#8221;&#8221;][fusion_builder_row][fusion_builder_column type=&#8221;1_1&#8243; layout=&#8221;1_1&#8243; background_position=&#8221;left top&#8221; background_color=&#8221;&#8221; border_size=&#8221;&#8221; border_color=&#8221;&#8221; border_style=&#8221;solid&#8221; border_position=&#8221;all&#8221; spacing=&#8221;yes&#8221; background_image=&#8221;&#8221; background_repeat=&#8221;no-repeat&#8221; padding_top=&#8221;&#8221; padding_right=&#8221;&#8221; padding_bottom=&#8221;&#8221; padding_left=&#8221;&#8221; margin_top=&#8221;0px&#8221; margin_bottom=&#8221;0px&#8221; class=&#8221;&#8221; id=&#8221;&#8221; animation_type=&#8221;&#8221; animation_speed=&#8221;0.3&#8243; animation_direction=&#8221;left&#8221; hide_on_mobile=&#8221;small-visibility,medium-visibility,large-visibility&#8221; center_content=&#8221;no&#8221; last=&#8221;no&#8221; min_height=&#8221;&#8221; hover_type=&#8221;none&#8221; link=&#8221;&#8221;][fusion_text]<\/p>\n<p>REDACCI\u00d3N<\/p>\n<ul>\n<li>Las y los interesados deber\u00e1n mandar su solicitud antes del 22 de marzo junto a una carta propuesta de menos de 500 palabras con las razones para participar en este taller que imparten los 15 instrumentistas de la Orquesta Filarm\u00f3nica de la Ciudad de M\u00e9xico<\/li>\n<li>Est\u00e1 dirigido a profesionales en la composici\u00f3n musical o en el \u00faltimo a\u00f1o de su formaci\u00f3n profesional; de los solicitantes ser\u00e1n elegidos 10 compositoras y compositores que trabajar\u00e1n de manera directa con los instrumentistas de la OFCM en un esquema de tutor\u00edas grupales<\/li>\n<\/ul>\n<p dir=\"ltr\">La\u00a0<strong>Orquesta Filarm\u00f3nica de la Ciudad de M\u00e9xico de la Secretar\u00eda de Cultura<\/strong>\u00a0<strong>capitalina<\/strong>\u00a0abri\u00f3 la convocatoria para su taller gratuito\u00a0<strong>\u201cT\u00e9cnicas orquestales para compositoras y compositores 2023\u201d<\/strong>\u00a0dirigido a profesionales en la composici\u00f3n musical o en el \u00faltimo a\u00f1o de su formaci\u00f3n profesional.<br aria-hidden=\"true\" \/>\u00a0<br aria-hidden=\"true\" \/>Dicho taller que se realizar\u00e1 en la\u00a0<strong>Sala Silvestre Revueltas del Centro Cultural Ollin Yoliztli<\/strong>\u00a0y est\u00e1 enfocado en perfeccionar los conocimientos de las t\u00e9cnicas de ejecuci\u00f3n de los instrumentos de una orquesta, sus recursos, posibilidades, uso de t\u00e9cnicas extendidas, accesorios, as\u00ed como el uso m\u00e1s eficiente del lenguaje gr\u00e1fico para la escritura de partituras.<br aria-hidden=\"true\" \/>\u00a0<br aria-hidden=\"true\" \/>Por medio de\u00a0<strong>la convocatoria se elegir\u00e1 a 10 compositores<\/strong>, quienes trabajar\u00e1n de manera directa con los 15 instrumentistas integrantes de la Orquesta Filarm\u00f3nica de la Ciudad de M\u00e9xico, uno de cada instrumento de la orquesta, en un esquema de tutor\u00edas grupales.<br aria-hidden=\"true\" \/>\u00a0<br aria-hidden=\"true\" \/>Las y los interesados deber\u00e1n presentar una carta propuesta dirigida al comit\u00e9 de selecci\u00f3n, donde explique de manera breve en menos de 500 palabras las razones para participar en este taller; una partitura para orquesta, o dos partituras para ensamble instrumental de su autor\u00eda, que deber\u00e1n demostrar la escritura para secciones de cuerda, maderas, metales y percusiones.<br aria-hidden=\"true\" \/>\u00a0<br aria-hidden=\"true\" \/>Todo se tendr\u00e1 que enviar al correo convocatoriaofcm@gmail.com junto a v\u00ednculos ilustrativos de su obra en video o audio, un breviario curricular actualizado y un documento probatorio de adscripci\u00f3n institucional.<br aria-hidden=\"true\" \/>\u00a0<br aria-hidden=\"true\" \/>La recepci\u00f3n de propuestas estar\u00e1 abierta hasta el mi\u00e9rcoles 22 de marzo y la publicaci\u00f3n de resultados se har\u00e1 el viernes 7 de abril, cuando se dar\u00e1n a conocer los nombres de las personas seleccionadas as\u00ed como la hoja de instrucciones a seguir, as\u00ed como fechas asignadas para su participaci\u00f3n que iniciar\u00e1 el lunes 17 de abril.<br aria-hidden=\"true\" \/>\u00a0<br aria-hidden=\"true\" \/>En plan de trabajo se dividir\u00e1 en tres m\u00f3dulos:<br aria-hidden=\"true\" \/><\/p>\n<ul>\n<li>Primer m\u00f3dulo. 15 sesiones de trabajo a modo de clase magistral, con \u00e9nfasis en las particularidades t\u00e9cnico-musicales de cada instrumento en turno. Se analizar\u00e1n determinados pasajes del repertorio orquestal de diversas \u00e9pocas, con especial atenci\u00f3n al lenguaje idiom\u00e1tico de cada uno de los instrumentos y los recursos utilizados por las y los compositores de la tradici\u00f3n y la actualidad.<\/li>\n<\/ul>\n<div><\/div>\n<ul>\n<li>Segundo m\u00f3dulo. 15 sesiones de lectura, revisi\u00f3n, ejecuci\u00f3n y an\u00e1lisis de ejercicios para instrumento solo realizados por las personas participantes, con una metodolog\u00eda de \u201censayo-y-error\u201d. Actividad con retroalimentaci\u00f3n directa entre los participantes y el tutor en turno.<\/li>\n<\/ul>\n<div><\/div>\n<ul>\n<li>Tercer m\u00f3dulo. \u201cDesde el atril\u201d. Asistencia grupal a ensayos de la Orquesta Filarm\u00f3nica de la Ciudad de M\u00e9xico. Las y los participantes tendr\u00e1n acceso al escenario durante uno de los ensayos de la temporada 2023 OFCM, elegido por las y los tutores, y se ubicar\u00e1n cerca de la secci\u00f3n correspondiente. Antes, durante el descanso y al finalizar el ensayo, habr\u00e1 reuniones de an\u00e1lisis con el tutor, con relaci\u00f3n al contenido del ensayo en turno. Los y las participantes recibir\u00e1n una copia de la partitura a analizar, que servir\u00e1 de material de trabajo directo durante el desarrollo del ensayo.<\/li>\n<\/ul>\n<p dir=\"ltr\">\u00a0<br aria-hidden=\"true\" \/>Finalmente el martes 31 de octubre se realizar\u00e1 una ceremonia en la Sala Silvestre Revueltas del Centro Cultural Ollin Yoliztli en la que se entregar\u00e1 a los participantes una constancia que acredite el n\u00famero de horas de asistencia.<br aria-hidden=\"true\" \/>\u00a0<br aria-hidden=\"true\" \/>La informaci\u00f3n completa con los requisitos de la convocatoria puede consultarse en el sitio:<br aria-hidden=\"true\" \/>https:\/\/www.cultura.cdmx.gob.mx\/eventos\/evento\/convocatoria-taller-gratuito-de-tecnicas-orquestales-para-compositoras-y-compositores-2023<br aria-hidden=\"true\" \/>\u00a0<br aria-hidden=\"true\" \/>Para saber todas las actividades de la Secretar\u00eda de Cultura capitalina se puede consultar la Cartelera de la Ciudad de M\u00e9xico\u00a0 (<a href=\"https:\/\/gob.us21.list-manage.com\/track\/click?u=24ab1d8cf82850533a5af327c&amp;id=04a2751e6b&amp;e=4fe2704bc3\" target=\"_blank\" rel=\"noopener noreferrer\" data-auth=\"NotApplicable\" data-linkindex=\"0\">https:\/\/cartelera.cdmx.gob.mx\/<\/a>) \u00a0y las redes sociales de la Secretar\u00eda de Cultura:\u00a0Facebook, Twitter, Instagram y YouTube.<\/p>\n<p>[\/fusion_text][fusion_imageframe image_id=&#8221;49463|medium&#8221; max_width=&#8221;&#8221; style_type=&#8221;&#8221; blur=&#8221;&#8221; stylecolor=&#8221;&#8221; hover_type=&#8221;none&#8221; bordersize=&#8221;&#8221; bordercolor=&#8221;&#8221; borderradius=&#8221;&#8221; align=&#8221;none&#8221; lightbox=&#8221;no&#8221; gallery_id=&#8221;&#8221; lightbox_image=&#8221;&#8221; lightbox_image_id=&#8221;&#8221; alt=&#8221;&#8221; link=&#8221;&#8221; linktarget=&#8221;_self&#8221; hide_on_mobile=&#8221;small-visibility,medium-visibility,large-visibility&#8221; class=&#8221;&#8221; id=&#8221;&#8221; animation_type=&#8221;&#8221; animation_direction=&#8221;left&#8221; animation_speed=&#8221;0.3&#8243; animation_offset=&#8221;&#8221;]https:\/\/www.bitacoracdmx.com\/wp-content\/uploads\/2023\/02\/83a78052-bdd8-bccd-70e1-34f94ad8ec49-300&#215;300.jpg[\/fusion_imageframe][\/fusion_builder_column][\/fusion_builder_row][\/fusion_builder_container]<\/p>\n","protected":false},"excerpt":{"rendered":"<p>[fusion_builder_container hundred_percent=&#8221;no&#8221; equal_height_columns=&#8221;no&#8221; menu_anchor=&#8221;&#8221; hide_on_mobile=&#8221;small-visibility,medium-visibility,large-visibility&#8221; class=&#8221;&#8221; id=&#8221;&#8221; background_color=&#8221;&#8221; background_image=&#8221;&#8221; background_position=&#8221;center center&#8221; background_repeat=&#8221;no-repeat&#8221; fade=&#8221;no&#8221; background_parallax=&#8221;none&#8221; parallax_speed=&#8221;0.3&#8243; video_mp4=&#8221;&#8221; video_webm=&#8221;&#8221; video_ogv=&#8221;&#8221; video_url=&#8221;&#8221; video_aspect_ratio=&#8221;16:9&#8243; video_loop=&#8221;yes&#8221; video_mute=&#8221;yes&#8221; overlay_color=&#8221;&#8221; video_preview_image=&#8221;&#8221; border_size=&#8221;&#8221; border_color=&#8221;&#8221; border_style=&#8221;solid&#8221; padding_top=&#8221;&#8221; padding_bottom=&#8221;&#8221; padding_left=&#8221;&#8221; padding_right=&#8221;&#8221;][fusion_builder_row][fusion_builder_column type=&#8221;1_1&#8243; layout=&#8221;1_1&#8243; background_position=&#8221;left top&#8221; background_color=&#8221;&#8221; border_size=&#8221;&#8221; border_color=&#8221;&#8221; border_style=&#8221;solid&#8221; border_position=&#8221;all&#8221; spacing=&#8221;yes&#8221; background_image=&#8221;&#8221; background_repeat=&#8221;no-repeat&#8221; padding_top=&#8221;&#8221; padding_right=&#8221;&#8221; padding_bottom=&#8221;&#8221; padding_left=&#8221;&#8221; margin_top=&#8221;0px&#8221; margin_bottom=&#8221;0px&#8221; class=&#8221;&#8221; id=&#8221;&#8221; animation_type=&#8221;&#8221; animation_speed=&#8221;0.3&#8243; animation_direction=&#8221;left&#8221; hide_on_mobile=&#8221;small-visibility,medium-visibility,large-visibility&#8221; center_content=&#8221;no&#8221; last=&#8221;no&#8221; min_height=&#8221;&#8221; hover_type=&#8221;none&#8221; link=&#8221;&#8221;][fusion_text] REDACCI\u00d3N Las y los interesados deber\u00e1n mandar su solicitud antes del 22 de marzo junto a una carta propuesta de menos de 500 palabras con las razones para participar en este taller que imparten los 15 instrumentistas de la Orquesta [&hellip;]<\/p>\n","protected":false},"author":1,"featured_media":49463,"comment_status":"open","ping_status":"open","sticky":false,"template":"","format":"standard","meta":{"footnotes":""},"categories":[9,11],"tags":[],"_links":{"self":[{"href":"https:\/\/www.bitacoracdmx.com\/index.php?rest_route=\/wp\/v2\/posts\/49462"}],"collection":[{"href":"https:\/\/www.bitacoracdmx.com\/index.php?rest_route=\/wp\/v2\/posts"}],"about":[{"href":"https:\/\/www.bitacoracdmx.com\/index.php?rest_route=\/wp\/v2\/types\/post"}],"author":[{"embeddable":true,"href":"https:\/\/www.bitacoracdmx.com\/index.php?rest_route=\/wp\/v2\/users\/1"}],"replies":[{"embeddable":true,"href":"https:\/\/www.bitacoracdmx.com\/index.php?rest_route=%2Fwp%2Fv2%2Fcomments&post=49462"}],"version-history":[{"count":1,"href":"https:\/\/www.bitacoracdmx.com\/index.php?rest_route=\/wp\/v2\/posts\/49462\/revisions"}],"predecessor-version":[{"id":49464,"href":"https:\/\/www.bitacoracdmx.com\/index.php?rest_route=\/wp\/v2\/posts\/49462\/revisions\/49464"}],"wp:featuredmedia":[{"embeddable":true,"href":"https:\/\/www.bitacoracdmx.com\/index.php?rest_route=\/wp\/v2\/media\/49463"}],"wp:attachment":[{"href":"https:\/\/www.bitacoracdmx.com\/index.php?rest_route=%2Fwp%2Fv2%2Fmedia&parent=49462"}],"wp:term":[{"taxonomy":"category","embeddable":true,"href":"https:\/\/www.bitacoracdmx.com\/index.php?rest_route=%2Fwp%2Fv2%2Fcategories&post=49462"},{"taxonomy":"post_tag","embeddable":true,"href":"https:\/\/www.bitacoracdmx.com\/index.php?rest_route=%2Fwp%2Fv2%2Ftags&post=49462"}],"curies":[{"name":"wp","href":"https:\/\/api.w.org\/{rel}","templated":true}]}}