{"id":49478,"date":"2023-02-17T07:08:44","date_gmt":"2023-02-17T07:08:44","guid":{"rendered":"https:\/\/www.bitacoracdmx.com\/?p=49478"},"modified":"2023-02-17T07:08:44","modified_gmt":"2023-02-17T07:08:44","slug":"alejandro-fernandez-hara-vibrar-acapulco-con-nuevo-concierto","status":"publish","type":"post","link":"https:\/\/www.bitacoracdmx.com\/?p=49478","title":{"rendered":"Alejandro Fern\u00e1ndez har\u00e1 vibrar Acapulco con nuevo concierto"},"content":{"rendered":"<p>[fusion_builder_container hundred_percent=&#8221;no&#8221; equal_height_columns=&#8221;no&#8221; menu_anchor=&#8221;&#8221; hide_on_mobile=&#8221;small-visibility,medium-visibility,large-visibility&#8221; class=&#8221;&#8221; id=&#8221;&#8221; background_color=&#8221;&#8221; background_image=&#8221;&#8221; background_position=&#8221;center center&#8221; background_repeat=&#8221;no-repeat&#8221; fade=&#8221;no&#8221; background_parallax=&#8221;none&#8221; parallax_speed=&#8221;0.3&#8243; video_mp4=&#8221;&#8221; video_webm=&#8221;&#8221; video_ogv=&#8221;&#8221; video_url=&#8221;&#8221; video_aspect_ratio=&#8221;16:9&#8243; video_loop=&#8221;yes&#8221; video_mute=&#8221;yes&#8221; overlay_color=&#8221;&#8221; video_preview_image=&#8221;&#8221; border_size=&#8221;&#8221; border_color=&#8221;&#8221; border_style=&#8221;solid&#8221; padding_top=&#8221;&#8221; padding_bottom=&#8221;&#8221; padding_left=&#8221;&#8221; padding_right=&#8221;&#8221;][fusion_builder_row][fusion_builder_column type=&#8221;1_1&#8243; layout=&#8221;1_1&#8243; background_position=&#8221;left top&#8221; background_color=&#8221;&#8221; border_size=&#8221;&#8221; border_color=&#8221;&#8221; border_style=&#8221;solid&#8221; border_position=&#8221;all&#8221; spacing=&#8221;yes&#8221; background_image=&#8221;&#8221; background_repeat=&#8221;no-repeat&#8221; padding_top=&#8221;&#8221; padding_right=&#8221;&#8221; padding_bottom=&#8221;&#8221; padding_left=&#8221;&#8221; margin_top=&#8221;0px&#8221; margin_bottom=&#8221;0px&#8221; class=&#8221;&#8221; id=&#8221;&#8221; animation_type=&#8221;&#8221; animation_speed=&#8221;0.3&#8243; animation_direction=&#8221;left&#8221; hide_on_mobile=&#8221;small-visibility,medium-visibility,large-visibility&#8221; center_content=&#8221;no&#8221; last=&#8221;no&#8221; min_height=&#8221;&#8221; hover_type=&#8221;none&#8221; link=&#8221;&#8221;][fusion_text]<\/p>\n<p>REDACCI\u00d3N<\/p>\n<div class=\"pr-story--element-space\">\n<div class=\"pr-story-subheader\">\n<h3 class=\"pr-story--subheader text--wrap pr-font--sans\">El potrillo regresa a M\u00e9xico con una presentaci\u00f3n en Guerrero este 2023<\/h3>\n<\/div>\n<\/div>\n<div class=\"pr-story--element-space\">\n<div class=\"pr-story-subheader\">\n<h3 class=\"pr-story--subheader text--wrap pr-font--sans\">6 DE ABRIL \u2013 ARENA GNP SEGUROS<\/h3>\n<\/div>\n<\/div>\n<div class=\"pr-story--element-space\">\n<div class=\"pr-story-subheader\">\n<h3 class=\"pr-story--subheader text--wrap pr-font--sans\">Preventa Citibanamex: 20 de febrero<\/h3>\n<\/div>\n<\/div>\n<div class=\"pr-story--element-space\">\n<div class=\"pr-story-paragraph\">\n<div class=\"pr-story--text\">El m\u00e1ximo exponente de la m\u00fasica regional mexicana,\u00a0<b>Alejandro Fern\u00e1ndez<\/b>, anuncia una fecha este 2023 en nuestro pa\u00eds. El cantante visitar\u00e1 a su p\u00fablico guerrerense el\u00a0<b>6 de abril<\/b>\u00a0para presentarse en la renovada\u00a0<b>Arena GNP Seguros<\/b>\u00a0del puerto de Acapulco, para ofrecer uno de los conciertos m\u00e1s memorables de este a\u00f1o.<\/div>\n<div><\/div>\n<\/div>\n<\/div>\n<div class=\"pr-story--element-space\">\n<div class=\"pr-story-paragraph\">\n<div class=\"pr-story--text\"><b>Alejandro Fern\u00e1ndez<\/b>\u00a0es uno de los cantantes m\u00e1s importantes de M\u00e9xico y Latinoam\u00e9rica, llevando con orgullo la m\u00fasica mexicana a todos los rincones del mundo. Despu\u00e9s de la partida de su padre, Alejandro se ha mantenido en lo alto, cosechando \u00e9xitos con sus canciones y conquistado al p\u00fablico en cada escenario donde se presenta.<\/div>\n<div><\/div>\n<\/div>\n<\/div>\n<div class=\"pr-story--element-space\">\n<div class=\"pr-story-paragraph\">\n<div class=\"pr-story--text\">Hace pocas semanas el cantante estren\u00f3 su m\u00e1s reciente sencillo titulado \u201cInexperto En Olvidarte\u201d, una canci\u00f3n donde habla de las dificultades de las relaciones amorosas, los errores y el arrepentimiento de perder a esa persona que m\u00e1s amas. A la par, se public\u00f3 el video de la canci\u00f3n el cual lleva ya m\u00e1s de tres millones de reproducciones en YouTube, a tan s\u00f3lo semanas de salir a la luz.<\/div>\n<div><\/div>\n<\/div>\n<\/div>\n<div class=\"pr-story--element-space\">\n<div class=\"pr-story-paragraph\">\n<div class=\"pr-story--text\"><b>\u201cInexperto En Olvidarte\u201d ya se encuentra entre las canciones preferidas por los fans de Alejandro Fern\u00e1ndez en todas las plataformas. Ac\u00e1 te dejamos el <\/b><a href=\"https:\/\/www.youtube.com\/watch?v=xv10AbmoZsU\"><b>link<\/b><\/a><b>\u00a0para escuchar esta bell\u00edsima canci\u00f3n.<\/b><\/div>\n<\/div>\n<\/div>\n<div class=\"pr-story--element-space\">\n<div class=\"pr-story-paragraph\">\n<div><\/div>\n<div class=\"pr-story--text\">Con m\u00e1s de 15 millones de oyentes mensuales y m\u00e1s de 6 millones de seguidores en Spotify,\u00a0<b>Alejandro Fern\u00e1ndez<\/b>\u00a0se mantiene en lo alto de las tendencias de nuestro pa\u00eds y de Latinoam\u00e9rica. La edici\u00f3n especial de su disco\u00a0<i>Hecho En M\u00e9xico<\/i>\u00a0ha sido todo un hito, ya que lo ha llevado a confirmar una larga lista de presentaciones para este 2023 en pa\u00edses como Chile, Paraguay, Argentina, Per\u00fa, Ecuador, Colombia y m\u00e1s.<\/div>\n<div><\/div>\n<\/div>\n<\/div>\n<div class=\"pr-story--element-space\">\n<div class=\"pr-story-paragraph\">\n<div class=\"pr-story--text\">Este a\u00f1o, el mejor exponente de la m\u00fasica regional mexicana,\u00a0<b>Alejandro Fern\u00e1ndez<\/b>, est\u00e1 de regreso en su patria. El pr\u00f3ximo\u00a0<b>6 de abril\u00a0<\/b>el Potrillo dar\u00e1 un concierto inolvidable en la\u00a0<b>Arena GNP Seguros<\/b>\u00a0<b>en Acapulco, Guerrero<\/b>. Los boletos estar\u00e1n en\u00a0<b>preventa Citibanamex el<\/b>\u00a0<b>20 de febrero<\/b>, y un d\u00eda despu\u00e9s los podr\u00e1s adquirir en las taquillas de los inmuebles o a trav\u00e9s de\u00a0<a href=\"http:\/\/www.ticketmaster.com.mx\/\">www.ticketmaster.com.mx<\/a><\/div>\n<\/div>\n<\/div>\n<div><\/div>\n<div>\n<div dir=\"auto\"><a class=\"x1i10hfl xjbqb8w x6umtig x1b1mbwd xaqea5y xav7gou x9f619 x1ypdohk xt0psk2 xe8uvvx xdj266r x11i5rnm xat24cr x1mh8g0r xexx8yu x4uap5 x18d9i69 xkhd6sd x16tdsg8 x1hl2dhg xggy1nq x1a2a7pz xt0b8zv x1qq9wsj xo1l8bm\" tabindex=\"0\" role=\"link\" href=\"https:\/\/www.facebook.com\/hashtag\/alejandrofern%C3%A1ndez?__eep__=6&amp;__cft__[0]=AZUaiU3db4iv4af6_A1dERRvn1lVHgEOPS8VbXt7NGxx-VXhJtFBK21nelsnc9rfBovWM9TGvJKrsh9ErNUvldR1fWuB4PQmHNRwV3ZrQITA8GOCDwq5mt_eK6mo2AFBpow&amp;__tn__=*NK-R\">#AlejandroFern\u00e1ndez<\/a><\/div>\n<div dir=\"auto\"><a class=\"x1i10hfl xjbqb8w x6umtig x1b1mbwd xaqea5y xav7gou x9f619 x1ypdohk xt0psk2 xe8uvvx xdj266r x11i5rnm xat24cr x1mh8g0r xexx8yu x4uap5 x18d9i69 xkhd6sd x16tdsg8 x1hl2dhg xggy1nq x1a2a7pz xt0b8zv x1qq9wsj xo1l8bm\" tabindex=\"0\" role=\"link\" href=\"https:\/\/www.facebook.com\/hashtag\/arenagnpseguros?__eep__=6&amp;__cft__[0]=AZUaiU3db4iv4af6_A1dERRvn1lVHgEOPS8VbXt7NGxx-VXhJtFBK21nelsnc9rfBovWM9TGvJKrsh9ErNUvldR1fWuB4PQmHNRwV3ZrQITA8GOCDwq5mt_eK6mo2AFBpow&amp;__tn__=*NK-R\">#ArenaGNPSeguros<\/a><\/div>\n<div dir=\"auto\"><a class=\"x1i10hfl xjbqb8w x6umtig x1b1mbwd xaqea5y xav7gou x9f619 x1ypdohk xt0psk2 xe8uvvx xdj266r x11i5rnm xat24cr x1mh8g0r xexx8yu x4uap5 x18d9i69 xkhd6sd x16tdsg8 x1hl2dhg xggy1nq x1a2a7pz xt0b8zv x1qq9wsj xo1l8bm\" tabindex=\"0\" role=\"link\" href=\"https:\/\/www.facebook.com\/hashtag\/ocesa?__eep__=6&amp;__cft__[0]=AZUaiU3db4iv4af6_A1dERRvn1lVHgEOPS8VbXt7NGxx-VXhJtFBK21nelsnc9rfBovWM9TGvJKrsh9ErNUvldR1fWuB4PQmHNRwV3ZrQITA8GOCDwq5mt_eK6mo2AFBpow&amp;__tn__=*NK-R\">#OCESA<\/a><\/div>\n<div dir=\"auto\"><a class=\"x1i10hfl xjbqb8w x6umtig x1b1mbwd xaqea5y xav7gou x9f619 x1ypdohk xt0psk2 xe8uvvx xdj266r x11i5rnm xat24cr x1mh8g0r xexx8yu x4uap5 x18d9i69 xkhd6sd x16tdsg8 x1hl2dhg xggy1nq x1a2a7pz xt0b8zv x1qq9wsj xo1l8bm\" tabindex=\"0\" role=\"link\" href=\"https:\/\/www.facebook.com\/hashtag\/ticketmaster?__eep__=6&amp;__cft__[0]=AZUaiU3db4iv4af6_A1dERRvn1lVHgEOPS8VbXt7NGxx-VXhJtFBK21nelsnc9rfBovWM9TGvJKrsh9ErNUvldR1fWuB4PQmHNRwV3ZrQITA8GOCDwq5mt_eK6mo2AFBpow&amp;__tn__=*NK-R\">#ticketmaster<\/a><\/div>\n<div dir=\"auto\"><a class=\"x1i10hfl xjbqb8w x6umtig x1b1mbwd xaqea5y xav7gou x9f619 x1ypdohk xt0psk2 xe8uvvx xdj266r x11i5rnm xat24cr x1mh8g0r xexx8yu x4uap5 x18d9i69 xkhd6sd x16tdsg8 x1hl2dhg xggy1nq x1a2a7pz xt0b8zv x1qq9wsj xo1l8bm\" tabindex=\"0\" role=\"link\" href=\"https:\/\/www.facebook.com\/hashtag\/bitacoracdmx?__eep__=6&amp;__cft__[0]=AZUaiU3db4iv4af6_A1dERRvn1lVHgEOPS8VbXt7NGxx-VXhJtFBK21nelsnc9rfBovWM9TGvJKrsh9ErNUvldR1fWuB4PQmHNRwV3ZrQITA8GOCDwq5mt_eK6mo2AFBpow&amp;__tn__=*NK-R\">#bitacoracdmx<\/a><\/div>\n<\/div>\n<p>[\/fusion_text][fusion_imageframe image_id=&#8221;49479|medium&#8221; max_width=&#8221;&#8221; style_type=&#8221;&#8221; blur=&#8221;&#8221; stylecolor=&#8221;&#8221; hover_type=&#8221;none&#8221; bordersize=&#8221;&#8221; bordercolor=&#8221;&#8221; borderradius=&#8221;&#8221; align=&#8221;none&#8221; lightbox=&#8221;no&#8221; gallery_id=&#8221;&#8221; lightbox_image=&#8221;&#8221; lightbox_image_id=&#8221;&#8221; alt=&#8221;&#8221; link=&#8221;&#8221; linktarget=&#8221;_self&#8221; hide_on_mobile=&#8221;small-visibility,medium-visibility,large-visibility&#8221; class=&#8221;&#8221; id=&#8221;&#8221; animation_type=&#8221;&#8221; animation_direction=&#8221;left&#8221; animation_speed=&#8221;0.3&#8243; animation_offset=&#8221;&#8221;]https:\/\/www.bitacoracdmx.com\/wp-content\/uploads\/2023\/02\/image_processing20230216-2405646-1oke7jr-300&#215;157.jpg[\/fusion_imageframe][\/fusion_builder_column][\/fusion_builder_row][\/fusion_builder_container]<\/p>\n","protected":false},"excerpt":{"rendered":"<p>[fusion_builder_container hundred_percent=&#8221;no&#8221; equal_height_columns=&#8221;no&#8221; menu_anchor=&#8221;&#8221; hide_on_mobile=&#8221;small-visibility,medium-visibility,large-visibility&#8221; class=&#8221;&#8221; id=&#8221;&#8221; background_color=&#8221;&#8221; background_image=&#8221;&#8221; background_position=&#8221;center center&#8221; background_repeat=&#8221;no-repeat&#8221; fade=&#8221;no&#8221; background_parallax=&#8221;none&#8221; parallax_speed=&#8221;0.3&#8243; video_mp4=&#8221;&#8221; video_webm=&#8221;&#8221; video_ogv=&#8221;&#8221; video_url=&#8221;&#8221; video_aspect_ratio=&#8221;16:9&#8243; video_loop=&#8221;yes&#8221; video_mute=&#8221;yes&#8221; overlay_color=&#8221;&#8221; video_preview_image=&#8221;&#8221; border_size=&#8221;&#8221; border_color=&#8221;&#8221; border_style=&#8221;solid&#8221; padding_top=&#8221;&#8221; padding_bottom=&#8221;&#8221; padding_left=&#8221;&#8221; padding_right=&#8221;&#8221;][fusion_builder_row][fusion_builder_column type=&#8221;1_1&#8243; layout=&#8221;1_1&#8243; background_position=&#8221;left top&#8221; background_color=&#8221;&#8221; border_size=&#8221;&#8221; border_color=&#8221;&#8221; border_style=&#8221;solid&#8221; border_position=&#8221;all&#8221; spacing=&#8221;yes&#8221; background_image=&#8221;&#8221; background_repeat=&#8221;no-repeat&#8221; padding_top=&#8221;&#8221; padding_right=&#8221;&#8221; padding_bottom=&#8221;&#8221; padding_left=&#8221;&#8221; margin_top=&#8221;0px&#8221; margin_bottom=&#8221;0px&#8221; class=&#8221;&#8221; id=&#8221;&#8221; animation_type=&#8221;&#8221; animation_speed=&#8221;0.3&#8243; animation_direction=&#8221;left&#8221; hide_on_mobile=&#8221;small-visibility,medium-visibility,large-visibility&#8221; center_content=&#8221;no&#8221; last=&#8221;no&#8221; min_height=&#8221;&#8221; hover_type=&#8221;none&#8221; link=&#8221;&#8221;][fusion_text] REDACCI\u00d3N El potrillo regresa a M\u00e9xico con una presentaci\u00f3n en Guerrero este 2023 6 DE ABRIL \u2013 ARENA GNP SEGUROS Preventa Citibanamex: 20 de febrero El m\u00e1ximo exponente de la m\u00fasica regional mexicana,\u00a0Alejandro Fern\u00e1ndez, anuncia una fecha este 2023 en [&hellip;]<\/p>\n","protected":false},"author":1,"featured_media":49479,"comment_status":"open","ping_status":"open","sticky":false,"template":"","format":"standard","meta":{"footnotes":""},"categories":[9,11],"tags":[],"_links":{"self":[{"href":"https:\/\/www.bitacoracdmx.com\/index.php?rest_route=\/wp\/v2\/posts\/49478"}],"collection":[{"href":"https:\/\/www.bitacoracdmx.com\/index.php?rest_route=\/wp\/v2\/posts"}],"about":[{"href":"https:\/\/www.bitacoracdmx.com\/index.php?rest_route=\/wp\/v2\/types\/post"}],"author":[{"embeddable":true,"href":"https:\/\/www.bitacoracdmx.com\/index.php?rest_route=\/wp\/v2\/users\/1"}],"replies":[{"embeddable":true,"href":"https:\/\/www.bitacoracdmx.com\/index.php?rest_route=%2Fwp%2Fv2%2Fcomments&post=49478"}],"version-history":[{"count":1,"href":"https:\/\/www.bitacoracdmx.com\/index.php?rest_route=\/wp\/v2\/posts\/49478\/revisions"}],"predecessor-version":[{"id":49480,"href":"https:\/\/www.bitacoracdmx.com\/index.php?rest_route=\/wp\/v2\/posts\/49478\/revisions\/49480"}],"wp:featuredmedia":[{"embeddable":true,"href":"https:\/\/www.bitacoracdmx.com\/index.php?rest_route=\/wp\/v2\/media\/49479"}],"wp:attachment":[{"href":"https:\/\/www.bitacoracdmx.com\/index.php?rest_route=%2Fwp%2Fv2%2Fmedia&parent=49478"}],"wp:term":[{"taxonomy":"category","embeddable":true,"href":"https:\/\/www.bitacoracdmx.com\/index.php?rest_route=%2Fwp%2Fv2%2Fcategories&post=49478"},{"taxonomy":"post_tag","embeddable":true,"href":"https:\/\/www.bitacoracdmx.com\/index.php?rest_route=%2Fwp%2Fv2%2Ftags&post=49478"}],"curies":[{"name":"wp","href":"https:\/\/api.w.org\/{rel}","templated":true}]}}