{"id":49502,"date":"2023-02-19T23:40:10","date_gmt":"2023-02-19T23:40:10","guid":{"rendered":"https:\/\/www.bitacoracdmx.com\/?p=49502"},"modified":"2023-02-19T23:40:10","modified_gmt":"2023-02-19T23:40:10","slug":"presentan-chile-y-mexico-plataforma-de-colaboracion-artistica-y-cultural-en-la-faro-cosmos","status":"publish","type":"post","link":"https:\/\/www.bitacoracdmx.com\/?p=49502","title":{"rendered":"Presentan CHILE y M\u00c9XICO plataforma de colaboraci\u00f3n ART\u00cdSTICA y CULTURAL en la FARO COSMOS"},"content":{"rendered":"<p>[fusion_builder_container hundred_percent=&#8221;no&#8221; equal_height_columns=&#8221;no&#8221; menu_anchor=&#8221;&#8221; hide_on_mobile=&#8221;small-visibility,medium-visibility,large-visibility&#8221; class=&#8221;&#8221; id=&#8221;&#8221; background_color=&#8221;&#8221; background_image=&#8221;&#8221; background_position=&#8221;center center&#8221; background_repeat=&#8221;no-repeat&#8221; fade=&#8221;no&#8221; background_parallax=&#8221;none&#8221; parallax_speed=&#8221;0.3&#8243; video_mp4=&#8221;&#8221; video_webm=&#8221;&#8221; video_ogv=&#8221;&#8221; video_url=&#8221;&#8221; video_aspect_ratio=&#8221;16:9&#8243; video_loop=&#8221;yes&#8221; video_mute=&#8221;yes&#8221; overlay_color=&#8221;&#8221; video_preview_image=&#8221;&#8221; border_size=&#8221;&#8221; border_color=&#8221;&#8221; border_style=&#8221;solid&#8221; padding_top=&#8221;&#8221; padding_bottom=&#8221;&#8221; padding_left=&#8221;&#8221; padding_right=&#8221;&#8221;][fusion_builder_row][fusion_builder_column type=&#8221;1_1&#8243; layout=&#8221;1_1&#8243; background_position=&#8221;left top&#8221; background_color=&#8221;&#8221; border_size=&#8221;&#8221; border_color=&#8221;&#8221; border_style=&#8221;solid&#8221; border_position=&#8221;all&#8221; spacing=&#8221;yes&#8221; background_image=&#8221;&#8221; background_repeat=&#8221;no-repeat&#8221; padding_top=&#8221;&#8221; padding_right=&#8221;&#8221; padding_bottom=&#8221;&#8221; padding_left=&#8221;&#8221; margin_top=&#8221;0px&#8221; margin_bottom=&#8221;0px&#8221; class=&#8221;&#8221; id=&#8221;&#8221; animation_type=&#8221;&#8221; animation_speed=&#8221;0.3&#8243; animation_direction=&#8221;left&#8221; hide_on_mobile=&#8221;small-visibility,medium-visibility,large-visibility&#8221; center_content=&#8221;no&#8221; last=&#8221;no&#8221; min_height=&#8221;&#8221; hover_type=&#8221;none&#8221; link=&#8221;&#8221;][fusion_text]<\/p>\n<p>REDACCI\u00d3N<\/p>\n<ul>\n<li>La p\u00e1gina web ser\u00e1 de acceso p\u00fablico a trav\u00e9s del enlace plataformamistral.org.<\/li>\n<li>La plataforma servir\u00e1 como mecanismo de cooperaci\u00f3n internacional para la movilidad de artistas y agentes culturales entre Chile y M\u00e9xico.<\/li>\n<li>La iniciativa surge en el marco del centenario de la estancia de Gabriela Mistral en M\u00e9xico para ayudar a la reforma educativa.<\/li>\n<\/ul>\n<p>Con motivo de promover la cooperaci\u00f3n internacional para la movilidad de artistas y agentes culturales entre\u00a0<strong>Chile<\/strong>\u00a0y\u00a0<strong>M\u00e9xico<\/strong>, adem\u00e1s de fortalecer la econom\u00eda creativa con \u00e9nfasis en el trabajo cultural, la creaci\u00f3n, y el desarrollo comunitario entre ambos pa\u00edses, este s\u00e1bado 18 de febrero se present\u00f3 la p\u00e1gina web\u00a0<strong>Plataforma Mistral<\/strong>\u00a0en la\u00a0<strong>F\u00e1brica de Artes y Oficios (FARO) Cosmos<\/strong>\u00a0de la\u00a0<strong>Ciudad de M\u00e9xico<\/strong>.<br aria-hidden=\"true\" \/><br aria-hidden=\"true\" \/>En el evento estuvieron presentes el director General de Gesti\u00f3n Institucional y Cooperaci\u00f3n Cultural, Jorge Muci\u00f1o Arias; el director de la plataforma, Eduardo Duarte Y\u00e1\u00f1ez; la embajadora de la Rep\u00fablica de Chile en M\u00e9xico, Beatriz S\u00e1nchez Mu\u00f1oz; y el consejero de la embajada de la Rep\u00fablica de Chile en M\u00e9xico, Sebasti\u00e1n Labra Grez.<br aria-hidden=\"true\" \/><br aria-hidden=\"true\" \/>&#8220;Gabriela Mistral prefiri\u00f3 siempre estar m\u00e1s cerca de las comunidades m\u00e1s pobres de nuestro pa\u00eds compartiendo sus conocimientos, y en ese sentido de hermandad y con vocaci\u00f3n social nos encontramos con Eduardo, con la iniciativa de la Plataforma Mistral&#8221; dijo Muci\u00f1o Arias en representaci\u00f3n de la secretaria de Cultura capitalina, Claudia Curiel de Icaza.<br aria-hidden=\"true\" \/>&#8220;Estamos muy contentos hoy para lanzar este mecanismo, que naci\u00f3 el a\u00f1o pasado, 2022, como un sue\u00f1o de hermandad y un puente entre Chile y M\u00e9xico para la unidad de artistas y agentes culturales entre los pa\u00edses&#8221;, mencion\u00f3 Eduardo Duarte.<br aria-hidden=\"true\" \/><br aria-hidden=\"true\" \/>La iniciativa plataformamistral.org ya cuenta con proyectos en desarrollo como la Creaci\u00f3n Esc\u00e9nica Binacional entre M\u00e9xico y Chile que comenz\u00f3 en octubre de 2022, la gira internacional de la obra de danza contempor\u00e1nea, \u201c[Vi]entre Gabriela\u201d y la clase magistral Cuerpo Sonoro que imparti\u00f3 la licenciada en Danza por parte de la Universidad, ARCIS de Chile, Adriana Ireland.<br aria-hidden=\"true\" \/>&#8220;Aqu\u00ed se unen almas, personas y esp\u00edritus inquietos y eso es yo creo que es lo m\u00e1s interesante, que haya inquietud por hacer cosas, que hay ganas por hacer cuestiones distintas&#8221; dijo la embajadora chilena, Beatriz S\u00e1nchez Mu\u00f1oz.<br aria-hidden=\"true\" \/><br aria-hidden=\"true\" \/>La plataforma cuenta con la participaci\u00f3n de m\u00e1s de 30 profesionales de la cultura, entre gestores, artistas y cooperantes internacionales que buscar\u00e1n convertir a la plataforma en un referente de gesti\u00f3n, autogesti\u00f3n fortalecido desde el trabajo colaborativo p\u00fablico-privado con la industria cultural y las organizaciones culturales colectivas y barriales.<br aria-hidden=\"true\" \/><br aria-hidden=\"true\" \/>El sitio funciona como homenaje a Lucila Godoy Alcayaga, mejor conocida como Gabriela Mistral, escritora, diplom\u00e1tica y pedagoga nacida el 7 de abril de 1889 en Vicu\u00f1a, Chile, que form\u00f3 parte de las autoras que constituyeron los antecedentes del boom latinoamericano debido a sus progresos en la materia de la poes\u00eda y la difusi\u00f3n de material literario por diferentes pa\u00edses de Latinoam\u00e9rica.<br aria-hidden=\"true\" \/><br aria-hidden=\"true\" \/>Se debe recordar que la autora chilena, quien gan\u00f3 el Premio Nobel de Literatura en 1945, tuvo una estrecha relaci\u00f3n con M\u00e9xico debido a la invitaci\u00f3n que recibi\u00f3 por parte de Jos\u00e9 Vasconcelos en 1922 para apoyar la reforma educativa, que fue sustancial para el desarrollo de la alfabetizaci\u00f3n en el pa\u00eds, y a la recopilaci\u00f3n de textos para la educaci\u00f3n en su antolog\u00eda Lecturas para mujeres publicada por la Secretar\u00eda de Educaci\u00f3n Mexicana en 1923.<br aria-hidden=\"true\" \/><br aria-hidden=\"true\" \/>Adem\u00e1s de M\u00e9xico, la autora chilena, particip\u00f3 en diferentes actividades de pa\u00edses europeos, Francia, Espa\u00f1a e Italia, y en terrenos latinoamericanos como Santo Domingo, Cuba, El Salvador, Costa Rica, Guatemala y Panam\u00e1, pa\u00eds en el que fue galardonada con la Orqu\u00eddea de Oro y La Flor del Esp\u00edritu Santo, los reconocimientos m\u00e1s importantes de la Escuela Normal de Institutoras de Panam\u00e1.<br aria-hidden=\"true\" \/><br aria-hidden=\"true\" \/>Las actividades\u202fde\u202fla\u202f<strong>Secretar\u00eda\u202fde\u202fCultura\u202fcapitalina<\/strong>\u202fse pueden conocer\u202fen\u202fla p\u00e1gina oficial en\u202fla Cartelera de\u202fla Ciudad\u202fde\u202fM\u00e9xico (<a href=\"https:\/\/gob.us21.list-manage.com\/track\/click?u=24ab1d8cf82850533a5af327c&amp;id=fae61dc22c&amp;e=4fe2704bc3\" target=\"_blank\" rel=\"noopener noreferrer\" data-auth=\"NotApplicable\" data-linkindex=\"0\">https:\/\/cartelera.cdmx.gob.mx\/<\/a>), y a trav\u00e9s\u202fde\u202fsus redes sociales:\u202fFacebook, Twitter, Instagram y YouTube.<\/p>\n<div dir=\"auto\"><a class=\"x1i10hfl xjbqb8w x6umtig x1b1mbwd xaqea5y xav7gou x9f619 x1ypdohk xt0psk2 xe8uvvx xdj266r x11i5rnm xat24cr x1mh8g0r xexx8yu x4uap5 x18d9i69 xkhd6sd x16tdsg8 x1hl2dhg xggy1nq x1a2a7pz xt0b8zv x1qq9wsj xo1l8bm\" tabindex=\"0\" role=\"link\" href=\"https:\/\/www.facebook.com\/hashtag\/farocosmos?__eep__=6&amp;__cft__[0]=AZUq8LJf-6Ft7A3GMtRZFaoENDu0MKaVQSjDM-k5qlzHskhMqw8bPfXKsJa9KaxYmtNVv9Pimb3hMzoRZHAy2SKZeoKv0gHD2a7oa9GKyHfk8G5fKzwtwyY5fdsxIEeB-ns&amp;__tn__=*NK-R\">#FAROCosmos<\/a><\/div>\n<div dir=\"auto\"><a class=\"x1i10hfl xjbqb8w x6umtig x1b1mbwd xaqea5y xav7gou x9f619 x1ypdohk xt0psk2 xe8uvvx xdj266r x11i5rnm xat24cr x1mh8g0r xexx8yu x4uap5 x18d9i69 xkhd6sd x16tdsg8 x1hl2dhg xggy1nq x1a2a7pz xt0b8zv x1qq9wsj xo1l8bm\" tabindex=\"0\" role=\"link\" href=\"https:\/\/www.facebook.com\/hashtag\/secretariadeculturacdmx?__eep__=6&amp;__cft__[0]=AZUq8LJf-6Ft7A3GMtRZFaoENDu0MKaVQSjDM-k5qlzHskhMqw8bPfXKsJa9KaxYmtNVv9Pimb3hMzoRZHAy2SKZeoKv0gHD2a7oa9GKyHfk8G5fKzwtwyY5fdsxIEeB-ns&amp;__tn__=*NK-R\">#secretariadeculturacdmx<\/a><\/div>\n<div dir=\"auto\"><a class=\"x1i10hfl xjbqb8w x6umtig x1b1mbwd xaqea5y xav7gou x9f619 x1ypdohk xt0psk2 xe8uvvx xdj266r x11i5rnm xat24cr x1mh8g0r xexx8yu x4uap5 x18d9i69 xkhd6sd x16tdsg8 x1hl2dhg xggy1nq x1a2a7pz xt0b8zv x1qq9wsj xo1l8bm\" tabindex=\"0\" role=\"link\" href=\"https:\/\/www.facebook.com\/hashtag\/bitacoracdmx?__eep__=6&amp;__cft__[0]=AZUq8LJf-6Ft7A3GMtRZFaoENDu0MKaVQSjDM-k5qlzHskhMqw8bPfXKsJa9KaxYmtNVv9Pimb3hMzoRZHAy2SKZeoKv0gHD2a7oa9GKyHfk8G5fKzwtwyY5fdsxIEeB-ns&amp;__tn__=*NK-R\">#bitacoracdmx<\/a><\/div>\n<p>[\/fusion_text][fusion_imageframe image_id=&#8221;49503|medium&#8221; max_width=&#8221;&#8221; style_type=&#8221;&#8221; blur=&#8221;&#8221; stylecolor=&#8221;&#8221; hover_type=&#8221;none&#8221; bordersize=&#8221;&#8221; bordercolor=&#8221;&#8221; borderradius=&#8221;&#8221; align=&#8221;none&#8221; lightbox=&#8221;no&#8221; gallery_id=&#8221;&#8221; lightbox_image=&#8221;&#8221; lightbox_image_id=&#8221;&#8221; alt=&#8221;&#8221; link=&#8221;&#8221; linktarget=&#8221;_self&#8221; hide_on_mobile=&#8221;small-visibility,medium-visibility,large-visibility&#8221; class=&#8221;&#8221; id=&#8221;&#8221; animation_type=&#8221;&#8221; animation_direction=&#8221;left&#8221; animation_speed=&#8221;0.3&#8243; animation_offset=&#8221;&#8221;]https:\/\/www.bitacoracdmx.com\/wp-content\/uploads\/2023\/02\/cf901ad5-889b-ad40-46cd-cd6bf72d3ea5-300&#215;200.jpg[\/fusion_imageframe][\/fusion_builder_column][\/fusion_builder_row][\/fusion_builder_container]<\/p>\n","protected":false},"excerpt":{"rendered":"<p>[fusion_builder_container hundred_percent=&#8221;no&#8221; equal_height_columns=&#8221;no&#8221; menu_anchor=&#8221;&#8221; hide_on_mobile=&#8221;small-visibility,medium-visibility,large-visibility&#8221; class=&#8221;&#8221; id=&#8221;&#8221; background_color=&#8221;&#8221; background_image=&#8221;&#8221; background_position=&#8221;center center&#8221; background_repeat=&#8221;no-repeat&#8221; fade=&#8221;no&#8221; background_parallax=&#8221;none&#8221; parallax_speed=&#8221;0.3&#8243; video_mp4=&#8221;&#8221; video_webm=&#8221;&#8221; video_ogv=&#8221;&#8221; video_url=&#8221;&#8221; video_aspect_ratio=&#8221;16:9&#8243; video_loop=&#8221;yes&#8221; video_mute=&#8221;yes&#8221; overlay_color=&#8221;&#8221; video_preview_image=&#8221;&#8221; border_size=&#8221;&#8221; border_color=&#8221;&#8221; border_style=&#8221;solid&#8221; padding_top=&#8221;&#8221; padding_bottom=&#8221;&#8221; padding_left=&#8221;&#8221; padding_right=&#8221;&#8221;][fusion_builder_row][fusion_builder_column type=&#8221;1_1&#8243; layout=&#8221;1_1&#8243; background_position=&#8221;left top&#8221; background_color=&#8221;&#8221; border_size=&#8221;&#8221; border_color=&#8221;&#8221; border_style=&#8221;solid&#8221; border_position=&#8221;all&#8221; spacing=&#8221;yes&#8221; background_image=&#8221;&#8221; background_repeat=&#8221;no-repeat&#8221; padding_top=&#8221;&#8221; padding_right=&#8221;&#8221; padding_bottom=&#8221;&#8221; padding_left=&#8221;&#8221; margin_top=&#8221;0px&#8221; margin_bottom=&#8221;0px&#8221; class=&#8221;&#8221; id=&#8221;&#8221; animation_type=&#8221;&#8221; animation_speed=&#8221;0.3&#8243; animation_direction=&#8221;left&#8221; hide_on_mobile=&#8221;small-visibility,medium-visibility,large-visibility&#8221; center_content=&#8221;no&#8221; last=&#8221;no&#8221; min_height=&#8221;&#8221; hover_type=&#8221;none&#8221; link=&#8221;&#8221;][fusion_text] REDACCI\u00d3N La p\u00e1gina web ser\u00e1 de acceso p\u00fablico a trav\u00e9s del enlace plataformamistral.org. La plataforma servir\u00e1 como mecanismo de cooperaci\u00f3n internacional para la movilidad de artistas y agentes culturales entre Chile y M\u00e9xico. La iniciativa surge en el marco del [&hellip;]<\/p>\n","protected":false},"author":1,"featured_media":49503,"comment_status":"open","ping_status":"open","sticky":false,"template":"","format":"standard","meta":{"footnotes":""},"categories":[5,4,9],"tags":[],"_links":{"self":[{"href":"https:\/\/www.bitacoracdmx.com\/index.php?rest_route=\/wp\/v2\/posts\/49502"}],"collection":[{"href":"https:\/\/www.bitacoracdmx.com\/index.php?rest_route=\/wp\/v2\/posts"}],"about":[{"href":"https:\/\/www.bitacoracdmx.com\/index.php?rest_route=\/wp\/v2\/types\/post"}],"author":[{"embeddable":true,"href":"https:\/\/www.bitacoracdmx.com\/index.php?rest_route=\/wp\/v2\/users\/1"}],"replies":[{"embeddable":true,"href":"https:\/\/www.bitacoracdmx.com\/index.php?rest_route=%2Fwp%2Fv2%2Fcomments&post=49502"}],"version-history":[{"count":1,"href":"https:\/\/www.bitacoracdmx.com\/index.php?rest_route=\/wp\/v2\/posts\/49502\/revisions"}],"predecessor-version":[{"id":49504,"href":"https:\/\/www.bitacoracdmx.com\/index.php?rest_route=\/wp\/v2\/posts\/49502\/revisions\/49504"}],"wp:featuredmedia":[{"embeddable":true,"href":"https:\/\/www.bitacoracdmx.com\/index.php?rest_route=\/wp\/v2\/media\/49503"}],"wp:attachment":[{"href":"https:\/\/www.bitacoracdmx.com\/index.php?rest_route=%2Fwp%2Fv2%2Fmedia&parent=49502"}],"wp:term":[{"taxonomy":"category","embeddable":true,"href":"https:\/\/www.bitacoracdmx.com\/index.php?rest_route=%2Fwp%2Fv2%2Fcategories&post=49502"},{"taxonomy":"post_tag","embeddable":true,"href":"https:\/\/www.bitacoracdmx.com\/index.php?rest_route=%2Fwp%2Fv2%2Ftags&post=49502"}],"curies":[{"name":"wp","href":"https:\/\/api.w.org\/{rel}","templated":true}]}}