{"id":49595,"date":"2023-02-23T03:40:27","date_gmt":"2023-02-23T03:40:27","guid":{"rendered":"https:\/\/www.bitacoracdmx.com\/?p=49595"},"modified":"2023-02-23T03:40:27","modified_gmt":"2023-02-23T03:40:27","slug":"resaltan-los-derechos-culturales-linguisticos-en-el-marco-del-dia-internacional-de-la-lengua-materna","status":"publish","type":"post","link":"https:\/\/www.bitacoracdmx.com\/?p=49595","title":{"rendered":"Resaltan los DERECHOS CULTURALES LING\u00dc\u00cdSTICOS en el marco del D\u00cdA INTERNACIONAL DE LA LENGUA MATERNA"},"content":{"rendered":"<p>[fusion_builder_container hundred_percent=&#8221;no&#8221; equal_height_columns=&#8221;no&#8221; menu_anchor=&#8221;&#8221; hide_on_mobile=&#8221;small-visibility,medium-visibility,large-visibility&#8221; class=&#8221;&#8221; id=&#8221;&#8221; background_color=&#8221;&#8221; background_image=&#8221;&#8221; background_position=&#8221;center center&#8221; background_repeat=&#8221;no-repeat&#8221; fade=&#8221;no&#8221; background_parallax=&#8221;none&#8221; parallax_speed=&#8221;0.3&#8243; video_mp4=&#8221;&#8221; video_webm=&#8221;&#8221; video_ogv=&#8221;&#8221; video_url=&#8221;&#8221; video_aspect_ratio=&#8221;16:9&#8243; video_loop=&#8221;yes&#8221; video_mute=&#8221;yes&#8221; overlay_color=&#8221;&#8221; video_preview_image=&#8221;&#8221; border_size=&#8221;&#8221; border_color=&#8221;&#8221; border_style=&#8221;solid&#8221; padding_top=&#8221;&#8221; padding_bottom=&#8221;&#8221; padding_left=&#8221;&#8221; padding_right=&#8221;&#8221;][fusion_builder_row][fusion_builder_column type=&#8221;1_1&#8243; layout=&#8221;1_1&#8243; background_position=&#8221;left top&#8221; background_color=&#8221;&#8221; border_size=&#8221;&#8221; border_color=&#8221;&#8221; border_style=&#8221;solid&#8221; border_position=&#8221;all&#8221; spacing=&#8221;yes&#8221; background_image=&#8221;&#8221; background_repeat=&#8221;no-repeat&#8221; padding_top=&#8221;&#8221; padding_right=&#8221;&#8221; padding_bottom=&#8221;&#8221; padding_left=&#8221;&#8221; margin_top=&#8221;0px&#8221; margin_bottom=&#8221;0px&#8221; class=&#8221;&#8221; id=&#8221;&#8221; animation_type=&#8221;&#8221; animation_speed=&#8221;0.3&#8243; animation_direction=&#8221;left&#8221; hide_on_mobile=&#8221;small-visibility,medium-visibility,large-visibility&#8221; center_content=&#8221;no&#8221; last=&#8221;no&#8221; min_height=&#8221;&#8221; hover_type=&#8221;none&#8221; link=&#8221;&#8221;][fusion_text]<\/p>\n<p>REDACCI\u00d3N<\/p>\n<ul>\n<li>La jornada continuar\u00e1 hasta el 28 de febrero con proyecciones cinematogr\u00e1ficas en la FARO Cosmos y charlas virtuales desde las redes sociales de la Direcci\u00f3n General del Instituto de la Defensa de los Derechos Culturales.<\/li>\n<li>De manera especial, el p\u00fablico podr\u00e1 disfrutar el reestreno de los 10 cap\u00edtulos de la serie\u00a0<em>Lenguas en Resistencia<\/em>, que acercar\u00e1 a las y los espectadores a la diversidad ling\u00fc\u00edstica de M\u00e9xico.<\/li>\n<\/ul>\n<p>Durante el primer d\u00eda de actividades de la jornada cultural \u201c<strong>Ciudad de Lenguas Vivas\u201d,<\/strong>\u00a0que realiza la\u00a0<strong>Secretar\u00eda de Cultura de la Ciudad de M\u00e9xico<\/strong>\u00a0hasta el 28 de febrero en el marco del\u00a0<strong>D\u00eda Internacional de la Lengua Materna<\/strong>, sus participantes destacaron desde el nuevo Centro Artesanal Garibaldi la importancia del habla en la capital de las lenguas originarias de diversas comunidades ind\u00edgenas, como parte del ejercicio de los derechos culturales ling\u00fc\u00edsticos.<br aria-hidden=\"true\" \/><br aria-hidden=\"true\" \/>&#8220;Antes de la mal llamada Conquista en M\u00e9xico se hablaban m\u00e1s de 100 lenguas ind\u00edgenas, es decir, hemos perdido una cantidad muy importante y en este panorama la Ciudad de M\u00e9xico es el lugar de nuestro pa\u00eds en el que se habla el mayor n\u00famero, 55 de las 68 lenguas que se hablan en todo el territorio nacional&#8221;, resalt\u00f3 Jes\u00fas Galindo Calder\u00f3n, titular del Instituto de la Defensa de los Derechos Culturales.<br aria-hidden=\"true\" \/><br aria-hidden=\"true\" \/>Al compartir que en Am\u00e9rica Latina M\u00e9xico ocupa el segundo lugar, detr\u00e1s de Brasil, en el que m\u00e1s lenguas ind\u00edgenas se habla, el funcionario capitalino subray\u00f3 que el habla es uno de los principales derechos culturales establecidos en la Constituci\u00f3n de la ciudad, el cual da a los ciudadanos la libertad de expresarse en la lengua de su preferencia, acci\u00f3n que se ha impulsado desde la instituci\u00f3n a su cargo de la mano de las diversas comunidades hablantes.<br aria-hidden=\"true\" \/><br aria-hidden=\"true\" \/>Durante su participaci\u00f3n en el primer conversatorio titulado \u201cConservando mi lengua materna, retos y dificultades\u201d, Jos\u00e9 Luis Castro, representante en la Ciudad de M\u00e9xico del Instituto Nacional de Pueblos Ind\u00edgenas (INPI), celebr\u00f3 el actual cambio de paradigma que permite valorar a las lenguas originarias con la creaci\u00f3n de la Universidad de las Lenguas Ind\u00edgenas de M\u00e9xico, que ofrecer\u00e1 cuatro licenciaturas en ense\u00f1anza, traducci\u00f3n, literatura ind\u00edgena y comunicaci\u00f3n ind\u00edgena.<br aria-hidden=\"true\" \/><br aria-hidden=\"true\" \/>&#8220;Este ser\u00e1 un espacio muy importante para los integrantes de los pueblos y comunidades ind\u00edgenas, porque van a encontrar un espacio privilegiado para prepararse de manera profesional en el aprendizaje de su lengua. Hay un n\u00famero importante que est\u00e1n en peligro de extinci\u00f3n; en algunas de ellas hay pocos hablantes todav\u00eda y es muy importante preservarlas, porque en la lengua se conservan todos los saberes ancestrales de cada pueblo&#8221;, extern\u00f3 Castro.<br aria-hidden=\"true\" \/><br aria-hidden=\"true\" \/>Miembros de diversas comunidades hablantes externaron la importancia de que las acciones para fortalecer su lengua se encaminen de la mano con las autoridades, al tiempo que destacaron como primer impulso la herencia cultural de la lengua entre los miembros de su familia para dejar atr\u00e1s los prejuicios y la discriminaci\u00f3n que vivieron sus antecesores.<br aria-hidden=\"true\" \/><br aria-hidden=\"true\" \/>&#8220;La lengua materna es arte, cultura, identidad, m\u00fasica, canto, poes\u00eda y gastronom\u00eda, es toda nuestra cultura. Yo los invito, hermanos ind\u00edgenas, a que ense\u00f1emos a nuestros hijos y a nuestros nietos nuestras tradiciones y nuestra lengua materna; que no se nos olvide de d\u00f3nde somos y de d\u00f3nde venimos&#8221;, comparti\u00f3 durante la jornada Elba Ram\u00edrez Hern\u00e1ndez, hablante de zapoteco.<br aria-hidden=\"true\" \/><br aria-hidden=\"true\" \/>La celebraci\u00f3n del primer d\u00eda de actividades tambi\u00e9n cont\u00f3 con la participaci\u00f3n de la Banda Regional La Soledad, quien con sones tradicionales en instrumentos de viento comparti\u00f3 la tradici\u00f3n musical y danc\u00edstica de la Sierra Norte de Oaxaca.<br aria-hidden=\"true\" \/><br aria-hidden=\"true\" \/>La jornada cultural \u201cCiudad de Lenguas Vivas\u201d compartir\u00e1 25 actividades entre virtuales y presenciales del 21 al 28 de febrero en el marco del\u00a0<strong>D\u00eda Internacional de la Lengua Materna<\/strong>, establecido el\u00a0<strong>21 de febrero<\/strong>\u00a0por la Organizaci\u00f3n de las Naciones Unidas para la Educaci\u00f3n, la Ciencia y la Cultura (Unesco).<br aria-hidden=\"true\" \/><br aria-hidden=\"true\" \/>Asimismo, el p\u00fablico podr\u00e1 disfrutar de diversas charlas de manera virtual desde las redes sociales de la\u00a0<strong>Direcci\u00f3n General del Instituto de la Defensa de los Derechos Culturales<\/strong>\u00a0y diversas proyecciones cinematogr\u00e1ficas desde la F\u00e1brica de Artes y Oficios (FARO) Cosmos, donde se podr\u00e1 disfrutar el reestreno de los 10 cap\u00edtulos de la serie\u00a0<em>Lenguas en Resistencia<\/em>, producida por la SEPI y Canal 11, la cual acercar\u00e1 a los espectadores a la diversidad ling\u00fc\u00edstica de M\u00e9xico.<br aria-hidden=\"true\" \/><br aria-hidden=\"true\" \/>Durante el segundo d\u00eda, de 11:00 a 13:00 horas, se trasmitir\u00e1 por las redes sociales la mesa de di\u00e1logo \u201cLas lenguas maternas en la Ciudad de M\u00e9xico\u201d y una entrevista con el artista mazateco Filogonio Nax\u00edn, titulada \u201cLa pintura, mi segunda lengua\u201d, en la que se abordar\u00e1 la importancia de visibilizar las lenguas ind\u00edgenas desde diferentes disciplinas.<br aria-hidden=\"true\" \/><br aria-hidden=\"true\" \/>En el marco del encuentro el Instituto de la Defensa de los Derechos Culturales comparte con los asistentes los m\u00e1s de 64 materiales que se han producido en apoyo a la difusi\u00f3n de esta diversidad ling\u00fc\u00edstica, accesible en la p\u00e1gina\u00a0<a href=\"https:\/\/gob.us21.list-manage.com\/track\/click?u=24ab1d8cf82850533a5af327c&amp;id=055656b9df&amp;e=4fe2704bc3\" target=\"_blank\" rel=\"noopener noreferrer\" data-auth=\"NotApplicable\" data-linkindex=\"0\">https:\/\/www.cultura.cdmx.gob.mx\/ciudad-de-lenguas-vivas<\/a>, para conocer m\u00e1s detalles visite las redes sociales en\u00a0<a href=\"https:\/\/gob.us21.list-manage.com\/track\/click?u=24ab1d8cf82850533a5af327c&amp;id=547f3225bd&amp;e=4fe2704bc3\" target=\"_blank\" rel=\"noopener noreferrer\" data-auth=\"NotApplicable\" data-linkindex=\"1\">https:\/\/www.facebook.com\/DGIDDC<\/a>.<br aria-hidden=\"true\" \/><br aria-hidden=\"true\" \/>Tambi\u00e9n se puede consultar la\u00a0<strong>Cartelera de la Ciudad de M\u00e9xico<\/strong>\u00a0(<a href=\"https:\/\/gob.us21.list-manage.com\/track\/click?u=24ab1d8cf82850533a5af327c&amp;id=b20e61ac4a&amp;e=4fe2704bc3\" target=\"_blank\" rel=\"noopener noreferrer\" data-auth=\"NotApplicable\" data-linkindex=\"2\">https:\/\/cartelera.cdmx.gob.mx\/<\/a>) y las redes sociales de la Secretar\u00eda de Cultura: Facebook, Twitter, Instagram y YouTube.<\/p>\n<div dir=\"auto\"><a class=\"x1i10hfl xjbqb8w x6umtig x1b1mbwd xaqea5y xav7gou x9f619 x1ypdohk xt0psk2 xe8uvvx xdj266r x11i5rnm xat24cr x1mh8g0r xexx8yu x4uap5 x18d9i69 xkhd6sd x16tdsg8 x1hl2dhg xggy1nq x1a2a7pz xt0b8zv x1qq9wsj xo1l8bm\" tabindex=\"0\" role=\"link\" href=\"https:\/\/www.facebook.com\/hashtag\/diainternacionaldelalenguamaterna?__eep__=6&amp;__cft__[0]=AZXarHSIUaipd6Ik43NoDvb-jj9IMoDZjbgcdMHkbYnwC_iBlJyr2vrS2uU-rXU2Afgm9NP2esaDwStpJGUghGu68o9cbjFZ9P98jYXH2xhwZEhP2HZGGaIN3Tbw0SpJqAKJpXNtflfAgiyoQwh3MUnF&amp;__tn__=*NK-R\">#DiaInternacionalDeLaLenguaMaterna<\/a><\/div>\n<div dir=\"auto\"><a class=\"x1i10hfl xjbqb8w x6umtig x1b1mbwd xaqea5y xav7gou x9f619 x1ypdohk xt0psk2 xe8uvvx xdj266r x11i5rnm xat24cr x1mh8g0r xexx8yu x4uap5 x18d9i69 xkhd6sd x16tdsg8 x1hl2dhg xggy1nq x1a2a7pz xt0b8zv x1qq9wsj xo1l8bm\" tabindex=\"0\" role=\"link\" href=\"https:\/\/www.facebook.com\/hashtag\/secretariadeculturacdmx?__eep__=6&amp;__cft__[0]=AZXarHSIUaipd6Ik43NoDvb-jj9IMoDZjbgcdMHkbYnwC_iBlJyr2vrS2uU-rXU2Afgm9NP2esaDwStpJGUghGu68o9cbjFZ9P98jYXH2xhwZEhP2HZGGaIN3Tbw0SpJqAKJpXNtflfAgiyoQwh3MUnF&amp;__tn__=*NK-R\">#secretariadeculturacdmx<\/a><\/div>\n<div dir=\"auto\"><a class=\"x1i10hfl xjbqb8w x6umtig x1b1mbwd xaqea5y xav7gou x9f619 x1ypdohk xt0psk2 xe8uvvx xdj266r x11i5rnm xat24cr x1mh8g0r xexx8yu x4uap5 x18d9i69 xkhd6sd x16tdsg8 x1hl2dhg xggy1nq x1a2a7pz xt0b8zv x1qq9wsj xo1l8bm\" tabindex=\"0\" role=\"link\" href=\"https:\/\/www.facebook.com\/hashtag\/bitacoracdmx?__eep__=6&amp;__cft__[0]=AZXarHSIUaipd6Ik43NoDvb-jj9IMoDZjbgcdMHkbYnwC_iBlJyr2vrS2uU-rXU2Afgm9NP2esaDwStpJGUghGu68o9cbjFZ9P98jYXH2xhwZEhP2HZGGaIN3Tbw0SpJqAKJpXNtflfAgiyoQwh3MUnF&amp;__tn__=*NK-R\">#bitacoracdmx<\/a><\/div>\n<p>[\/fusion_text][fusion_imageframe image_id=&#8221;49596|medium&#8221; max_width=&#8221;&#8221; style_type=&#8221;&#8221; blur=&#8221;&#8221; stylecolor=&#8221;&#8221; hover_type=&#8221;none&#8221; bordersize=&#8221;&#8221; bordercolor=&#8221;&#8221; borderradius=&#8221;&#8221; align=&#8221;none&#8221; lightbox=&#8221;no&#8221; gallery_id=&#8221;&#8221; lightbox_image=&#8221;&#8221; lightbox_image_id=&#8221;&#8221; alt=&#8221;&#8221; link=&#8221;&#8221; linktarget=&#8221;_self&#8221; hide_on_mobile=&#8221;small-visibility,medium-visibility,large-visibility&#8221; class=&#8221;&#8221; id=&#8221;&#8221; animation_type=&#8221;&#8221; animation_direction=&#8221;left&#8221; animation_speed=&#8221;0.3&#8243; animation_offset=&#8221;&#8221;]https:\/\/www.bitacoracdmx.com\/wp-content\/uploads\/2023\/02\/d48dbf4c-57c2-e325-2e7a-0775b13a833d-300&#215;200.jpg[\/fusion_imageframe][\/fusion_builder_column][\/fusion_builder_row][\/fusion_builder_container]<\/p>\n","protected":false},"excerpt":{"rendered":"<p>[fusion_builder_container hundred_percent=&#8221;no&#8221; equal_height_columns=&#8221;no&#8221; menu_anchor=&#8221;&#8221; hide_on_mobile=&#8221;small-visibility,medium-visibility,large-visibility&#8221; class=&#8221;&#8221; id=&#8221;&#8221; background_color=&#8221;&#8221; background_image=&#8221;&#8221; background_position=&#8221;center center&#8221; background_repeat=&#8221;no-repeat&#8221; fade=&#8221;no&#8221; background_parallax=&#8221;none&#8221; parallax_speed=&#8221;0.3&#8243; video_mp4=&#8221;&#8221; video_webm=&#8221;&#8221; video_ogv=&#8221;&#8221; video_url=&#8221;&#8221; video_aspect_ratio=&#8221;16:9&#8243; video_loop=&#8221;yes&#8221; video_mute=&#8221;yes&#8221; overlay_color=&#8221;&#8221; video_preview_image=&#8221;&#8221; border_size=&#8221;&#8221; border_color=&#8221;&#8221; border_style=&#8221;solid&#8221; padding_top=&#8221;&#8221; padding_bottom=&#8221;&#8221; padding_left=&#8221;&#8221; padding_right=&#8221;&#8221;][fusion_builder_row][fusion_builder_column type=&#8221;1_1&#8243; layout=&#8221;1_1&#8243; background_position=&#8221;left top&#8221; background_color=&#8221;&#8221; border_size=&#8221;&#8221; border_color=&#8221;&#8221; border_style=&#8221;solid&#8221; border_position=&#8221;all&#8221; spacing=&#8221;yes&#8221; background_image=&#8221;&#8221; background_repeat=&#8221;no-repeat&#8221; padding_top=&#8221;&#8221; padding_right=&#8221;&#8221; padding_bottom=&#8221;&#8221; padding_left=&#8221;&#8221; margin_top=&#8221;0px&#8221; margin_bottom=&#8221;0px&#8221; class=&#8221;&#8221; id=&#8221;&#8221; animation_type=&#8221;&#8221; animation_speed=&#8221;0.3&#8243; animation_direction=&#8221;left&#8221; hide_on_mobile=&#8221;small-visibility,medium-visibility,large-visibility&#8221; center_content=&#8221;no&#8221; last=&#8221;no&#8221; min_height=&#8221;&#8221; hover_type=&#8221;none&#8221; link=&#8221;&#8221;][fusion_text] REDACCI\u00d3N La jornada continuar\u00e1 hasta el 28 de febrero con proyecciones cinematogr\u00e1ficas en la FARO Cosmos y charlas virtuales desde las redes sociales de la Direcci\u00f3n General del Instituto de la Defensa de los Derechos Culturales. De manera especial, el [&hellip;]<\/p>\n","protected":false},"author":1,"featured_media":49596,"comment_status":"open","ping_status":"open","sticky":false,"template":"","format":"standard","meta":{"footnotes":""},"categories":[5,9],"tags":[],"_links":{"self":[{"href":"https:\/\/www.bitacoracdmx.com\/index.php?rest_route=\/wp\/v2\/posts\/49595"}],"collection":[{"href":"https:\/\/www.bitacoracdmx.com\/index.php?rest_route=\/wp\/v2\/posts"}],"about":[{"href":"https:\/\/www.bitacoracdmx.com\/index.php?rest_route=\/wp\/v2\/types\/post"}],"author":[{"embeddable":true,"href":"https:\/\/www.bitacoracdmx.com\/index.php?rest_route=\/wp\/v2\/users\/1"}],"replies":[{"embeddable":true,"href":"https:\/\/www.bitacoracdmx.com\/index.php?rest_route=%2Fwp%2Fv2%2Fcomments&post=49595"}],"version-history":[{"count":2,"href":"https:\/\/www.bitacoracdmx.com\/index.php?rest_route=\/wp\/v2\/posts\/49595\/revisions"}],"predecessor-version":[{"id":49598,"href":"https:\/\/www.bitacoracdmx.com\/index.php?rest_route=\/wp\/v2\/posts\/49595\/revisions\/49598"}],"wp:featuredmedia":[{"embeddable":true,"href":"https:\/\/www.bitacoracdmx.com\/index.php?rest_route=\/wp\/v2\/media\/49596"}],"wp:attachment":[{"href":"https:\/\/www.bitacoracdmx.com\/index.php?rest_route=%2Fwp%2Fv2%2Fmedia&parent=49595"}],"wp:term":[{"taxonomy":"category","embeddable":true,"href":"https:\/\/www.bitacoracdmx.com\/index.php?rest_route=%2Fwp%2Fv2%2Fcategories&post=49595"},{"taxonomy":"post_tag","embeddable":true,"href":"https:\/\/www.bitacoracdmx.com\/index.php?rest_route=%2Fwp%2Fv2%2Ftags&post=49595"}],"curies":[{"name":"wp","href":"https:\/\/api.w.org\/{rel}","templated":true}]}}