{"id":49613,"date":"2023-02-24T04:29:49","date_gmt":"2023-02-24T04:29:49","guid":{"rendered":"https:\/\/www.bitacoracdmx.com\/?p=49613"},"modified":"2023-02-24T04:29:49","modified_gmt":"2023-02-24T04:29:49","slug":"amantes-de-la-musica-y-el-cine-toman-la-alameda-central-en-edicion-especial-de-picnic-de-vinil","status":"publish","type":"post","link":"https:\/\/www.bitacoracdmx.com\/?p=49613","title":{"rendered":"Amantes de la m\u00fasica y el cine toman la ALAMEDA CENTRAL en edici\u00f3n especial de \u201cPICNIC DE VINIL\u201d"},"content":{"rendered":"<p>[fusion_builder_container hundred_percent=&#8221;no&#8221; equal_height_columns=&#8221;no&#8221; menu_anchor=&#8221;&#8221; hide_on_mobile=&#8221;small-visibility,medium-visibility,large-visibility&#8221; class=&#8221;&#8221; id=&#8221;&#8221; background_color=&#8221;&#8221; background_image=&#8221;&#8221; background_position=&#8221;center center&#8221; background_repeat=&#8221;no-repeat&#8221; fade=&#8221;no&#8221; background_parallax=&#8221;none&#8221; parallax_speed=&#8221;0.3&#8243; video_mp4=&#8221;&#8221; video_webm=&#8221;&#8221; video_ogv=&#8221;&#8221; video_url=&#8221;&#8221; video_aspect_ratio=&#8221;16:9&#8243; video_loop=&#8221;yes&#8221; video_mute=&#8221;yes&#8221; overlay_color=&#8221;&#8221; video_preview_image=&#8221;&#8221; border_size=&#8221;&#8221; border_color=&#8221;&#8221; border_style=&#8221;solid&#8221; padding_top=&#8221;&#8221; padding_bottom=&#8221;&#8221; padding_left=&#8221;&#8221; padding_right=&#8221;&#8221;][fusion_builder_row][fusion_builder_column type=&#8221;1_1&#8243; layout=&#8221;1_1&#8243; background_position=&#8221;left top&#8221; background_color=&#8221;&#8221; border_size=&#8221;&#8221; border_color=&#8221;&#8221; border_style=&#8221;solid&#8221; border_position=&#8221;all&#8221; spacing=&#8221;yes&#8221; background_image=&#8221;&#8221; background_repeat=&#8221;no-repeat&#8221; padding_top=&#8221;&#8221; padding_right=&#8221;&#8221; padding_bottom=&#8221;&#8221; padding_left=&#8221;&#8221; margin_top=&#8221;0px&#8221; margin_bottom=&#8221;0px&#8221; class=&#8221;&#8221; id=&#8221;&#8221; animation_type=&#8221;&#8221; animation_speed=&#8221;0.3&#8243; animation_direction=&#8221;left&#8221; hide_on_mobile=&#8221;small-visibility,medium-visibility,large-visibility&#8221; center_content=&#8221;no&#8221; last=&#8221;no&#8221; min_height=&#8221;&#8221; hover_type=&#8221;none&#8221; link=&#8221;&#8221;][fusion_text]<\/p>\n<p>REDACCI\u00d3N<\/p>\n<ul dir=\"ltr\">\n<li>Los fieles radioescuchas de Reactor 105.7 llegaron desde las 10:00 horas para compartir su m\u00fasica favorita durante cinco horas en la Alameda Central, que por un d\u00eda se convirti\u00f3 en una cabina de radio<\/li>\n<li>Desde hace ocho a\u00f1os, la estaci\u00f3n del Instituto Mexicano de la Radio ofrece la iniciativa &#8220;Picnic de Vinil&#8221;, que se realiz\u00f3 durante los viernes a mediados de cada mes hasta la pandemia, y ahora se reactiva en conjunto con la Secretar\u00eda de Cultura capitalina<\/li>\n<\/ul>\n<ul>\n<li>Los fieles radioescuchas de Reactor 105.7 llegaron desde las 10:00 horas para compartir su m\u00fasica favorita durante cinco horas en la Alameda Central, que por un d\u00eda se convirti\u00f3 en una cabina de radio<\/li>\n<\/ul>\n<p dir=\"ltr\">Cientos de amantes de la m\u00fasica, el cine y la televisi\u00f3n se dieron cita este jueves en el Kiosko de la\u00a0<strong>Alameda Central de la Ciudad de M\u00e9xico<\/strong>\u00a0para una edici\u00f3n especial de \u201c<strong>Picnic de Vinil\u201d, organizado por Reactor 105.7 FM del Instituto Mexicano de la Radio (IMER)<\/strong>, evento al que se sum\u00f3 la\u00a0<strong>Secretar\u00eda de Cultura de la Ciudad de M\u00e9xico<\/strong>, para poner sus discos favoritos con canciones de sus bandas sonoras favoritas de pel\u00edculas y series.<br aria-hidden=\"true\" \/>\u00a0<br aria-hidden=\"true\" \/>Con mel\u00f3manos formados desde las 10:00 horas, en punto de las 12:00 horas arranc\u00f3 la transmisi\u00f3n en la que Zaira Padr\u00f3n y Orlando Abad destacaron el apoyo de la Secretar\u00eda de Cultura de la Ciudad de M\u00e9xico para llevar a cabo esta nueva edici\u00f3n de &#8220;Picnic de Vinil&#8221;.<br aria-hidden=\"true\" \/>\u00a0<br aria-hidden=\"true\" \/>\u201cAgradecemos a la Secretar\u00eda por este apoyo, porque siempre queremos llevar el radio a las calles y hoy podemos tener el kiosko de la Alameda como nuestra cabina\u201d, expres\u00f3 Abad.<br aria-hidden=\"true\" \/>\u00a0<br aria-hidden=\"true\" \/>Adem\u00e1s recordaron que este evento se conjuga con el pr\u00f3ximo cine-concierto que la\u00a0<strong>Orquesta Filarm\u00f3nica de la Ciudad de M\u00e9xico (OFCM)<\/strong>\u00a0dar\u00e1 el pr\u00f3ximo s\u00e1bado 25 de febrero en la Sala Silvestre Revueltas del Centro Cultural Ollin Yoliztli en el que se interpretar\u00e1n canciones de los italianos\u00a0<strong>Ennio Morricone y Nino Rota<\/strong>.<br aria-hidden=\"true\" \/>\u00a0<br aria-hidden=\"true\" \/>La fiesta musical y cin\u00e9fila comenz\u00f3 con \u201cWhere is my mind\u201d de Pixies, una de las canciones m\u00e1s emblem\u00e1ticas de los soundtracks desde que apareci\u00f3 en el filme\u00a0<em>El club de la pelea<\/em>, de David Fincher durante una escena protagonizada por Elena Bonham Carter y Brad Pitt.<br aria-hidden=\"true\" \/>\u00a0<br aria-hidden=\"true\" \/>Turn\u00e1ndose a lo largo de cinco horas, Cristi\u00e1n Padilla, Salvador Orozco, Susana Hache y otros locutores habituales de Reactor 105.7 animaron de la gente a acudir a la Alameda Central para poner su canciones favoritas, \u201csi est\u00e1n cerca vengan en su hora de comida para poner a gozar a la gente con su m\u00fasica\u201d.<br aria-hidden=\"true\" \/>\u00a0<br aria-hidden=\"true\" \/>Durante este Picnic de Vinil son\u00f3 desde la m\u00fasica de\u00a0<em>Twin Peaks<\/em>\u00a0de Angelo Baladamenti , m\u00fasico constante en la filmograf\u00eda de David Lych; \u201cLife on Mars\u201d de David Bowie, que musicaliz\u00f3 la m\u00e1s reciente pel\u00edcula de Paul Thomas Anderson,\u00a0<em>Licorice Pizza<\/em>; Giorgio Moroder, Los Ramones, Burt Bacharach, Queen y muchos m\u00e1s que han formado parte de alguna banda sonora.<br aria-hidden=\"true\" \/>\u00a0<br aria-hidden=\"true\" \/>Asimismo, los asistentes pudieron explicar por qu\u00e9 la canci\u00f3n que eligieron es importante para ellos, mandar saludos o abogar por alguna causa, como la apertura de m\u00e1s espacios p\u00fablicos para estas actividades y el respeto a los ciclistas, entre otras.<br aria-hidden=\"true\" \/>\u00a0<br aria-hidden=\"true\" \/>Se trata de la segunda colaboraci\u00f3n entre el IMER y la Secretar\u00eda de Cultura capitalina tras la edici\u00f3n realizada en el Monumento a la Revoluci\u00f3n el 8 de julio de 2022, en donde cientos de personas de todas las edades llevaron su vinil favorito para su reproducci\u00f3n.<br aria-hidden=\"true\" \/>\u00a0<br aria-hidden=\"true\" \/>Adem\u00e1s de compartir su m\u00fasica preferida, el p\u00fablico asistente a \u201cPicnic de Vinil\u201d pudo relatar la historia de c\u00f3mo el disco o canci\u00f3n elegida para la ocasi\u00f3n lleg\u00f3 a ellos, generando un ambiente de comunidad y conocimiento abierto en espacios p\u00fablicos.<br aria-hidden=\"true\" \/>\u00a0<br aria-hidden=\"true\" \/>Dedicada a las y los j\u00f3venes y al rock en su mayor\u00eda, Reactor 105.7 FM ofrece desde hace ocho a\u00f1os la iniciativa &#8220;Picnic de Vinil&#8221;, que se realizaron los viernes a mediados de cada mes; actividad que par\u00f3 en 2020 a causa de la pandemia y retom\u00f3 sus actividades desde el 2022 en el Monumento a la Revoluci\u00f3n.<br aria-hidden=\"true\" \/>\u00a0<br aria-hidden=\"true\" \/>Para saber todas las actividades de la Secretar\u00eda de Cultura capitalina se puede consultar la Cartelera de la Ciudad de M\u00e9xico\u00a0 (<a href=\"https:\/\/gob.us21.list-manage.com\/track\/click?u=24ab1d8cf82850533a5af327c&amp;id=36391800cb&amp;e=4fe2704bc3\" target=\"_blank\" rel=\"noopener noreferrer\" data-auth=\"NotApplicable\" data-linkindex=\"0\">https:\/\/cartelera.cdmx.gob.mx\/<\/a>) \u00a0y las redes sociales de la Secretar\u00eda de Cultura:\u00a0Facebook, Twitter, Instagram y YouTube.<\/p>\n<div dir=\"auto\"><a class=\"x1i10hfl xjbqb8w x6umtig x1b1mbwd xaqea5y xav7gou x9f619 x1ypdohk xt0psk2 xe8uvvx xdj266r x11i5rnm xat24cr x1mh8g0r xexx8yu x4uap5 x18d9i69 xkhd6sd x16tdsg8 x1hl2dhg xggy1nq x1a2a7pz xt0b8zv x1qq9wsj xo1l8bm\" tabindex=\"0\" role=\"link\" href=\"https:\/\/www.facebook.com\/hashtag\/picnicdevinil?__eep__=6&amp;__cft__[0]=AZU-_DXHFmX_T4e4H8P-dYzCapjZpCchTi6k6xpJw8c45baR9B1NLzovDvErg3JjxCtPNXkqdey1PaGikNWOkuP5BLGCKG4SNuMGIx1SUAW0dDJdoSMIgoXKfUPfXeo_LCg&amp;__tn__=*NK-R\">#PicnicDeVinil<\/a><\/div>\n<div dir=\"auto\"><a class=\"x1i10hfl xjbqb8w x6umtig x1b1mbwd xaqea5y xav7gou x9f619 x1ypdohk xt0psk2 xe8uvvx xdj266r x11i5rnm xat24cr x1mh8g0r xexx8yu x4uap5 x18d9i69 xkhd6sd x16tdsg8 x1hl2dhg xggy1nq x1a2a7pz xt0b8zv x1qq9wsj xo1l8bm\" tabindex=\"0\" role=\"link\" href=\"https:\/\/www.facebook.com\/hashtag\/secretariadeculturacdmx?__eep__=6&amp;__cft__[0]=AZU-_DXHFmX_T4e4H8P-dYzCapjZpCchTi6k6xpJw8c45baR9B1NLzovDvErg3JjxCtPNXkqdey1PaGikNWOkuP5BLGCKG4SNuMGIx1SUAW0dDJdoSMIgoXKfUPfXeo_LCg&amp;__tn__=*NK-R\">#secretariadeculturacdmx<\/a><\/div>\n<div dir=\"auto\"><a class=\"x1i10hfl xjbqb8w x6umtig x1b1mbwd xaqea5y xav7gou x9f619 x1ypdohk xt0psk2 xe8uvvx xdj266r x11i5rnm xat24cr x1mh8g0r xexx8yu x4uap5 x18d9i69 xkhd6sd x16tdsg8 x1hl2dhg xggy1nq x1a2a7pz xt0b8zv x1qq9wsj xo1l8bm\" tabindex=\"0\" role=\"link\" href=\"https:\/\/www.facebook.com\/hashtag\/bitacoracdmx?__eep__=6&amp;__cft__[0]=AZU-_DXHFmX_T4e4H8P-dYzCapjZpCchTi6k6xpJw8c45baR9B1NLzovDvErg3JjxCtPNXkqdey1PaGikNWOkuP5BLGCKG4SNuMGIx1SUAW0dDJdoSMIgoXKfUPfXeo_LCg&amp;__tn__=*NK-R\">#bitacoracdmx<\/a><\/div>\n<p>[\/fusion_text][fusion_imageframe image_id=&#8221;49614|medium&#8221; max_width=&#8221;&#8221; style_type=&#8221;&#8221; blur=&#8221;&#8221; stylecolor=&#8221;&#8221; hover_type=&#8221;none&#8221; bordersize=&#8221;&#8221; bordercolor=&#8221;&#8221; borderradius=&#8221;&#8221; align=&#8221;none&#8221; lightbox=&#8221;no&#8221; gallery_id=&#8221;&#8221; lightbox_image=&#8221;&#8221; lightbox_image_id=&#8221;&#8221; alt=&#8221;&#8221; link=&#8221;&#8221; linktarget=&#8221;_self&#8221; hide_on_mobile=&#8221;small-visibility,medium-visibility,large-visibility&#8221; class=&#8221;&#8221; id=&#8221;&#8221; animation_type=&#8221;&#8221; animation_direction=&#8221;left&#8221; animation_speed=&#8221;0.3&#8243; animation_offset=&#8221;&#8221;]https:\/\/www.bitacoracdmx.com\/wp-content\/uploads\/2023\/02\/38e0b93a-34b2-af5d-e0b3-a358320a6c96-300&#215;200.jpeg[\/fusion_imageframe][\/fusion_builder_column][\/fusion_builder_row][\/fusion_builder_container]<\/p>\n","protected":false},"excerpt":{"rendered":"<p>[fusion_builder_container hundred_percent=&#8221;no&#8221; equal_height_columns=&#8221;no&#8221; menu_anchor=&#8221;&#8221; hide_on_mobile=&#8221;small-visibility,medium-visibility,large-visibility&#8221; class=&#8221;&#8221; id=&#8221;&#8221; background_color=&#8221;&#8221; background_image=&#8221;&#8221; background_position=&#8221;center center&#8221; background_repeat=&#8221;no-repeat&#8221; fade=&#8221;no&#8221; background_parallax=&#8221;none&#8221; parallax_speed=&#8221;0.3&#8243; video_mp4=&#8221;&#8221; video_webm=&#8221;&#8221; video_ogv=&#8221;&#8221; video_url=&#8221;&#8221; video_aspect_ratio=&#8221;16:9&#8243; video_loop=&#8221;yes&#8221; video_mute=&#8221;yes&#8221; overlay_color=&#8221;&#8221; video_preview_image=&#8221;&#8221; border_size=&#8221;&#8221; border_color=&#8221;&#8221; border_style=&#8221;solid&#8221; padding_top=&#8221;&#8221; padding_bottom=&#8221;&#8221; padding_left=&#8221;&#8221; padding_right=&#8221;&#8221;][fusion_builder_row][fusion_builder_column type=&#8221;1_1&#8243; layout=&#8221;1_1&#8243; background_position=&#8221;left top&#8221; background_color=&#8221;&#8221; border_size=&#8221;&#8221; border_color=&#8221;&#8221; border_style=&#8221;solid&#8221; border_position=&#8221;all&#8221; spacing=&#8221;yes&#8221; background_image=&#8221;&#8221; background_repeat=&#8221;no-repeat&#8221; padding_top=&#8221;&#8221; padding_right=&#8221;&#8221; padding_bottom=&#8221;&#8221; padding_left=&#8221;&#8221; margin_top=&#8221;0px&#8221; margin_bottom=&#8221;0px&#8221; class=&#8221;&#8221; id=&#8221;&#8221; animation_type=&#8221;&#8221; animation_speed=&#8221;0.3&#8243; animation_direction=&#8221;left&#8221; hide_on_mobile=&#8221;small-visibility,medium-visibility,large-visibility&#8221; center_content=&#8221;no&#8221; last=&#8221;no&#8221; min_height=&#8221;&#8221; hover_type=&#8221;none&#8221; link=&#8221;&#8221;][fusion_text] REDACCI\u00d3N Los fieles radioescuchas de Reactor 105.7 llegaron desde las 10:00 horas para compartir su m\u00fasica favorita durante cinco horas en la Alameda Central, que por un d\u00eda se convirti\u00f3 en una cabina de radio Desde hace ocho a\u00f1os, la [&hellip;]<\/p>\n","protected":false},"author":1,"featured_media":49614,"comment_status":"open","ping_status":"open","sticky":false,"template":"","format":"standard","meta":{"footnotes":""},"categories":[4,9],"tags":[],"_links":{"self":[{"href":"https:\/\/www.bitacoracdmx.com\/index.php?rest_route=\/wp\/v2\/posts\/49613"}],"collection":[{"href":"https:\/\/www.bitacoracdmx.com\/index.php?rest_route=\/wp\/v2\/posts"}],"about":[{"href":"https:\/\/www.bitacoracdmx.com\/index.php?rest_route=\/wp\/v2\/types\/post"}],"author":[{"embeddable":true,"href":"https:\/\/www.bitacoracdmx.com\/index.php?rest_route=\/wp\/v2\/users\/1"}],"replies":[{"embeddable":true,"href":"https:\/\/www.bitacoracdmx.com\/index.php?rest_route=%2Fwp%2Fv2%2Fcomments&post=49613"}],"version-history":[{"count":1,"href":"https:\/\/www.bitacoracdmx.com\/index.php?rest_route=\/wp\/v2\/posts\/49613\/revisions"}],"predecessor-version":[{"id":49615,"href":"https:\/\/www.bitacoracdmx.com\/index.php?rest_route=\/wp\/v2\/posts\/49613\/revisions\/49615"}],"wp:featuredmedia":[{"embeddable":true,"href":"https:\/\/www.bitacoracdmx.com\/index.php?rest_route=\/wp\/v2\/media\/49614"}],"wp:attachment":[{"href":"https:\/\/www.bitacoracdmx.com\/index.php?rest_route=%2Fwp%2Fv2%2Fmedia&parent=49613"}],"wp:term":[{"taxonomy":"category","embeddable":true,"href":"https:\/\/www.bitacoracdmx.com\/index.php?rest_route=%2Fwp%2Fv2%2Fcategories&post=49613"},{"taxonomy":"post_tag","embeddable":true,"href":"https:\/\/www.bitacoracdmx.com\/index.php?rest_route=%2Fwp%2Fv2%2Ftags&post=49613"}],"curies":[{"name":"wp","href":"https:\/\/api.w.org\/{rel}","templated":true}]}}