{"id":49622,"date":"2023-02-24T05:35:43","date_gmt":"2023-02-24T05:35:43","guid":{"rendered":"https:\/\/www.bitacoracdmx.com\/?p=49622"},"modified":"2023-02-24T05:35:43","modified_gmt":"2023-02-24T05:35:43","slug":"jugador-reds-recibe-reconocimiento-en-la-gala-lfa","status":"publish","type":"post","link":"https:\/\/www.bitacoracdmx.com\/?p=49622","title":{"rendered":"Jugador Reds recibe reconocimiento en la Gala LFA"},"content":{"rendered":"<p>[fusion_builder_container hundred_percent=&#8221;no&#8221; equal_height_columns=&#8221;no&#8221; menu_anchor=&#8221;&#8221; hide_on_mobile=&#8221;small-visibility,medium-visibility,large-visibility&#8221; class=&#8221;&#8221; id=&#8221;&#8221; background_color=&#8221;&#8221; background_image=&#8221;&#8221; background_position=&#8221;center center&#8221; background_repeat=&#8221;no-repeat&#8221; fade=&#8221;no&#8221; background_parallax=&#8221;none&#8221; parallax_speed=&#8221;0.3&#8243; video_mp4=&#8221;&#8221; video_webm=&#8221;&#8221; video_ogv=&#8221;&#8221; video_url=&#8221;&#8221; video_aspect_ratio=&#8221;16:9&#8243; video_loop=&#8221;yes&#8221; video_mute=&#8221;yes&#8221; overlay_color=&#8221;&#8221; video_preview_image=&#8221;&#8221; border_size=&#8221;&#8221; border_color=&#8221;&#8221; border_style=&#8221;solid&#8221; padding_top=&#8221;&#8221; padding_bottom=&#8221;&#8221; padding_left=&#8221;&#8221; padding_right=&#8221;&#8221;][fusion_builder_row][fusion_builder_column type=&#8221;1_1&#8243; layout=&#8221;1_1&#8243; background_position=&#8221;left top&#8221; background_color=&#8221;&#8221; border_size=&#8221;&#8221; border_color=&#8221;&#8221; border_style=&#8221;solid&#8221; border_position=&#8221;all&#8221; spacing=&#8221;yes&#8221; background_image=&#8221;&#8221; background_repeat=&#8221;no-repeat&#8221; padding_top=&#8221;&#8221; padding_right=&#8221;&#8221; padding_bottom=&#8221;&#8221; padding_left=&#8221;&#8221; margin_top=&#8221;0px&#8221; margin_bottom=&#8221;0px&#8221; class=&#8221;&#8221; id=&#8221;&#8221; animation_type=&#8221;&#8221; animation_speed=&#8221;0.3&#8243; animation_direction=&#8221;left&#8221; hide_on_mobile=&#8221;small-visibility,medium-visibility,large-visibility&#8221; center_content=&#8221;no&#8221; last=&#8221;no&#8221; min_height=&#8221;&#8221; hover_type=&#8221;none&#8221; link=&#8221;&#8221;][fusion_text]<\/p>\n<p>REDACCI\u00d3N<\/p>\n<p>&#8211;El defensivo Francisco Espinosa fue integrado al equipo All Pro<\/p>\n<p>La Liga de Futbol Americano Profesional de M\u00e9xico (LFA) realiz\u00f3 su \u201cGala\u201d anual, para premiar a los jugadores m\u00e1s destacados de la Temporada 2022, y entre los galardonados se encontr\u00f3 a Francisco \u2018Pacura\u2019 Espinosa, actual jugador de Reds LFA.<\/p>\n<p>En 2022, Francisco perteneci\u00f3 a los Raptors del Estado de M\u00e9xico y el galard\u00f3n le fue entregado por el extraordinario desempe\u00f1o defensivo que realiz\u00f3 con dicho equipo, poco despu\u00e9s se incorpor\u00f3 a los Reds, antes Rojos, con quienes logr\u00f3 el t\u00edtulo en la liga Futbol Americano de M\u00e9xico (FAM-Yox).<\/p>\n<p>Con este reconocimiento, \u201cPacura\u201d, como lo apoda la afici\u00f3n, fue integrado al equipo ideal de l\u00ednea defensiva de la liga, donde comparti\u00f3 el All Pro con Jadarius Ceasar del equipo Dinos de Saltillo, Demetrius Harris de Reyes de Jalisco, quien adem\u00e1s fue reconocido como el mejor defensivo de la temporada, y Luis Daniel Ceniceros, elemento de Mexicas CDMX.<\/p>\n<p>Para esta temporada, el jugador concret\u00f3 su cambio al conjunto Reds, por lo que su paso por los Raptors ha llegado a su fin y \u00e9l mismo espera que el cambio de equipo le permita \u201celevar su nivel de juego\u201d, ya que parte de su etapa de liga mayor la realiz\u00f3 bajo la direcci\u00f3n de Ra\u00fal Rivera, actual head coach de Reds, quien afirma que el jugador \u201cconoce plenamente la forma de sacar mayor provecho\u201d a sus cualidades deportivas y f\u00edsicas.<\/p>\n<p>Dentro de la \u201cGala\u201d, el quarterback norteamericano de Fundidores de Monterrey, Shelton Eppler, fue reconocido como el Jugador M\u00e1s Valiosos (MVP) de la Temporada 2022 y a Carlos Strevel como el head coach del a\u00f1o, luego de haber llevado a los Fundidores a la obtenci\u00f3n del t\u00edtulo.<\/p>\n<p>Luego de que la pandemia evit\u00f3 la realizaci\u00f3n de la Gala de 2019, se aprovech\u00f3 este evento para reconocer lo hecho en aquel a\u00f1o por el quarterback Bruno M\u00e1rquez, quien hab\u00eda sido designado MVP de aquella temporada, pero no hab\u00eda recibido su galard\u00f3n.<\/p>\n<p>Una de las figuras de la noche fue la jugadora y seleccionada nacional mexicana de flag football, Diana Flores, quien particip\u00f3 en el evento como invitada especial y recibi\u00f3 un reconocimiento, por parte de la liga, por el papel que desempe\u00f1a como embajadora del flag football dentro del camino hacia los Juegos Ol\u00edmpicos.<\/p>\n<p>En la ceremonia se present\u00f3 el comercial que la NFL film\u00f3 y difundi\u00f3 durante el pasado Super Bowl, con Diana Flores como figura central.<\/p>\n<p>Tras debutar esta temporada dentro de LFA, se espera que el pr\u00f3ximo a\u00f1o varios jugadores de Reds logren ser reconocidos dentro de la lista de jugadores destacados de la siguiente \u201cGala\u201d.<\/p>\n<div dir=\"auto\"><a class=\"x1i10hfl xjbqb8w x6umtig x1b1mbwd xaqea5y xav7gou x9f619 x1ypdohk xt0psk2 xe8uvvx xdj266r x11i5rnm xat24cr x1mh8g0r xexx8yu x4uap5 x18d9i69 xkhd6sd x16tdsg8 x1hl2dhg xggy1nq x1a2a7pz xt0b8zv x1qq9wsj xo1l8bm\" tabindex=\"0\" role=\"link\" href=\"https:\/\/www.facebook.com\/hashtag\/reds?__eep__=6&amp;__cft__[0]=AZWW5PM7gj7QAGZYpTZ4zbOgTXELgq8Gjz7UvV2Htf97XrhQrmT1y-B5d3w8DxQlosQLc5khUb7uPJGHHqBfz2gsMVmSlw5_GqBNiOa6sednLEWUtbcpW9zuyZJphEYKpmY&amp;__tn__=*NK-R\">#Reds<\/a><\/div>\n<div dir=\"auto\"><a class=\"x1i10hfl xjbqb8w x6umtig x1b1mbwd xaqea5y xav7gou x9f619 x1ypdohk xt0psk2 xe8uvvx xdj266r x11i5rnm xat24cr x1mh8g0r xexx8yu x4uap5 x18d9i69 xkhd6sd x16tdsg8 x1hl2dhg xggy1nq x1a2a7pz xt0b8zv x1qq9wsj xo1l8bm\" tabindex=\"0\" role=\"link\" href=\"https:\/\/www.facebook.com\/hashtag\/lfa2023?__eep__=6&amp;__cft__[0]=AZWW5PM7gj7QAGZYpTZ4zbOgTXELgq8Gjz7UvV2Htf97XrhQrmT1y-B5d3w8DxQlosQLc5khUb7uPJGHHqBfz2gsMVmSlw5_GqBNiOa6sednLEWUtbcpW9zuyZJphEYKpmY&amp;__tn__=*NK-R\">#LFA2023<\/a><\/div>\n<div dir=\"auto\"><a class=\"x1i10hfl xjbqb8w x6umtig x1b1mbwd xaqea5y xav7gou x9f619 x1ypdohk xt0psk2 xe8uvvx xdj266r x11i5rnm xat24cr x1mh8g0r xexx8yu x4uap5 x18d9i69 xkhd6sd x16tdsg8 x1hl2dhg xggy1nq x1a2a7pz xt0b8zv x1qq9wsj xo1l8bm\" tabindex=\"0\" role=\"link\" href=\"https:\/\/www.facebook.com\/hashtag\/lfa?__eep__=6&amp;__cft__[0]=AZWW5PM7gj7QAGZYpTZ4zbOgTXELgq8Gjz7UvV2Htf97XrhQrmT1y-B5d3w8DxQlosQLc5khUb7uPJGHHqBfz2gsMVmSlw5_GqBNiOa6sednLEWUtbcpW9zuyZJphEYKpmY&amp;__tn__=*NK-R\">#LFA<\/a><\/div>\n<div dir=\"auto\"><a class=\"x1i10hfl xjbqb8w x6umtig x1b1mbwd xaqea5y xav7gou x9f619 x1ypdohk xt0psk2 xe8uvvx xdj266r x11i5rnm xat24cr x1mh8g0r xexx8yu x4uap5 x18d9i69 xkhd6sd x16tdsg8 x1hl2dhg xggy1nq x1a2a7pz xt0b8zv x1qq9wsj xo1l8bm\" tabindex=\"0\" role=\"link\" href=\"https:\/\/www.facebook.com\/hashtag\/bitacoracdmx?__eep__=6&amp;__cft__[0]=AZWW5PM7gj7QAGZYpTZ4zbOgTXELgq8Gjz7UvV2Htf97XrhQrmT1y-B5d3w8DxQlosQLc5khUb7uPJGHHqBfz2gsMVmSlw5_GqBNiOa6sednLEWUtbcpW9zuyZJphEYKpmY&amp;__tn__=*NK-R\">#bitacoracdmx<\/a><\/div>\n<p>[\/fusion_text][fusion_imageframe image_id=&#8221;49623|medium&#8221; max_width=&#8221;&#8221; style_type=&#8221;&#8221; blur=&#8221;&#8221; stylecolor=&#8221;&#8221; hover_type=&#8221;none&#8221; bordersize=&#8221;&#8221; bordercolor=&#8221;&#8221; borderradius=&#8221;&#8221; align=&#8221;none&#8221; lightbox=&#8221;no&#8221; gallery_id=&#8221;&#8221; lightbox_image=&#8221;&#8221; lightbox_image_id=&#8221;&#8221; alt=&#8221;&#8221; link=&#8221;&#8221; linktarget=&#8221;_self&#8221; hide_on_mobile=&#8221;small-visibility,medium-visibility,large-visibility&#8221; class=&#8221;&#8221; id=&#8221;&#8221; animation_type=&#8221;&#8221; animation_direction=&#8221;left&#8221; animation_speed=&#8221;0.3&#8243; animation_offset=&#8221;&#8221;]https:\/\/www.bitacoracdmx.com\/wp-content\/uploads\/2023\/02\/WhatsApp-Image-2023-02-23-at-2.11.12-PM-300&#215;240.jpeg[\/fusion_imageframe][\/fusion_builder_column][\/fusion_builder_row][\/fusion_builder_container]<\/p>\n","protected":false},"excerpt":{"rendered":"<p>[fusion_builder_container hundred_percent=&#8221;no&#8221; equal_height_columns=&#8221;no&#8221; menu_anchor=&#8221;&#8221; hide_on_mobile=&#8221;small-visibility,medium-visibility,large-visibility&#8221; class=&#8221;&#8221; id=&#8221;&#8221; background_color=&#8221;&#8221; background_image=&#8221;&#8221; background_position=&#8221;center center&#8221; background_repeat=&#8221;no-repeat&#8221; fade=&#8221;no&#8221; background_parallax=&#8221;none&#8221; parallax_speed=&#8221;0.3&#8243; video_mp4=&#8221;&#8221; video_webm=&#8221;&#8221; video_ogv=&#8221;&#8221; video_url=&#8221;&#8221; video_aspect_ratio=&#8221;16:9&#8243; video_loop=&#8221;yes&#8221; video_mute=&#8221;yes&#8221; overlay_color=&#8221;&#8221; video_preview_image=&#8221;&#8221; border_size=&#8221;&#8221; border_color=&#8221;&#8221; border_style=&#8221;solid&#8221; padding_top=&#8221;&#8221; padding_bottom=&#8221;&#8221; padding_left=&#8221;&#8221; padding_right=&#8221;&#8221;][fusion_builder_row][fusion_builder_column type=&#8221;1_1&#8243; layout=&#8221;1_1&#8243; background_position=&#8221;left top&#8221; background_color=&#8221;&#8221; border_size=&#8221;&#8221; border_color=&#8221;&#8221; border_style=&#8221;solid&#8221; border_position=&#8221;all&#8221; spacing=&#8221;yes&#8221; background_image=&#8221;&#8221; background_repeat=&#8221;no-repeat&#8221; padding_top=&#8221;&#8221; padding_right=&#8221;&#8221; padding_bottom=&#8221;&#8221; padding_left=&#8221;&#8221; margin_top=&#8221;0px&#8221; margin_bottom=&#8221;0px&#8221; class=&#8221;&#8221; id=&#8221;&#8221; animation_type=&#8221;&#8221; animation_speed=&#8221;0.3&#8243; animation_direction=&#8221;left&#8221; hide_on_mobile=&#8221;small-visibility,medium-visibility,large-visibility&#8221; center_content=&#8221;no&#8221; last=&#8221;no&#8221; min_height=&#8221;&#8221; hover_type=&#8221;none&#8221; link=&#8221;&#8221;][fusion_text] REDACCI\u00d3N &#8211;El defensivo Francisco Espinosa fue integrado al equipo All Pro La Liga de Futbol Americano Profesional de M\u00e9xico (LFA) realiz\u00f3 su \u201cGala\u201d anual, para premiar a los jugadores m\u00e1s destacados de la Temporada 2022, y entre los galardonados se [&hellip;]<\/p>\n","protected":false},"author":1,"featured_media":49623,"comment_status":"open","ping_status":"open","sticky":false,"template":"","format":"standard","meta":{"footnotes":""},"categories":[6,9],"tags":[],"_links":{"self":[{"href":"https:\/\/www.bitacoracdmx.com\/index.php?rest_route=\/wp\/v2\/posts\/49622"}],"collection":[{"href":"https:\/\/www.bitacoracdmx.com\/index.php?rest_route=\/wp\/v2\/posts"}],"about":[{"href":"https:\/\/www.bitacoracdmx.com\/index.php?rest_route=\/wp\/v2\/types\/post"}],"author":[{"embeddable":true,"href":"https:\/\/www.bitacoracdmx.com\/index.php?rest_route=\/wp\/v2\/users\/1"}],"replies":[{"embeddable":true,"href":"https:\/\/www.bitacoracdmx.com\/index.php?rest_route=%2Fwp%2Fv2%2Fcomments&post=49622"}],"version-history":[{"count":1,"href":"https:\/\/www.bitacoracdmx.com\/index.php?rest_route=\/wp\/v2\/posts\/49622\/revisions"}],"predecessor-version":[{"id":49624,"href":"https:\/\/www.bitacoracdmx.com\/index.php?rest_route=\/wp\/v2\/posts\/49622\/revisions\/49624"}],"wp:featuredmedia":[{"embeddable":true,"href":"https:\/\/www.bitacoracdmx.com\/index.php?rest_route=\/wp\/v2\/media\/49623"}],"wp:attachment":[{"href":"https:\/\/www.bitacoracdmx.com\/index.php?rest_route=%2Fwp%2Fv2%2Fmedia&parent=49622"}],"wp:term":[{"taxonomy":"category","embeddable":true,"href":"https:\/\/www.bitacoracdmx.com\/index.php?rest_route=%2Fwp%2Fv2%2Fcategories&post=49622"},{"taxonomy":"post_tag","embeddable":true,"href":"https:\/\/www.bitacoracdmx.com\/index.php?rest_route=%2Fwp%2Fv2%2Ftags&post=49622"}],"curies":[{"name":"wp","href":"https:\/\/api.w.org\/{rel}","templated":true}]}}