{"id":49647,"date":"2023-02-26T04:47:12","date_gmt":"2023-02-26T04:47:12","guid":{"rendered":"https:\/\/www.bitacoracdmx.com\/?p=49647"},"modified":"2023-02-26T04:47:12","modified_gmt":"2023-02-26T04:47:12","slug":"se-hace-presente-guanajuato-en-feria-internacional-del-libro-del-palacio-de-mineria","status":"publish","type":"post","link":"https:\/\/www.bitacoracdmx.com\/?p=49647","title":{"rendered":"Se hace presente Guanajuato en Feria Internacional  del Libro del Palacio de Miner\u00eda"},"content":{"rendered":"<p>[fusion_builder_container hundred_percent=&#8221;no&#8221; equal_height_columns=&#8221;no&#8221; menu_anchor=&#8221;&#8221; hide_on_mobile=&#8221;small-visibility,medium-visibility,large-visibility&#8221; class=&#8221;&#8221; id=&#8221;&#8221; background_color=&#8221;&#8221; background_image=&#8221;&#8221; background_position=&#8221;center center&#8221; background_repeat=&#8221;no-repeat&#8221; fade=&#8221;no&#8221; background_parallax=&#8221;none&#8221; parallax_speed=&#8221;0.3&#8243; video_mp4=&#8221;&#8221; video_webm=&#8221;&#8221; video_ogv=&#8221;&#8221; video_url=&#8221;&#8221; video_aspect_ratio=&#8221;16:9&#8243; video_loop=&#8221;yes&#8221; video_mute=&#8221;yes&#8221; overlay_color=&#8221;&#8221; video_preview_image=&#8221;&#8221; border_size=&#8221;&#8221; border_color=&#8221;&#8221; border_style=&#8221;solid&#8221; padding_top=&#8221;&#8221; padding_bottom=&#8221;&#8221; padding_left=&#8221;&#8221; padding_right=&#8221;&#8221;][fusion_builder_row][fusion_builder_column type=&#8221;1_1&#8243; layout=&#8221;1_1&#8243; background_position=&#8221;left top&#8221; background_color=&#8221;&#8221; border_size=&#8221;&#8221; border_color=&#8221;&#8221; border_style=&#8221;solid&#8221; border_position=&#8221;all&#8221; spacing=&#8221;yes&#8221; background_image=&#8221;&#8221; background_repeat=&#8221;no-repeat&#8221; padding_top=&#8221;&#8221; padding_right=&#8221;&#8221; padding_bottom=&#8221;&#8221; padding_left=&#8221;&#8221; margin_top=&#8221;0px&#8221; margin_bottom=&#8221;0px&#8221; class=&#8221;&#8221; id=&#8221;&#8221; animation_type=&#8221;&#8221; animation_speed=&#8221;0.3&#8243; animation_direction=&#8221;left&#8221; hide_on_mobile=&#8221;small-visibility,medium-visibility,large-visibility&#8221; center_content=&#8221;no&#8221; last=&#8221;no&#8221; min_height=&#8221;&#8221; hover_type=&#8221;none&#8221; link=&#8221;&#8221;][fusion_text]<\/p>\n<p>REDACCI\u00d3N<\/p>\n<p><em>* <\/em><em>Guanajuato: Escrito con Grandeza es el nombre de la programaci\u00f3n preparada como estado invitado, con 70 <\/em><em>actividades y m\u00e1s de 150 participantes.<\/em><em>\u00a0<\/em><\/p>\n<p><em>* \u201cGuanajuato: epicentro de manifestaciones que han ayudado a construir y a definir nuestra naci\u00f3n\u201d: Enrique Graue.<\/em><\/p>\n<p><em>Despu\u00e9s de dos a\u00f1os en la virtualidad por la pandemia, la Feria Internacional del Libro del Palacio de Miner\u00eda volvi\u00f3 nuevamente a mirar a los ojos a escritores, libreros y lectores en la apertura de su 44\u00aa edici\u00f3n, que tiene a Guanajuato como estado invitado.<\/em><\/p>\n<p><em>La atm\u00f3sfera solemne del Sal\u00f3n de Actos en el hist\u00f3rico edificio dise\u00f1ado por Manuel Tols\u00e1, enmarc\u00f3 este jueves el inicio de la primera gran fiesta editorial y literaria del a\u00f1o, cuya ceremonia inaugural estuvo encabezada por el rector de la Universidad Nacional Aut\u00f3noma de M\u00e9xico, Enrique Graue Wiechers.<\/em><\/p>\n<p><em>En representaci\u00f3n del gobernador del Estado de Guanajuato, Diego Sinhue Rodr\u00edguez Vallejo, acudi\u00f3 Jorge Enrique Hern\u00e1ndez Meza, secretario de Educaci\u00f3n de la entidad, a quien acompa\u00f1aron en el presidium autoridades federales, universitarias y de la C\u00e1mara Nacional de la Industria Editorial.<\/em><\/p>\n<p><em>En un mensaje videograbado, el gobernador agradeci\u00f3 a la UNAM la distinci\u00f3n, otorgada por segunda ocasi\u00f3n a Guanajuato como estado invitado (la primera fue en 2012) y afirm\u00f3 que: \u201cEl Gobierno del Estado y sus instituciones culturales, acad\u00e9micas, art\u00edsticas y sociales nos hemos esmerado para presentar un programa a la altura de este gran encuentro cultural\u201d.<\/em><\/p>\n<p><em>Enrique Graue se\u00f1al\u00f3: \u201cEs de celebrar que Guanajuato sea el estado invitado. Es el epicentro de muchas manifestaciones pol\u00edticas, sociales e hist\u00f3ricas que hemos vivido y que han ayudado a construir y a definir nuestra naci\u00f3n.<\/em><\/p>\n<p><em>Hoy Guanajuato es nuestro invitado especial. Guanajuato es historia, es un riqu\u00edsimo presente e indudablemente un estado de gran futuro. Un estado que debe ser ejemplo de la naci\u00f3n\u201d, expres\u00f3 el rector de la m\u00e1xima casa de estudios del pa\u00eds.<\/em><\/p>\n<p><em>La Feria Internacional del Libro del Palacio de Miner\u00eda es la de mayor tradici\u00f3n y una de las m\u00e1s importantes del pa\u00eds. En su nueva edici\u00f3n, que se extender\u00e1 hasta el 6 de marzo, recibir\u00e1 a 180 expositores y m\u00e1s de mil 200 actividades, entre presentaciones de libros, conferencias, mesas de di\u00e1logo, lecturas y talleres.<\/em><\/p>\n<p><em>La participaci\u00f3n de Guanajuato como estado invitado es coordinada por el Instituto Estatal de la Cultura y tiene como t\u00edtulo: \u201cGuanajuato: Escrito con Grandeza\u201d. En su n\u00facleo se cuentan: 60 presentaciones editoriales, seis mesas y charlas y cuatro conciertos, con la participaci\u00f3n de m\u00e1s de 150 autores, artistas y presentadores.<\/em><\/p>\n<p><em>Entre las personalidades convocadas se cuentan: Paloma Jim\u00e9nez Galvez, Juan Villoro, Christian Duverger, Christopher Dom\u00ednguez Michael, Jos\u00e9 N. Iturriaga, Bernardo Fern\u00e1ndez (BEF), Jos\u00e9 Mar\u00eda Espinasa y Adolfo Casta\u00f1\u00f3n, adem\u00e1s de un pu\u00f1ado de sus m\u00e1s destacadas plumas j\u00f3venes.<\/em><\/p>\n<p><em>M\u00e1s de 70 t\u00edtulos y colecciones editadas en Guanajuato forman parte del programa editorial de la FILPM. Entre las primicias a compartir se cuentan: \u201cReportajes a Dios dar\u201d, recopilaci\u00f3n de textos period\u00edsticos de Efra\u00edn Huerta y \u201cEmilio Uranga: A\u00f1os de Alemania (1952-1956)\u201d, con correspondencia del connotado intelectual mexicano a Luis Villoro y Alfonso Reyes.<\/em><\/p>\n<p><em>En el Palacio de Miner\u00eda debutar\u00e1n tambi\u00e9n: \u201cJazzamoart: Viaje al fondo de la pintura\u201d, \u201cLa concepci\u00f3n de la historia en la obra de Wigberto Jim\u00e9nez Moreno\u201d, de V\u00edctor Alfonso Ben\u00edtez y \u201cQue se organicen sus pueblos. Agust\u00edn de Iturbide y la contrainsurgencia en la comandancia de Guanajuato (1813-1816)\u201d, de Joaqu\u00edn Edgardo Espinosa.<\/em><\/p>\n<p><em>Otros libros notables de reciente publicaci\u00f3n que se presentar\u00e1n en Ciudad de M\u00e9xico son: &#8220;Cuando te hablen de amor y de ilusiones&#8221;, de Paloma Jim\u00e9nez Galvez; &#8220;Miradas extranjeras al estado de Guanajuato&#8221;, de Jos\u00e9 N. Iturriaga; &#8220;Jaraneros, puetas y vareros&#8221;, de Flavio Neftal\u00ed D\u00edaz y dos textos centrados en Jorge Ibarg\u00fcengoitia: &#8220;Olafo y los amigos&#8221;, recopilaci\u00f3n ensay\u00edstica coordinada por Amaranta Caballero y la biograf\u00eda literaria &#8220;Un escritor entre ruinas&#8221;, de Alejandro L\u00e1mbarry.<\/em><\/p>\n<p><em>Adem\u00e1s de sus letras, Guanajuato se manifestar\u00e1 sonoramente, con sendas actuaciones del grupo de m\u00fasica antigua Los Tiempos Pasados, la Banda de M\u00fasica del Estado, el conjunto de huapango Los D\u00edaz del Real y el tr\u00edo de jazz Orozco Mata Garc\u00eda.<\/em><\/p>\n<p><em>El programa completo de Guanajuato: Escrito con Grandeza se puede consultar en la p\u00e1gina web de la Feria Internacional del Libro del Palacio de Miner\u00eda (filmineria.unam.mx) o en la del Instituto Estatal de la Cultura de Guanajuato (cultura.guanajuato.gob.mx).<\/em><\/p>\n<div dir=\"auto\"><a class=\"x1i10hfl xjbqb8w x6umtig x1b1mbwd xaqea5y xav7gou x9f619 x1ypdohk xt0psk2 xe8uvvx xdj266r x11i5rnm xat24cr x1mh8g0r xexx8yu x4uap5 x18d9i69 xkhd6sd x16tdsg8 x1hl2dhg xggy1nq x1a2a7pz xt0b8zv x1qq9wsj xo1l8bm\" tabindex=\"0\" role=\"link\" href=\"https:\/\/www.facebook.com\/hashtag\/filpm?__eep__=6&amp;__cft__[0]=AZXdmAOH_EY5Hj6Ns0QjRWUsu6qtl30rHosG-RgZqz11QZFsDV2CIRGFWD10T7-Pms0QpdnQeVA1NsUfNVJr82eQ5-BEghk_Vvx8JpJNzjcxrbOEEBFYMhTE5r3E0nFHuT8&amp;__tn__=*NK-R\">#FILPM<\/a><\/div>\n<div dir=\"auto\"><a class=\"x1i10hfl xjbqb8w x6umtig x1b1mbwd xaqea5y xav7gou x9f619 x1ypdohk xt0psk2 xe8uvvx xdj266r x11i5rnm xat24cr x1mh8g0r xexx8yu x4uap5 x18d9i69 xkhd6sd x16tdsg8 x1hl2dhg xggy1nq x1a2a7pz xt0b8zv x1qq9wsj xo1l8bm\" tabindex=\"0\" role=\"link\" href=\"https:\/\/www.facebook.com\/hashtag\/feriadellibro?__eep__=6&amp;__cft__[0]=AZXdmAOH_EY5Hj6Ns0QjRWUsu6qtl30rHosG-RgZqz11QZFsDV2CIRGFWD10T7-Pms0QpdnQeVA1NsUfNVJr82eQ5-BEghk_Vvx8JpJNzjcxrbOEEBFYMhTE5r3E0nFHuT8&amp;__tn__=*NK-R\">#FeriaDelLibro<\/a><\/div>\n<div dir=\"auto\"><a class=\"x1i10hfl xjbqb8w x6umtig x1b1mbwd xaqea5y xav7gou x9f619 x1ypdohk xt0psk2 xe8uvvx xdj266r x11i5rnm xat24cr x1mh8g0r xexx8yu x4uap5 x18d9i69 xkhd6sd x16tdsg8 x1hl2dhg xggy1nq x1a2a7pz xt0b8zv x1qq9wsj xo1l8bm\" tabindex=\"0\" role=\"link\" href=\"https:\/\/www.facebook.com\/hashtag\/feriadellibrodelpalaciodemineria?__eep__=6&amp;__cft__[0]=AZXdmAOH_EY5Hj6Ns0QjRWUsu6qtl30rHosG-RgZqz11QZFsDV2CIRGFWD10T7-Pms0QpdnQeVA1NsUfNVJr82eQ5-BEghk_Vvx8JpJNzjcxrbOEEBFYMhTE5r3E0nFHuT8&amp;__tn__=*NK-R\">#feriadellibrodelpalaciodemineria<\/a><\/div>\n<div dir=\"auto\"><a class=\"x1i10hfl xjbqb8w x6umtig x1b1mbwd xaqea5y xav7gou x9f619 x1ypdohk xt0psk2 xe8uvvx xdj266r x11i5rnm xat24cr x1mh8g0r xexx8yu x4uap5 x18d9i69 xkhd6sd x16tdsg8 x1hl2dhg xggy1nq x1a2a7pz xt0b8zv x1qq9wsj xo1l8bm\" tabindex=\"0\" role=\"link\" href=\"https:\/\/www.facebook.com\/hashtag\/filmineria?__eep__=6&amp;__cft__[0]=AZXdmAOH_EY5Hj6Ns0QjRWUsu6qtl30rHosG-RgZqz11QZFsDV2CIRGFWD10T7-Pms0QpdnQeVA1NsUfNVJr82eQ5-BEghk_Vvx8JpJNzjcxrbOEEBFYMhTE5r3E0nFHuT8&amp;__tn__=*NK-R\">#FILMineria<\/a><\/div>\n<div dir=\"auto\"><a class=\"x1i10hfl xjbqb8w x6umtig x1b1mbwd xaqea5y xav7gou x9f619 x1ypdohk xt0psk2 xe8uvvx xdj266r x11i5rnm xat24cr x1mh8g0r xexx8yu x4uap5 x18d9i69 xkhd6sd x16tdsg8 x1hl2dhg xggy1nq x1a2a7pz xt0b8zv x1qq9wsj xo1l8bm\" tabindex=\"0\" role=\"link\" href=\"https:\/\/www.facebook.com\/hashtag\/bitacoracdmx?__eep__=6&amp;__cft__[0]=AZXdmAOH_EY5Hj6Ns0QjRWUsu6qtl30rHosG-RgZqz11QZFsDV2CIRGFWD10T7-Pms0QpdnQeVA1NsUfNVJr82eQ5-BEghk_Vvx8JpJNzjcxrbOEEBFYMhTE5r3E0nFHuT8&amp;__tn__=*NK-R\">#bitacoracdmx<\/a><\/div>\n<div dir=\"auto\"><a class=\"x1i10hfl xjbqb8w x6umtig x1b1mbwd xaqea5y xav7gou x9f619 x1ypdohk xt0psk2 xe8uvvx xdj266r x11i5rnm xat24cr x1mh8g0r xexx8yu x4uap5 x18d9i69 xkhd6sd x16tdsg8 x1hl2dhg xggy1nq x1a2a7pz xt0b8zv x1qq9wsj xo1l8bm\" tabindex=\"0\" role=\"link\" href=\"https:\/\/www.facebook.com\/hashtag\/secretariadeculturadeguanajuato?__eep__=6&amp;__cft__[0]=AZXdmAOH_EY5Hj6Ns0QjRWUsu6qtl30rHosG-RgZqz11QZFsDV2CIRGFWD10T7-Pms0QpdnQeVA1NsUfNVJr82eQ5-BEghk_Vvx8JpJNzjcxrbOEEBFYMhTE5r3E0nFHuT8&amp;__tn__=*NK-R\">#secretariadeculturadeguanajuato<\/a><\/div>\n<p>[\/fusion_text][fusion_imageframe image_id=&#8221;49648|medium&#8221; max_width=&#8221;&#8221; style_type=&#8221;&#8221; blur=&#8221;&#8221; stylecolor=&#8221;&#8221; hover_type=&#8221;none&#8221; bordersize=&#8221;&#8221; bordercolor=&#8221;&#8221; borderradius=&#8221;&#8221; align=&#8221;none&#8221; lightbox=&#8221;no&#8221; gallery_id=&#8221;&#8221; lightbox_image=&#8221;&#8221; lightbox_image_id=&#8221;&#8221; alt=&#8221;&#8221; link=&#8221;&#8221; linktarget=&#8221;_self&#8221; hide_on_mobile=&#8221;small-visibility,medium-visibility,large-visibility&#8221; class=&#8221;&#8221; id=&#8221;&#8221; animation_type=&#8221;&#8221; animation_direction=&#8221;left&#8221; animation_speed=&#8221;0.3&#8243; animation_offset=&#8221;&#8221;]https:\/\/www.bitacoracdmx.com\/wp-content\/uploads\/2023\/02\/email-20-1-191&#215;300.jpg[\/fusion_imageframe][\/fusion_builder_column][\/fusion_builder_row][\/fusion_builder_container]<\/p>\n","protected":false},"excerpt":{"rendered":"<p>[fusion_builder_container hundred_percent=&#8221;no&#8221; equal_height_columns=&#8221;no&#8221; menu_anchor=&#8221;&#8221; hide_on_mobile=&#8221;small-visibility,medium-visibility,large-visibility&#8221; class=&#8221;&#8221; id=&#8221;&#8221; background_color=&#8221;&#8221; background_image=&#8221;&#8221; background_position=&#8221;center center&#8221; background_repeat=&#8221;no-repeat&#8221; fade=&#8221;no&#8221; background_parallax=&#8221;none&#8221; parallax_speed=&#8221;0.3&#8243; video_mp4=&#8221;&#8221; video_webm=&#8221;&#8221; video_ogv=&#8221;&#8221; video_url=&#8221;&#8221; video_aspect_ratio=&#8221;16:9&#8243; video_loop=&#8221;yes&#8221; video_mute=&#8221;yes&#8221; overlay_color=&#8221;&#8221; video_preview_image=&#8221;&#8221; border_size=&#8221;&#8221; border_color=&#8221;&#8221; border_style=&#8221;solid&#8221; padding_top=&#8221;&#8221; padding_bottom=&#8221;&#8221; padding_left=&#8221;&#8221; padding_right=&#8221;&#8221;][fusion_builder_row][fusion_builder_column type=&#8221;1_1&#8243; layout=&#8221;1_1&#8243; background_position=&#8221;left top&#8221; background_color=&#8221;&#8221; border_size=&#8221;&#8221; border_color=&#8221;&#8221; border_style=&#8221;solid&#8221; border_position=&#8221;all&#8221; spacing=&#8221;yes&#8221; background_image=&#8221;&#8221; background_repeat=&#8221;no-repeat&#8221; padding_top=&#8221;&#8221; padding_right=&#8221;&#8221; padding_bottom=&#8221;&#8221; padding_left=&#8221;&#8221; margin_top=&#8221;0px&#8221; margin_bottom=&#8221;0px&#8221; class=&#8221;&#8221; id=&#8221;&#8221; animation_type=&#8221;&#8221; animation_speed=&#8221;0.3&#8243; animation_direction=&#8221;left&#8221; hide_on_mobile=&#8221;small-visibility,medium-visibility,large-visibility&#8221; center_content=&#8221;no&#8221; last=&#8221;no&#8221; min_height=&#8221;&#8221; hover_type=&#8221;none&#8221; link=&#8221;&#8221;][fusion_text] REDACCI\u00d3N * Guanajuato: Escrito con Grandeza es el nombre de la programaci\u00f3n preparada como estado invitado, con 70 actividades y m\u00e1s de 150 participantes.\u00a0 * \u201cGuanajuato: epicentro de manifestaciones que han ayudado a construir y a definir nuestra naci\u00f3n\u201d: Enrique [&hellip;]<\/p>\n","protected":false},"author":1,"featured_media":49648,"comment_status":"open","ping_status":"open","sticky":false,"template":"","format":"standard","meta":{"footnotes":""},"categories":[9,10],"tags":[],"_links":{"self":[{"href":"https:\/\/www.bitacoracdmx.com\/index.php?rest_route=\/wp\/v2\/posts\/49647"}],"collection":[{"href":"https:\/\/www.bitacoracdmx.com\/index.php?rest_route=\/wp\/v2\/posts"}],"about":[{"href":"https:\/\/www.bitacoracdmx.com\/index.php?rest_route=\/wp\/v2\/types\/post"}],"author":[{"embeddable":true,"href":"https:\/\/www.bitacoracdmx.com\/index.php?rest_route=\/wp\/v2\/users\/1"}],"replies":[{"embeddable":true,"href":"https:\/\/www.bitacoracdmx.com\/index.php?rest_route=%2Fwp%2Fv2%2Fcomments&post=49647"}],"version-history":[{"count":1,"href":"https:\/\/www.bitacoracdmx.com\/index.php?rest_route=\/wp\/v2\/posts\/49647\/revisions"}],"predecessor-version":[{"id":49649,"href":"https:\/\/www.bitacoracdmx.com\/index.php?rest_route=\/wp\/v2\/posts\/49647\/revisions\/49649"}],"wp:featuredmedia":[{"embeddable":true,"href":"https:\/\/www.bitacoracdmx.com\/index.php?rest_route=\/wp\/v2\/media\/49648"}],"wp:attachment":[{"href":"https:\/\/www.bitacoracdmx.com\/index.php?rest_route=%2Fwp%2Fv2%2Fmedia&parent=49647"}],"wp:term":[{"taxonomy":"category","embeddable":true,"href":"https:\/\/www.bitacoracdmx.com\/index.php?rest_route=%2Fwp%2Fv2%2Fcategories&post=49647"},{"taxonomy":"post_tag","embeddable":true,"href":"https:\/\/www.bitacoracdmx.com\/index.php?rest_route=%2Fwp%2Fv2%2Ftags&post=49647"}],"curies":[{"name":"wp","href":"https:\/\/api.w.org\/{rel}","templated":true}]}}