{"id":49650,"date":"2023-02-26T06:41:34","date_gmt":"2023-02-26T06:41:34","guid":{"rendered":"https:\/\/www.bitacoracdmx.com\/?p=49650"},"modified":"2023-02-26T06:41:34","modified_gmt":"2023-02-26T06:41:34","slug":"los-planetas-de-gustav-holst-en-un-concierto-inmersivo-astronomico-nunca-visto-en-mexico","status":"publish","type":"post","link":"https:\/\/www.bitacoracdmx.com\/?p=49650","title":{"rendered":"LOS PLANETAS DE GUSTAV HOLST en un concierto inmersivo astron\u00f3mico nunca visto en M\u00e9xico."},"content":{"rendered":"<p>[fusion_builder_container hundred_percent=&#8221;no&#8221; equal_height_columns=&#8221;no&#8221; menu_anchor=&#8221;&#8221; hide_on_mobile=&#8221;small-visibility,medium-visibility,large-visibility&#8221; class=&#8221;&#8221; id=&#8221;&#8221; background_color=&#8221;&#8221; background_image=&#8221;&#8221; background_position=&#8221;center center&#8221; background_repeat=&#8221;no-repeat&#8221; fade=&#8221;no&#8221; background_parallax=&#8221;none&#8221; parallax_speed=&#8221;0.3&#8243; video_mp4=&#8221;&#8221; video_webm=&#8221;&#8221; video_ogv=&#8221;&#8221; video_url=&#8221;&#8221; video_aspect_ratio=&#8221;16:9&#8243; video_loop=&#8221;yes&#8221; video_mute=&#8221;yes&#8221; overlay_color=&#8221;&#8221; video_preview_image=&#8221;&#8221; border_size=&#8221;&#8221; border_color=&#8221;&#8221; border_style=&#8221;solid&#8221; padding_top=&#8221;&#8221; padding_bottom=&#8221;&#8221; padding_left=&#8221;&#8221; padding_right=&#8221;&#8221;][fusion_builder_row][fusion_builder_column type=&#8221;1_1&#8243; layout=&#8221;1_1&#8243; background_position=&#8221;left top&#8221; background_color=&#8221;&#8221; border_size=&#8221;&#8221; border_color=&#8221;&#8221; border_style=&#8221;solid&#8221; border_position=&#8221;all&#8221; spacing=&#8221;yes&#8221; background_image=&#8221;&#8221; background_repeat=&#8221;no-repeat&#8221; padding_top=&#8221;&#8221; padding_right=&#8221;&#8221; padding_bottom=&#8221;&#8221; padding_left=&#8221;&#8221; margin_top=&#8221;0px&#8221; margin_bottom=&#8221;0px&#8221; class=&#8221;&#8221; id=&#8221;&#8221; animation_type=&#8221;&#8221; animation_speed=&#8221;0.3&#8243; animation_direction=&#8221;left&#8221; hide_on_mobile=&#8221;small-visibility,medium-visibility,large-visibility&#8221; center_content=&#8221;no&#8221; last=&#8221;no&#8221; min_height=&#8221;&#8221; hover_type=&#8221;none&#8221; link=&#8221;&#8221;][fusion_text]<\/p>\n<p>REDACCI\u00d3N<\/p>\n<h3>&#8211; La Filarm\u00f3nica de las Artes estrena concierto del siglo XlX<\/h3>\n<h3>&#8211; im\u00e1genes y videos nunca vistos<\/h3>\n<p>La Filarm\u00f3nica de las Artes presentar\u00e1 en su Noche de Luna un espect\u00e1culo novedoso y sin precedentes en M\u00e9xico: Los Planetas del compositor Gustav Holst, en un formato de Concierto inmersivo.<\/p>\n<p>Para este Concierto se acercaron al Lic. Marco Antonio V\u00e9lez Monta\u00f1o, experto en Ciencia y Tecnolog\u00eda espacial, adem\u00e1s de ser fundador de la Agencia Mexicana de Divulgaci\u00f3n Espacial.<\/p>\n<p>Habr\u00e1 im\u00e1genes y videos nunca antes vistos, exclusivos que el Lic. V\u00e9lez facilit\u00f3 para este Concierto a la Filarm\u00f3nica de las Artes.<\/p>\n<p>Queremos que se convierta en una experiencia inolvidable para los asistentes. El Espacio siempre ha sido un tema de inter\u00e9s para la humanidad, no conozco quien no ponga atenci\u00f3n cuando de \u00c9l se est\u00e1 hablando. Hay un sinn\u00famero de documentales, publicaciones, im\u00e1genes e investigaciones y todas llaman la atenci\u00f3n, asever\u00f3 el Director Enrique Abraham Velez Godoy.<\/p>\n<p>La obra de Gustav Holst es tit\u00e1nica, compleja y con un lenguaje muy avanzado para su \u00e9poca, una orquestaci\u00f3n tremenda.<\/p>\n<p>Abarca casi todos los Planetas de nuestro Sistema Solar, con excepci\u00f3n de Pl\u00fat\u00f3n, ya que, para cuando se descubri\u00f3 Plut\u00f3n y se consider\u00f3 planeta ya se hab\u00eda compuesto la obra y Holts se neg\u00f3 a escribir una parte para el planeta nuevo por qu\u00e9 alegaba que romp\u00eda con la armon\u00eda de la obra<\/p>\n<p>El concierto tendr\u00e1 tres \u00fanicas fechas, viernes 10 de marzo a las 19 hrs., s\u00e1bado 11 de marzo a las 18 hrs. y domingo 12 a las 17 hrs. Los boletos tienen un costo de $350 entrada general. Las presentaciones se llevar\u00e1n a cabo en el auditorio Fra Ang\u00e9lico en el Centro Universitario Cultural A. C. (CUC), ubicado en la calle Odontolog\u00eda n\u00fam. 35, colonia Copilco Universidad.<\/p>\n<p>\u200b<\/p>\n<div dir=\"auto\"><a class=\"x1i10hfl xjbqb8w x6umtig x1b1mbwd xaqea5y xav7gou x9f619 x1ypdohk xt0psk2 xe8uvvx xdj266r x11i5rnm xat24cr x1mh8g0r xexx8yu x4uap5 x18d9i69 xkhd6sd x16tdsg8 x1hl2dhg xggy1nq x1a2a7pz xt0b8zv x1qq9wsj xo1l8bm\" tabindex=\"0\" role=\"link\" href=\"https:\/\/www.facebook.com\/hashtag\/losplanetas?__eep__=6&amp;__cft__[0]=AZXxuATKNxz-jSSydurEaKUKtrTkqDyjUYwh2-XvZxgtranXssGQot6AYOI3OvGrsHMDOzZyYGOjGpLpUzd4DsjD95qyUUbhhQSuhoeuA-9q5Eh42XZCRK10jCfbh1ohvGA&amp;__tn__=*NK-R\">#losplanetas<\/a><\/div>\n<div dir=\"auto\"><a class=\"x1i10hfl xjbqb8w x6umtig x1b1mbwd xaqea5y xav7gou x9f619 x1ypdohk xt0psk2 xe8uvvx xdj266r x11i5rnm xat24cr x1mh8g0r xexx8yu x4uap5 x18d9i69 xkhd6sd x16tdsg8 x1hl2dhg xggy1nq x1a2a7pz xt0b8zv x1qq9wsj xo1l8bm\" tabindex=\"0\" role=\"link\" href=\"https:\/\/www.facebook.com\/hashtag\/gustavholst?__eep__=6&amp;__cft__[0]=AZXxuATKNxz-jSSydurEaKUKtrTkqDyjUYwh2-XvZxgtranXssGQot6AYOI3OvGrsHMDOzZyYGOjGpLpUzd4DsjD95qyUUbhhQSuhoeuA-9q5Eh42XZCRK10jCfbh1ohvGA&amp;__tn__=*NK-R\">#GustavHolst<\/a><\/div>\n<div dir=\"auto\"><a class=\"x1i10hfl xjbqb8w x6umtig x1b1mbwd xaqea5y xav7gou x9f619 x1ypdohk xt0psk2 xe8uvvx xdj266r x11i5rnm xat24cr x1mh8g0r xexx8yu x4uap5 x18d9i69 xkhd6sd x16tdsg8 x1hl2dhg xggy1nq x1a2a7pz xt0b8zv x1qq9wsj xo1l8bm\" tabindex=\"0\" role=\"link\" href=\"https:\/\/www.facebook.com\/hashtag\/filarmonicadelasartes?__eep__=6&amp;__cft__[0]=AZXxuATKNxz-jSSydurEaKUKtrTkqDyjUYwh2-XvZxgtranXssGQot6AYOI3OvGrsHMDOzZyYGOjGpLpUzd4DsjD95qyUUbhhQSuhoeuA-9q5Eh42XZCRK10jCfbh1ohvGA&amp;__tn__=*NK-R\">#filarmonicadelasartes<\/a><\/div>\n<div dir=\"auto\"><a class=\"x1i10hfl xjbqb8w x6umtig x1b1mbwd xaqea5y xav7gou x9f619 x1ypdohk xt0psk2 xe8uvvx xdj266r x11i5rnm xat24cr x1mh8g0r xexx8yu x4uap5 x18d9i69 xkhd6sd x16tdsg8 x1hl2dhg xggy1nq x1a2a7pz xt0b8zv x1qq9wsj xo1l8bm\" tabindex=\"0\" role=\"link\" href=\"https:\/\/www.facebook.com\/hashtag\/conciertoinmersivo?__eep__=6&amp;__cft__[0]=AZXxuATKNxz-jSSydurEaKUKtrTkqDyjUYwh2-XvZxgtranXssGQot6AYOI3OvGrsHMDOzZyYGOjGpLpUzd4DsjD95qyUUbhhQSuhoeuA-9q5Eh42XZCRK10jCfbh1ohvGA&amp;__tn__=*NK-R\">#ConciertoInmersivo<\/a><\/div>\n<div dir=\"auto\"><a class=\"x1i10hfl xjbqb8w x6umtig x1b1mbwd xaqea5y xav7gou x9f619 x1ypdohk xt0psk2 xe8uvvx xdj266r x11i5rnm xat24cr x1mh8g0r xexx8yu x4uap5 x18d9i69 xkhd6sd x16tdsg8 x1hl2dhg xggy1nq x1a2a7pz xt0b8zv x1qq9wsj xo1l8bm\" tabindex=\"0\" role=\"link\" href=\"https:\/\/www.facebook.com\/hashtag\/bitacoracdmx?__eep__=6&amp;__cft__[0]=AZXxuATKNxz-jSSydurEaKUKtrTkqDyjUYwh2-XvZxgtranXssGQot6AYOI3OvGrsHMDOzZyYGOjGpLpUzd4DsjD95qyUUbhhQSuhoeuA-9q5Eh42XZCRK10jCfbh1ohvGA&amp;__tn__=*NK-R\">#bitacoracdmx<\/a><\/div>\n<p><br aria-hidden=\"true\" \/>\u200b<\/p>\n<p>[\/fusion_text][fusion_imageframe image_id=&#8221;49651|medium&#8221; max_width=&#8221;&#8221; style_type=&#8221;&#8221; blur=&#8221;&#8221; stylecolor=&#8221;&#8221; hover_type=&#8221;none&#8221; bordersize=&#8221;&#8221; bordercolor=&#8221;&#8221; borderradius=&#8221;&#8221; align=&#8221;none&#8221; lightbox=&#8221;no&#8221; gallery_id=&#8221;&#8221; lightbox_image=&#8221;&#8221; lightbox_image_id=&#8221;&#8221; alt=&#8221;&#8221; link=&#8221;&#8221; linktarget=&#8221;_self&#8221; hide_on_mobile=&#8221;small-visibility,medium-visibility,large-visibility&#8221; class=&#8221;&#8221; id=&#8221;&#8221; animation_type=&#8221;&#8221; animation_direction=&#8221;left&#8221; animation_speed=&#8221;0.3&#8243; animation_offset=&#8221;&#8221;]https:\/\/www.bitacoracdmx.com\/wp-content\/uploads\/2023\/02\/email-21-300&#215;298.jpg[\/fusion_imageframe][\/fusion_builder_column][\/fusion_builder_row][\/fusion_builder_container]<\/p>\n","protected":false},"excerpt":{"rendered":"<p>[fusion_builder_container hundred_percent=&#8221;no&#8221; equal_height_columns=&#8221;no&#8221; menu_anchor=&#8221;&#8221; hide_on_mobile=&#8221;small-visibility,medium-visibility,large-visibility&#8221; class=&#8221;&#8221; id=&#8221;&#8221; background_color=&#8221;&#8221; background_image=&#8221;&#8221; background_position=&#8221;center center&#8221; background_repeat=&#8221;no-repeat&#8221; fade=&#8221;no&#8221; background_parallax=&#8221;none&#8221; parallax_speed=&#8221;0.3&#8243; video_mp4=&#8221;&#8221; video_webm=&#8221;&#8221; video_ogv=&#8221;&#8221; video_url=&#8221;&#8221; video_aspect_ratio=&#8221;16:9&#8243; video_loop=&#8221;yes&#8221; video_mute=&#8221;yes&#8221; overlay_color=&#8221;&#8221; video_preview_image=&#8221;&#8221; border_size=&#8221;&#8221; border_color=&#8221;&#8221; border_style=&#8221;solid&#8221; padding_top=&#8221;&#8221; padding_bottom=&#8221;&#8221; padding_left=&#8221;&#8221; padding_right=&#8221;&#8221;][fusion_builder_row][fusion_builder_column type=&#8221;1_1&#8243; layout=&#8221;1_1&#8243; background_position=&#8221;left top&#8221; background_color=&#8221;&#8221; border_size=&#8221;&#8221; border_color=&#8221;&#8221; border_style=&#8221;solid&#8221; border_position=&#8221;all&#8221; spacing=&#8221;yes&#8221; background_image=&#8221;&#8221; background_repeat=&#8221;no-repeat&#8221; padding_top=&#8221;&#8221; padding_right=&#8221;&#8221; padding_bottom=&#8221;&#8221; padding_left=&#8221;&#8221; margin_top=&#8221;0px&#8221; margin_bottom=&#8221;0px&#8221; class=&#8221;&#8221; id=&#8221;&#8221; animation_type=&#8221;&#8221; animation_speed=&#8221;0.3&#8243; animation_direction=&#8221;left&#8221; hide_on_mobile=&#8221;small-visibility,medium-visibility,large-visibility&#8221; center_content=&#8221;no&#8221; last=&#8221;no&#8221; min_height=&#8221;&#8221; hover_type=&#8221;none&#8221; link=&#8221;&#8221;][fusion_text] REDACCI\u00d3N &#8211; La Filarm\u00f3nica de las Artes estrena concierto del siglo XlX &#8211; im\u00e1genes y videos nunca vistos La Filarm\u00f3nica de las Artes presentar\u00e1 en su Noche de Luna un espect\u00e1culo novedoso y sin precedentes en M\u00e9xico: Los Planetas del [&hellip;]<\/p>\n","protected":false},"author":1,"featured_media":49651,"comment_status":"open","ping_status":"open","sticky":false,"template":"","format":"standard","meta":{"footnotes":""},"categories":[9,11],"tags":[],"_links":{"self":[{"href":"https:\/\/www.bitacoracdmx.com\/index.php?rest_route=\/wp\/v2\/posts\/49650"}],"collection":[{"href":"https:\/\/www.bitacoracdmx.com\/index.php?rest_route=\/wp\/v2\/posts"}],"about":[{"href":"https:\/\/www.bitacoracdmx.com\/index.php?rest_route=\/wp\/v2\/types\/post"}],"author":[{"embeddable":true,"href":"https:\/\/www.bitacoracdmx.com\/index.php?rest_route=\/wp\/v2\/users\/1"}],"replies":[{"embeddable":true,"href":"https:\/\/www.bitacoracdmx.com\/index.php?rest_route=%2Fwp%2Fv2%2Fcomments&post=49650"}],"version-history":[{"count":1,"href":"https:\/\/www.bitacoracdmx.com\/index.php?rest_route=\/wp\/v2\/posts\/49650\/revisions"}],"predecessor-version":[{"id":49652,"href":"https:\/\/www.bitacoracdmx.com\/index.php?rest_route=\/wp\/v2\/posts\/49650\/revisions\/49652"}],"wp:featuredmedia":[{"embeddable":true,"href":"https:\/\/www.bitacoracdmx.com\/index.php?rest_route=\/wp\/v2\/media\/49651"}],"wp:attachment":[{"href":"https:\/\/www.bitacoracdmx.com\/index.php?rest_route=%2Fwp%2Fv2%2Fmedia&parent=49650"}],"wp:term":[{"taxonomy":"category","embeddable":true,"href":"https:\/\/www.bitacoracdmx.com\/index.php?rest_route=%2Fwp%2Fv2%2Fcategories&post=49650"},{"taxonomy":"post_tag","embeddable":true,"href":"https:\/\/www.bitacoracdmx.com\/index.php?rest_route=%2Fwp%2Fv2%2Ftags&post=49650"}],"curies":[{"name":"wp","href":"https:\/\/api.w.org\/{rel}","templated":true}]}}