{"id":49653,"date":"2023-02-26T06:57:10","date_gmt":"2023-02-26T06:57:10","guid":{"rendered":"https:\/\/www.bitacoracdmx.com\/?p=49653"},"modified":"2023-02-26T06:57:10","modified_gmt":"2023-02-26T06:57:10","slug":"la-sala-de-cine-zapata-abre-nuevamente-sus-puertas-de-la-mano-de-procinecdmx","status":"publish","type":"post","link":"https:\/\/www.bitacoracdmx.com\/?p=49653","title":{"rendered":"La SALA DE CINE ZAPATA abre nuevamente sus puertas de la mano de PROCINECDMX"},"content":{"rendered":"<p>[fusion_builder_container hundred_percent=&#8221;no&#8221; equal_height_columns=&#8221;no&#8221; menu_anchor=&#8221;&#8221; hide_on_mobile=&#8221;small-visibility,medium-visibility,large-visibility&#8221; class=&#8221;&#8221; id=&#8221;&#8221; background_color=&#8221;&#8221; background_image=&#8221;&#8221; background_position=&#8221;center center&#8221; background_repeat=&#8221;no-repeat&#8221; fade=&#8221;no&#8221; background_parallax=&#8221;none&#8221; parallax_speed=&#8221;0.3&#8243; video_mp4=&#8221;&#8221; video_webm=&#8221;&#8221; video_ogv=&#8221;&#8221; video_url=&#8221;&#8221; video_aspect_ratio=&#8221;16:9&#8243; video_loop=&#8221;yes&#8221; video_mute=&#8221;yes&#8221; overlay_color=&#8221;&#8221; video_preview_image=&#8221;&#8221; border_size=&#8221;&#8221; border_color=&#8221;&#8221; border_style=&#8221;solid&#8221; padding_top=&#8221;&#8221; padding_bottom=&#8221;&#8221; padding_left=&#8221;&#8221; padding_right=&#8221;&#8221;][fusion_builder_row][fusion_builder_column type=&#8221;1_1&#8243; layout=&#8221;1_1&#8243; background_position=&#8221;left top&#8221; background_color=&#8221;&#8221; border_size=&#8221;&#8221; border_color=&#8221;&#8221; border_style=&#8221;solid&#8221; border_position=&#8221;all&#8221; spacing=&#8221;yes&#8221; background_image=&#8221;&#8221; background_repeat=&#8221;no-repeat&#8221; padding_top=&#8221;&#8221; padding_right=&#8221;&#8221; padding_bottom=&#8221;&#8221; padding_left=&#8221;&#8221; margin_top=&#8221;0px&#8221; margin_bottom=&#8221;0px&#8221; class=&#8221;&#8221; id=&#8221;&#8221; animation_type=&#8221;&#8221; animation_speed=&#8221;0.3&#8243; animation_direction=&#8221;left&#8221; hide_on_mobile=&#8221;small-visibility,medium-visibility,large-visibility&#8221; center_content=&#8221;no&#8221; last=&#8221;no&#8221; min_height=&#8221;&#8221; hover_type=&#8221;none&#8221; link=&#8221;&#8221;][fusion_text]<\/p>\n<p>REDACCI\u00d3N<\/p>\n<ul>\n<li>Este espacio fue inaugurado en el 2017, ubicado en el transbordo de las l\u00edneas 3 y 12 del STC Metro Zapata, fungir\u00e1 como sede del programa \u201cCine en la Ciudad\u201d y Estaci\u00f3n PROCINECDMX<\/li>\n<li>Habr\u00e1 una cartelera mensual que promueva el cine mexicano e internacional, con exhibiciones gratuitas que se realizar\u00e1n todos los martes y jueves a las 16 horas.<\/li>\n<li>En el marco de la conmemoraci\u00f3n del \u201cD\u00eda Internacional de la Lengua Materna\u201d, se proyect\u00f3 la pel\u00edcula\u00a0<em>Pobo \u2018Tzu\u2019<\/em>\u00a0con presencia de la directora Tania Ximena Ru\u00edz.<\/li>\n<\/ul>\n<p>Tras un a\u00f1o sin proyecciones derivado de la pandemia por COVID-19, la sala de cine ubicada en la estaci\u00f3n Zapata, espacio de exhibici\u00f3n destinado para el esparcimiento cultural de las y los usuarios del Sistema de Transporte Colectivo de la Ciudad de M\u00e9xico llev\u00f3 a cabo su reapertura oficial, a la par de fungir como sede del programa \u201cCine en la Ciudad\u201d y \u201cEstaci\u00f3n PROCINECDMX\u201d.<br aria-hidden=\"true\" \/>\u00a0<br aria-hidden=\"true\" \/>El responsable del \u00e1rea de Cultura del (STC) Metro, Jaime L\u00f3pez Vela, destac\u00f3 que desde el 2022, el Fideicomiso para la Promoci\u00f3n y Desarrollo del Cine Mexicano (PROCINECDMX), adscrito a la Secretar\u00eda de Cultura capitalina y Cultura Metro colabor\u00f3 estrechamente en una alianza fruct\u00edfera realizando 26 funciones de cine en las estaciones Hidalgo, La Raza, Copilco y la Explanada de la Glorieta de los Insurgentes, para llevar la magia del cine a estos espacios, con la intenci\u00f3n de acercar al p\u00fablico a la cultura y brindar alegr\u00eda a las y los usuarios durante sus trayectos.<br aria-hidden=\"true\" \/>\u00a0<br aria-hidden=\"true\" \/>De igual manera, invit\u00f3 a conocer el \u201cMuseo del Metro\u201d en la estaci\u00f3n Mixcoac de la l\u00ednea 12, de manera presencial o virtual, a trav\u00e9s de cualquier dispositivo, ingresando a la secci\u00f3n de cultura de la p\u00e1gina web del Metro https:\/\/www.metro.cdmx.gob.mx\/<br aria-hidden=\"true\" \/>\u00a0<br aria-hidden=\"true\" \/>Asimismo, anunci\u00f3 que ya se encuentra abierta al p\u00fablico la exposici\u00f3n fotogr\u00e1fica \u201cFiesta de im\u00e1genes, el color de la identidad\u201d, integrada por 26 fotograf\u00edas de rostros, vestimenta y tradiciones de las comunidades ind\u00edgenas que estar\u00e1 disponible hasta el 30 de abril en la estaci\u00f3n del Metro Ermita de la l\u00ednea 12, con el apoyo del Instituto Nacional de las Lenguas Ind\u00edgenas (Inali) en el marco de la conmemoraci\u00f3n del D\u00eda Internacional de la Lengua Materna.<br aria-hidden=\"true\" \/>\u00a0<br aria-hidden=\"true\" \/>En su turno, Cristi\u00e1n Cal\u00f3nico, director general de PROCINECDMX agradeci\u00f3 al Metro por esta colaboraci\u00f3n virtuosa y reconoci\u00f3 la riqueza cultural que brinda este sistema de transporte a los capitalinos. Invit\u00f3 a los asistentes a disfrutar y apreciar las atmosferas visuales y sonoras de la cinta\u00a0<em>Pobo \u2018Tzu\u2019<\/em>\u00a0(Noche blanca), que muestra el rescate de la cosmogon\u00eda zoque de una manera poet\u00edca y el esfuerzo de los pobladores por recuperar su hogar.<br aria-hidden=\"true\" \/>\u00a0<br aria-hidden=\"true\" \/>Tania Ximena Ruiz, realizadora de la pel\u00edcula, comparti\u00f3 que el largometraje se encuentra en corrida cultural en distintas actividades especiales, con el objetivo de difundir y generar conversaciones en torno a este proyecto que se desarroll\u00f3 en alrededor de siete a\u00f1os en conjunto con los protagonistas. Una producci\u00f3n que va m\u00e1s all\u00e1 de la erupci\u00f3n del volc\u00e1n Chichonal (1982), hilvanando la relaci\u00f3n con este fenomeno, la memoria y el renacer, tras sufrir esta catastrofe natural, desconocida por muchos y catalogada geol\u00f3gicamente como la m\u00e1s importante del siglo XX.<br aria-hidden=\"true\" \/>\u00a0<br aria-hidden=\"true\" \/>Para este a\u00f1o, las exhibiciones se realizar\u00e1n en dicha sala con una cartelera mensual que integrar\u00e1 pel\u00edculas mexicanas y cintas internacionales con el apoyo de productoras, distribuidores, festivales de cine de la Ciudad de M\u00e9xico y el Instituto Mexicano de la Cinematograf\u00eda (IMCINE).<br aria-hidden=\"true\" \/>\u00a0<br aria-hidden=\"true\" \/>La cartelera del mes de marzo integrar\u00e1 cintas infantiles como\u00a0<em>Tesoros<\/em>, que formar\u00e1 parte del \u201cFestival Tiempo de Mujeres\u201d, en homenaje a Mar\u00eda Novaro, pionera en la industria cinematogr\u00e1fica mexicana y ganadora de cuatro premios Ariel por su \u00f3pera prima Lola.\u00a0 Reconocida internacionalmente por su largometraje Danz\u00f3n, actualmente, se desempe\u00f1a como directora del IMCINE.<br aria-hidden=\"true\" \/>\u00a0<br aria-hidden=\"true\" \/>El filme narrado por ni\u00f1os y para ni\u00f1os, se proyectar\u00e1 el martes 7 de marzo, retrata la inocencia de sus protagonistas, y riqueza natural de M\u00e9xico. Mediante un mensaje ambientalista, contribuye a crear conciencia sobre las acciones que debemos poner en pr\u00e1ctica para la preservaci\u00f3n de los ecosistemas.<br aria-hidden=\"true\" \/>\u00a0<br aria-hidden=\"true\" \/>Para celebrar el \u201cD\u00eda Internacional de la Eliminaci\u00f3n de la Discriminaci\u00f3n Racial\u201d, que llama a la comunidad a redoblar esfuerzos para eliminar todas las formas de discriminaci\u00f3n racial; el martes 21 de marzo se presentar\u00e1 el documental Negra de Medhin Tewolde Serrano, en el que logra despersonalizar el racismo. Trenza la historia de cinco mujeres del sureste mexicano que exponen la discriminaci\u00f3n que han vivido, compartiendo procesos de resistencia, autoaceptaci\u00f3n y celebraci\u00f3n de su identidad.<br aria-hidden=\"true\" \/>\u00a0<br aria-hidden=\"true\" \/>De manera especial, se realizar\u00e1 un Ciclo de tres cortometrajes con perspectiva de g\u00e9nero, los temas contribuyen a combatir estereotipos y fomentar la equidad de g\u00e9nero. La selecci\u00f3n forma parte del \u201cFestival Shorts M\u00e9xico\u201d y se exhibir\u00e1n el jueves 23 de marzo.<br aria-hidden=\"true\" \/>\u00a0<br aria-hidden=\"true\" \/>Para saber todas las actividades de la Secretar\u00eda de Cultura capitalina se puede consultar la Cartelera de la Ciudad de M\u00e9xico (<a href=\"https:\/\/gob.us21.list-manage.com\/track\/click?u=24ab1d8cf82850533a5af327c&amp;id=f0c4d4f55c&amp;e=4fe2704bc3\" target=\"_blank\" rel=\"noopener noreferrer\" data-auth=\"NotApplicable\" data-linkindex=\"0\">https:\/\/cartelera.cdmx.gob.mx\/<\/a>) \u00a0y las redes sociales de la Secretar\u00eda de Cultura:\u00a0Facebook, Twitter, Instagram y YouTube.<\/p>\n<div dir=\"auto\"><a class=\"x1i10hfl xjbqb8w x6umtig x1b1mbwd xaqea5y xav7gou x9f619 x1ypdohk xt0psk2 xe8uvvx xdj266r x11i5rnm xat24cr x1mh8g0r xexx8yu x4uap5 x18d9i69 xkhd6sd x16tdsg8 x1hl2dhg xggy1nq x1a2a7pz xt0b8zv x1qq9wsj xo1l8bm\" tabindex=\"0\" role=\"link\" href=\"https:\/\/www.facebook.com\/hashtag\/procine?__eep__=6&amp;__cft__[0]=AZUAQUQY_X7Su72qM7ymTDusm33sZWWNOJV7NTBdhdggoAdfIGcUrPkgbDOucSnvlAugncM787GYPn8NzQECHtFTwiLhQ0GmtEEGMk4AcMCyjojd9H1uSmFANJye-qFOPRM&amp;__tn__=*NK-R\">#PROCINE<\/a><\/div>\n<div dir=\"auto\"><a class=\"x1i10hfl xjbqb8w x6umtig x1b1mbwd xaqea5y xav7gou x9f619 x1ypdohk xt0psk2 xe8uvvx xdj266r x11i5rnm xat24cr x1mh8g0r xexx8yu x4uap5 x18d9i69 xkhd6sd x16tdsg8 x1hl2dhg xggy1nq x1a2a7pz xt0b8zv x1qq9wsj xo1l8bm\" tabindex=\"0\" role=\"link\" href=\"https:\/\/www.facebook.com\/hashtag\/procinecdmx?__eep__=6&amp;__cft__[0]=AZUAQUQY_X7Su72qM7ymTDusm33sZWWNOJV7NTBdhdggoAdfIGcUrPkgbDOucSnvlAugncM787GYPn8NzQECHtFTwiLhQ0GmtEEGMk4AcMCyjojd9H1uSmFANJye-qFOPRM&amp;__tn__=*NK-R\">#PROCINECDMX<\/a><\/div>\n<div dir=\"auto\"><a class=\"x1i10hfl xjbqb8w x6umtig x1b1mbwd xaqea5y xav7gou x9f619 x1ypdohk xt0psk2 xe8uvvx xdj266r x11i5rnm xat24cr x1mh8g0r xexx8yu x4uap5 x18d9i69 xkhd6sd x16tdsg8 x1hl2dhg xggy1nq x1a2a7pz xt0b8zv x1qq9wsj xo1l8bm\" tabindex=\"0\" role=\"link\" href=\"https:\/\/www.facebook.com\/hashtag\/secretariadeculturacdmx?__eep__=6&amp;__cft__[0]=AZUAQUQY_X7Su72qM7ymTDusm33sZWWNOJV7NTBdhdggoAdfIGcUrPkgbDOucSnvlAugncM787GYPn8NzQECHtFTwiLhQ0GmtEEGMk4AcMCyjojd9H1uSmFANJye-qFOPRM&amp;__tn__=*NK-R\">#secretariadeculturacdmx<\/a><\/div>\n<div dir=\"auto\"><a class=\"x1i10hfl xjbqb8w x6umtig x1b1mbwd xaqea5y xav7gou x9f619 x1ypdohk xt0psk2 xe8uvvx xdj266r x11i5rnm xat24cr x1mh8g0r xexx8yu x4uap5 x18d9i69 xkhd6sd x16tdsg8 x1hl2dhg xggy1nq x1a2a7pz xt0b8zv x1qq9wsj xo1l8bm\" tabindex=\"0\" role=\"link\" href=\"https:\/\/www.facebook.com\/hashtag\/bitacoracdmx?__eep__=6&amp;__cft__[0]=AZUAQUQY_X7Su72qM7ymTDusm33sZWWNOJV7NTBdhdggoAdfIGcUrPkgbDOucSnvlAugncM787GYPn8NzQECHtFTwiLhQ0GmtEEGMk4AcMCyjojd9H1uSmFANJye-qFOPRM&amp;__tn__=*NK-R\">#bitacoracdmx<\/a><\/div>\n<p>[\/fusion_text][fusion_imageframe image_id=&#8221;49654|medium&#8221; max_width=&#8221;&#8221; style_type=&#8221;&#8221; blur=&#8221;&#8221; stylecolor=&#8221;&#8221; hover_type=&#8221;none&#8221; bordersize=&#8221;&#8221; bordercolor=&#8221;&#8221; borderradius=&#8221;&#8221; align=&#8221;none&#8221; lightbox=&#8221;no&#8221; gallery_id=&#8221;&#8221; lightbox_image=&#8221;&#8221; lightbox_image_id=&#8221;&#8221; alt=&#8221;&#8221; link=&#8221;&#8221; linktarget=&#8221;_self&#8221; hide_on_mobile=&#8221;small-visibility,medium-visibility,large-visibility&#8221; class=&#8221;&#8221; id=&#8221;&#8221; animation_type=&#8221;&#8221; animation_direction=&#8221;left&#8221; animation_speed=&#8221;0.3&#8243; animation_offset=&#8221;&#8221;]https:\/\/www.bitacoracdmx.com\/wp-content\/uploads\/2023\/02\/92f93754-fe53-f548-5265-365396e1c09e-300&#215;223.jpg[\/fusion_imageframe][\/fusion_builder_column][\/fusion_builder_row][\/fusion_builder_container]<\/p>\n","protected":false},"excerpt":{"rendered":"<p>[fusion_builder_container hundred_percent=&#8221;no&#8221; equal_height_columns=&#8221;no&#8221; menu_anchor=&#8221;&#8221; hide_on_mobile=&#8221;small-visibility,medium-visibility,large-visibility&#8221; class=&#8221;&#8221; id=&#8221;&#8221; background_color=&#8221;&#8221; background_image=&#8221;&#8221; background_position=&#8221;center center&#8221; background_repeat=&#8221;no-repeat&#8221; fade=&#8221;no&#8221; background_parallax=&#8221;none&#8221; parallax_speed=&#8221;0.3&#8243; video_mp4=&#8221;&#8221; video_webm=&#8221;&#8221; video_ogv=&#8221;&#8221; video_url=&#8221;&#8221; video_aspect_ratio=&#8221;16:9&#8243; video_loop=&#8221;yes&#8221; video_mute=&#8221;yes&#8221; overlay_color=&#8221;&#8221; video_preview_image=&#8221;&#8221; border_size=&#8221;&#8221; border_color=&#8221;&#8221; border_style=&#8221;solid&#8221; padding_top=&#8221;&#8221; padding_bottom=&#8221;&#8221; padding_left=&#8221;&#8221; padding_right=&#8221;&#8221;][fusion_builder_row][fusion_builder_column type=&#8221;1_1&#8243; layout=&#8221;1_1&#8243; background_position=&#8221;left top&#8221; background_color=&#8221;&#8221; border_size=&#8221;&#8221; border_color=&#8221;&#8221; border_style=&#8221;solid&#8221; border_position=&#8221;all&#8221; spacing=&#8221;yes&#8221; background_image=&#8221;&#8221; background_repeat=&#8221;no-repeat&#8221; padding_top=&#8221;&#8221; padding_right=&#8221;&#8221; padding_bottom=&#8221;&#8221; padding_left=&#8221;&#8221; margin_top=&#8221;0px&#8221; margin_bottom=&#8221;0px&#8221; class=&#8221;&#8221; id=&#8221;&#8221; animation_type=&#8221;&#8221; animation_speed=&#8221;0.3&#8243; animation_direction=&#8221;left&#8221; hide_on_mobile=&#8221;small-visibility,medium-visibility,large-visibility&#8221; center_content=&#8221;no&#8221; last=&#8221;no&#8221; min_height=&#8221;&#8221; hover_type=&#8221;none&#8221; link=&#8221;&#8221;][fusion_text] REDACCI\u00d3N Este espacio fue inaugurado en el 2017, ubicado en el transbordo de las l\u00edneas 3 y 12 del STC Metro Zapata, fungir\u00e1 como sede del programa \u201cCine en la Ciudad\u201d y Estaci\u00f3n PROCINECDMX Habr\u00e1 una cartelera mensual que promueva [&hellip;]<\/p>\n","protected":false},"author":1,"featured_media":49654,"comment_status":"open","ping_status":"open","sticky":false,"template":"","format":"standard","meta":{"footnotes":""},"categories":[3,9],"tags":[],"_links":{"self":[{"href":"https:\/\/www.bitacoracdmx.com\/index.php?rest_route=\/wp\/v2\/posts\/49653"}],"collection":[{"href":"https:\/\/www.bitacoracdmx.com\/index.php?rest_route=\/wp\/v2\/posts"}],"about":[{"href":"https:\/\/www.bitacoracdmx.com\/index.php?rest_route=\/wp\/v2\/types\/post"}],"author":[{"embeddable":true,"href":"https:\/\/www.bitacoracdmx.com\/index.php?rest_route=\/wp\/v2\/users\/1"}],"replies":[{"embeddable":true,"href":"https:\/\/www.bitacoracdmx.com\/index.php?rest_route=%2Fwp%2Fv2%2Fcomments&post=49653"}],"version-history":[{"count":1,"href":"https:\/\/www.bitacoracdmx.com\/index.php?rest_route=\/wp\/v2\/posts\/49653\/revisions"}],"predecessor-version":[{"id":49655,"href":"https:\/\/www.bitacoracdmx.com\/index.php?rest_route=\/wp\/v2\/posts\/49653\/revisions\/49655"}],"wp:featuredmedia":[{"embeddable":true,"href":"https:\/\/www.bitacoracdmx.com\/index.php?rest_route=\/wp\/v2\/media\/49654"}],"wp:attachment":[{"href":"https:\/\/www.bitacoracdmx.com\/index.php?rest_route=%2Fwp%2Fv2%2Fmedia&parent=49653"}],"wp:term":[{"taxonomy":"category","embeddable":true,"href":"https:\/\/www.bitacoracdmx.com\/index.php?rest_route=%2Fwp%2Fv2%2Fcategories&post=49653"},{"taxonomy":"post_tag","embeddable":true,"href":"https:\/\/www.bitacoracdmx.com\/index.php?rest_route=%2Fwp%2Fv2%2Ftags&post=49653"}],"curies":[{"name":"wp","href":"https:\/\/api.w.org\/{rel}","templated":true}]}}