{"id":49656,"date":"2023-02-26T07:11:55","date_gmt":"2023-02-26T07:11:55","guid":{"rendered":"https:\/\/www.bitacoracdmx.com\/?p=49656"},"modified":"2023-02-26T07:11:55","modified_gmt":"2023-02-26T07:11:55","slug":"cautiva-jose-alfredo-jimenez-en-feria-internacional-del-libro-del-palacio-de-mineria","status":"publish","type":"post","link":"https:\/\/www.bitacoracdmx.com\/?p=49656","title":{"rendered":"Cautiva Jos\u00e9 Alfredo Jim\u00e9nez en Feria Internacional del Libro del Palacio de Miner\u00eda"},"content":{"rendered":"<p>[fusion_builder_container hundred_percent=&#8221;no&#8221; equal_height_columns=&#8221;no&#8221; menu_anchor=&#8221;&#8221; hide_on_mobile=&#8221;small-visibility,medium-visibility,large-visibility&#8221; class=&#8221;&#8221; id=&#8221;&#8221; background_color=&#8221;&#8221; background_image=&#8221;&#8221; background_position=&#8221;center center&#8221; background_repeat=&#8221;no-repeat&#8221; fade=&#8221;no&#8221; background_parallax=&#8221;none&#8221; parallax_speed=&#8221;0.3&#8243; video_mp4=&#8221;&#8221; video_webm=&#8221;&#8221; video_ogv=&#8221;&#8221; video_url=&#8221;&#8221; video_aspect_ratio=&#8221;16:9&#8243; video_loop=&#8221;yes&#8221; video_mute=&#8221;yes&#8221; overlay_color=&#8221;&#8221; video_preview_image=&#8221;&#8221; border_size=&#8221;&#8221; border_color=&#8221;&#8221; border_style=&#8221;solid&#8221; padding_top=&#8221;&#8221; padding_bottom=&#8221;&#8221; padding_left=&#8221;&#8221; padding_right=&#8221;&#8221;][fusion_builder_row][fusion_builder_column type=&#8221;1_1&#8243; layout=&#8221;1_1&#8243; background_position=&#8221;left top&#8221; background_color=&#8221;&#8221; border_size=&#8221;&#8221; border_color=&#8221;&#8221; border_style=&#8221;solid&#8221; border_position=&#8221;all&#8221; spacing=&#8221;yes&#8221; background_image=&#8221;&#8221; background_repeat=&#8221;no-repeat&#8221; padding_top=&#8221;&#8221; padding_right=&#8221;&#8221; padding_bottom=&#8221;&#8221; padding_left=&#8221;&#8221; margin_top=&#8221;0px&#8221; margin_bottom=&#8221;0px&#8221; class=&#8221;&#8221; id=&#8221;&#8221; animation_type=&#8221;&#8221; animation_speed=&#8221;0.3&#8243; animation_direction=&#8221;left&#8221; hide_on_mobile=&#8221;small-visibility,medium-visibility,large-visibility&#8221; center_content=&#8221;no&#8221; last=&#8221;no&#8221; min_height=&#8221;&#8221; hover_type=&#8221;none&#8221; link=&#8221;&#8221;][fusion_text]<\/p>\n<p>REDACCI\u00d3N<\/p>\n<p><i><span style=\"font-weight: 400;\">* <\/span><\/i><span style=\"font-weight: 400;\">El compositor guanajuatense es invocado desde la memoria, la palabra y la m\u00fasica en la presentaci\u00f3n del libro \u201cCuando te hablen de amor y de ilusiones\u201d.<\/span><\/p>\n<p><span style=\"font-weight: 400;\">* El libro de Paloma Jim\u00e9nez G\u00e1lvez fue presentado por Juan Villoro y Adriana Camarena, con m\u00fasica en vivo del Tr\u00edo Orozco Mata Garc\u00eda.<\/span><\/p>\n<p><span style=\"font-weight: 400;\">\u201cAs\u00ed como hay armarios que guardan cosas, hay almarios que guardan almas y uno de los m\u00e1s grandes que tenemos es Jos\u00e9 Alfredo Jim\u00e9nez\u201d.\u00a0<\/span><\/p>\n<p><span style=\"font-weight: 400;\">De esta forma se expres\u00f3 Juan Villoro en la presentaci\u00f3n del libro \u201cCuando te hable de amor y de ilusiones\u201d, de Paloma Jim\u00e9nez G\u00e1lvez, realizada la noche de este viernes, dentro de la programaci\u00f3n de Guanajuato como estado invitado de la 44\u00aa Feria Internacional del Libro del Palacio de Miner\u00eda.<\/span><\/p>\n<p><span style=\"font-weight: 400;\">El rey de la m\u00fasica ranchera demostr\u00f3 su poder de convocatoria a casi 50 a\u00f1os de su fallecimiento, en una de las m\u00e1s concurridas presentaciones editoriales de la jornada que combin\u00f3 los comentarios de G\u00e1lvez, Villoro, Adriana Camarena y Mauricio V\u00e1zquez, con la interpretaci\u00f3n en vivo, del tr\u00edo guanajuatense de jazz Orozco Mata Garc\u00eda.<\/span><\/p>\n<p><span style=\"font-weight: 400;\">Publicado con el sello de Ediciones La Rana, del Instituto Estatal de la Cultura de Guanajuato (IEC), \u201cCuando te hable de amor y de ilusiones\u201d es una investigaci\u00f3n sobre la dimensi\u00f3n l\u00edrica de las canciones de Jos\u00e9 Alfredo Jim\u00e9nez, elaborada por su hija, Paloma Jim\u00e9nez G\u00e1lvez, con las herramientas de la filosof\u00eda y la teor\u00eda literaria, como parte de sus estudios de posgrado en Letras Hispanas.<\/span><\/p>\n<p><span style=\"font-weight: 400;\">\u201cJos\u00e9 Alfredo es el fil\u00f3sofo del pueblo\u201d, coment\u00f3 en su intervenci\u00f3n Adriana Camarena de Obeso, directora del IEC. \u201cAlguien que, con gran emotividad y sabidur\u00eda, escribi\u00f3 letras que permiten que la mayor\u00eda de los mexicanos nos sintamos reflejados en un espejo colectivo, que nos hace ver tambi\u00e9n la paradoja que habita en nuestro ser\u201d.<\/span><\/p>\n<p><span style=\"font-weight: 400;\">Juan Villoro, que es adem\u00e1s el prologuista del libro, situ\u00f3 a Jos\u00e9 Alfredo Jim\u00e9nez entre los compositores m\u00e1s grandes de M\u00e9xico, junto a Agust\u00edn Lara, Armando Manzanero y Juan Gabriel. \u201cPero de estos cuatro, el que m\u00e1s hondo ha calado en los vericuetos del coraz\u00f3n es, sin lugar a dudas, el pensador de Dolores, porque su repertorio sentimental es ampl\u00edsimo: desde el desprendimiento y el despecho al anhelo. El mayor de los problemas y el m\u00e1s maravilloso de todos, que es el amor, Jos\u00e9 Alfredo supo entenderlo de manera excepcional\u201d.<\/span><\/p>\n<p><span style=\"font-weight: 400;\">Villoro se\u00f1al\u00f3 que el dolorense se ha instalado tan profundamente en el alma de los mexicanos que ya no requiere apellido. \u201cSi nosotros decimos Jos\u00e9 Alfredo, sabemos a qui\u00e9n nos estamos refiriendo\u201d y que los versos de sus melod\u00edas se han convertido en \u201crefranes que pertenecen al ADN de la patria\u201d.<\/span><\/p>\n<p><span style=\"font-weight: 400;\">En su turno, Paloma Jim\u00e9nez G\u00e1lvez coment\u00f3 que el libro es fruto de un trabajo de varios a\u00f1os, en el que hizo un trayecto de equilibrista para \u201ctomar distancia de la figura paterna, pero al mismo tiempo acercarme a ella\u201d.<\/span><\/p>\n<p><span style=\"font-weight: 400;\">\u201cLo que quise hacer\u201d, dice la autora, \u201cfue abordar la cosmovisi\u00f3n de Jos\u00e9 Alfredo a trav\u00e9s del sujeto l\u00edrico que est\u00e1 cantando esas canciones. El sujeto l\u00edrico va cambiando en cada una; sin embargo, es la cosmovisi\u00f3n la que nos vaentregando los distintos rostros de Jos\u00e9 Alfredo, que son mucho, siendo el principal el sufrimiento como una marca de existencia que hay que saber sobrellevar\u201d.<\/span><\/p>\n<p><span style=\"font-weight: 400;\">Entre las intervenciones de los presentadores, el tr\u00edo integrado por la cantante Cecilia Mata, el contrabajista Carlos Orozco y el guitarrista y saxofonista Luis Garc\u00eda sembr\u00f3 interpretaciones de varios temas de Jos\u00e9 Alfredo en textura de jazz, como \u201cUn mundo raro\u201d, \u201cSi nos dejan\u201d, \u201cEl jinete\u201d y \u201cMu\u00f1equita negra\u201d, sin faltar \u201cCaminos de Guanajuato\u201d.<\/span><\/p>\n<div dir=\"auto\"><a class=\"x1i10hfl xjbqb8w x6umtig x1b1mbwd xaqea5y xav7gou x9f619 x1ypdohk xt0psk2 xe8uvvx xdj266r x11i5rnm xat24cr x1mh8g0r xexx8yu x4uap5 x18d9i69 xkhd6sd x16tdsg8 x1hl2dhg xggy1nq x1a2a7pz xt0b8zv x1qq9wsj xo1l8bm\" tabindex=\"0\" role=\"link\" href=\"https:\/\/www.facebook.com\/hashtag\/filpm?__eep__=6&amp;__cft__[0]=AZXzJJWZCX3KBdfHEh8DpF2HzYC_96t1VT5dp9cGwKr46BP_6-oZcI8Ts8j_gAkDY7pnchfas07IlVDSMU3HSdeMpLno4a-ywPXD-P8i1P-FLrraw14jo752n4PYfBoQ9GY&amp;__tn__=*NK-R\">#FILPM<\/a><\/div>\n<div dir=\"auto\"><a class=\"x1i10hfl xjbqb8w x6umtig x1b1mbwd xaqea5y xav7gou x9f619 x1ypdohk xt0psk2 xe8uvvx xdj266r x11i5rnm xat24cr x1mh8g0r xexx8yu x4uap5 x18d9i69 xkhd6sd x16tdsg8 x1hl2dhg xggy1nq x1a2a7pz xt0b8zv x1qq9wsj xo1l8bm\" tabindex=\"0\" role=\"link\" href=\"https:\/\/www.facebook.com\/hashtag\/filmineria?__eep__=6&amp;__cft__[0]=AZXzJJWZCX3KBdfHEh8DpF2HzYC_96t1VT5dp9cGwKr46BP_6-oZcI8Ts8j_gAkDY7pnchfas07IlVDSMU3HSdeMpLno4a-ywPXD-P8i1P-FLrraw14jo752n4PYfBoQ9GY&amp;__tn__=*NK-R\">#FILMineria<\/a><\/div>\n<div dir=\"auto\"><a class=\"x1i10hfl xjbqb8w x6umtig x1b1mbwd xaqea5y xav7gou x9f619 x1ypdohk xt0psk2 xe8uvvx xdj266r x11i5rnm xat24cr x1mh8g0r xexx8yu x4uap5 x18d9i69 xkhd6sd x16tdsg8 x1hl2dhg xggy1nq x1a2a7pz xt0b8zv x1qq9wsj xo1l8bm\" tabindex=\"0\" role=\"link\" href=\"https:\/\/www.facebook.com\/hashtag\/feriadellibrodelpalaciodemineria?__eep__=6&amp;__cft__[0]=AZXzJJWZCX3KBdfHEh8DpF2HzYC_96t1VT5dp9cGwKr46BP_6-oZcI8Ts8j_gAkDY7pnchfas07IlVDSMU3HSdeMpLno4a-ywPXD-P8i1P-FLrraw14jo752n4PYfBoQ9GY&amp;__tn__=*NK-R\">#feriadellibrodelpalaciodemineria<\/a><\/div>\n<div dir=\"auto\"><a class=\"x1i10hfl xjbqb8w x6umtig x1b1mbwd xaqea5y xav7gou x9f619 x1ypdohk xt0psk2 xe8uvvx xdj266r x11i5rnm xat24cr x1mh8g0r xexx8yu x4uap5 x18d9i69 xkhd6sd x16tdsg8 x1hl2dhg xggy1nq x1a2a7pz xt0b8zv x1qq9wsj xo1l8bm\" tabindex=\"0\" role=\"link\" href=\"https:\/\/www.facebook.com\/hashtag\/feriadellibro?__eep__=6&amp;__cft__[0]=AZXzJJWZCX3KBdfHEh8DpF2HzYC_96t1VT5dp9cGwKr46BP_6-oZcI8Ts8j_gAkDY7pnchfas07IlVDSMU3HSdeMpLno4a-ywPXD-P8i1P-FLrraw14jo752n4PYfBoQ9GY&amp;__tn__=*NK-R\">#FeriaDelLibro<\/a><\/div>\n<div dir=\"auto\"><a class=\"x1i10hfl xjbqb8w x6umtig x1b1mbwd xaqea5y xav7gou x9f619 x1ypdohk xt0psk2 xe8uvvx xdj266r x11i5rnm xat24cr x1mh8g0r xexx8yu x4uap5 x18d9i69 xkhd6sd x16tdsg8 x1hl2dhg xggy1nq x1a2a7pz xt0b8zv x1qq9wsj xo1l8bm\" tabindex=\"0\" role=\"link\" href=\"https:\/\/www.facebook.com\/hashtag\/cuandotehablendeamorydeilusiones?__eep__=6&amp;__cft__[0]=AZXzJJWZCX3KBdfHEh8DpF2HzYC_96t1VT5dp9cGwKr46BP_6-oZcI8Ts8j_gAkDY7pnchfas07IlVDSMU3HSdeMpLno4a-ywPXD-P8i1P-FLrraw14jo752n4PYfBoQ9GY&amp;__tn__=*NK-R\">#cuandotehablendeamorydeilusiones<\/a><\/div>\n<div dir=\"auto\"><a class=\"x1i10hfl xjbqb8w x6umtig x1b1mbwd xaqea5y xav7gou x9f619 x1ypdohk xt0psk2 xe8uvvx xdj266r x11i5rnm xat24cr x1mh8g0r xexx8yu x4uap5 x18d9i69 xkhd6sd x16tdsg8 x1hl2dhg xggy1nq x1a2a7pz xt0b8zv x1qq9wsj xo1l8bm\" tabindex=\"0\" role=\"link\" href=\"https:\/\/www.facebook.com\/hashtag\/bitacoracdmx?__eep__=6&amp;__cft__[0]=AZXzJJWZCX3KBdfHEh8DpF2HzYC_96t1VT5dp9cGwKr46BP_6-oZcI8Ts8j_gAkDY7pnchfas07IlVDSMU3HSdeMpLno4a-ywPXD-P8i1P-FLrraw14jo752n4PYfBoQ9GY&amp;__tn__=*NK-R\">#bitacoracdmx<\/a><\/div>\n<p>[\/fusion_text][fusion_imageframe image_id=&#8221;49657|medium&#8221; max_width=&#8221;&#8221; style_type=&#8221;&#8221; blur=&#8221;&#8221; stylecolor=&#8221;&#8221; hover_type=&#8221;none&#8221; bordersize=&#8221;&#8221; bordercolor=&#8221;&#8221; borderradius=&#8221;&#8221; align=&#8221;none&#8221; lightbox=&#8221;no&#8221; gallery_id=&#8221;&#8221; lightbox_image=&#8221;&#8221; lightbox_image_id=&#8221;&#8221; alt=&#8221;&#8221; link=&#8221;&#8221; linktarget=&#8221;_self&#8221; hide_on_mobile=&#8221;small-visibility,medium-visibility,large-visibility&#8221; class=&#8221;&#8221; id=&#8221;&#8221; animation_type=&#8221;&#8221; animation_direction=&#8221;left&#8221; animation_speed=&#8221;0.3&#8243; animation_offset=&#8221;&#8221;]https:\/\/www.bitacoracdmx.com\/wp-content\/uploads\/2023\/02\/Mauricio-Vazquez-Paloma-Jimenez-A-Camarena-Villoro-300&#215;200.jpg[\/fusion_imageframe][\/fusion_builder_column][\/fusion_builder_row][\/fusion_builder_container]<\/p>\n","protected":false},"excerpt":{"rendered":"<p>[fusion_builder_container hundred_percent=&#8221;no&#8221; equal_height_columns=&#8221;no&#8221; menu_anchor=&#8221;&#8221; hide_on_mobile=&#8221;small-visibility,medium-visibility,large-visibility&#8221; class=&#8221;&#8221; id=&#8221;&#8221; background_color=&#8221;&#8221; background_image=&#8221;&#8221; background_position=&#8221;center center&#8221; background_repeat=&#8221;no-repeat&#8221; fade=&#8221;no&#8221; background_parallax=&#8221;none&#8221; parallax_speed=&#8221;0.3&#8243; video_mp4=&#8221;&#8221; video_webm=&#8221;&#8221; video_ogv=&#8221;&#8221; video_url=&#8221;&#8221; video_aspect_ratio=&#8221;16:9&#8243; video_loop=&#8221;yes&#8221; video_mute=&#8221;yes&#8221; overlay_color=&#8221;&#8221; video_preview_image=&#8221;&#8221; border_size=&#8221;&#8221; border_color=&#8221;&#8221; border_style=&#8221;solid&#8221; padding_top=&#8221;&#8221; padding_bottom=&#8221;&#8221; padding_left=&#8221;&#8221; padding_right=&#8221;&#8221;][fusion_builder_row][fusion_builder_column type=&#8221;1_1&#8243; layout=&#8221;1_1&#8243; background_position=&#8221;left top&#8221; background_color=&#8221;&#8221; border_size=&#8221;&#8221; border_color=&#8221;&#8221; border_style=&#8221;solid&#8221; border_position=&#8221;all&#8221; spacing=&#8221;yes&#8221; background_image=&#8221;&#8221; background_repeat=&#8221;no-repeat&#8221; padding_top=&#8221;&#8221; padding_right=&#8221;&#8221; padding_bottom=&#8221;&#8221; padding_left=&#8221;&#8221; margin_top=&#8221;0px&#8221; margin_bottom=&#8221;0px&#8221; class=&#8221;&#8221; id=&#8221;&#8221; animation_type=&#8221;&#8221; animation_speed=&#8221;0.3&#8243; animation_direction=&#8221;left&#8221; hide_on_mobile=&#8221;small-visibility,medium-visibility,large-visibility&#8221; center_content=&#8221;no&#8221; last=&#8221;no&#8221; min_height=&#8221;&#8221; hover_type=&#8221;none&#8221; link=&#8221;&#8221;][fusion_text] REDACCI\u00d3N * El compositor guanajuatense es invocado desde la memoria, la palabra y la m\u00fasica en la presentaci\u00f3n del libro \u201cCuando te hablen de amor y de ilusiones\u201d. * El libro de Paloma Jim\u00e9nez G\u00e1lvez fue presentado por Juan Villoro [&hellip;]<\/p>\n","protected":false},"author":1,"featured_media":49657,"comment_status":"open","ping_status":"open","sticky":false,"template":"","format":"standard","meta":{"footnotes":""},"categories":[9,11],"tags":[],"_links":{"self":[{"href":"https:\/\/www.bitacoracdmx.com\/index.php?rest_route=\/wp\/v2\/posts\/49656"}],"collection":[{"href":"https:\/\/www.bitacoracdmx.com\/index.php?rest_route=\/wp\/v2\/posts"}],"about":[{"href":"https:\/\/www.bitacoracdmx.com\/index.php?rest_route=\/wp\/v2\/types\/post"}],"author":[{"embeddable":true,"href":"https:\/\/www.bitacoracdmx.com\/index.php?rest_route=\/wp\/v2\/users\/1"}],"replies":[{"embeddable":true,"href":"https:\/\/www.bitacoracdmx.com\/index.php?rest_route=%2Fwp%2Fv2%2Fcomments&post=49656"}],"version-history":[{"count":1,"href":"https:\/\/www.bitacoracdmx.com\/index.php?rest_route=\/wp\/v2\/posts\/49656\/revisions"}],"predecessor-version":[{"id":49658,"href":"https:\/\/www.bitacoracdmx.com\/index.php?rest_route=\/wp\/v2\/posts\/49656\/revisions\/49658"}],"wp:featuredmedia":[{"embeddable":true,"href":"https:\/\/www.bitacoracdmx.com\/index.php?rest_route=\/wp\/v2\/media\/49657"}],"wp:attachment":[{"href":"https:\/\/www.bitacoracdmx.com\/index.php?rest_route=%2Fwp%2Fv2%2Fmedia&parent=49656"}],"wp:term":[{"taxonomy":"category","embeddable":true,"href":"https:\/\/www.bitacoracdmx.com\/index.php?rest_route=%2Fwp%2Fv2%2Fcategories&post=49656"},{"taxonomy":"post_tag","embeddable":true,"href":"https:\/\/www.bitacoracdmx.com\/index.php?rest_route=%2Fwp%2Fv2%2Ftags&post=49656"}],"curies":[{"name":"wp","href":"https:\/\/api.w.org\/{rel}","templated":true}]}}