{"id":49699,"date":"2023-02-28T04:28:53","date_gmt":"2023-02-28T04:28:53","guid":{"rendered":"https:\/\/www.bitacoracdmx.com\/?p=49699"},"modified":"2023-02-28T04:28:53","modified_gmt":"2023-02-28T04:28:53","slug":"el-coro-el-palomar-celebrara-su-tercer-aniversario-en-el-teatro-de-la-ciudad-esperanza-iris","status":"publish","type":"post","link":"https:\/\/www.bitacoracdmx.com\/?p=49699","title":{"rendered":"El CORO EL PALOMAR celebrar\u00e1 su TERCER ANIVERSARIO en el TEATRO DE LA CIUDAD ESPERANZA IRIS"},"content":{"rendered":"<p>[fusion_builder_container hundred_percent=&#8221;no&#8221; equal_height_columns=&#8221;no&#8221; menu_anchor=&#8221;&#8221; hide_on_mobile=&#8221;small-visibility,medium-visibility,large-visibility&#8221; class=&#8221;&#8221; id=&#8221;&#8221; background_color=&#8221;&#8221; background_image=&#8221;&#8221; background_position=&#8221;center center&#8221; background_repeat=&#8221;no-repeat&#8221; fade=&#8221;no&#8221; background_parallax=&#8221;none&#8221; parallax_speed=&#8221;0.3&#8243; video_mp4=&#8221;&#8221; video_webm=&#8221;&#8221; video_ogv=&#8221;&#8221; video_url=&#8221;&#8221; video_aspect_ratio=&#8221;16:9&#8243; video_loop=&#8221;yes&#8221; video_mute=&#8221;yes&#8221; overlay_color=&#8221;&#8221; video_preview_image=&#8221;&#8221; border_size=&#8221;&#8221; border_color=&#8221;&#8221; border_style=&#8221;solid&#8221; padding_top=&#8221;&#8221; padding_bottom=&#8221;&#8221; padding_left=&#8221;&#8221; padding_right=&#8221;&#8221;][fusion_builder_row][fusion_builder_column type=&#8221;1_1&#8243; layout=&#8221;1_1&#8243; background_position=&#8221;left top&#8221; background_color=&#8221;&#8221; border_size=&#8221;&#8221; border_color=&#8221;&#8221; border_style=&#8221;solid&#8221; border_position=&#8221;all&#8221; spacing=&#8221;yes&#8221; background_image=&#8221;&#8221; background_repeat=&#8221;no-repeat&#8221; padding_top=&#8221;&#8221; padding_right=&#8221;&#8221; padding_bottom=&#8221;&#8221; padding_left=&#8221;&#8221; margin_top=&#8221;0px&#8221; margin_bottom=&#8221;0px&#8221; class=&#8221;&#8221; id=&#8221;&#8221; animation_type=&#8221;&#8221; animation_speed=&#8221;0.3&#8243; animation_direction=&#8221;left&#8221; hide_on_mobile=&#8221;small-visibility,medium-visibility,large-visibility&#8221; center_content=&#8221;no&#8221; last=&#8221;no&#8221; min_height=&#8221;&#8221; hover_type=&#8221;none&#8221; link=&#8221;&#8221;][fusion_text]<\/p>\n<p>REDACCI\u00d3N<\/p>\n<p>Bajo la direcci\u00f3n coral de Alba Rosas y la direcci\u00f3n esc\u00e9nica de Alejandra Ley, la agrupaci\u00f3n se presentar\u00e1 el 5 de marzo con la participaci\u00f3n de Hebe Rosell, Ximbo y Leiden como invitadas<\/p>\n<p>El Coro El Palomar, formado en 2020 por 19 destacadas voces femeninas para participar en el estreno de la ya emblem\u00e1tica Canci\u00f3n sin miedo, celebrar\u00e1 su tercer aniversario con un concierto que ofrecer\u00e1 el domingo 5 de marzo a las 18:00 horas en el Teatro de la Ciudad Esperanza Iris.<\/p>\n<p>\u201cA las palomas cantoras les crecieron alas y repartir\u00e1n su coraz\u00f3n a trav\u00e9s de la voz. Ser\u00e1 una noche de apapacho y cobijo, repleta de energ\u00eda femenina\u201d, dicen las integrantes del conjunto coral a prop\u00f3sito del recital que contar\u00e1 con la participaci\u00f3n de destacados invitados como la cantante y directora de escena Alejandra Ley, la rapera Ximbo, la artista Hebe Rosell y la cantautora Leiden.<\/p>\n<p>Bajo la direcci\u00f3n musical de Alba Rosas y la direcci\u00f3n de escena de Alejandra Ley, el concierto se llevar\u00e1 a cabo como parte de las actividades art\u00edsticas del programa Nosotras Somos Memoria que organiza la Direcci\u00f3n del Sistema de Teatros de la Secretar\u00eda de Cultura de la Ciudad de M\u00e9xico.<\/p>\n<p>El Coro El Palomar es una familia de artistas multidisciplinarias creado en 2020, a partir de una convocatoria lanzada por Mon Laferte para cantar con ella en el cierre de su gira. Pero tambi\u00e9n el coro particip\u00f3 en el Festival Tiempo de Mujeres &#8211; Por la equidad de g\u00e9nero, para hacer el estreno de la ya ic\u00f3nica Canci\u00f3n sin miedo, tema de Vivir Quintana, con arreglo de Paz Court, en el que se aborda la situaci\u00f3n de los feminicidios en M\u00e9xico.<\/p>\n<p>Hoy en d\u00eda dicha canci\u00f3n es considerada un himno de la lucha contra la violencia de g\u00e9nero en diversos pa\u00edses de Latinoam\u00e9rica y del mundo y su video en YouTube rebasa los 20 millones de reproducciones.<\/p>\n<p>En la actualidad, el Coro El Palomar est\u00e1 formado por Mar\u00eda Bernal, Alba Rosas, B\u00e1rbara Riquelme, Tere Estrada, Zaira Franco, Natasha Arguete, Andrea Labrave, Nancy Zamher, Cris Irez, Saida Nassar, Mariana Santiago, Moni La cantante, Mar de Ren\u00e9e, Dana Salguero, Bere Contreras, Ely Manjarrez, Romina Guardino, Marion Zett y Cynthia Ro\u00e9. En esta ocasi\u00f3n la asistencia de direcci\u00f3n coral y esc\u00e9nica est\u00e1 a cargo de B\u00e1rbara Riquelme.<\/p>\n<p>La fuerza de esta vers\u00e1til y multifac\u00e9tica agrupaci\u00f3n es su diversidad, la suma de las distintas experiencias, contextos e influencias de sus cantautoras. Juntas conforman una uni\u00f3n, un tejido que comparte amor, sanaci\u00f3n, sororidad, magia, poder e inspiraci\u00f3n.<\/p>\n<p>En su tercer aniversario, El Palomar interpretar\u00e1 temas cl\u00e1sicos de su repertorio como Cucurrucuc\u00fa, de Tomas M\u00e9ndez, la primera canci\u00f3n que montaron y de la cual sacaron su nombre, sin faltar la Canci\u00f3n sin miedo, convertida hoy en un himno a la sororidad.<\/p>\n<p>El p\u00fablico tambi\u00e9n disfrutar\u00e1 de temas compuestos por sus integrantes, como Manantiales de bonanza, un g\u00f3spel de la autor\u00eda de Tere Estrada que habla de la virtud de estar en paz; Agua, un huapango fusi\u00f3n de Zaira Franco que describe la importancia de cuidar nuestros recursos naturales.<\/p>\n<p>Tambi\u00e9n, Julia de noche, un son de Nancy Zamher que expone los feminicidios en M\u00e9xico; Mi falda, un tango fusi\u00f3n de la argentina Dana Salguero que retrata el acoso sexual; Toda todita, de Mar\u00eda Bernal, un pop urbano sobre el empoderamiento femenino; y, entre otras, El amor es la fuerza, m\u00fasica de Alba Rosas y letra de Ver\u00f3nica Ortiz, un jazz lento que invita a deshacerse del miedo y reconocer el amor para volar.<\/p>\n<p>Se realizar\u00e1n colaboraciones con Alejandra Ley, la rapera Ximbo, la artista Hebe Rosell y la cantautora Leiden. Con Alejandra Ley cantar\u00e1n la canci\u00f3n Venimos juntas, en la que echan por la borda la frase \u201ccalladita te ves m\u00e1s bonita\u201d.<\/p>\n<p>Con Leiden interpretar\u00e1n Destino, tema amoroso folkie y trovero en el que Leiden canta \u201cdej\u00e9 tu mirada sembrada en mi pecho para que ganara la curiosidad\u201d, y con Ximbo rapear\u00e1n El card\u00f3n, un tema con aires de cumbia que habla sobre la necesidad de ser libres y poder andar seguras en las calles.<\/p>\n<p>Es importante destacar que en tres a\u00f1os de existencia el Coro El Palomar ha sumado diversos \u00e9xitos: colabor\u00f3 en las canciones No est\u00e1s sola, de Vivir Quintana con Snowapple y en We Shall not Name This Feeling, de Sol Oosel y Mario Garc\u00eda Flores; en el estreno de la pel\u00edcula Noche de fuego, de Tatiana Hueso, y en la presentaci\u00f3n del libro El manifiesto de la moda en resistencia, de la dise\u00f1adora Carla Fern\u00e1ndez.<\/p>\n<p>Tambi\u00e9n fue invitado a participar en la videoinstalaci\u00f3n de Tania Candiani S\u00f3lo un monte conoce las entra\u00f1as de otro monte, di\u00e1logo de 19 mujeres, en el marco de la exposici\u00f3n El diario de Frida Kahlo, en el Museo de Arte Moderno, y en octubre de 2022 fue el invitado estelar en la entrega de los Premios Ariel que otorga la Academia Mexicana de Artes y Ciencias Cinematogr\u00e1ficas.<\/p>\n<p>Para darle difusi\u00f3n a su trabajo, El Palomar cuentan con el programa de radio 123 X mi X todas mis compa\u00f1eras, que se transmite por Radio Nopal y en la actualidad prepara la grabaci\u00f3n de su primer \u00e1lbum con obras de sus integrantes.<\/p>\n<p>Con los 20 espect\u00e1culos que integran la segunda edici\u00f3n de Nosotras Somos Memoria se busca mostrar el abanico de propuestas que se hacen en la actualidad con relaci\u00f3n a los temas de g\u00e9nero. Las mujeres toman el escenario para abordar sus realidades y reflexiones, a trav\u00e9s de las artes esc\u00e9nicas.<\/p>\n<p>El concierto del Coro El Palomar. 3er. Aniversario se llevar\u00e1 a cabo el domingo 5 de marzo a las 18:00 horas en el Teatro de la Ciudad Esperanza Iris (Donceles 36, Centro Hist\u00f3rico, cerca del Metro Allende).<\/p>\n<p>Admisi\u00f3n: Luneta, $400; Primer Piso Central, $350; Primer Piso Lateral, $300; Anfiteatro, $250, y Galer\u00eda, $150. Los boletos se pueden adquirir en la taquilla del teatro y en las plataformas digitales de Ticketmaster.<\/p>\n<p>Para conocer la programaci\u00f3n de la Direcci\u00f3n del Sistema de Teatros de la Ciudad de M\u00e9xico visite las redes sociales: Facebook @TeatrosCdMexico, Twitter @TeatrosCdMexico e Instagram @teatroscdmexico.<\/p>\n<div dir=\"auto\"><a class=\"x1i10hfl xjbqb8w x6umtig x1b1mbwd xaqea5y xav7gou x9f619 x1ypdohk xt0psk2 xe8uvvx xdj266r x11i5rnm xat24cr x1mh8g0r xexx8yu x4uap5 x18d9i69 xkhd6sd x16tdsg8 x1hl2dhg xggy1nq x1a2a7pz xt0b8zv x1qq9wsj xo1l8bm\" tabindex=\"0\" role=\"link\" href=\"https:\/\/www.facebook.com\/hashtag\/coroelpalomar?__eep__=6&amp;__cft__[0]=AZVPj40rf2-LiR3y-zSDo2Ra_giK7fiHIXT6ZkhHT6MaZufYcZ-gnMLQaxM51opPQrGfEIYKAk9M02x1cR_iP5Kr51UeO6-uFKfnyT4g1S36b9dSwMdc-GFs9TSQf02lL-4&amp;__tn__=*NK-R\">#coroelpalomar<\/a><\/div>\n<div dir=\"auto\"><a class=\"x1i10hfl xjbqb8w x6umtig x1b1mbwd xaqea5y xav7gou x9f619 x1ypdohk xt0psk2 xe8uvvx xdj266r x11i5rnm xat24cr x1mh8g0r xexx8yu x4uap5 x18d9i69 xkhd6sd x16tdsg8 x1hl2dhg xggy1nq x1a2a7pz xt0b8zv x1qq9wsj xo1l8bm\" tabindex=\"0\" role=\"link\" href=\"https:\/\/www.facebook.com\/hashtag\/teatrodelaciudadesperanzairis?__eep__=6&amp;__cft__[0]=AZVPj40rf2-LiR3y-zSDo2Ra_giK7fiHIXT6ZkhHT6MaZufYcZ-gnMLQaxM51opPQrGfEIYKAk9M02x1cR_iP5Kr51UeO6-uFKfnyT4g1S36b9dSwMdc-GFs9TSQf02lL-4&amp;__tn__=*NK-R\">#TeatroDeLaCiudadEsperanzaIris<\/a><\/div>\n<div dir=\"auto\"><a class=\"x1i10hfl xjbqb8w x6umtig x1b1mbwd xaqea5y xav7gou x9f619 x1ypdohk xt0psk2 xe8uvvx xdj266r x11i5rnm xat24cr x1mh8g0r xexx8yu x4uap5 x18d9i69 xkhd6sd x16tdsg8 x1hl2dhg xggy1nq x1a2a7pz xt0b8zv x1qq9wsj xo1l8bm\" tabindex=\"0\" role=\"link\" href=\"https:\/\/www.facebook.com\/hashtag\/bitacoracdmx?__eep__=6&amp;__cft__[0]=AZVPj40rf2-LiR3y-zSDo2Ra_giK7fiHIXT6ZkhHT6MaZufYcZ-gnMLQaxM51opPQrGfEIYKAk9M02x1cR_iP5Kr51UeO6-uFKfnyT4g1S36b9dSwMdc-GFs9TSQf02lL-4&amp;__tn__=*NK-R\">#bitacoracdmx<\/a><\/div>\n<p>[\/fusion_text][fusion_imageframe image_id=&#8221;49700|medium&#8221; max_width=&#8221;&#8221; style_type=&#8221;&#8221; blur=&#8221;&#8221; stylecolor=&#8221;&#8221; hover_type=&#8221;none&#8221; bordersize=&#8221;&#8221; bordercolor=&#8221;&#8221; borderradius=&#8221;&#8221; align=&#8221;none&#8221; lightbox=&#8221;no&#8221; gallery_id=&#8221;&#8221; lightbox_image=&#8221;&#8221; lightbox_image_id=&#8221;&#8221; alt=&#8221;&#8221; link=&#8221;&#8221; linktarget=&#8221;_self&#8221; hide_on_mobile=&#8221;small-visibility,medium-visibility,large-visibility&#8221; class=&#8221;&#8221; id=&#8221;&#8221; animation_type=&#8221;&#8221; animation_direction=&#8221;left&#8221; animation_speed=&#8221;0.3&#8243; animation_offset=&#8221;&#8221;]https:\/\/www.bitacoracdmx.com\/wp-content\/uploads\/2023\/02\/334267763_1007730263907615_8333408633521971439_n-232&#215;300.jpg[\/fusion_imageframe][\/fusion_builder_column][\/fusion_builder_row][\/fusion_builder_container]<\/p>\n","protected":false},"excerpt":{"rendered":"<p>[fusion_builder_container hundred_percent=&#8221;no&#8221; equal_height_columns=&#8221;no&#8221; menu_anchor=&#8221;&#8221; hide_on_mobile=&#8221;small-visibility,medium-visibility,large-visibility&#8221; class=&#8221;&#8221; id=&#8221;&#8221; background_color=&#8221;&#8221; background_image=&#8221;&#8221; background_position=&#8221;center center&#8221; background_repeat=&#8221;no-repeat&#8221; fade=&#8221;no&#8221; background_parallax=&#8221;none&#8221; parallax_speed=&#8221;0.3&#8243; video_mp4=&#8221;&#8221; video_webm=&#8221;&#8221; video_ogv=&#8221;&#8221; video_url=&#8221;&#8221; video_aspect_ratio=&#8221;16:9&#8243; video_loop=&#8221;yes&#8221; video_mute=&#8221;yes&#8221; overlay_color=&#8221;&#8221; video_preview_image=&#8221;&#8221; border_size=&#8221;&#8221; border_color=&#8221;&#8221; border_style=&#8221;solid&#8221; padding_top=&#8221;&#8221; padding_bottom=&#8221;&#8221; padding_left=&#8221;&#8221; padding_right=&#8221;&#8221;][fusion_builder_row][fusion_builder_column type=&#8221;1_1&#8243; layout=&#8221;1_1&#8243; background_position=&#8221;left top&#8221; background_color=&#8221;&#8221; border_size=&#8221;&#8221; border_color=&#8221;&#8221; border_style=&#8221;solid&#8221; border_position=&#8221;all&#8221; spacing=&#8221;yes&#8221; background_image=&#8221;&#8221; background_repeat=&#8221;no-repeat&#8221; padding_top=&#8221;&#8221; padding_right=&#8221;&#8221; padding_bottom=&#8221;&#8221; padding_left=&#8221;&#8221; margin_top=&#8221;0px&#8221; margin_bottom=&#8221;0px&#8221; class=&#8221;&#8221; id=&#8221;&#8221; animation_type=&#8221;&#8221; animation_speed=&#8221;0.3&#8243; animation_direction=&#8221;left&#8221; hide_on_mobile=&#8221;small-visibility,medium-visibility,large-visibility&#8221; center_content=&#8221;no&#8221; last=&#8221;no&#8221; min_height=&#8221;&#8221; hover_type=&#8221;none&#8221; link=&#8221;&#8221;][fusion_text] REDACCI\u00d3N Bajo la direcci\u00f3n coral de Alba Rosas y la direcci\u00f3n esc\u00e9nica de Alejandra Ley, la agrupaci\u00f3n se presentar\u00e1 el 5 de marzo con la participaci\u00f3n de Hebe Rosell, Ximbo y Leiden como invitadas El Coro El Palomar, formado en [&hellip;]<\/p>\n","protected":false},"author":1,"featured_media":49700,"comment_status":"open","ping_status":"open","sticky":false,"template":"","format":"standard","meta":{"footnotes":""},"categories":[9,11],"tags":[],"_links":{"self":[{"href":"https:\/\/www.bitacoracdmx.com\/index.php?rest_route=\/wp\/v2\/posts\/49699"}],"collection":[{"href":"https:\/\/www.bitacoracdmx.com\/index.php?rest_route=\/wp\/v2\/posts"}],"about":[{"href":"https:\/\/www.bitacoracdmx.com\/index.php?rest_route=\/wp\/v2\/types\/post"}],"author":[{"embeddable":true,"href":"https:\/\/www.bitacoracdmx.com\/index.php?rest_route=\/wp\/v2\/users\/1"}],"replies":[{"embeddable":true,"href":"https:\/\/www.bitacoracdmx.com\/index.php?rest_route=%2Fwp%2Fv2%2Fcomments&post=49699"}],"version-history":[{"count":1,"href":"https:\/\/www.bitacoracdmx.com\/index.php?rest_route=\/wp\/v2\/posts\/49699\/revisions"}],"predecessor-version":[{"id":49701,"href":"https:\/\/www.bitacoracdmx.com\/index.php?rest_route=\/wp\/v2\/posts\/49699\/revisions\/49701"}],"wp:featuredmedia":[{"embeddable":true,"href":"https:\/\/www.bitacoracdmx.com\/index.php?rest_route=\/wp\/v2\/media\/49700"}],"wp:attachment":[{"href":"https:\/\/www.bitacoracdmx.com\/index.php?rest_route=%2Fwp%2Fv2%2Fmedia&parent=49699"}],"wp:term":[{"taxonomy":"category","embeddable":true,"href":"https:\/\/www.bitacoracdmx.com\/index.php?rest_route=%2Fwp%2Fv2%2Fcategories&post=49699"},{"taxonomy":"post_tag","embeddable":true,"href":"https:\/\/www.bitacoracdmx.com\/index.php?rest_route=%2Fwp%2Fv2%2Ftags&post=49699"}],"curies":[{"name":"wp","href":"https:\/\/api.w.org\/{rel}","templated":true}]}}