{"id":49705,"date":"2023-02-28T05:49:42","date_gmt":"2023-02-28T05:49:42","guid":{"rendered":"https:\/\/www.bitacoracdmx.com\/?p=49705"},"modified":"2023-02-28T05:49:42","modified_gmt":"2023-02-28T05:49:42","slug":"inhaler-dara-su-primer-concierto-en-solitario-para-mexico","status":"publish","type":"post","link":"https:\/\/www.bitacoracdmx.com\/?p=49705","title":{"rendered":"Inhaler dar\u00e1 su primer concierto en solitario para M\u00e9xico"},"content":{"rendered":"<p>[fusion_builder_container hundred_percent=&#8221;no&#8221; equal_height_columns=&#8221;no&#8221; menu_anchor=&#8221;&#8221; hide_on_mobile=&#8221;small-visibility,medium-visibility,large-visibility&#8221; class=&#8221;&#8221; id=&#8221;&#8221; background_color=&#8221;&#8221; background_image=&#8221;&#8221; background_position=&#8221;center center&#8221; background_repeat=&#8221;no-repeat&#8221; fade=&#8221;no&#8221; background_parallax=&#8221;none&#8221; parallax_speed=&#8221;0.3&#8243; video_mp4=&#8221;&#8221; video_webm=&#8221;&#8221; video_ogv=&#8221;&#8221; video_url=&#8221;&#8221; video_aspect_ratio=&#8221;16:9&#8243; video_loop=&#8221;yes&#8221; video_mute=&#8221;yes&#8221; overlay_color=&#8221;&#8221; video_preview_image=&#8221;&#8221; border_size=&#8221;&#8221; border_color=&#8221;&#8221; border_style=&#8221;solid&#8221; padding_top=&#8221;&#8221; padding_bottom=&#8221;&#8221; padding_left=&#8221;&#8221; padding_right=&#8221;&#8221;][fusion_builder_row][fusion_builder_column type=&#8221;1_1&#8243; layout=&#8221;1_1&#8243; background_position=&#8221;left top&#8221; background_color=&#8221;&#8221; border_size=&#8221;&#8221; border_color=&#8221;&#8221; border_style=&#8221;solid&#8221; border_position=&#8221;all&#8221; spacing=&#8221;yes&#8221; background_image=&#8221;&#8221; background_repeat=&#8221;no-repeat&#8221; padding_top=&#8221;&#8221; padding_right=&#8221;&#8221; padding_bottom=&#8221;&#8221; padding_left=&#8221;&#8221; margin_top=&#8221;0px&#8221; margin_bottom=&#8221;0px&#8221; class=&#8221;&#8221; id=&#8221;&#8221; animation_type=&#8221;&#8221; animation_speed=&#8221;0.3&#8243; animation_direction=&#8221;left&#8221; hide_on_mobile=&#8221;small-visibility,medium-visibility,large-visibility&#8221; center_content=&#8221;no&#8221; last=&#8221;no&#8221; min_height=&#8221;&#8221; hover_type=&#8221;none&#8221; link=&#8221;&#8221;][fusion_text]<\/p>\n<p>REDACCI\u00d3N<\/p>\n<div class=\"pr-story--element-space\">\n<div class=\"pr-story-subheader\">\n<h3 class=\"pr-story--subheader text--wrap pr-font--sans\">\u00a1Llegar\u00e1 a M\u00e9xico promocionando su \u00faltima producci\u00f3n, Cuts &amp; Bruises!<\/h3>\n<\/div>\n<\/div>\n<div class=\"pr-story--element-space\">\n<div class=\"pr-story-subheader\">\n<h3 class=\"pr-story--subheader text--wrap pr-font--sans\">13 de septiembre, 2023 \u2013 Auditorio BB<\/h3>\n<\/div>\n<\/div>\n<div class=\"pr-story--element-space\">\n<div class=\"pr-story-subheader\">\n<h3 class=\"pr-story--subheader text--wrap pr-font--sans\">Preventa Citibanamex: 2 de marzo<\/h3>\n<\/div>\n<\/div>\n<div class=\"pr-story--element-space\">\n<div class=\"pr-story-paragraph\">\n<div class=\"pr-story--text\">La banda de rock proveniente de Dubl\u00edn,\u00a0<b>Inhaler<\/b>,<b>\u00a0<\/b>ha anunciado su primer concierto en solitario en la\u00a0<b>Ciudad de M\u00e9xico<\/b>. La agrupaci\u00f3n llegar\u00e1 al\u00a0<b>Auditorio BB\u00a0<\/b>el pr\u00f3ximo\u00a0<b>13 de septiembre<\/b>\u00a0y lo har\u00e1 promocionando su m\u00e1s reciente producci\u00f3n discogr\u00e1fica\u00a0<b><i>Cuts &amp; Bruises<\/i><\/b>, ya disponible en plataformas digitales. Adquiere tus boletos el\u00a0<b>mi\u00e9rcoles 1 de marzo\u00a0<\/b>en la\u00a0<b>Preventa Citibanamex\u00a0<\/b>por medio de la\u00a0<b>Red Ticketmaster<\/b>. La venta general comenzar\u00e1 el jueves 2 de marzo.<\/div>\n<div><\/div>\n<\/div>\n<\/div>\n<div class=\"pr-story--element-space\">\n<div class=\"pr-story-paragraph\">\n<div class=\"pr-story--text\">La poderosa banda de rock irlandesa\u00a0<b>Inhaler<\/b>, est\u00e1 compuesta por cuatro integrantes que se conocieron en la escuela y coincidieron en su amor por los sonidos sucios de bajo y las infecciosas melod\u00edas, fusionadas con psicod\u00e9licos paisajes sonoros.<\/div>\n<div><\/div>\n<\/div>\n<\/div>\n<div class=\"pr-story--element-space\">\n<div class=\"pr-story-paragraph\">\n<div class=\"pr-story--text\">Con Robert Keating en el bajo, Ryan McMahon en la bater\u00eda, Josh Jenkinson en la guitarra y Elijah Hewson en la voz,\u00a0<b>Inhaler\u00a0<\/b>comparte magia y placeres desconocidos a trav\u00e9s de exitosas canciones como \u201cMy Honest Face\u201d, \u201cIt Won\u2019t Always Be Like This\u201d y \u201cFade Into You\u201d, superando los 10 millones de\u00a0<i>streams\u00a0<\/i>en plataformas.<\/div>\n<div><\/div>\n<\/div>\n<\/div>\n<div class=\"pr-story--element-space\">\n<div class=\"pr-story-paragraph\">\n<div class=\"pr-story--text\"><b>Elijah Hewson es el hijo de Bono\u2026 \u00a1se nota todo el talento heredado!<\/b><\/div>\n<div><\/div>\n<\/div>\n<\/div>\n<div class=\"pr-story--element-space\">\n<div class=\"pr-story-paragraph\">\n<div class=\"pr-story--text\">Su segundo \u00e1lbum de estudio\u00a0<b><i>Cuts &amp; Bruises\u00a0<\/i><\/b>fue lanzado en febrero de 2023 por Polydor Records, e incluye los sencillos \u201cThese Are The Days\u201d y \u201cLove Will Get You There\u201d.\u00a0<b><i>Cuts &amp; Bruises\u00a0<\/i><\/b>es el sucesor del disco debut de la banda\u00a0<b><i>It Won\u2019t Always Be Like This\u00a0<\/i><\/b><i>(2021)<\/i>, que debut\u00f3 en el primer puesto de las listas del Reino Unido e Irlanda.\u00a0<b><i>It Won\u2019t Always Be Like This\u00a0<\/i><\/b>se convirti\u00f3 en el disco en formato vinyl m\u00e1s vendido en lo que va de este siglo, e\u00a0<b>Inhaler<\/b>\u00a0se consolid\u00f3 como la primera banda irlandesa en alcanzar la cima de las listas en 13 a\u00f1os.<\/div>\n<div><\/div>\n<\/div>\n<\/div>\n<div class=\"pr-story--element-space\">\n<div class=\"pr-story-paragraph\">\n<div class=\"pr-story--text\">Durante 2022\u00a0<b>Inhaler\u00a0<\/b>tuvo una larga lista alrededor de prestigiosos festivales, incluyendo su primera presentaci\u00f3n en Glastonbury y en Corona Capital. Tambi\u00e9n fue abridora de importantes\u00a0<i>shows<\/i>\u00a0de bandas como Arctic Monkeys y Kings Of Leon; mientras que, este 2023 continuar\u00e1 de gira al lado de Arctic Monkeys, adem\u00e1s de Harry Styles y Sam Fender.<\/div>\n<div><\/div>\n<\/div>\n<\/div>\n<div class=\"pr-story--element-space\">\n<div class=\"pr-story-paragraph\">\n<div class=\"pr-story--text\"><b>Inhaler\u00a0<\/b>regresar\u00e1 a\u00a0<b>M\u00e9xico\u00a0<\/b>el\u00a0<b>13 de septiembre\u00a0<\/b>en el\u00a0<b>Auditorio BB<\/b>. Los boletos estar\u00e1n disponibles a partir del\u00a0<b>1 de marzo\u00a0<\/b>por\u00a0<b>Ticketmaster<\/b>.<\/div>\n<div>\n<div dir=\"auto\"><a class=\"x1i10hfl xjbqb8w x6umtig x1b1mbwd xaqea5y xav7gou x9f619 x1ypdohk xt0psk2 xe8uvvx xdj266r x11i5rnm xat24cr x1mh8g0r xexx8yu x4uap5 x18d9i69 xkhd6sd x16tdsg8 x1hl2dhg xggy1nq x1a2a7pz xt0b8zv x1qq9wsj xo1l8bm\" tabindex=\"0\" role=\"link\" href=\"https:\/\/www.facebook.com\/hashtag\/inhaler?__eep__=6&amp;__cft__[0]=AZWtStUheq0HTs7CfkEEz8QzdlT_xqpxX5pvaaSUbxKEE4T0Pz05zYIb2Rgu-tROqDI_TQLUwtpBgwv5dzhw1r5xmLGnb4-IJEg4G3GAOvfR00uzi2zbYVq8CS14lVTdD4w&amp;__tn__=*NK-R\">#inhaler<\/a><\/div>\n<div dir=\"auto\"><a class=\"x1i10hfl xjbqb8w x6umtig x1b1mbwd xaqea5y xav7gou x9f619 x1ypdohk xt0psk2 xe8uvvx xdj266r x11i5rnm xat24cr x1mh8g0r xexx8yu x4uap5 x18d9i69 xkhd6sd x16tdsg8 x1hl2dhg xggy1nq x1a2a7pz xt0b8zv x1qq9wsj xo1l8bm\" tabindex=\"0\" role=\"link\" href=\"https:\/\/www.facebook.com\/hashtag\/auditoriobb?__eep__=6&amp;__cft__[0]=AZWtStUheq0HTs7CfkEEz8QzdlT_xqpxX5pvaaSUbxKEE4T0Pz05zYIb2Rgu-tROqDI_TQLUwtpBgwv5dzhw1r5xmLGnb4-IJEg4G3GAOvfR00uzi2zbYVq8CS14lVTdD4w&amp;__tn__=*NK-R\">#AuditorioBB<\/a><\/div>\n<div dir=\"auto\"><a class=\"x1i10hfl xjbqb8w x6umtig x1b1mbwd xaqea5y xav7gou x9f619 x1ypdohk xt0psk2 xe8uvvx xdj266r x11i5rnm xat24cr x1mh8g0r xexx8yu x4uap5 x18d9i69 xkhd6sd x16tdsg8 x1hl2dhg xggy1nq x1a2a7pz xt0b8zv x1qq9wsj xo1l8bm\" tabindex=\"0\" role=\"link\" href=\"https:\/\/www.facebook.com\/hashtag\/ocesa?__eep__=6&amp;__cft__[0]=AZWtStUheq0HTs7CfkEEz8QzdlT_xqpxX5pvaaSUbxKEE4T0Pz05zYIb2Rgu-tROqDI_TQLUwtpBgwv5dzhw1r5xmLGnb4-IJEg4G3GAOvfR00uzi2zbYVq8CS14lVTdD4w&amp;__tn__=*NK-R\">#OCESA<\/a><\/div>\n<div dir=\"auto\"><a class=\"x1i10hfl xjbqb8w x6umtig x1b1mbwd xaqea5y xav7gou x9f619 x1ypdohk xt0psk2 xe8uvvx xdj266r x11i5rnm xat24cr x1mh8g0r xexx8yu x4uap5 x18d9i69 xkhd6sd x16tdsg8 x1hl2dhg xggy1nq x1a2a7pz xt0b8zv x1qq9wsj xo1l8bm\" tabindex=\"0\" role=\"link\" href=\"https:\/\/www.facebook.com\/hashtag\/ticketmaster?__eep__=6&amp;__cft__[0]=AZWtStUheq0HTs7CfkEEz8QzdlT_xqpxX5pvaaSUbxKEE4T0Pz05zYIb2Rgu-tROqDI_TQLUwtpBgwv5dzhw1r5xmLGnb4-IJEg4G3GAOvfR00uzi2zbYVq8CS14lVTdD4w&amp;__tn__=*NK-R\">#ticketmaster<\/a><\/div>\n<div dir=\"auto\"><a class=\"x1i10hfl xjbqb8w x6umtig x1b1mbwd xaqea5y xav7gou x9f619 x1ypdohk xt0psk2 xe8uvvx xdj266r x11i5rnm xat24cr x1mh8g0r xexx8yu x4uap5 x18d9i69 xkhd6sd x16tdsg8 x1hl2dhg xggy1nq x1a2a7pz xt0b8zv x1qq9wsj xo1l8bm\" tabindex=\"0\" role=\"link\" href=\"https:\/\/www.facebook.com\/hashtag\/bitacoracdmx?__eep__=6&amp;__cft__[0]=AZWtStUheq0HTs7CfkEEz8QzdlT_xqpxX5pvaaSUbxKEE4T0Pz05zYIb2Rgu-tROqDI_TQLUwtpBgwv5dzhw1r5xmLGnb4-IJEg4G3GAOvfR00uzi2zbYVq8CS14lVTdD4w&amp;__tn__=*NK-R\">#bitacoracdmx<\/a><\/div>\n<\/div>\n<\/div>\n<\/div>\n<p>[\/fusion_text][fusion_imageframe image_id=&#8221;49706|medium&#8221; max_width=&#8221;&#8221; style_type=&#8221;&#8221; blur=&#8221;&#8221; stylecolor=&#8221;&#8221; hover_type=&#8221;none&#8221; bordersize=&#8221;&#8221; bordercolor=&#8221;&#8221; borderradius=&#8221;&#8221; align=&#8221;none&#8221; lightbox=&#8221;no&#8221; gallery_id=&#8221;&#8221; lightbox_image=&#8221;&#8221; lightbox_image_id=&#8221;&#8221; alt=&#8221;&#8221; link=&#8221;&#8221; linktarget=&#8221;_self&#8221; hide_on_mobile=&#8221;small-visibility,medium-visibility,large-visibility&#8221; class=&#8221;&#8221; id=&#8221;&#8221; animation_type=&#8221;&#8221; animation_direction=&#8221;left&#8221; animation_speed=&#8221;0.3&#8243; animation_offset=&#8221;&#8221;]https:\/\/www.bitacoracdmx.com\/wp-content\/uploads\/2023\/02\/image_processing20230227-3726283-uuf3rq-300&#215;157.jpg[\/fusion_imageframe][\/fusion_builder_column][\/fusion_builder_row][\/fusion_builder_container]<\/p>\n","protected":false},"excerpt":{"rendered":"<p>[fusion_builder_container hundred_percent=&#8221;no&#8221; equal_height_columns=&#8221;no&#8221; menu_anchor=&#8221;&#8221; hide_on_mobile=&#8221;small-visibility,medium-visibility,large-visibility&#8221; class=&#8221;&#8221; id=&#8221;&#8221; background_color=&#8221;&#8221; background_image=&#8221;&#8221; background_position=&#8221;center center&#8221; background_repeat=&#8221;no-repeat&#8221; fade=&#8221;no&#8221; background_parallax=&#8221;none&#8221; parallax_speed=&#8221;0.3&#8243; video_mp4=&#8221;&#8221; video_webm=&#8221;&#8221; video_ogv=&#8221;&#8221; video_url=&#8221;&#8221; video_aspect_ratio=&#8221;16:9&#8243; video_loop=&#8221;yes&#8221; video_mute=&#8221;yes&#8221; overlay_color=&#8221;&#8221; video_preview_image=&#8221;&#8221; border_size=&#8221;&#8221; border_color=&#8221;&#8221; border_style=&#8221;solid&#8221; padding_top=&#8221;&#8221; padding_bottom=&#8221;&#8221; padding_left=&#8221;&#8221; padding_right=&#8221;&#8221;][fusion_builder_row][fusion_builder_column type=&#8221;1_1&#8243; layout=&#8221;1_1&#8243; background_position=&#8221;left top&#8221; background_color=&#8221;&#8221; border_size=&#8221;&#8221; border_color=&#8221;&#8221; border_style=&#8221;solid&#8221; border_position=&#8221;all&#8221; spacing=&#8221;yes&#8221; background_image=&#8221;&#8221; background_repeat=&#8221;no-repeat&#8221; padding_top=&#8221;&#8221; padding_right=&#8221;&#8221; padding_bottom=&#8221;&#8221; padding_left=&#8221;&#8221; margin_top=&#8221;0px&#8221; margin_bottom=&#8221;0px&#8221; class=&#8221;&#8221; id=&#8221;&#8221; animation_type=&#8221;&#8221; animation_speed=&#8221;0.3&#8243; animation_direction=&#8221;left&#8221; hide_on_mobile=&#8221;small-visibility,medium-visibility,large-visibility&#8221; center_content=&#8221;no&#8221; last=&#8221;no&#8221; min_height=&#8221;&#8221; hover_type=&#8221;none&#8221; link=&#8221;&#8221;][fusion_text] REDACCI\u00d3N \u00a1Llegar\u00e1 a M\u00e9xico promocionando su \u00faltima producci\u00f3n, Cuts &amp; Bruises! 13 de septiembre, 2023 \u2013 Auditorio BB Preventa Citibanamex: 2 de marzo La banda de rock proveniente de Dubl\u00edn,\u00a0Inhaler,\u00a0ha anunciado su primer concierto en solitario en la\u00a0Ciudad de M\u00e9xico. [&hellip;]<\/p>\n","protected":false},"author":1,"featured_media":49706,"comment_status":"open","ping_status":"open","sticky":false,"template":"","format":"standard","meta":{"footnotes":""},"categories":[9,11],"tags":[],"_links":{"self":[{"href":"https:\/\/www.bitacoracdmx.com\/index.php?rest_route=\/wp\/v2\/posts\/49705"}],"collection":[{"href":"https:\/\/www.bitacoracdmx.com\/index.php?rest_route=\/wp\/v2\/posts"}],"about":[{"href":"https:\/\/www.bitacoracdmx.com\/index.php?rest_route=\/wp\/v2\/types\/post"}],"author":[{"embeddable":true,"href":"https:\/\/www.bitacoracdmx.com\/index.php?rest_route=\/wp\/v2\/users\/1"}],"replies":[{"embeddable":true,"href":"https:\/\/www.bitacoracdmx.com\/index.php?rest_route=%2Fwp%2Fv2%2Fcomments&post=49705"}],"version-history":[{"count":1,"href":"https:\/\/www.bitacoracdmx.com\/index.php?rest_route=\/wp\/v2\/posts\/49705\/revisions"}],"predecessor-version":[{"id":49707,"href":"https:\/\/www.bitacoracdmx.com\/index.php?rest_route=\/wp\/v2\/posts\/49705\/revisions\/49707"}],"wp:featuredmedia":[{"embeddable":true,"href":"https:\/\/www.bitacoracdmx.com\/index.php?rest_route=\/wp\/v2\/media\/49706"}],"wp:attachment":[{"href":"https:\/\/www.bitacoracdmx.com\/index.php?rest_route=%2Fwp%2Fv2%2Fmedia&parent=49705"}],"wp:term":[{"taxonomy":"category","embeddable":true,"href":"https:\/\/www.bitacoracdmx.com\/index.php?rest_route=%2Fwp%2Fv2%2Fcategories&post=49705"},{"taxonomy":"post_tag","embeddable":true,"href":"https:\/\/www.bitacoracdmx.com\/index.php?rest_route=%2Fwp%2Fv2%2Ftags&post=49705"}],"curies":[{"name":"wp","href":"https:\/\/api.w.org\/{rel}","templated":true}]}}