{"id":49713,"date":"2023-03-01T01:56:30","date_gmt":"2023-03-01T01:56:30","guid":{"rendered":"https:\/\/www.bitacoracdmx.com\/?p=49713"},"modified":"2023-03-01T01:56:30","modified_gmt":"2023-03-01T01:56:30","slug":"esta-todo-listo-para-el-inicio-de-la-temporada-de-primavera-del-programa-helenico-en-los-pinos-2023","status":"publish","type":"post","link":"https:\/\/www.bitacoracdmx.com\/?p=49713","title":{"rendered":"Est\u00e1 todo listo para el inicio de la temporada de primavera del programa Hel\u00e9nico en Los Pinos 2023"},"content":{"rendered":"<p>[fusion_builder_container hundred_percent=&#8221;no&#8221; equal_height_columns=&#8221;no&#8221; menu_anchor=&#8221;&#8221; hide_on_mobile=&#8221;small-visibility,medium-visibility,large-visibility&#8221; class=&#8221;&#8221; id=&#8221;&#8221; background_color=&#8221;&#8221; background_image=&#8221;&#8221; background_position=&#8221;center center&#8221; background_repeat=&#8221;no-repeat&#8221; fade=&#8221;no&#8221; background_parallax=&#8221;none&#8221; parallax_speed=&#8221;0.3&#8243; video_mp4=&#8221;&#8221; video_webm=&#8221;&#8221; video_ogv=&#8221;&#8221; video_url=&#8221;&#8221; video_aspect_ratio=&#8221;16:9&#8243; video_loop=&#8221;yes&#8221; video_mute=&#8221;yes&#8221; overlay_color=&#8221;&#8221; video_preview_image=&#8221;&#8221; border_size=&#8221;&#8221; border_color=&#8221;&#8221; border_style=&#8221;solid&#8221; padding_top=&#8221;&#8221; padding_bottom=&#8221;&#8221; padding_left=&#8221;&#8221; padding_right=&#8221;&#8221;][fusion_builder_row][fusion_builder_column type=&#8221;1_1&#8243; layout=&#8221;1_1&#8243; background_position=&#8221;left top&#8221; background_color=&#8221;&#8221; border_size=&#8221;&#8221; border_color=&#8221;&#8221; border_style=&#8221;solid&#8221; border_position=&#8221;all&#8221; spacing=&#8221;yes&#8221; background_image=&#8221;&#8221; background_repeat=&#8221;no-repeat&#8221; padding_top=&#8221;&#8221; padding_right=&#8221;&#8221; padding_bottom=&#8221;&#8221; padding_left=&#8221;&#8221; margin_top=&#8221;0px&#8221; margin_bottom=&#8221;0px&#8221; class=&#8221;&#8221; id=&#8221;&#8221; animation_type=&#8221;&#8221; animation_speed=&#8221;0.3&#8243; animation_direction=&#8221;left&#8221; hide_on_mobile=&#8221;small-visibility,medium-visibility,large-visibility&#8221; center_content=&#8221;no&#8221; last=&#8221;no&#8221; min_height=&#8221;&#8221; hover_type=&#8221;none&#8221; link=&#8221;&#8221;][fusion_text]<\/p>\n<p>REDACCI\u00d3N<\/p>\n<p>\u2022 Se presentar\u00e1n ocho puestas en escena en La P\u00e9rgola y el Auditorio C del Complejo Cultural Los Pinos<br aria-hidden=\"true\" \/>\u2022 Los domingos a las 14:00 y 16:00 horas, del 5 de marzo al 21 de mayo<\/p>\n<p>La Secretar\u00eda de Cultura del Gobierno de M\u00e9xico, a trav\u00e9s del Complejo Cultural Los Pinos y el Centro Cultural Hel\u00e9nico, presenta la programaci\u00f3n de la temporada de primavera del programa Hel\u00e9nico en Los Pinos 2023, a desarrollarse los fines de semana \u2014del 5 de marzo al 21 de mayo\u2014, en La P\u00e9rgola y el Auditorio C del Complejo Cultural Los Pinos.<br aria-hidden=\"true\" \/><br aria-hidden=\"true\" \/>Al respecto, el director del Centro Cultural Hel\u00e9nico, Antonio Z\u00fa\u00f1iga Chaparro, comenta: \u201cEste programa, luego de cuatro a\u00f1os, se ha consolidado en el aprecio del p\u00fablico familiar que acude cada semana a Los Pinos, siendo querido por la diversidad de las propuestas seleccionadas que llegan al recinto para presentar lo mejor de las artes esc\u00e9nicas del pa\u00eds. Esto es una clara muestra de la descentralizaci\u00f3n de los bienes culturales de la Secretar\u00eda de Cultura federal, donde el Centro Cultural Hel\u00e9nico ha sido un ejemplo\u201d.<br aria-hidden=\"true\" \/><br aria-hidden=\"true\" \/>En esta ocasi\u00f3n, el Hel\u00e9nico en Los Pinos llega con ocho obras de entrada libre, cada una dirigida a un tipo de p\u00fablico especifico: infancias, adolescentes y adultos. Estas puestas dan cuenta del potencial esc\u00e9nico que se despliega a lo largo del pa\u00eds y, gracias a Hel\u00e9nico en Los Pinos, las y los espectadores en la capital del pa\u00eds apreciar\u00e1n espect\u00e1culos donde el juego y la algarab\u00eda ser\u00e1n el com\u00fan denominador; adem\u00e1s, disfrutar\u00e1n de propuestas donde el canto y las artes marciales se presentar\u00e1n como herramientas para la libertad.<br aria-hidden=\"true\" \/><br aria-hidden=\"true\" \/>A continuaci\u00f3n, se desglosa la programaci\u00f3n:<br aria-hidden=\"true\" \/><br aria-hidden=\"true\" \/><strong><em>La \u00faltima reta de tazos<\/em><\/strong>: Ad\u00e1n, Ra\u00fal y Uriel son tres amigos que desde peque\u00f1os hicieron una promesa: siempre estar juntos y as\u00ed jugar todos los d\u00edas STOP, escondidillas y atrapadas. Sin embargo, un d\u00eda \u2014sin advertirlo\u2014 est\u00e1n a punto de salir a divertirse por \u00faltima vez al patio, antes de que la violencia del mundo actual les obligue a romper su promesa. Este montaje, de la compa\u00f1\u00eda Pop Teatro, se presentar\u00e1 el domingo 5 de marzo, a las 16:00 horas, en el Auditorio C.<br aria-hidden=\"true\" \/><br aria-hidden=\"true\" \/><strong><em>La tierra azul como una naranja<\/em><\/strong>: creada por la compa\u00f1\u00eda Acci\u00f3n Estudio Teatro, es una comedia delirante, fant\u00e1stica y po\u00e9tica, donde, a trav\u00e9s de la t\u00e9cnica de\u00a0<em>clown<\/em>, las y los espectadores se adentrar\u00e1n en su propia enso\u00f1aci\u00f3n para dejarse cautivar por la fascinaci\u00f3n del color, el canto y la m\u00fasica. Se llevar\u00e1 a cabo el domingo 19 de marzo, a las 14:00 horas, en La P\u00e9rgola.<br aria-hidden=\"true\" \/><br aria-hidden=\"true\" \/><strong><em>Valentina y la sombra del diablo<\/em><\/strong>: Valentina es una ni\u00f1a que se ve obligada \u2014por la sombra de un diablo\u2014 a jugar de formas que no le gustan, volvi\u00e9ndola temerosa y desconfiada de todo. Sus miedos no le permiten gritar, ni decir una palabra para denunciar lo que le pasa. Con ayuda del abuelo L\u00e1zaro, Valentina encontrar\u00e1 la fuerza para enfrentar sus miedos y no quedarse para siempre en silencio. Esta obra, de La Valentina Teatro, se realizar\u00e1 el domingo 9 de abril, a las 14:00 horas, en La P\u00e9rgola.<br aria-hidden=\"true\" \/><br aria-hidden=\"true\" \/><strong>\u00bf<em>QUI? \u2013 querida ucron\u00eda intemporal<\/em><\/strong>: este montaje\u2014que podr\u00e1 disfrutarse el domingo 16 de abril, a las 14:00 horas, en La P\u00e9rgola\u2014, de la compa\u00f1\u00eda Circo Lichi, narra la historia del doctor Qui, un inventor de artilugios del siglo XIX; gracias a sus ideas disparatadas crea una peque\u00f1a m\u00e1quina del tiempo que, por un error de c\u00e1lculo, hace inevitables los viajes en el tiempo. Su misi\u00f3n principal ser\u00e1 integrar al p\u00fablico en una experiencia c\u00f3mica donde la magia y los malabares acompa\u00f1ar\u00e1n a este exc\u00e9ntrico personaje.<br aria-hidden=\"true\" \/><br aria-hidden=\"true\" \/><strong><em>Femininjas<\/em><\/strong>: Luc\u00eda, una chica de secundaria, es impactada por un feminicidio cerca de su domicilio. A partir de entonces se instala un sentimiento de opresi\u00f3n entre ella y sus compa\u00f1eras, lo cual es reforzado por la imposici\u00f3n de reglas r\u00edgidas en la escuela. Luc\u00eda buscar\u00e1 opciones para no dejarse vencer por el miedo, tales como: aprender t\u00e9cnicas de defensa personal y conectar con la fuerza de su cuerpo, para encontrarse a s\u00ed misma y salir con libertad al espacio p\u00fablico. Esta conmovedora historia, de La Luci\u00e9rnaga Teatro, se podr\u00e1 disfrutar el domingo 23 de abril, a las 16:00 horas, en el Auditorio C.<br aria-hidden=\"true\" \/><br aria-hidden=\"true\" \/><strong><em>\u00a1A la calle: los dos hidalgos de Verona<\/em><\/strong><strong>!<\/strong>: esta obra est\u00e1 constituida a partir del lenguaje de la comedia del arte, con m\u00fasica en vivo y corporalidades exacerbadas. Es as\u00ed como\u00a0<em>Los dos hidalgos de Verona,<\/em>\u00a0de William Shakespeare, es adaptada y resignificada por la compa\u00f1\u00eda R\u00e1faga Teatro. Se presentar\u00e1 el domingo 7 de mayo, a las 14:00 horas, en La P\u00e9rgola. \u00a0\u00a0<br aria-hidden=\"true\" \/><br aria-hidden=\"true\" \/><strong><em>Por temor a que cantemos libres<\/em><\/strong>: cinco mon\u00f3logos con canciones al piano evocar\u00e1n un episodio en la vida de distintas mujeres que eligen otro modo de ser.\u00a0 El espect\u00e1culo habla sobre la liberaci\u00f3n a partir de actos de rebeld\u00eda considerados socialmente inaceptables. Esta puesta es un poderoso musical, de Teatro de los s\u00f3tanos, que se realizar\u00e1 el domingo 14 de mayo, a las 16:00 horas, en el Auditorio C.<br aria-hidden=\"true\" \/><br aria-hidden=\"true\" \/><strong><em>Las ni\u00f1as de la guerra<\/em><\/strong>: se trata de una propuesta esc\u00e9nica reflexiva y sensible del Colectivo Teatral AGUAALADA. Cuenta las vicisitudes que atraviesa Vera, una ni\u00f1a que huye de la guerra y busca refugio en un pueblo llamado Nopasanada; pero, al ser una persona distinta en lo f\u00edsico y en lo cultural, solo recibe maltrato. Afortunadamente se encuentra con una ni\u00f1a que, junto con su abuela, entiende que ser diferente no es algo malo. El montaje ofrecer\u00e1 funci\u00f3n el domingo 21 de mayo, a las 16:00 horas, en el Auditorio C.<br aria-hidden=\"true\" \/><br aria-hidden=\"true\" \/>Se invita a las personas interesadas a consultar los detalles en: <strong>helenico.gob.mx y mexicoescultura.com<\/strong>. Se le recuerda al p\u00fablico que las funciones est\u00e1n supeditadas al sem\u00e1foro epidemiol\u00f3gico de la Ciudad de M\u00e9xico.<\/p>\n<div dir=\"auto\"><a class=\"x1i10hfl xjbqb8w x6umtig x1b1mbwd xaqea5y xav7gou x9f619 x1ypdohk xt0psk2 xe8uvvx xdj266r x11i5rnm xat24cr x1mh8g0r xexx8yu x4uap5 x18d9i69 xkhd6sd x16tdsg8 x1hl2dhg xggy1nq x1a2a7pz xt0b8zv x1qq9wsj xo1l8bm\" tabindex=\"0\" role=\"link\" href=\"https:\/\/www.facebook.com\/hashtag\/helenicoenlospinos?__eep__=6&amp;__cft__[0]=AZXtp7-z8jAoD_-Vk5UOye-lnYwN7i0pzMWCGi0NiAotte2uGHNdWiZxQS25LbRkW_PfgO81L4C13omHZrXVfHs0CfCw7oQpjKuBOrBMqxNCRV7nP56wHU-OxT4ZemV4x10&amp;__tn__=*NK-R\">#helenicoenlospinos<\/a><\/div>\n<div dir=\"auto\"><a class=\"x1i10hfl xjbqb8w x6umtig x1b1mbwd xaqea5y xav7gou x9f619 x1ypdohk xt0psk2 xe8uvvx xdj266r x11i5rnm xat24cr x1mh8g0r xexx8yu x4uap5 x18d9i69 xkhd6sd x16tdsg8 x1hl2dhg xggy1nq x1a2a7pz xt0b8zv x1qq9wsj xo1l8bm\" tabindex=\"0\" role=\"link\" href=\"https:\/\/www.facebook.com\/hashtag\/complejoculturallospinos?__eep__=6&amp;__cft__[0]=AZXtp7-z8jAoD_-Vk5UOye-lnYwN7i0pzMWCGi0NiAotte2uGHNdWiZxQS25LbRkW_PfgO81L4C13omHZrXVfHs0CfCw7oQpjKuBOrBMqxNCRV7nP56wHU-OxT4ZemV4x10&amp;__tn__=*NK-R\">#ComplejoCulturalLosPinos<\/a><\/div>\n<div dir=\"auto\"><a class=\"x1i10hfl xjbqb8w x6umtig x1b1mbwd xaqea5y xav7gou x9f619 x1ypdohk xt0psk2 xe8uvvx xdj266r x11i5rnm xat24cr x1mh8g0r xexx8yu x4uap5 x18d9i69 xkhd6sd x16tdsg8 x1hl2dhg xggy1nq x1a2a7pz xt0b8zv x1qq9wsj xo1l8bm\" tabindex=\"0\" role=\"link\" href=\"https:\/\/www.facebook.com\/hashtag\/centroculturalhelenico?__eep__=6&amp;__cft__[0]=AZXtp7-z8jAoD_-Vk5UOye-lnYwN7i0pzMWCGi0NiAotte2uGHNdWiZxQS25LbRkW_PfgO81L4C13omHZrXVfHs0CfCw7oQpjKuBOrBMqxNCRV7nP56wHU-OxT4ZemV4x10&amp;__tn__=*NK-R\">#centroculturalhelenico<\/a><\/div>\n<div dir=\"auto\"><a class=\"x1i10hfl xjbqb8w x6umtig x1b1mbwd xaqea5y xav7gou x9f619 x1ypdohk xt0psk2 xe8uvvx xdj266r x11i5rnm xat24cr x1mh8g0r xexx8yu x4uap5 x18d9i69 xkhd6sd x16tdsg8 x1hl2dhg xggy1nq x1a2a7pz xt0b8zv x1qq9wsj xo1l8bm\" tabindex=\"0\" role=\"link\" href=\"https:\/\/www.facebook.com\/hashtag\/secretariadecultura?__eep__=6&amp;__cft__[0]=AZXtp7-z8jAoD_-Vk5UOye-lnYwN7i0pzMWCGi0NiAotte2uGHNdWiZxQS25LbRkW_PfgO81L4C13omHZrXVfHs0CfCw7oQpjKuBOrBMqxNCRV7nP56wHU-OxT4ZemV4x10&amp;__tn__=*NK-R\">#secretariadecultura<\/a><\/div>\n<div dir=\"auto\"><a class=\"x1i10hfl xjbqb8w x6umtig x1b1mbwd xaqea5y xav7gou x9f619 x1ypdohk xt0psk2 xe8uvvx xdj266r x11i5rnm xat24cr x1mh8g0r xexx8yu x4uap5 x18d9i69 xkhd6sd x16tdsg8 x1hl2dhg xggy1nq x1a2a7pz xt0b8zv x1qq9wsj xo1l8bm\" tabindex=\"0\" role=\"link\" href=\"https:\/\/www.facebook.com\/hashtag\/bitacoracdmx?__eep__=6&amp;__cft__[0]=AZXtp7-z8jAoD_-Vk5UOye-lnYwN7i0pzMWCGi0NiAotte2uGHNdWiZxQS25LbRkW_PfgO81L4C13omHZrXVfHs0CfCw7oQpjKuBOrBMqxNCRV7nP56wHU-OxT4ZemV4x10&amp;__tn__=*NK-R\">#bitacoracdmx<\/a><\/div>\n<p>[\/fusion_text][fusion_imageframe image_id=&#8221;49714|medium&#8221; max_width=&#8221;&#8221; style_type=&#8221;&#8221; blur=&#8221;&#8221; stylecolor=&#8221;&#8221; hover_type=&#8221;none&#8221; bordersize=&#8221;&#8221; bordercolor=&#8221;&#8221; borderradius=&#8221;&#8221; align=&#8221;none&#8221; lightbox=&#8221;no&#8221; gallery_id=&#8221;&#8221; lightbox_image=&#8221;&#8221; lightbox_image_id=&#8221;&#8221; alt=&#8221;&#8221; link=&#8221;&#8221; linktarget=&#8221;_self&#8221; hide_on_mobile=&#8221;small-visibility,medium-visibility,large-visibility&#8221; class=&#8221;&#8221; id=&#8221;&#8221; animation_type=&#8221;&#8221; animation_direction=&#8221;left&#8221; animation_speed=&#8221;0.3&#8243; animation_offset=&#8221;&#8221;]https:\/\/www.bitacoracdmx.com\/wp-content\/uploads\/2023\/03\/La-tierra-es-azul-como-una-naranja-19-de-marzo-300&#215;300.jpeg[\/fusion_imageframe][\/fusion_builder_column][\/fusion_builder_row][\/fusion_builder_container]<\/p>\n","protected":false},"excerpt":{"rendered":"<p>[fusion_builder_container hundred_percent=&#8221;no&#8221; equal_height_columns=&#8221;no&#8221; menu_anchor=&#8221;&#8221; hide_on_mobile=&#8221;small-visibility,medium-visibility,large-visibility&#8221; class=&#8221;&#8221; id=&#8221;&#8221; background_color=&#8221;&#8221; background_image=&#8221;&#8221; background_position=&#8221;center center&#8221; background_repeat=&#8221;no-repeat&#8221; fade=&#8221;no&#8221; background_parallax=&#8221;none&#8221; parallax_speed=&#8221;0.3&#8243; video_mp4=&#8221;&#8221; video_webm=&#8221;&#8221; video_ogv=&#8221;&#8221; video_url=&#8221;&#8221; video_aspect_ratio=&#8221;16:9&#8243; video_loop=&#8221;yes&#8221; video_mute=&#8221;yes&#8221; overlay_color=&#8221;&#8221; video_preview_image=&#8221;&#8221; border_size=&#8221;&#8221; border_color=&#8221;&#8221; border_style=&#8221;solid&#8221; padding_top=&#8221;&#8221; padding_bottom=&#8221;&#8221; padding_left=&#8221;&#8221; padding_right=&#8221;&#8221;][fusion_builder_row][fusion_builder_column type=&#8221;1_1&#8243; layout=&#8221;1_1&#8243; background_position=&#8221;left top&#8221; background_color=&#8221;&#8221; border_size=&#8221;&#8221; border_color=&#8221;&#8221; border_style=&#8221;solid&#8221; border_position=&#8221;all&#8221; spacing=&#8221;yes&#8221; background_image=&#8221;&#8221; background_repeat=&#8221;no-repeat&#8221; padding_top=&#8221;&#8221; padding_right=&#8221;&#8221; padding_bottom=&#8221;&#8221; padding_left=&#8221;&#8221; margin_top=&#8221;0px&#8221; margin_bottom=&#8221;0px&#8221; class=&#8221;&#8221; id=&#8221;&#8221; animation_type=&#8221;&#8221; animation_speed=&#8221;0.3&#8243; animation_direction=&#8221;left&#8221; hide_on_mobile=&#8221;small-visibility,medium-visibility,large-visibility&#8221; center_content=&#8221;no&#8221; last=&#8221;no&#8221; min_height=&#8221;&#8221; hover_type=&#8221;none&#8221; link=&#8221;&#8221;][fusion_text] REDACCI\u00d3N \u2022 Se presentar\u00e1n ocho puestas en escena en La P\u00e9rgola y el Auditorio C del Complejo Cultural Los Pinos\u2022 Los domingos a las 14:00 y 16:00 horas, del 5 de marzo al 21 de mayo La Secretar\u00eda de Cultura [&hellip;]<\/p>\n","protected":false},"author":1,"featured_media":49714,"comment_status":"open","ping_status":"open","sticky":false,"template":"","format":"standard","meta":{"footnotes":""},"categories":[5,9,14],"tags":[],"_links":{"self":[{"href":"https:\/\/www.bitacoracdmx.com\/index.php?rest_route=\/wp\/v2\/posts\/49713"}],"collection":[{"href":"https:\/\/www.bitacoracdmx.com\/index.php?rest_route=\/wp\/v2\/posts"}],"about":[{"href":"https:\/\/www.bitacoracdmx.com\/index.php?rest_route=\/wp\/v2\/types\/post"}],"author":[{"embeddable":true,"href":"https:\/\/www.bitacoracdmx.com\/index.php?rest_route=\/wp\/v2\/users\/1"}],"replies":[{"embeddable":true,"href":"https:\/\/www.bitacoracdmx.com\/index.php?rest_route=%2Fwp%2Fv2%2Fcomments&post=49713"}],"version-history":[{"count":1,"href":"https:\/\/www.bitacoracdmx.com\/index.php?rest_route=\/wp\/v2\/posts\/49713\/revisions"}],"predecessor-version":[{"id":49715,"href":"https:\/\/www.bitacoracdmx.com\/index.php?rest_route=\/wp\/v2\/posts\/49713\/revisions\/49715"}],"wp:featuredmedia":[{"embeddable":true,"href":"https:\/\/www.bitacoracdmx.com\/index.php?rest_route=\/wp\/v2\/media\/49714"}],"wp:attachment":[{"href":"https:\/\/www.bitacoracdmx.com\/index.php?rest_route=%2Fwp%2Fv2%2Fmedia&parent=49713"}],"wp:term":[{"taxonomy":"category","embeddable":true,"href":"https:\/\/www.bitacoracdmx.com\/index.php?rest_route=%2Fwp%2Fv2%2Fcategories&post=49713"},{"taxonomy":"post_tag","embeddable":true,"href":"https:\/\/www.bitacoracdmx.com\/index.php?rest_route=%2Fwp%2Fv2%2Ftags&post=49713"}],"curies":[{"name":"wp","href":"https:\/\/api.w.org\/{rel}","templated":true}]}}